{"id":12028,"date":"2023-04-30T17:00:00","date_gmt":"2023-04-30T15:00:00","guid":{"rendered":"https:\/\/www.psyke.es\/?p=12028"},"modified":"2023-04-28T13:05:54","modified_gmt":"2023-04-28T11:05:54","slug":"si-no-haces-lo-que-amas-al-menos-ama-lo-que-haces-steve-jobs","status":"publish","type":"post","link":"https:\/\/www.psyke.es\/en\/si-no-haces-lo-que-amas-al-menos-ama-lo-que-haces-steve-jobs\/","title":{"rendered":"\u201cSi no haces lo que amas, al menos ama lo que haces\u201d \u2013 Steve Jobs"},"content":{"rendered":"\n<p><\/p>\n\n\n\n<p>Los d\u00edas marcados en el calendario son oportunidades para la reflexi\u00f3n, y hoy conmemoramos el <strong>D\u00eda del Trabajo<\/strong>.<\/p>\n\n\n\n<p>Est\u00e1 claro que hemos de trabajar para poder vivir y tener vivienda, alimento, ropa, etc. Y el trabajo que tengamos, si tenemos la suerte de elegirlo, deber\u00eda poder ser algo que nos guste. Cuando decidimos estudiar, estamos eligiendo una trayectoria que seguramente acabar\u00e1 siendo nuestra dedicaci\u00f3n laboral.<\/p>\n\n\n\n<p>Sin embargo, <strong>cuando hemos de tomar este tipo de decisiones<\/strong> (entre los 16 y los 20 a\u00f1os)<strong> \u00bfcu\u00e1nto sab\u00edamos entonces sobre hacia d\u00f3nde quer\u00edamos dirigirnos, en cuanto a nuestra vocaci\u00f3n o hacia algo que estimulara nuestra mente? <\/strong>Aun contando con los bienintencionados consejos de orientadores laborales, <strong>es dif\u00edcil tomar decisiones sabias a una edad en la que no sabemos ni qui\u00e9nes somos<\/strong>.<\/p>\n\n\n\n<p>La cuesti\u00f3n es que muchas veces nos encontramos desempe\u00f1ando trabajos que no nos hacen felices, principalmente porque no les encontramos sentido con lo que valoramos en ese momento. Por eso hemos de cambiar de trabajo o -si no se puede- cambiar de enfoque.<\/p>\n\n\n\n<ol class=\"wp-block-list\" type=\"a\">\n<li><strong>Si no te gusta tu trabajo y no lo puedes cambiar<\/strong>: comprende que sin \u00e9l no podr\u00edas hacer todo lo que est\u00e1s haciendo ahora gracias a tu n\u00f3mina. Y t\u00f3matelo como lo que es: un trabajo que te aporta los medios econ\u00f3micos necesarios para vivir como vives. Hazlo lo mejor que puedas,<strong> impl\u00edcate concienzudamente<\/strong>. El desgaste de trabajar no queriendo trabajar es tremendo, y repercute en tu salud mental y f\u00edsica a largo plazo. <strong>Saca tu coraz\u00f3n de ese trabajo y ponlo en algo que te ilusiona<\/strong>: una afici\u00f3n, tu familia, un deporte\u2026<\/li>\n\n\n\n<li><strong>Si no te gusta tu trabajo y puedes cambiar<\/strong>: busca aquello que te hace sentir plenitud, que sea coherente con tus valores de hoy (entendiendo que cuando elegiste no sab\u00edas lo que hoy sabes). Prep\u00e1rate lo que sea&nbsp;necesario (con los sacrificios que tendr\u00e1s que asumir de estudios y paciencia) y <strong>disponte a conseguir ese puesto con todas tus fuerzas\u2026<\/strong><\/li>\n<\/ol>\n\n\n\n<p>Estamos, por suerte, en una \u00e9poca en la que se puede ir a la universidad pr\u00e1cticamente a cualquier edad. Pasamos m\u00e1s tiempo en el trabajo que en nuestros hogares. &nbsp;Que nada te detenga si has encontrado tu vocaci\u00f3n o tu ilusi\u00f3n. Eso s\u00ed, <strong>disponte a asumir el esfuerzo que supone poderlo conseguir<\/strong>. \u00c1nimo\u2026&nbsp; &nbsp;<\/p>\n\n\n\n<h4 class=\"wp-block-heading\"><strong>Discurso de Steve Jobs en la Universidad de Stanford (California), 2005&nbsp;<\/strong><\/h4>\n\n\n\n<blockquote class=\"wp-block-quote is-layout-flow wp-block-quote-is-layout-flow\">\n<p>&nbsp;\u201c<em>Tu trabajo va a llenar gran parte de tu vida, y la \u00fanica manera de estar verdaderamente satisfecho es haciendo lo que crees que es un gran trabajo. Y la \u00fanica manera de hacer un gran trabajo es amar lo que haces. Si a\u00fan no lo has encontrado, sigue buscando. No te conformes. Como con todos los asuntos del coraz\u00f3n, lo sabr\u00e1s cuando lo encuentres. Y, como con cualquier gran relaci\u00f3n, mejora cada vez m\u00e1s a medida que pasan los a\u00f1os. As\u00ed que sigue buscando hasta que lo encuentres. No te conformes<\/em>\u201d.<\/p>\n<cite><strong>Extracto del discurso que pronunci\u00f3 Steve Jobs en la Universidad de Stanford (California) en 2005.<\/strong><\/cite><\/blockquote>\n\n\n<p><iframe title=\"YouTube video player\" data-src=\"https:\/\/www.youtube.com\/embed\/UF8uR6Z6KLc\" width=\"560\" height=\"315\" frameborder=\"0\" allowfullscreen=\"allowfullscreen\" src=\"data:image\/svg+xml;base64,PHN2ZyB3aWR0aD0iMSIgaGVpZ2h0PSIxIiB4bWxucz0iaHR0cDovL3d3dy53My5vcmcvMjAwMC9zdmciPjwvc3ZnPg==\" class=\"lazyload\" data-load-mode=\"1\"><\/iframe><\/p>\n\n\n<p><em>Ilustraci\u00f3n de Bonnie Christensen para su libro \u201c<a href=\"https:\/\/www.kobo.com\/ww\/en\/ebook\/the-daring-nellie-bly\" target=\"_blank\" rel=\"noreferrer noopener\">The Daring Nellie Bly America\u2019s Star Reporter<\/a>\u201d (La atrevida Nellie Bly, la reportera estrella de Am\u00e9rica).<\/em><\/p>\n\n\n\n<p>Sugerencia &#8211; <a href=\"https:\/\/www.psyke.es\/en\/meditaciones\/genuine-happiness-meditation\/\" target=\"_blank\" rel=\"noreferrer noopener\">Meditaci\u00f3n n. 26: \u201cMeditaci\u00f3n de la Felicidad Genuina\u201d<\/a><\/p>\n\n\n\n<p>En esta meditaci\u00f3n nos centramos en la imaginaci\u00f3n, el aspecto creativo de la consciencia, y proponemos cuatro preguntas para indagar en lo que nos hace felices, en lo que necesitamos para lograr esa felicidad; en lo que podemos cultivar en nosotros mismos y tambi\u00e9n aportar al mundo para aspirar a sentir la felicidad genuina. Buena pr\u00e1ctica\u2026<\/p>\n","protected":false},"excerpt":{"rendered":"<p>Si nos encontramos desempe\u00f1ando un trabajo que no nos hace felices, hemos de cambiar de trabajo o -si no se puede- cambiar de enfoque. [&#8230;]<\/p>\n<p><a class=\"btn btn-secondary understrap-read-more-link\" href=\"https:\/\/www.psyke.es\/en\/si-no-haces-lo-que-amas-al-menos-ama-lo-que-haces-steve-jobs\/\">Read More&#8230;<span class=\"screen-reader-text\"> from \u201cSi no haces lo que amas, al menos ama lo que haces\u201d \u2013 Steve Jobs<\/span><\/a><\/p>\n","protected":false},"author":3,"featured_media":12025,"comment_status":"open","ping_status":"open","sticky":false,"template":"","format":"standard","meta":{"footnotes":""},"categories":[77,82],"tags":[209,128,210],"class_list":["post-12028","post","type-post","status-publish","format-standard","has-post-thumbnail","hentry","category-estres-en","category-therapeutic-reflections-personal-development","tag-dia-del-trabajo-en","tag-salud-mental-en","tag-trabajo-en"],"yoast_head":"<!-- This site is optimized with the Yoast SEO plugin v26.7 - https:\/\/yoast.com\/wordpress\/plugins\/seo\/ -->\n<title>\u201cSi no haces lo que amas, al menos ama lo que haces\u201d \u2013 Steve Jobs - Psyke<\/title>\n<meta name=\"description\" content=\"Si nos encontramos desempe\u00f1ando un trabajo que no nos hace felices, hemos de cambiar de trabajo o - si no se puede - cambiar de enfoque.\" \/>\n<meta name=\"robots\" content=\"index, follow, max-snippet:-1, max-image-preview:large, max-video-preview:-1\" \/>\n<link rel=\"canonical\" href=\"https:\/\/www.psyke.es\/en\/si-no-haces-lo-que-amas-al-menos-ama-lo-que-haces-steve-jobs\/\" \/>\n<meta property=\"og:locale\" content=\"en_US\" \/>\n<meta property=\"og:type\" content=\"article\" \/>\n<meta property=\"og:title\" content=\"\u201cSi no haces lo que amas, al menos ama lo que haces\u201d \u2013 Steve Jobs - Psyke\" \/>\n<meta property=\"og:description\" content=\"Si nos encontramos desempe\u00f1ando un trabajo que no nos hace felices, hemos de cambiar de trabajo o - si no se puede - cambiar de enfoque.\" \/>\n<meta property=\"og:url\" content=\"https:\/\/www.psyke.es\/en\/si-no-haces-lo-que-amas-al-menos-ama-lo-que-haces-steve-jobs\/\" \/>\n<meta property=\"og:site_name\" content=\"Psyke\" \/>\n<meta property=\"article:published_time\" content=\"2023-04-30T15:00:00+00:00\" \/>\n<meta property=\"og:image\" content=\"https:\/\/www.psyke.es\/wp-content\/uploads\/2023\/04\/dia-del-trabajo-psyke-blog.png\" \/>\n\t<meta property=\"og:image:width\" content=\"1675\" \/>\n\t<meta property=\"og:image:height\" content=\"1080\" \/>\n\t<meta property=\"og:image:type\" content=\"image\/png\" \/>\n<meta name=\"author\" content=\"Tha\u00efs Capella\" \/>\n<meta name=\"twitter:card\" content=\"summary_large_image\" \/>\n<meta name=\"twitter:label1\" content=\"Written by\" \/>\n\t<meta name=\"twitter:data1\" content=\"Tha\u00efs Capella\" \/>\n<script type=\"application\/ld+json\" class=\"yoast-schema-graph\">{\"@context\":\"https:\/\/schema.org\",\"@graph\":[{\"@type\":\"Article\",\"@id\":\"https:\/\/www.psyke.es\/en\/si-no-haces-lo-que-amas-al-menos-ama-lo-que-haces-steve-jobs\/#article\",\"isPartOf\":{\"@id\":\"https:\/\/www.psyke.es\/en\/si-no-haces-lo-que-amas-al-menos-ama-lo-que-haces-steve-jobs\/\"},\"author\":{\"name\":\"Tha\u00efs Capella\",\"@id\":\"https:\/\/www.psyke.es\/en\/#\/schema\/person\/87774a2e60512484c09407be020d551a\"},\"headline\":\"\u201cSi no haces lo que amas, al menos ama lo que haces\u201d \u2013 Steve Jobs\",\"datePublished\":\"2023-04-30T15:00:00+00:00\",\"mainEntityOfPage\":{\"@id\":\"https:\/\/www.psyke.es\/en\/si-no-haces-lo-que-amas-al-menos-ama-lo-que-haces-steve-jobs\/\"},\"wordCount\":644,\"commentCount\":0,\"image\":{\"@id\":\"https:\/\/www.psyke.es\/en\/si-no-haces-lo-que-amas-al-menos-ama-lo-que-haces-steve-jobs\/#primaryimage\"},\"thumbnailUrl\":\"https:\/\/www.psyke.es\/wp-content\/uploads\/2023\/04\/dia-del-trabajo-psyke-blog.png\",\"keywords\":[\"d\u00eda del trabajo\",\"salud mental\",\"trabajo\"],\"articleSection\":[\"Estr\u00e9s\",\"Personal Development\"],\"inLanguage\":\"en-US\",\"potentialAction\":[{\"@type\":\"CommentAction\",\"name\":\"Comment\",\"target\":[\"https:\/\/www.psyke.es\/en\/si-no-haces-lo-que-amas-al-menos-ama-lo-que-haces-steve-jobs\/#respond\"]}]},{\"@type\":\"WebPage\",\"@id\":\"https:\/\/www.psyke.es\/en\/si-no-haces-lo-que-amas-al-menos-ama-lo-que-haces-steve-jobs\/\",\"url\":\"https:\/\/www.psyke.es\/en\/si-no-haces-lo-que-amas-al-menos-ama-lo-que-haces-steve-jobs\/\",\"name\":\"\u201cSi no haces lo que amas, al menos ama lo que haces\u201d \u2013 Steve Jobs - Psyke\",\"isPartOf\":{\"@id\":\"https:\/\/www.psyke.es\/en\/#website\"},\"primaryImageOfPage\":{\"@id\":\"https:\/\/www.psyke.es\/en\/si-no-haces-lo-que-amas-al-menos-ama-lo-que-haces-steve-jobs\/#primaryimage\"},\"image\":{\"@id\":\"https:\/\/www.psyke.es\/en\/si-no-haces-lo-que-amas-al-menos-ama-lo-que-haces-steve-jobs\/#primaryimage\"},\"thumbnailUrl\":\"https:\/\/www.psyke.es\/wp-content\/uploads\/2023\/04\/dia-del-trabajo-psyke-blog.png\",\"datePublished\":\"2023-04-30T15:00:00+00:00\",\"author\":{\"@id\":\"https:\/\/www.psyke.es\/en\/#\/schema\/person\/87774a2e60512484c09407be020d551a\"},\"description\":\"Si nos encontramos desempe\u00f1ando un trabajo que no nos hace felices, hemos de cambiar de trabajo o - si no se puede - cambiar de enfoque.\",\"breadcrumb\":{\"@id\":\"https:\/\/www.psyke.es\/en\/si-no-haces-lo-que-amas-al-menos-ama-lo-que-haces-steve-jobs\/#breadcrumb\"},\"inLanguage\":\"en-US\",\"potentialAction\":[{\"@type\":\"ReadAction\",\"target\":[\"https:\/\/www.psyke.es\/en\/si-no-haces-lo-que-amas-al-menos-ama-lo-que-haces-steve-jobs\/\"]}]},{\"@type\":\"ImageObject\",\"inLanguage\":\"en-US\",\"@id\":\"https:\/\/www.psyke.es\/en\/si-no-haces-lo-que-amas-al-menos-ama-lo-que-haces-steve-jobs\/#primaryimage\",\"url\":\"https:\/\/www.psyke.es\/wp-content\/uploads\/2023\/04\/dia-del-trabajo-psyke-blog.png\",\"contentUrl\":\"https:\/\/www.psyke.es\/wp-content\/uploads\/2023\/04\/dia-del-trabajo-psyke-blog.png\",\"width\":1675,\"height\":1080,\"caption\":\"D\u00eda del Trabajo - Psyke Blog\"},{\"@type\":\"BreadcrumbList\",\"@id\":\"https:\/\/www.psyke.es\/en\/si-no-haces-lo-que-amas-al-menos-ama-lo-que-haces-steve-jobs\/#breadcrumb\",\"itemListElement\":[{\"@type\":\"ListItem\",\"position\":1,\"name\":\"Portada\",\"item\":\"https:\/\/www.psyke.es\/en\/\"},{\"@type\":\"ListItem\",\"position\":2,\"name\":\"\u201cSi no haces lo que amas, al menos ama lo que haces\u201d \u2013 Steve Jobs\"}]},{\"@type\":\"WebSite\",\"@id\":\"https:\/\/www.psyke.es\/en\/#website\",\"url\":\"https:\/\/www.psyke.es\/en\/\",\"name\":\"Psyke\",\"description\":\"Centro de Psicolog\u00eda\",\"potentialAction\":[{\"@type\":\"SearchAction\",\"target\":{\"@type\":\"EntryPoint\",\"urlTemplate\":\"https:\/\/www.psyke.es\/en\/?s={search_term_string}\"},\"query-input\":{\"@type\":\"PropertyValueSpecification\",\"valueRequired\":true,\"valueName\":\"search_term_string\"}}],\"inLanguage\":\"en-US\"},{\"@type\":\"Person\",\"@id\":\"https:\/\/www.psyke.es\/en\/#\/schema\/person\/87774a2e60512484c09407be020d551a\",\"name\":\"Tha\u00efs Capella\",\"image\":{\"@type\":\"ImageObject\",\"inLanguage\":\"en-US\",\"@id\":\"https:\/\/www.psyke.es\/en\/#\/schema\/person\/image\/\",\"url\":\"https:\/\/secure.gravatar.com\/avatar\/71847c79c196fcb2761a3960e77f33ed0e684732f3145d9b4af037b8ed17c94c?s=96&d=mm&r=g\",\"contentUrl\":\"https:\/\/secure.gravatar.com\/avatar\/71847c79c196fcb2761a3960e77f33ed0e684732f3145d9b4af037b8ed17c94c?s=96&d=mm&r=g\",\"caption\":\"Tha\u00efs Capella\"},\"sameAs\":[\"http:\/\/psyke.es\"]}]}<\/script>\n<!-- \/ Yoast SEO plugin. -->","yoast_head_json":{"title":"\u201cSi no haces lo que amas, al menos ama lo que haces\u201d \u2013 Steve Jobs - Psyke","description":"Si nos encontramos desempe\u00f1ando un trabajo que no nos hace felices, hemos de cambiar de trabajo o - si no se puede - cambiar de enfoque.","robots":{"index":"index","follow":"follow","max-snippet":"max-snippet:-1","max-image-preview":"max-image-preview:large","max-video-preview":"max-video-preview:-1"},"canonical":"https:\/\/www.psyke.es\/en\/si-no-haces-lo-que-amas-al-menos-ama-lo-que-haces-steve-jobs\/","og_locale":"en_US","og_type":"article","og_title":"\u201cSi no haces lo que amas, al menos ama lo que haces\u201d \u2013 Steve Jobs - Psyke","og_description":"Si nos encontramos desempe\u00f1ando un trabajo que no nos hace felices, hemos de cambiar de trabajo o - si no se puede - cambiar de enfoque.","og_url":"https:\/\/www.psyke.es\/en\/si-no-haces-lo-que-amas-al-menos-ama-lo-que-haces-steve-jobs\/","og_site_name":"Psyke","article_published_time":"2023-04-30T15:00:00+00:00","og_image":[{"width":1675,"height":1080,"url":"https:\/\/www.psyke.es\/wp-content\/uploads\/2023\/04\/dia-del-trabajo-psyke-blog.png","type":"image\/png"}],"author":"Tha\u00efs Capella","twitter_card":"summary_large_image","twitter_misc":{"Written by":"Tha\u00efs Capella"},"schema":{"@context":"https:\/\/schema.org","@graph":[{"@type":"Article","@id":"https:\/\/www.psyke.es\/en\/si-no-haces-lo-que-amas-al-menos-ama-lo-que-haces-steve-jobs\/#article","isPartOf":{"@id":"https:\/\/www.psyke.es\/en\/si-no-haces-lo-que-amas-al-menos-ama-lo-que-haces-steve-jobs\/"},"author":{"name":"Tha\u00efs Capella","@id":"https:\/\/www.psyke.es\/en\/#\/schema\/person\/87774a2e60512484c09407be020d551a"},"headline":"\u201cSi no haces lo que amas, al menos ama lo que haces\u201d \u2013 Steve Jobs","datePublished":"2023-04-30T15:00:00+00:00","mainEntityOfPage":{"@id":"https:\/\/www.psyke.es\/en\/si-no-haces-lo-que-amas-al-menos-ama-lo-que-haces-steve-jobs\/"},"wordCount":644,"commentCount":0,"image":{"@id":"https:\/\/www.psyke.es\/en\/si-no-haces-lo-que-amas-al-menos-ama-lo-que-haces-steve-jobs\/#primaryimage"},"thumbnailUrl":"https:\/\/www.psyke.es\/wp-content\/uploads\/2023\/04\/dia-del-trabajo-psyke-blog.png","keywords":["d\u00eda del trabajo","salud mental","trabajo"],"articleSection":["Estr\u00e9s","Personal Development"],"inLanguage":"en-US","potentialAction":[{"@type":"CommentAction","name":"Comment","target":["https:\/\/www.psyke.es\/en\/si-no-haces-lo-que-amas-al-menos-ama-lo-que-haces-steve-jobs\/#respond"]}]},{"@type":"WebPage","@id":"https:\/\/www.psyke.es\/en\/si-no-haces-lo-que-amas-al-menos-ama-lo-que-haces-steve-jobs\/","url":"https:\/\/www.psyke.es\/en\/si-no-haces-lo-que-amas-al-menos-ama-lo-que-haces-steve-jobs\/","name":"\u201cSi no haces lo que amas, al menos ama lo que haces\u201d \u2013 Steve Jobs - Psyke","isPartOf":{"@id":"https:\/\/www.psyke.es\/en\/#website"},"primaryImageOfPage":{"@id":"https:\/\/www.psyke.es\/en\/si-no-haces-lo-que-amas-al-menos-ama-lo-que-haces-steve-jobs\/#primaryimage"},"image":{"@id":"https:\/\/www.psyke.es\/en\/si-no-haces-lo-que-amas-al-menos-ama-lo-que-haces-steve-jobs\/#primaryimage"},"thumbnailUrl":"https:\/\/www.psyke.es\/wp-content\/uploads\/2023\/04\/dia-del-trabajo-psyke-blog.png","datePublished":"2023-04-30T15:00:00+00:00","author":{"@id":"https:\/\/www.psyke.es\/en\/#\/schema\/person\/87774a2e60512484c09407be020d551a"},"description":"Si nos encontramos desempe\u00f1ando un trabajo que no nos hace felices, hemos de cambiar de trabajo o - si no se puede - cambiar de enfoque.","breadcrumb":{"@id":"https:\/\/www.psyke.es\/en\/si-no-haces-lo-que-amas-al-menos-ama-lo-que-haces-steve-jobs\/#breadcrumb"},"inLanguage":"en-US","potentialAction":[{"@type":"ReadAction","target":["https:\/\/www.psyke.es\/en\/si-no-haces-lo-que-amas-al-menos-ama-lo-que-haces-steve-jobs\/"]}]},{"@type":"ImageObject","inLanguage":"en-US","@id":"https:\/\/www.psyke.es\/en\/si-no-haces-lo-que-amas-al-menos-ama-lo-que-haces-steve-jobs\/#primaryimage","url":"https:\/\/www.psyke.es\/wp-content\/uploads\/2023\/04\/dia-del-trabajo-psyke-blog.png","contentUrl":"https:\/\/www.psyke.es\/wp-content\/uploads\/2023\/04\/dia-del-trabajo-psyke-blog.png","width":1675,"height":1080,"caption":"D\u00eda del Trabajo - Psyke Blog"},{"@type":"BreadcrumbList","@id":"https:\/\/www.psyke.es\/en\/si-no-haces-lo-que-amas-al-menos-ama-lo-que-haces-steve-jobs\/#breadcrumb","itemListElement":[{"@type":"ListItem","position":1,"name":"Portada","item":"https:\/\/www.psyke.es\/en\/"},{"@type":"ListItem","position":2,"name":"\u201cSi no haces lo que amas, al menos ama lo que haces\u201d \u2013 Steve Jobs"}]},{"@type":"WebSite","@id":"https:\/\/www.psyke.es\/en\/#website","url":"https:\/\/www.psyke.es\/en\/","name":"Psyke","description":"Centro de Psicolog\u00eda","potentialAction":[{"@type":"SearchAction","target":{"@type":"EntryPoint","urlTemplate":"https:\/\/www.psyke.es\/en\/?s={search_term_string}"},"query-input":{"@type":"PropertyValueSpecification","valueRequired":true,"valueName":"search_term_string"}}],"inLanguage":"en-US"},{"@type":"Person","@id":"https:\/\/www.psyke.es\/en\/#\/schema\/person\/87774a2e60512484c09407be020d551a","name":"Tha\u00efs Capella","image":{"@type":"ImageObject","inLanguage":"en-US","@id":"https:\/\/www.psyke.es\/en\/#\/schema\/person\/image\/","url":"https:\/\/secure.gravatar.com\/avatar\/71847c79c196fcb2761a3960e77f33ed0e684732f3145d9b4af037b8ed17c94c?s=96&d=mm&r=g","contentUrl":"https:\/\/secure.gravatar.com\/avatar\/71847c79c196fcb2761a3960e77f33ed0e684732f3145d9b4af037b8ed17c94c?s=96&d=mm&r=g","caption":"Tha\u00efs Capella"},"sameAs":["http:\/\/psyke.es"]}]}},"post_mailing_queue_ids":[],"_links":{"self":[{"href":"https:\/\/www.psyke.es\/en\/wp-json\/wp\/v2\/posts\/12028","targetHints":{"allow":["GET"]}}],"collection":[{"href":"https:\/\/www.psyke.es\/en\/wp-json\/wp\/v2\/posts"}],"about":[{"href":"https:\/\/www.psyke.es\/en\/wp-json\/wp\/v2\/types\/post"}],"author":[{"embeddable":true,"href":"https:\/\/www.psyke.es\/en\/wp-json\/wp\/v2\/users\/3"}],"replies":[{"embeddable":true,"href":"https:\/\/www.psyke.es\/en\/wp-json\/wp\/v2\/comments?post=12028"}],"version-history":[{"count":1,"href":"https:\/\/www.psyke.es\/en\/wp-json\/wp\/v2\/posts\/12028\/revisions"}],"predecessor-version":[{"id":12029,"href":"https:\/\/www.psyke.es\/en\/wp-json\/wp\/v2\/posts\/12028\/revisions\/12029"}],"wp:featuredmedia":[{"embeddable":true,"href":"https:\/\/www.psyke.es\/en\/wp-json\/wp\/v2\/media\/12025"}],"wp:attachment":[{"href":"https:\/\/www.psyke.es\/en\/wp-json\/wp\/v2\/media?parent=12028"}],"wp:term":[{"taxonomy":"category","embeddable":true,"href":"https:\/\/www.psyke.es\/en\/wp-json\/wp\/v2\/categories?post=12028"},{"taxonomy":"post_tag","embeddable":true,"href":"https:\/\/www.psyke.es\/en\/wp-json\/wp\/v2\/tags?post=12028"}],"curies":[{"name":"wp","href":"https:\/\/api.w.org\/{rel}","templated":true}]}}