{"id":15470,"date":"2023-07-23T17:00:00","date_gmt":"2023-07-23T15:00:00","guid":{"rendered":"https:\/\/www.psyke.es\/?p=15470"},"modified":"2023-07-21T10:10:11","modified_gmt":"2023-07-21T08:10:11","slug":"si-no-te-cuidas-transmitiras-tu-malestar-hacia-los-demas","status":"publish","type":"post","link":"https:\/\/www.psyke.es\/en\/si-no-te-cuidas-transmitiras-tu-malestar-hacia-los-demas\/","title":{"rendered":"Si no te cuidas, transmitir\u00e1s tu malestar hacia los dem\u00e1s\u2026 \u00a0"},"content":{"rendered":"\n<p><\/p>\n\n\n\n<p>Y <strong>si te cuidas, irradiar\u00e1s bienestar a tu alrededor<\/strong>. Es as\u00ed de contundente, y la investigaci\u00f3n lo demuestra. Este lunes <strong>24 de julio es el D\u00eda Internacional del Autocuidado<\/strong>. El n\u00famero 24 no es por casualidad, ya que esta cifra tiene como objetivo recordarnos la <strong>importancia de cuidarnos las 24 horas del d\u00eda, los siete d\u00edas de la semana<\/strong>.<\/p>\n\n\n\n<p>Hay muchas personas que no saben lo que significa cuidarse porque se han ocupado tanto de cuidar a los dem\u00e1s, que ni se les ocurre c\u00f3mo hacerlo. <strong>Tratarse uno mismo con amabilidad y comprensi\u00f3n<\/strong>, como tratamos a nuestros hijos o amigos, deber\u00eda ser lo natural. Sin embargo, a veces hay que dar pautas para iniciar el camino.&nbsp;&nbsp;&nbsp;<\/p>\n\n\n\n<p>Hace tiempo vino a consulta una paciente enviada por su hija porque la ve\u00eda triste y desmotivada. Ten\u00eda tres hijos y todos se hab\u00edan ido a vivir fuera. Estaba sufriendo el s\u00edndrome del \u201cnido vac\u00edo\u201d pero ella no lo sab\u00eda.&nbsp; Viv\u00eda en el interior, en un pueblito de pocos habitantes. Ten\u00eda la piel ajada por la edad y la sequedad del clima.<\/p>\n\n\n\n<p>Tras algunas sesiones le habl\u00e9 de lo importante que era que cuidara a s\u00ed misma. &#8220;\u00bfY eso c\u00f3mo se hace?&#8221;, me pregunt\u00f3\u2026 Le pregunt\u00e9 si se pon\u00eda crema en la cara y me se\u00f1al\u00f3 algo bruscamente frot\u00e1ndose la cara con sus manos que \u201cclaro, con la piel tan seca que ten\u00eda no le quedaba otro remedio&#8221;. Le propuse que cuando se pusiera la crema por las noches, lo hiciera suavemente, acarici\u00e1ndose la piel, <strong>tomando consciencia de que se pon\u00eda la crema para cuidarse<\/strong>, con <strong>cari\u00f1o hacia ella misma.&nbsp;<\/strong><\/p>\n\n\n\n<p>Cuando regres\u00f3 a la semana siguiente, le pregunt\u00e9 c\u00f3mo le hab\u00eda ido. Dijo que se puso a llorar mir\u00e1ndose al espejo, pues <strong>nunca hab\u00eda experimentado semejante sensaci\u00f3n de cari\u00f1o hacia s\u00ed misma\u2026<\/strong><\/p>\n\n\n\n<p>El <strong>autocuidado <\/strong>supone que <strong>haremos todo aquello que est\u00e9 en nuestras manos para regular nuestro estr\u00e9s y malestar<\/strong> y no transmitirlo a los dem\u00e1s ni culpar a nadie de lo que nos pasa. Implica que <strong>nos responsabilicemos de nuestro bienestar<\/strong>. Ocup\u00e1ndonos de nuestra alimentaci\u00f3n, ejercicio, descanso y cuidados m\u00e9dicos, a trav\u00e9s de acciones y pr\u00e1cticas que realizamos para <strong>promover y mantener nuestra salud f\u00edsica, mental y emocional.<\/strong><\/p>\n\n\n\n<h4 class=\"wp-block-heading\"><strong>No es ego\u00edsmo, es una necesidad.<\/strong><\/h4>\n\n\n\n<p>\u201c<em>El autocuidado no es un lujo, es una responsabilidad. Es en el cuidado de nuestras propias necesidades donde encontramos la fuerza para cuidar a los dem\u00e1s. Recuerda, no puedes dar desde un lugar vac\u00edo, as\u00ed que date permiso para nutrirte a ti mismo<\/em>&#8220;<\/p>\n\n\n\n<p>Extracto del libro titulado \u201cAutocompasi\u00f3n: Detente para ser amable contigo mismo\u201d de Kristin Neff<\/p>\n\n\n\n<p><\/p>\n\n\n\n<p>Ilustraci\u00f3n del artista franc\u00e9s Jean-Pierre Weill para su libro <a href=\"https:\/\/us.macmillan.com\/books\/9781250092700\/thewellofbeing\" target=\"_blank\" rel=\"noreferrer noopener\">\u201cThe Well of Being\u201d<\/a> (El Pozo del Ser, en un juego de palabras que se refieren a la importancia de del Bienestar \u201cWell-Being\u201d)<\/p>\n\n\n\n<p><strong>Sugerencia &#8211; <a href=\"https:\/\/www.psyke.es\/en\/meditaciones\/cultivating-self-compassion\/\" target=\"_blank\" rel=\"noreferrer noopener\">Meditaci\u00f3n n. 11: \u201cCultivando la Autocompasi\u00f3n\u201d<\/a><\/strong><\/p>\n\n\n\n<p>Esta meditaci\u00f3n nos ayuda a aprender a traernos calidez y amorosidad hacia nosotros mismos. Cuando se aplica con honestidad hacia uno mismo, produce una presencia conectada y amorosa, que amortigua los estados an\u00edmicos negativos y ensalza los positivos. Buena pr\u00e1ctica\u2026<\/p>\n","protected":false},"excerpt":{"rendered":"<p>El autocuidado no es ego\u00edsmo, es una necesidad. Es en el cuidado de nuestras necesidades donde encontramos la fuerza para cuidar a los dem\u00e1s.  [&#8230;]<\/p>\n<p><a class=\"btn btn-secondary understrap-read-more-link\" href=\"https:\/\/www.psyke.es\/en\/si-no-te-cuidas-transmitiras-tu-malestar-hacia-los-demas\/\">Read More&#8230;<span class=\"screen-reader-text\"> from Si no te cuidas, transmitir\u00e1s tu malestar hacia los dem\u00e1s\u2026 \u00a0<\/span><\/a><\/p>\n","protected":false},"author":3,"featured_media":15466,"comment_status":"open","ping_status":"open","sticky":false,"template":"","format":"standard","meta":{"footnotes":""},"categories":[82,81],"tags":[266,267,268],"class_list":["post-15470","post","type-post","status-publish","format-standard","has-post-thumbnail","hentry","category-therapeutic-reflections-personal-development","category-therapeutic-reflections-personal-growth","tag-autocuidado-en","tag-cuidar-a-los-demas-en","tag-cuidarse-en"],"yoast_head":"<!-- This site is optimized with the Yoast SEO plugin v27.4 - https:\/\/yoast.com\/product\/yoast-seo-wordpress\/ -->\n<title>Si no te cuidas, transmitir\u00e1s tu malestar hacia los dem\u00e1s\u2026 \u00a0 - Psyke<\/title>\n<meta name=\"description\" content=\"El autocuidado no es ego\u00edsmo, es una necesidad. Es en el cuidado de nuestras necesidades donde encontramos la fuerza para cuidar a los dem\u00e1s.\" \/>\n<meta name=\"robots\" content=\"index, follow, max-snippet:-1, max-image-preview:large, max-video-preview:-1\" \/>\n<link rel=\"canonical\" href=\"https:\/\/www.psyke.es\/en\/si-no-te-cuidas-transmitiras-tu-malestar-hacia-los-demas\/\" \/>\n<meta property=\"og:locale\" content=\"en_US\" \/>\n<meta property=\"og:type\" content=\"article\" \/>\n<meta property=\"og:title\" content=\"Si no te cuidas, transmitir\u00e1s tu malestar hacia los dem\u00e1s\u2026 \u00a0 - Psyke\" \/>\n<meta property=\"og:description\" content=\"El autocuidado no es ego\u00edsmo, es una necesidad. Es en el cuidado de nuestras necesidades donde encontramos la fuerza para cuidar a los dem\u00e1s.\" \/>\n<meta property=\"og:url\" content=\"https:\/\/www.psyke.es\/en\/si-no-te-cuidas-transmitiras-tu-malestar-hacia-los-demas\/\" \/>\n<meta property=\"og:site_name\" content=\"Psyke\" \/>\n<meta property=\"article:published_time\" content=\"2023-07-23T15:00:00+00:00\" \/>\n<meta property=\"og:image\" content=\"https:\/\/www.psyke.es\/wp-content\/uploads\/2023\/07\/autocuidado-psyke-blog.png\" \/>\n\t<meta property=\"og:image:width\" content=\"1675\" \/>\n\t<meta property=\"og:image:height\" content=\"1080\" \/>\n\t<meta property=\"og:image:type\" content=\"image\/png\" \/>\n<meta name=\"author\" content=\"Tha\u00efs Capella\" \/>\n<meta name=\"twitter:card\" content=\"summary_large_image\" \/>\n<meta name=\"twitter:label1\" content=\"Written by\" \/>\n\t<meta name=\"twitter:data1\" content=\"Tha\u00efs Capella\" \/>\n<script type=\"application\/ld+json\" class=\"yoast-schema-graph\">{\"@context\":\"https:\\\/\\\/schema.org\",\"@graph\":[{\"@type\":\"Article\",\"@id\":\"https:\\\/\\\/www.psyke.es\\\/en\\\/si-no-te-cuidas-transmitiras-tu-malestar-hacia-los-demas\\\/#article\",\"isPartOf\":{\"@id\":\"https:\\\/\\\/www.psyke.es\\\/en\\\/si-no-te-cuidas-transmitiras-tu-malestar-hacia-los-demas\\\/\"},\"author\":{\"name\":\"Tha\u00efs Capella\",\"@id\":\"https:\\\/\\\/www.psyke.es\\\/en\\\/#\\\/schema\\\/person\\\/87774a2e60512484c09407be020d551a\"},\"headline\":\"Si no te cuidas, transmitir\u00e1s tu malestar hacia los dem\u00e1s\u2026 \u00a0\",\"datePublished\":\"2023-07-23T15:00:00+00:00\",\"mainEntityOfPage\":{\"@id\":\"https:\\\/\\\/www.psyke.es\\\/en\\\/si-no-te-cuidas-transmitiras-tu-malestar-hacia-los-demas\\\/\"},\"wordCount\":572,\"commentCount\":0,\"image\":{\"@id\":\"https:\\\/\\\/www.psyke.es\\\/en\\\/si-no-te-cuidas-transmitiras-tu-malestar-hacia-los-demas\\\/#primaryimage\"},\"thumbnailUrl\":\"https:\\\/\\\/www.psyke.es\\\/wp-content\\\/uploads\\\/2023\\\/07\\\/autocuidado-psyke-blog.png\",\"keywords\":[\"autocuidado\",\"cuidar a los dem\u00e1s\",\"cuidarse\"],\"articleSection\":[\"Personal Development\",\"Personal Growth\"],\"inLanguage\":\"en-US\",\"potentialAction\":[{\"@type\":\"CommentAction\",\"name\":\"Comment\",\"target\":[\"https:\\\/\\\/www.psyke.es\\\/en\\\/si-no-te-cuidas-transmitiras-tu-malestar-hacia-los-demas\\\/#respond\"]}]},{\"@type\":\"WebPage\",\"@id\":\"https:\\\/\\\/www.psyke.es\\\/en\\\/si-no-te-cuidas-transmitiras-tu-malestar-hacia-los-demas\\\/\",\"url\":\"https:\\\/\\\/www.psyke.es\\\/en\\\/si-no-te-cuidas-transmitiras-tu-malestar-hacia-los-demas\\\/\",\"name\":\"Si no te cuidas, transmitir\u00e1s tu malestar hacia los dem\u00e1s\u2026 \u00a0 - Psyke\",\"isPartOf\":{\"@id\":\"https:\\\/\\\/www.psyke.es\\\/en\\\/#website\"},\"primaryImageOfPage\":{\"@id\":\"https:\\\/\\\/www.psyke.es\\\/en\\\/si-no-te-cuidas-transmitiras-tu-malestar-hacia-los-demas\\\/#primaryimage\"},\"image\":{\"@id\":\"https:\\\/\\\/www.psyke.es\\\/en\\\/si-no-te-cuidas-transmitiras-tu-malestar-hacia-los-demas\\\/#primaryimage\"},\"thumbnailUrl\":\"https:\\\/\\\/www.psyke.es\\\/wp-content\\\/uploads\\\/2023\\\/07\\\/autocuidado-psyke-blog.png\",\"datePublished\":\"2023-07-23T15:00:00+00:00\",\"author\":{\"@id\":\"https:\\\/\\\/www.psyke.es\\\/en\\\/#\\\/schema\\\/person\\\/87774a2e60512484c09407be020d551a\"},\"description\":\"El autocuidado no es ego\u00edsmo, es una necesidad. Es en el cuidado de nuestras necesidades donde encontramos la fuerza para cuidar a los dem\u00e1s.\",\"breadcrumb\":{\"@id\":\"https:\\\/\\\/www.psyke.es\\\/en\\\/si-no-te-cuidas-transmitiras-tu-malestar-hacia-los-demas\\\/#breadcrumb\"},\"inLanguage\":\"en-US\",\"potentialAction\":[{\"@type\":\"ReadAction\",\"target\":[\"https:\\\/\\\/www.psyke.es\\\/en\\\/si-no-te-cuidas-transmitiras-tu-malestar-hacia-los-demas\\\/\"]}]},{\"@type\":\"ImageObject\",\"inLanguage\":\"en-US\",\"@id\":\"https:\\\/\\\/www.psyke.es\\\/en\\\/si-no-te-cuidas-transmitiras-tu-malestar-hacia-los-demas\\\/#primaryimage\",\"url\":\"https:\\\/\\\/www.psyke.es\\\/wp-content\\\/uploads\\\/2023\\\/07\\\/autocuidado-psyke-blog.png\",\"contentUrl\":\"https:\\\/\\\/www.psyke.es\\\/wp-content\\\/uploads\\\/2023\\\/07\\\/autocuidado-psyke-blog.png\",\"width\":1675,\"height\":1080,\"caption\":\"Autocuidado - Psyke Blog\"},{\"@type\":\"BreadcrumbList\",\"@id\":\"https:\\\/\\\/www.psyke.es\\\/en\\\/si-no-te-cuidas-transmitiras-tu-malestar-hacia-los-demas\\\/#breadcrumb\",\"itemListElement\":[{\"@type\":\"ListItem\",\"position\":1,\"name\":\"Portada\",\"item\":\"https:\\\/\\\/www.psyke.es\\\/en\\\/\"},{\"@type\":\"ListItem\",\"position\":2,\"name\":\"Si no te cuidas, transmitir\u00e1s tu malestar hacia los dem\u00e1s\u2026 \u00a0\"}]},{\"@type\":\"WebSite\",\"@id\":\"https:\\\/\\\/www.psyke.es\\\/en\\\/#website\",\"url\":\"https:\\\/\\\/www.psyke.es\\\/en\\\/\",\"name\":\"Psyke\",\"description\":\"Centro de Psicolog\u00eda\",\"potentialAction\":[{\"@type\":\"SearchAction\",\"target\":{\"@type\":\"EntryPoint\",\"urlTemplate\":\"https:\\\/\\\/www.psyke.es\\\/en\\\/?s={search_term_string}\"},\"query-input\":{\"@type\":\"PropertyValueSpecification\",\"valueRequired\":true,\"valueName\":\"search_term_string\"}}],\"inLanguage\":\"en-US\"},{\"@type\":\"Person\",\"@id\":\"https:\\\/\\\/www.psyke.es\\\/en\\\/#\\\/schema\\\/person\\\/87774a2e60512484c09407be020d551a\",\"name\":\"Tha\u00efs Capella\",\"image\":{\"@type\":\"ImageObject\",\"inLanguage\":\"en-US\",\"@id\":\"https:\\\/\\\/secure.gravatar.com\\\/avatar\\\/71847c79c196fcb2761a3960e77f33ed0e684732f3145d9b4af037b8ed17c94c?s=96&d=mm&r=g\",\"url\":\"https:\\\/\\\/secure.gravatar.com\\\/avatar\\\/71847c79c196fcb2761a3960e77f33ed0e684732f3145d9b4af037b8ed17c94c?s=96&d=mm&r=g\",\"contentUrl\":\"https:\\\/\\\/secure.gravatar.com\\\/avatar\\\/71847c79c196fcb2761a3960e77f33ed0e684732f3145d9b4af037b8ed17c94c?s=96&d=mm&r=g\",\"caption\":\"Tha\u00efs Capella\"},\"sameAs\":[\"http:\\\/\\\/psyke.es\"]}]}<\/script>\n<!-- \/ Yoast SEO plugin. -->","yoast_head_json":{"title":"Si no te cuidas, transmitir\u00e1s tu malestar hacia los dem\u00e1s\u2026 \u00a0 - Psyke","description":"El autocuidado no es ego\u00edsmo, es una necesidad. Es en el cuidado de nuestras necesidades donde encontramos la fuerza para cuidar a los dem\u00e1s.","robots":{"index":"index","follow":"follow","max-snippet":"max-snippet:-1","max-image-preview":"max-image-preview:large","max-video-preview":"max-video-preview:-1"},"canonical":"https:\/\/www.psyke.es\/en\/si-no-te-cuidas-transmitiras-tu-malestar-hacia-los-demas\/","og_locale":"en_US","og_type":"article","og_title":"Si no te cuidas, transmitir\u00e1s tu malestar hacia los dem\u00e1s\u2026 \u00a0 - Psyke","og_description":"El autocuidado no es ego\u00edsmo, es una necesidad. Es en el cuidado de nuestras necesidades donde encontramos la fuerza para cuidar a los dem\u00e1s.","og_url":"https:\/\/www.psyke.es\/en\/si-no-te-cuidas-transmitiras-tu-malestar-hacia-los-demas\/","og_site_name":"Psyke","article_published_time":"2023-07-23T15:00:00+00:00","og_image":[{"width":1675,"height":1080,"url":"https:\/\/www.psyke.es\/wp-content\/uploads\/2023\/07\/autocuidado-psyke-blog.png","type":"image\/png"}],"author":"Tha\u00efs Capella","twitter_card":"summary_large_image","twitter_misc":{"Written by":"Tha\u00efs Capella"},"schema":{"@context":"https:\/\/schema.org","@graph":[{"@type":"Article","@id":"https:\/\/www.psyke.es\/en\/si-no-te-cuidas-transmitiras-tu-malestar-hacia-los-demas\/#article","isPartOf":{"@id":"https:\/\/www.psyke.es\/en\/si-no-te-cuidas-transmitiras-tu-malestar-hacia-los-demas\/"},"author":{"name":"Tha\u00efs Capella","@id":"https:\/\/www.psyke.es\/en\/#\/schema\/person\/87774a2e60512484c09407be020d551a"},"headline":"Si no te cuidas, transmitir\u00e1s tu malestar hacia los dem\u00e1s\u2026 \u00a0","datePublished":"2023-07-23T15:00:00+00:00","mainEntityOfPage":{"@id":"https:\/\/www.psyke.es\/en\/si-no-te-cuidas-transmitiras-tu-malestar-hacia-los-demas\/"},"wordCount":572,"commentCount":0,"image":{"@id":"https:\/\/www.psyke.es\/en\/si-no-te-cuidas-transmitiras-tu-malestar-hacia-los-demas\/#primaryimage"},"thumbnailUrl":"https:\/\/www.psyke.es\/wp-content\/uploads\/2023\/07\/autocuidado-psyke-blog.png","keywords":["autocuidado","cuidar a los dem\u00e1s","cuidarse"],"articleSection":["Personal Development","Personal Growth"],"inLanguage":"en-US","potentialAction":[{"@type":"CommentAction","name":"Comment","target":["https:\/\/www.psyke.es\/en\/si-no-te-cuidas-transmitiras-tu-malestar-hacia-los-demas\/#respond"]}]},{"@type":"WebPage","@id":"https:\/\/www.psyke.es\/en\/si-no-te-cuidas-transmitiras-tu-malestar-hacia-los-demas\/","url":"https:\/\/www.psyke.es\/en\/si-no-te-cuidas-transmitiras-tu-malestar-hacia-los-demas\/","name":"Si no te cuidas, transmitir\u00e1s tu malestar hacia los dem\u00e1s\u2026 \u00a0 - Psyke","isPartOf":{"@id":"https:\/\/www.psyke.es\/en\/#website"},"primaryImageOfPage":{"@id":"https:\/\/www.psyke.es\/en\/si-no-te-cuidas-transmitiras-tu-malestar-hacia-los-demas\/#primaryimage"},"image":{"@id":"https:\/\/www.psyke.es\/en\/si-no-te-cuidas-transmitiras-tu-malestar-hacia-los-demas\/#primaryimage"},"thumbnailUrl":"https:\/\/www.psyke.es\/wp-content\/uploads\/2023\/07\/autocuidado-psyke-blog.png","datePublished":"2023-07-23T15:00:00+00:00","author":{"@id":"https:\/\/www.psyke.es\/en\/#\/schema\/person\/87774a2e60512484c09407be020d551a"},"description":"El autocuidado no es ego\u00edsmo, es una necesidad. Es en el cuidado de nuestras necesidades donde encontramos la fuerza para cuidar a los dem\u00e1s.","breadcrumb":{"@id":"https:\/\/www.psyke.es\/en\/si-no-te-cuidas-transmitiras-tu-malestar-hacia-los-demas\/#breadcrumb"},"inLanguage":"en-US","potentialAction":[{"@type":"ReadAction","target":["https:\/\/www.psyke.es\/en\/si-no-te-cuidas-transmitiras-tu-malestar-hacia-los-demas\/"]}]},{"@type":"ImageObject","inLanguage":"en-US","@id":"https:\/\/www.psyke.es\/en\/si-no-te-cuidas-transmitiras-tu-malestar-hacia-los-demas\/#primaryimage","url":"https:\/\/www.psyke.es\/wp-content\/uploads\/2023\/07\/autocuidado-psyke-blog.png","contentUrl":"https:\/\/www.psyke.es\/wp-content\/uploads\/2023\/07\/autocuidado-psyke-blog.png","width":1675,"height":1080,"caption":"Autocuidado - Psyke Blog"},{"@type":"BreadcrumbList","@id":"https:\/\/www.psyke.es\/en\/si-no-te-cuidas-transmitiras-tu-malestar-hacia-los-demas\/#breadcrumb","itemListElement":[{"@type":"ListItem","position":1,"name":"Portada","item":"https:\/\/www.psyke.es\/en\/"},{"@type":"ListItem","position":2,"name":"Si no te cuidas, transmitir\u00e1s tu malestar hacia los dem\u00e1s\u2026 \u00a0"}]},{"@type":"WebSite","@id":"https:\/\/www.psyke.es\/en\/#website","url":"https:\/\/www.psyke.es\/en\/","name":"Psyke","description":"Centro de Psicolog\u00eda","potentialAction":[{"@type":"SearchAction","target":{"@type":"EntryPoint","urlTemplate":"https:\/\/www.psyke.es\/en\/?s={search_term_string}"},"query-input":{"@type":"PropertyValueSpecification","valueRequired":true,"valueName":"search_term_string"}}],"inLanguage":"en-US"},{"@type":"Person","@id":"https:\/\/www.psyke.es\/en\/#\/schema\/person\/87774a2e60512484c09407be020d551a","name":"Tha\u00efs Capella","image":{"@type":"ImageObject","inLanguage":"en-US","@id":"https:\/\/secure.gravatar.com\/avatar\/71847c79c196fcb2761a3960e77f33ed0e684732f3145d9b4af037b8ed17c94c?s=96&d=mm&r=g","url":"https:\/\/secure.gravatar.com\/avatar\/71847c79c196fcb2761a3960e77f33ed0e684732f3145d9b4af037b8ed17c94c?s=96&d=mm&r=g","contentUrl":"https:\/\/secure.gravatar.com\/avatar\/71847c79c196fcb2761a3960e77f33ed0e684732f3145d9b4af037b8ed17c94c?s=96&d=mm&r=g","caption":"Tha\u00efs Capella"},"sameAs":["http:\/\/psyke.es"]}]}},"post_mailing_queue_ids":[],"_links":{"self":[{"href":"https:\/\/www.psyke.es\/en\/wp-json\/wp\/v2\/posts\/15470","targetHints":{"allow":["GET"]}}],"collection":[{"href":"https:\/\/www.psyke.es\/en\/wp-json\/wp\/v2\/posts"}],"about":[{"href":"https:\/\/www.psyke.es\/en\/wp-json\/wp\/v2\/types\/post"}],"author":[{"embeddable":true,"href":"https:\/\/www.psyke.es\/en\/wp-json\/wp\/v2\/users\/3"}],"replies":[{"embeddable":true,"href":"https:\/\/www.psyke.es\/en\/wp-json\/wp\/v2\/comments?post=15470"}],"version-history":[{"count":0,"href":"https:\/\/www.psyke.es\/en\/wp-json\/wp\/v2\/posts\/15470\/revisions"}],"wp:featuredmedia":[{"embeddable":true,"href":"https:\/\/www.psyke.es\/en\/wp-json\/wp\/v2\/media\/15466"}],"wp:attachment":[{"href":"https:\/\/www.psyke.es\/en\/wp-json\/wp\/v2\/media?parent=15470"}],"wp:term":[{"taxonomy":"category","embeddable":true,"href":"https:\/\/www.psyke.es\/en\/wp-json\/wp\/v2\/categories?post=15470"},{"taxonomy":"post_tag","embeddable":true,"href":"https:\/\/www.psyke.es\/en\/wp-json\/wp\/v2\/tags?post=15470"}],"curies":[{"name":"wp","href":"https:\/\/api.w.org\/{rel}","templated":true}]}}