{"id":16083,"date":"2023-10-01T17:00:00","date_gmt":"2023-10-01T15:00:00","guid":{"rendered":"https:\/\/www.psyke.es\/?p=16083"},"modified":"2023-10-04T17:32:42","modified_gmt":"2023-10-04T15:32:42","slug":"la-autocompasion-genera-resiliencia-y-es-antidoto-a-la-ansiedad-y-la-depresion","status":"publish","type":"post","link":"https:\/\/www.psyke.es\/en\/la-autocompasion-genera-resiliencia-y-es-antidoto-a-la-ansiedad-y-la-depresion\/","title":{"rendered":"La autocompasi\u00f3n genera resiliencia y es el ant\u00eddoto a la ansiedad y la depresi\u00f3n\u2026"},"content":{"rendered":"\n<p><\/p>\n\n\n\n<p>Acabamos de celebrar la<strong> quinta edici\u00f3n del <a href=\"https:\/\/www.psyke.es\/en\/retreats-mindfulness-healthy-development\/\" target=\"_blank\" rel=\"noreferrer noopener\">Retiro de Autocompasi\u00f3n<\/a><\/strong> en el Monasterio franciscano de Gilet, en medio de la naturaleza, con <strong>25 mujeres participantes de<a href=\"https:\/\/www.psyke.es\/en\/programs-training-mindfulness-profound\/\" target=\"_blank\" rel=\"noreferrer noopener\"> cursos impartidos en el Centro Psyke<\/a><\/strong>. Y os preguntar\u00e9is \u00bfpor qu\u00e9 solo mujeres? Pues porque <strong>las mujeres<\/strong>, por nuestra educaci\u00f3n, y el contexto cultural en el que vivimos, <strong>somos m\u00e1s propensas a estar m\u00e1s pendientes de los dem\u00e1s que de nosotras mismas<\/strong>. Y no lo digo yo, lo dicen las estad\u00edsticas.<\/p>\n\n\n\n<p>Desde temprana edad se nos ha ense\u00f1ado a <strong>asumir roles de cuidado y responsabilidad hacia los dem\u00e1s<\/strong>, tal y como lo han hecho nuestras madres. Aunque este patr\u00f3n est\u00e1 cambiando vertiginosamente, a\u00fan permanecen residuos importantes de aquellas ense\u00f1anzas que todav\u00eda afecta a muchas mujeres. La<strong> auto-exigencia<\/strong> a la que se someten muchas mujeres afrontando los est\u00e1ndares sociales y culturales de perfecci\u00f3n en m\u00faltiples \u00e1reas de su vida, como el trabajo, la maternidad y la apariencia f\u00edsica, conlleva <strong>niveles altos de estr\u00e9s y autocritica<\/strong> cuando esos est\u00e1ndares no son alcanzados. La <strong>autocompasi\u00f3n<\/strong>, en este sentido, es una herramienta necesaria para <strong>bajarnos a la tierra y aprender a aceptar nuestros l\u00edmites humanos con amor y comprensi\u00f3n.<\/strong><\/p>\n\n\n\n<p>No hay que confundirse, <strong>la autocompasi\u00f3n no es una muestra de debilidad<\/strong>, como tantas veces se malinterpreta, sino un <strong>signo de fortaleza y resiliencia emocional<\/strong>. Al desechar la autocr\u00edtica y aprender a tratarse con amabilidad y compasi\u00f3n, se pueden afrontar y superar los obst\u00e1culos que se presentan en la vida con mayor determinaci\u00f3n y confianza. Por otro lado, al desarrollar una relaci\u00f3n m\u00e1s saludable con una misma, se establecen conexiones m\u00e1s aut\u00e9nticas y comprensivas con los dem\u00e1s, tan necesarias para nuestro bienestar.&nbsp;&nbsp;<\/p>\n\n\n\n<h3 class=\"wp-block-heading\">\u00bfC\u00f3mo podemos cultivar la autocompasi\u00f3n?<\/h3>\n\n\n\n<p>Seg\u00fan <strong><a href=\"https:\/\/self-compassion.org\/\" target=\"_blank\" rel=\"noreferrer noopener\">Kristin Neff<\/a><\/strong>, la m\u00e1xima experta en la materia, estas son las pr\u00e1cticas m\u00e1s acertadas:<\/p>\n\n\n\n<ol class=\"wp-block-list\" type=\"1\">\n<li><strong>Practicar la amabilidad hacia una misma<\/strong>: trat\u00e1ndote y habl\u00e1ndote con amabilidad. Se tiene que entrenar, porque estamos muy mal acostumbradas. No permitir la autocr\u00edtica, en el sentido de machacarse y maltratarse, algo que no har\u00edas con un amigo querido. Hay que aprender a <strong>fomentar la cr\u00edtica constructiva<\/strong>.<\/li>\n\n\n\n<li><strong>Practicar la Humanidad Compartida<\/strong>: reconociendo que todos afrontamos desaf\u00edos y obst\u00e1culos en la vida y, aunque muchas personas no lo expresen directamente, sufren las adversidades que supone vivir una vida humana. Tener este punto de vista presente ayuda a reducir la sensaci\u00f3n de aislamiento, que produce el pensar que es solo \u201ctu sufrimiento\u201d. <strong>Ning\u00fan ser humano se libra de sufrir, porque esa es la condici\u00f3n de estar vivos<\/strong>.<\/li>\n\n\n\n<li><strong>Desarrollar el Mindfulness<\/strong> (la atenci\u00f3n plena): para poder <strong>mantener la consciencia<\/strong> y el <strong>equilibrio <\/strong>en momentos de estr\u00e9s y dificultad.Principio del formulario<\/li>\n<\/ol>\n\n\n\n<p>Hagamos lo que est\u00e9 en nuestras manos para fomentar la autocompasi\u00f3n en nuestras vidas. Tu cuerpo, tu mente y tus relaciones interpersonales lo agradecer\u00e1n\u2026<\/p>\n\n\n\n<p>Fotograf\u00edas del grupo del Retiro de Autocompasi\u00f3n de Psyke, 2023.<\/p>\n\n\n\n<p>Sugerencia &#8211; <strong><a href=\"https:\/\/www.psyke.es\/en\/meditaciones\/cultivating-self-compassion\/\" target=\"_blank\" rel=\"noreferrer noopener\">Meditaci\u00f3n n. 11: \u201cCultivando la Autocompasi\u00f3n\u201d<\/a><\/strong>.<\/p>\n\n\n\n<p>Esta meditaci\u00f3n nos ayuda a aprender a traernos calidez y amorosidad hacia nosotros mismos en momentos de sufrimiento, cuando nos hemos equivocado o no hemos conseguido aquello que nos hab\u00edamos propuesto. Si se aplica con honestidad hacia uno mismo, produce una presencia conectada y amorosa, que amortigua los estados an\u00edmicos negativos y ensalza los positivos. Buena pr\u00e1ctica\u2026<\/p>\n","protected":false},"excerpt":{"rendered":"<p>Hagamos lo que est\u00e9 en nuestras manos para fomentar la autocompasi\u00f3n. Tu cuerpo, tu mente y tus relaciones interpersonales lo agradecer\u00e1n\u2026 [&#8230;]<\/p>\n<p><a class=\"btn btn-secondary understrap-read-more-link\" href=\"https:\/\/www.psyke.es\/en\/la-autocompasion-genera-resiliencia-y-es-antidoto-a-la-ansiedad-y-la-depresion\/\">Read More&#8230;<span class=\"screen-reader-text\"> from La autocompasi\u00f3n genera resiliencia y es el ant\u00eddoto a la ansiedad y la depresi\u00f3n\u2026<\/span><\/a><\/p>\n","protected":false},"author":3,"featured_media":16080,"comment_status":"open","ping_status":"open","sticky":false,"template":"","format":"standard","meta":{"footnotes":""},"categories":[75],"tags":[136,137,296],"class_list":["post-16083","post","type-post","status-publish","format-standard","has-post-thumbnail","hentry","category-therapeutic-articles-self-compassion","tag-amor-en","tag-autocompasion-en","tag-autoexigencia-en"],"yoast_head":"<!-- This site is optimized with the Yoast SEO plugin v27.4 - https:\/\/yoast.com\/product\/yoast-seo-wordpress\/ -->\n<title>La autocompasi\u00f3n genera resiliencia y es el ant\u00eddoto a la ansiedad y la depresi\u00f3n\u2026 - Psyke<\/title>\n<meta name=\"description\" content=\"Hagamos lo que est\u00e9 en nuestras manos para fomentar la autocompasi\u00f3n. Tu cuerpo, tu mente y tus relaciones interpersonales lo agradecer\u00e1n\u2026\" \/>\n<meta name=\"robots\" content=\"index, follow, max-snippet:-1, max-image-preview:large, max-video-preview:-1\" \/>\n<link rel=\"canonical\" href=\"https:\/\/www.psyke.es\/en\/la-autocompasion-genera-resiliencia-y-es-antidoto-a-la-ansiedad-y-la-depresion\/\" \/>\n<meta property=\"og:locale\" content=\"en_US\" \/>\n<meta property=\"og:type\" content=\"article\" \/>\n<meta property=\"og:title\" content=\"La autocompasi\u00f3n genera resiliencia y es el ant\u00eddoto a la ansiedad y la depresi\u00f3n\u2026 - Psyke\" \/>\n<meta property=\"og:description\" content=\"Hagamos lo que est\u00e9 en nuestras manos para fomentar la autocompasi\u00f3n. Tu cuerpo, tu mente y tus relaciones interpersonales lo agradecer\u00e1n\u2026\" \/>\n<meta property=\"og:url\" content=\"https:\/\/www.psyke.es\/en\/la-autocompasion-genera-resiliencia-y-es-antidoto-a-la-ansiedad-y-la-depresion\/\" \/>\n<meta property=\"og:site_name\" content=\"Psyke\" \/>\n<meta property=\"article:published_time\" content=\"2023-10-01T15:00:00+00:00\" \/>\n<meta property=\"article:modified_time\" content=\"2023-10-04T15:32:42+00:00\" \/>\n<meta property=\"og:image\" content=\"https:\/\/www.psyke.es\/wp-content\/uploads\/2023\/09\/la-autocompasion-genera-resiliencia-y-es-antidoto-a-la-ansiedad-y-la-depresion-psyke-blog.jpg\" \/>\n\t<meta property=\"og:image:width\" content=\"1675\" \/>\n\t<meta property=\"og:image:height\" content=\"1080\" \/>\n\t<meta property=\"og:image:type\" content=\"image\/jpeg\" \/>\n<meta name=\"author\" content=\"Tha\u00efs Capella\" \/>\n<meta name=\"twitter:card\" content=\"summary_large_image\" \/>\n<meta name=\"twitter:label1\" content=\"Written by\" \/>\n\t<meta name=\"twitter:data1\" content=\"Tha\u00efs Capella\" \/>\n<script type=\"application\/ld+json\" class=\"yoast-schema-graph\">{\"@context\":\"https:\\\/\\\/schema.org\",\"@graph\":[{\"@type\":\"Article\",\"@id\":\"https:\\\/\\\/www.psyke.es\\\/en\\\/la-autocompasion-genera-resiliencia-y-es-antidoto-a-la-ansiedad-y-la-depresion\\\/#article\",\"isPartOf\":{\"@id\":\"https:\\\/\\\/www.psyke.es\\\/en\\\/la-autocompasion-genera-resiliencia-y-es-antidoto-a-la-ansiedad-y-la-depresion\\\/\"},\"author\":{\"name\":\"Tha\u00efs Capella\",\"@id\":\"https:\\\/\\\/www.psyke.es\\\/en\\\/#\\\/schema\\\/person\\\/87774a2e60512484c09407be020d551a\"},\"headline\":\"La autocompasi\u00f3n genera resiliencia y es el ant\u00eddoto a la ansiedad y la depresi\u00f3n\u2026\",\"datePublished\":\"2023-10-01T15:00:00+00:00\",\"dateModified\":\"2023-10-04T15:32:42+00:00\",\"mainEntityOfPage\":{\"@id\":\"https:\\\/\\\/www.psyke.es\\\/en\\\/la-autocompasion-genera-resiliencia-y-es-antidoto-a-la-ansiedad-y-la-depresion\\\/\"},\"wordCount\":607,\"commentCount\":0,\"image\":{\"@id\":\"https:\\\/\\\/www.psyke.es\\\/en\\\/la-autocompasion-genera-resiliencia-y-es-antidoto-a-la-ansiedad-y-la-depresion\\\/#primaryimage\"},\"thumbnailUrl\":\"https:\\\/\\\/www.psyke.es\\\/wp-content\\\/uploads\\\/2023\\\/09\\\/la-autocompasion-genera-resiliencia-y-es-antidoto-a-la-ansiedad-y-la-depresion-psyke-blog.jpg\",\"keywords\":[\"amor\",\"autocompasi\u00f3n\",\"autoexigencia\"],\"articleSection\":[\"Self-compassion\"],\"inLanguage\":\"en-US\",\"potentialAction\":[{\"@type\":\"CommentAction\",\"name\":\"Comment\",\"target\":[\"https:\\\/\\\/www.psyke.es\\\/en\\\/la-autocompasion-genera-resiliencia-y-es-antidoto-a-la-ansiedad-y-la-depresion\\\/#respond\"]}]},{\"@type\":\"WebPage\",\"@id\":\"https:\\\/\\\/www.psyke.es\\\/en\\\/la-autocompasion-genera-resiliencia-y-es-antidoto-a-la-ansiedad-y-la-depresion\\\/\",\"url\":\"https:\\\/\\\/www.psyke.es\\\/en\\\/la-autocompasion-genera-resiliencia-y-es-antidoto-a-la-ansiedad-y-la-depresion\\\/\",\"name\":\"La autocompasi\u00f3n genera resiliencia y es el ant\u00eddoto a la ansiedad y la depresi\u00f3n\u2026 - Psyke\",\"isPartOf\":{\"@id\":\"https:\\\/\\\/www.psyke.es\\\/en\\\/#website\"},\"primaryImageOfPage\":{\"@id\":\"https:\\\/\\\/www.psyke.es\\\/en\\\/la-autocompasion-genera-resiliencia-y-es-antidoto-a-la-ansiedad-y-la-depresion\\\/#primaryimage\"},\"image\":{\"@id\":\"https:\\\/\\\/www.psyke.es\\\/en\\\/la-autocompasion-genera-resiliencia-y-es-antidoto-a-la-ansiedad-y-la-depresion\\\/#primaryimage\"},\"thumbnailUrl\":\"https:\\\/\\\/www.psyke.es\\\/wp-content\\\/uploads\\\/2023\\\/09\\\/la-autocompasion-genera-resiliencia-y-es-antidoto-a-la-ansiedad-y-la-depresion-psyke-blog.jpg\",\"datePublished\":\"2023-10-01T15:00:00+00:00\",\"dateModified\":\"2023-10-04T15:32:42+00:00\",\"author\":{\"@id\":\"https:\\\/\\\/www.psyke.es\\\/en\\\/#\\\/schema\\\/person\\\/87774a2e60512484c09407be020d551a\"},\"description\":\"Hagamos lo que est\u00e9 en nuestras manos para fomentar la autocompasi\u00f3n. Tu cuerpo, tu mente y tus relaciones interpersonales lo agradecer\u00e1n\u2026\",\"breadcrumb\":{\"@id\":\"https:\\\/\\\/www.psyke.es\\\/en\\\/la-autocompasion-genera-resiliencia-y-es-antidoto-a-la-ansiedad-y-la-depresion\\\/#breadcrumb\"},\"inLanguage\":\"en-US\",\"potentialAction\":[{\"@type\":\"ReadAction\",\"target\":[\"https:\\\/\\\/www.psyke.es\\\/en\\\/la-autocompasion-genera-resiliencia-y-es-antidoto-a-la-ansiedad-y-la-depresion\\\/\"]}]},{\"@type\":\"ImageObject\",\"inLanguage\":\"en-US\",\"@id\":\"https:\\\/\\\/www.psyke.es\\\/en\\\/la-autocompasion-genera-resiliencia-y-es-antidoto-a-la-ansiedad-y-la-depresion\\\/#primaryimage\",\"url\":\"https:\\\/\\\/www.psyke.es\\\/wp-content\\\/uploads\\\/2023\\\/09\\\/la-autocompasion-genera-resiliencia-y-es-antidoto-a-la-ansiedad-y-la-depresion-psyke-blog.jpg\",\"contentUrl\":\"https:\\\/\\\/www.psyke.es\\\/wp-content\\\/uploads\\\/2023\\\/09\\\/la-autocompasion-genera-resiliencia-y-es-antidoto-a-la-ansiedad-y-la-depresion-psyke-blog.jpg\",\"width\":1675,\"height\":1080,\"caption\":\"La autocompasi\u00f3n genera resiliencia y es el ant\u00eddoto a la ansiedad y la depresi\u00f3n\u2026 - Psyke Blog\"},{\"@type\":\"BreadcrumbList\",\"@id\":\"https:\\\/\\\/www.psyke.es\\\/en\\\/la-autocompasion-genera-resiliencia-y-es-antidoto-a-la-ansiedad-y-la-depresion\\\/#breadcrumb\",\"itemListElement\":[{\"@type\":\"ListItem\",\"position\":1,\"name\":\"Portada\",\"item\":\"https:\\\/\\\/www.psyke.es\\\/en\\\/\"},{\"@type\":\"ListItem\",\"position\":2,\"name\":\"La autocompasi\u00f3n genera resiliencia y es el ant\u00eddoto a la ansiedad y la depresi\u00f3n\u2026\"}]},{\"@type\":\"WebSite\",\"@id\":\"https:\\\/\\\/www.psyke.es\\\/en\\\/#website\",\"url\":\"https:\\\/\\\/www.psyke.es\\\/en\\\/\",\"name\":\"Psyke\",\"description\":\"Centro de Psicolog\u00eda\",\"potentialAction\":[{\"@type\":\"SearchAction\",\"target\":{\"@type\":\"EntryPoint\",\"urlTemplate\":\"https:\\\/\\\/www.psyke.es\\\/en\\\/?s={search_term_string}\"},\"query-input\":{\"@type\":\"PropertyValueSpecification\",\"valueRequired\":true,\"valueName\":\"search_term_string\"}}],\"inLanguage\":\"en-US\"},{\"@type\":\"Person\",\"@id\":\"https:\\\/\\\/www.psyke.es\\\/en\\\/#\\\/schema\\\/person\\\/87774a2e60512484c09407be020d551a\",\"name\":\"Tha\u00efs Capella\",\"image\":{\"@type\":\"ImageObject\",\"inLanguage\":\"en-US\",\"@id\":\"https:\\\/\\\/secure.gravatar.com\\\/avatar\\\/71847c79c196fcb2761a3960e77f33ed0e684732f3145d9b4af037b8ed17c94c?s=96&d=mm&r=g\",\"url\":\"https:\\\/\\\/secure.gravatar.com\\\/avatar\\\/71847c79c196fcb2761a3960e77f33ed0e684732f3145d9b4af037b8ed17c94c?s=96&d=mm&r=g\",\"contentUrl\":\"https:\\\/\\\/secure.gravatar.com\\\/avatar\\\/71847c79c196fcb2761a3960e77f33ed0e684732f3145d9b4af037b8ed17c94c?s=96&d=mm&r=g\",\"caption\":\"Tha\u00efs Capella\"},\"sameAs\":[\"http:\\\/\\\/psyke.es\"]}]}<\/script>\n<!-- \/ Yoast SEO plugin. -->","yoast_head_json":{"title":"La autocompasi\u00f3n genera resiliencia y es el ant\u00eddoto a la ansiedad y la depresi\u00f3n\u2026 - Psyke","description":"Hagamos lo que est\u00e9 en nuestras manos para fomentar la autocompasi\u00f3n. Tu cuerpo, tu mente y tus relaciones interpersonales lo agradecer\u00e1n\u2026","robots":{"index":"index","follow":"follow","max-snippet":"max-snippet:-1","max-image-preview":"max-image-preview:large","max-video-preview":"max-video-preview:-1"},"canonical":"https:\/\/www.psyke.es\/en\/la-autocompasion-genera-resiliencia-y-es-antidoto-a-la-ansiedad-y-la-depresion\/","og_locale":"en_US","og_type":"article","og_title":"La autocompasi\u00f3n genera resiliencia y es el ant\u00eddoto a la ansiedad y la depresi\u00f3n\u2026 - Psyke","og_description":"Hagamos lo que est\u00e9 en nuestras manos para fomentar la autocompasi\u00f3n. Tu cuerpo, tu mente y tus relaciones interpersonales lo agradecer\u00e1n\u2026","og_url":"https:\/\/www.psyke.es\/en\/la-autocompasion-genera-resiliencia-y-es-antidoto-a-la-ansiedad-y-la-depresion\/","og_site_name":"Psyke","article_published_time":"2023-10-01T15:00:00+00:00","article_modified_time":"2023-10-04T15:32:42+00:00","og_image":[{"width":1675,"height":1080,"url":"https:\/\/www.psyke.es\/wp-content\/uploads\/2023\/09\/la-autocompasion-genera-resiliencia-y-es-antidoto-a-la-ansiedad-y-la-depresion-psyke-blog.jpg","type":"image\/jpeg"}],"author":"Tha\u00efs Capella","twitter_card":"summary_large_image","twitter_misc":{"Written by":"Tha\u00efs Capella"},"schema":{"@context":"https:\/\/schema.org","@graph":[{"@type":"Article","@id":"https:\/\/www.psyke.es\/en\/la-autocompasion-genera-resiliencia-y-es-antidoto-a-la-ansiedad-y-la-depresion\/#article","isPartOf":{"@id":"https:\/\/www.psyke.es\/en\/la-autocompasion-genera-resiliencia-y-es-antidoto-a-la-ansiedad-y-la-depresion\/"},"author":{"name":"Tha\u00efs Capella","@id":"https:\/\/www.psyke.es\/en\/#\/schema\/person\/87774a2e60512484c09407be020d551a"},"headline":"La autocompasi\u00f3n genera resiliencia y es el ant\u00eddoto a la ansiedad y la depresi\u00f3n\u2026","datePublished":"2023-10-01T15:00:00+00:00","dateModified":"2023-10-04T15:32:42+00:00","mainEntityOfPage":{"@id":"https:\/\/www.psyke.es\/en\/la-autocompasion-genera-resiliencia-y-es-antidoto-a-la-ansiedad-y-la-depresion\/"},"wordCount":607,"commentCount":0,"image":{"@id":"https:\/\/www.psyke.es\/en\/la-autocompasion-genera-resiliencia-y-es-antidoto-a-la-ansiedad-y-la-depresion\/#primaryimage"},"thumbnailUrl":"https:\/\/www.psyke.es\/wp-content\/uploads\/2023\/09\/la-autocompasion-genera-resiliencia-y-es-antidoto-a-la-ansiedad-y-la-depresion-psyke-blog.jpg","keywords":["amor","autocompasi\u00f3n","autoexigencia"],"articleSection":["Self-compassion"],"inLanguage":"en-US","potentialAction":[{"@type":"CommentAction","name":"Comment","target":["https:\/\/www.psyke.es\/en\/la-autocompasion-genera-resiliencia-y-es-antidoto-a-la-ansiedad-y-la-depresion\/#respond"]}]},{"@type":"WebPage","@id":"https:\/\/www.psyke.es\/en\/la-autocompasion-genera-resiliencia-y-es-antidoto-a-la-ansiedad-y-la-depresion\/","url":"https:\/\/www.psyke.es\/en\/la-autocompasion-genera-resiliencia-y-es-antidoto-a-la-ansiedad-y-la-depresion\/","name":"La autocompasi\u00f3n genera resiliencia y es el ant\u00eddoto a la ansiedad y la depresi\u00f3n\u2026 - Psyke","isPartOf":{"@id":"https:\/\/www.psyke.es\/en\/#website"},"primaryImageOfPage":{"@id":"https:\/\/www.psyke.es\/en\/la-autocompasion-genera-resiliencia-y-es-antidoto-a-la-ansiedad-y-la-depresion\/#primaryimage"},"image":{"@id":"https:\/\/www.psyke.es\/en\/la-autocompasion-genera-resiliencia-y-es-antidoto-a-la-ansiedad-y-la-depresion\/#primaryimage"},"thumbnailUrl":"https:\/\/www.psyke.es\/wp-content\/uploads\/2023\/09\/la-autocompasion-genera-resiliencia-y-es-antidoto-a-la-ansiedad-y-la-depresion-psyke-blog.jpg","datePublished":"2023-10-01T15:00:00+00:00","dateModified":"2023-10-04T15:32:42+00:00","author":{"@id":"https:\/\/www.psyke.es\/en\/#\/schema\/person\/87774a2e60512484c09407be020d551a"},"description":"Hagamos lo que est\u00e9 en nuestras manos para fomentar la autocompasi\u00f3n. Tu cuerpo, tu mente y tus relaciones interpersonales lo agradecer\u00e1n\u2026","breadcrumb":{"@id":"https:\/\/www.psyke.es\/en\/la-autocompasion-genera-resiliencia-y-es-antidoto-a-la-ansiedad-y-la-depresion\/#breadcrumb"},"inLanguage":"en-US","potentialAction":[{"@type":"ReadAction","target":["https:\/\/www.psyke.es\/en\/la-autocompasion-genera-resiliencia-y-es-antidoto-a-la-ansiedad-y-la-depresion\/"]}]},{"@type":"ImageObject","inLanguage":"en-US","@id":"https:\/\/www.psyke.es\/en\/la-autocompasion-genera-resiliencia-y-es-antidoto-a-la-ansiedad-y-la-depresion\/#primaryimage","url":"https:\/\/www.psyke.es\/wp-content\/uploads\/2023\/09\/la-autocompasion-genera-resiliencia-y-es-antidoto-a-la-ansiedad-y-la-depresion-psyke-blog.jpg","contentUrl":"https:\/\/www.psyke.es\/wp-content\/uploads\/2023\/09\/la-autocompasion-genera-resiliencia-y-es-antidoto-a-la-ansiedad-y-la-depresion-psyke-blog.jpg","width":1675,"height":1080,"caption":"La autocompasi\u00f3n genera resiliencia y es el ant\u00eddoto a la ansiedad y la depresi\u00f3n\u2026 - Psyke Blog"},{"@type":"BreadcrumbList","@id":"https:\/\/www.psyke.es\/en\/la-autocompasion-genera-resiliencia-y-es-antidoto-a-la-ansiedad-y-la-depresion\/#breadcrumb","itemListElement":[{"@type":"ListItem","position":1,"name":"Portada","item":"https:\/\/www.psyke.es\/en\/"},{"@type":"ListItem","position":2,"name":"La autocompasi\u00f3n genera resiliencia y es el ant\u00eddoto a la ansiedad y la depresi\u00f3n\u2026"}]},{"@type":"WebSite","@id":"https:\/\/www.psyke.es\/en\/#website","url":"https:\/\/www.psyke.es\/en\/","name":"Psyke","description":"Centro de Psicolog\u00eda","potentialAction":[{"@type":"SearchAction","target":{"@type":"EntryPoint","urlTemplate":"https:\/\/www.psyke.es\/en\/?s={search_term_string}"},"query-input":{"@type":"PropertyValueSpecification","valueRequired":true,"valueName":"search_term_string"}}],"inLanguage":"en-US"},{"@type":"Person","@id":"https:\/\/www.psyke.es\/en\/#\/schema\/person\/87774a2e60512484c09407be020d551a","name":"Tha\u00efs Capella","image":{"@type":"ImageObject","inLanguage":"en-US","@id":"https:\/\/secure.gravatar.com\/avatar\/71847c79c196fcb2761a3960e77f33ed0e684732f3145d9b4af037b8ed17c94c?s=96&d=mm&r=g","url":"https:\/\/secure.gravatar.com\/avatar\/71847c79c196fcb2761a3960e77f33ed0e684732f3145d9b4af037b8ed17c94c?s=96&d=mm&r=g","contentUrl":"https:\/\/secure.gravatar.com\/avatar\/71847c79c196fcb2761a3960e77f33ed0e684732f3145d9b4af037b8ed17c94c?s=96&d=mm&r=g","caption":"Tha\u00efs Capella"},"sameAs":["http:\/\/psyke.es"]}]}},"post_mailing_queue_ids":[],"_links":{"self":[{"href":"https:\/\/www.psyke.es\/en\/wp-json\/wp\/v2\/posts\/16083","targetHints":{"allow":["GET"]}}],"collection":[{"href":"https:\/\/www.psyke.es\/en\/wp-json\/wp\/v2\/posts"}],"about":[{"href":"https:\/\/www.psyke.es\/en\/wp-json\/wp\/v2\/types\/post"}],"author":[{"embeddable":true,"href":"https:\/\/www.psyke.es\/en\/wp-json\/wp\/v2\/users\/3"}],"replies":[{"embeddable":true,"href":"https:\/\/www.psyke.es\/en\/wp-json\/wp\/v2\/comments?post=16083"}],"version-history":[{"count":0,"href":"https:\/\/www.psyke.es\/en\/wp-json\/wp\/v2\/posts\/16083\/revisions"}],"wp:featuredmedia":[{"embeddable":true,"href":"https:\/\/www.psyke.es\/en\/wp-json\/wp\/v2\/media\/16080"}],"wp:attachment":[{"href":"https:\/\/www.psyke.es\/en\/wp-json\/wp\/v2\/media?parent=16083"}],"wp:term":[{"taxonomy":"category","embeddable":true,"href":"https:\/\/www.psyke.es\/en\/wp-json\/wp\/v2\/categories?post=16083"},{"taxonomy":"post_tag","embeddable":true,"href":"https:\/\/www.psyke.es\/en\/wp-json\/wp\/v2\/tags?post=16083"}],"curies":[{"name":"wp","href":"https:\/\/api.w.org\/{rel}","templated":true}]}}