{"id":16548,"date":"2024-03-03T17:00:00","date_gmt":"2024-03-03T15:00:00","guid":{"rendered":"https:\/\/www.psyke.es\/revisar-el-movil-obsesivamente-ademas-de-mala-educacion-es-una-adiccion\/"},"modified":"2024-03-08T23:13:54","modified_gmt":"2024-03-08T21:13:54","slug":"revisar-el-movil-obsesivamente-ademas-de-mala-educacion-es-una-adiccion","status":"publish","type":"post","link":"https:\/\/www.psyke.es\/en\/revisar-el-movil-obsesivamente-ademas-de-mala-educacion-es-una-adiccion\/","title":{"rendered":"Revisar el m\u00f3vil obsesivamente, adem\u00e1s de mala educaci\u00f3n, es una adicci\u00f3n\u2026"},"content":{"rendered":"\n<p><\/p>\n\n\n\n<p>Ya no nos sorprende ver una mesa llena de j\u00f3venes (y no tan j\u00f3venes) sin hablarse con la cabeza agachada y <strong>la\u00a0mirada pegada al m\u00f3vil.<\/strong> En alg\u00fan que otro grupito de \u201cenganchados\u201d, tambi\u00e9n podemos encontrarnos con un \u201coutsider\u201d mirando el techo con cara de aburrimiento porque nadie le hace caso. Nos hemos adaptado tanto a estas situaciones que alguna vez hemos ca\u00eddo en aquello que detestamos y tan duramente juzgamos en los dem\u00e1s. \u00bfOs ha pasado?<\/p>\n\n\n\n<h4 class=\"wp-block-heading\"><strong>El 5 de marzo se celebra el \u201cD\u00eda Mundial de la Abstinencia Digital\u201d.<\/strong><\/h4>\n\n\n\n<p>Un buen d\u00eda para la reflexi\u00f3n. No es nuestra culpa que tengamos este enganche. El m\u00f3vil (al igual que el tabaco, por poner un ejemplo) es <strong>altamente adictivo<\/strong>. Ya se han encargado los expertos ingenieros en conseguirlo. Adem\u00e1s de acceder a todo tipo de informaci\u00f3n externa, a\u00f1\u00e1dele toda nuestra informaci\u00f3n privada personal y laboral. Aunque lo que m\u00e1s captura nuestra atenci\u00f3n es la constante entrada de correos, de mensajes y -sobre todo- la jugosa tentaci\u00f3n de las redes sociales, en las que muchas personas pasan horas sin darse ni cuenta, dejando de hacer lo que realmente necesitan hacer. Y luego aparecen las prisas, el estr\u00e9s\u2026 y la culpa\u2026<\/p>\n\n\n\n<p>Hemos depositado nuestra vida y nuestras relaciones en el m\u00f3vil. Tanto, que si lo perdemos o nos lo quitan, sentimos que alguien nos ha arrancado un trozo de nuestro cuerpo. En una conferencia sobre la toma de consciencia de la dependencia que todos tenemos al m\u00f3vil, se le pidi\u00f3 a los presentes (sin previo aviso) que tuvieran el m\u00f3vil en la mano para hacer un ejercicio. El conferenciante les dijo que contar\u00eda hasta tres y tendr\u00edan que hacer exactamente lo que les dijera. Al llegar hasta tres les orden\u00f3 desbloquear el m\u00f3vil, dejar el correo, el WhatsApp y las redes a la vista e inmediatamente pasarle el m\u00f3vil a la persona (desconocida) sentada justo en la butaca de delante. La mayor\u00eda entr\u00f3 en p\u00e1nico\u2026\u00a0<\/p>\n\n\n\n<h4 class=\"wp-block-heading\"><strong>No es nuestra culpa, pero s\u00ed es nuestra responsabilidad\u2026<\/strong><\/h4>\n\n\n\n<p>Para poder dejarlo, primero hemos de<strong> tomar consciencia<\/strong> de la r\u00e9mora que supone para nuestra vida y nuestras relaciones. En segundo lugar, hemos de darnos cuenta de los valores que queremos fomentar en nuestra vida y que esta adicci\u00f3n impide. En tercer lugar, asegurarnos de que es lo que realmente queremos hacer y asumir antes de empezar que lo vamos a pasar mal y nos va a costar mucho esfuerzo personal. Y en el cuarto y m\u00e1s importante lugar, <strong>pasar a la acci\u00f3n<\/strong>. Y cada cual sabe -\u00edntimamente- lo que le podr\u00eda funcionar para conseguirlo. Aqu\u00ed apunto varias: eliminar algunas redes; ponerse una alarma con el tiempo programado para verlas; avisar a las amistades de que vamos tomarnos un tiempo de abstinencia digital, para ver c\u00f3mo nos sienta y c\u00f3mo repercute en nuestra vida. Son pruebas de ensayo y error hasta dar con lo que m\u00e1s nos puede funcionar.<\/p>\n\n\n\n<p>En todos los casos, la sabia consciencia es la que m\u00e1s nos puede guiar. Porque la mente, ya sabemos, va a querer hacer lo que le apetece. Por eso el entrenamiento en la atenci\u00f3n, a trav\u00e9s de la pr\u00e1ctica de <strong>Mindfulness<\/strong> es nuestro mejor aliado.\u00a0 Aprende a meditar\u2026<\/p>\n\n\n\n<p>Ilustraci\u00f3n de Isol para su libro <strong><a href=\"https:\/\/www.artofthepicturebook.com\/daytime-visions\" target=\"_blank\" rel=\"noreferrer noopener\">\u201cDaytime Visions\u201d<\/a><\/strong>, de 2016.<\/p>\n\n\n\n<p>Sugerencia &#8211; <strong><a href=\"https:\/\/www.psyke.es\/en\/meditaciones\/01-breathing-meditation-spanish\/\" target=\"_blank\" rel=\"noreferrer noopener\">Meditaci\u00f3n n. 1: \u201cMeditaci\u00f3n de la Respiraci\u00f3n\u201d<\/a><\/strong>.<\/p>\n\n\n\n<p>Esta meditaci\u00f3n es fundamental para aprender a observar y distanciarnos de nuestros pensamientos, que adem\u00e1s de mayoritariamente negativos, suelen querer llevarnos a hacer aquello que no nos conviene. Si aprendemos a observarlos con curiosidad y soltarlos una y otra vez a trav\u00e9s de la pr\u00e1ctica diaria, adquirimos la distancia necesaria para hacer aquello que m\u00e1s beneficia nuestro bienestar. Buena pr\u00e1ctica\u2026<\/p>\n\n\n\n<p><\/p>\n","protected":false},"excerpt":{"rendered":"<p>Este mes se celebra el \u201cD\u00eda Mundial de la Abstinencia Digital\u201d. Un buen d\u00eda para la reflexi\u00f3n y para analizar nuestra relaci\u00f3n con el m\u00f3vil. [&#8230;]<\/p>\n<p><a class=\"btn btn-secondary understrap-read-more-link\" href=\"https:\/\/www.psyke.es\/en\/revisar-el-movil-obsesivamente-ademas-de-mala-educacion-es-una-adiccion\/\">Read More&#8230;<span class=\"screen-reader-text\"> from Revisar el m\u00f3vil obsesivamente, adem\u00e1s de mala educaci\u00f3n, es una adicci\u00f3n\u2026<\/span><\/a><\/p>\n","protected":false},"author":3,"featured_media":16526,"comment_status":"open","ping_status":"open","sticky":false,"template":"","format":"standard","meta":{"footnotes":""},"categories":[72],"tags":[360,361,362],"class_list":["post-16548","post","type-post","status-publish","format-standard","has-post-thumbnail","hentry","category-therapeutic-reflections-mind-training","tag-adiccion-en","tag-movil-en","tag-tecnologia-en"],"yoast_head":"<!-- This site is optimized with the Yoast SEO plugin v27.4 - https:\/\/yoast.com\/product\/yoast-seo-wordpress\/ -->\n<title>Revisar el m\u00f3vil obsesivamente, adem\u00e1s de mala educaci\u00f3n, es una adicci\u00f3n\u2026 - Psyke<\/title>\n<meta name=\"description\" content=\"Este mes se celebra el \u201cD\u00eda Mundial de la Abstinencia Digital\u201d. Un buen d\u00eda para la reflexi\u00f3n y para analizar nuestra relaci\u00f3n con el m\u00f3vil.\" \/>\n<meta name=\"robots\" content=\"index, follow, max-snippet:-1, max-image-preview:large, max-video-preview:-1\" \/>\n<link rel=\"canonical\" href=\"https:\/\/www.psyke.es\/en\/revisar-el-movil-obsesivamente-ademas-de-mala-educacion-es-una-adiccion\/\" \/>\n<meta property=\"og:locale\" content=\"en_US\" \/>\n<meta property=\"og:type\" content=\"article\" \/>\n<meta property=\"og:title\" content=\"Revisar el m\u00f3vil obsesivamente, adem\u00e1s de mala educaci\u00f3n, es una adicci\u00f3n\u2026 - Psyke\" \/>\n<meta property=\"og:description\" content=\"Este mes se celebra el \u201cD\u00eda Mundial de la Abstinencia Digital\u201d. Un buen d\u00eda para la reflexi\u00f3n y para analizar nuestra relaci\u00f3n con el m\u00f3vil.\" \/>\n<meta property=\"og:url\" content=\"https:\/\/www.psyke.es\/en\/revisar-el-movil-obsesivamente-ademas-de-mala-educacion-es-una-adiccion\/\" \/>\n<meta property=\"og:site_name\" content=\"Psyke\" \/>\n<meta property=\"article:published_time\" content=\"2024-03-03T15:00:00+00:00\" \/>\n<meta property=\"article:modified_time\" content=\"2024-03-08T21:13:54+00:00\" \/>\n<meta property=\"og:image\" content=\"https:\/\/www.psyke.es\/wp-content\/uploads\/2024\/03\/revisar-el-movil-obsesivamente-ademas-de-mala-educacion-es-una-adiccion-psyke.jpg\" \/>\n\t<meta property=\"og:image:width\" content=\"1675\" \/>\n\t<meta property=\"og:image:height\" content=\"1080\" \/>\n\t<meta property=\"og:image:type\" content=\"image\/jpeg\" \/>\n<meta name=\"author\" content=\"Tha\u00efs Capella\" \/>\n<meta name=\"twitter:card\" content=\"summary_large_image\" \/>\n<meta name=\"twitter:label1\" content=\"Written by\" \/>\n\t<meta name=\"twitter:data1\" content=\"Tha\u00efs Capella\" \/>\n\t<meta name=\"twitter:label2\" content=\"Est. reading time\" \/>\n\t<meta name=\"twitter:data2\" content=\"3 minutes\" \/>\n<script type=\"application\/ld+json\" class=\"yoast-schema-graph\">{\"@context\":\"https:\\\/\\\/schema.org\",\"@graph\":[{\"@type\":\"Article\",\"@id\":\"https:\\\/\\\/www.psyke.es\\\/en\\\/revisar-el-movil-obsesivamente-ademas-de-mala-educacion-es-una-adiccion\\\/#article\",\"isPartOf\":{\"@id\":\"https:\\\/\\\/www.psyke.es\\\/en\\\/revisar-el-movil-obsesivamente-ademas-de-mala-educacion-es-una-adiccion\\\/\"},\"author\":{\"name\":\"Tha\u00efs Capella\",\"@id\":\"https:\\\/\\\/www.psyke.es\\\/en\\\/#\\\/schema\\\/person\\\/87774a2e60512484c09407be020d551a\"},\"headline\":\"Revisar el m\u00f3vil obsesivamente, adem\u00e1s de mala educaci\u00f3n, es una adicci\u00f3n\u2026\",\"datePublished\":\"2024-03-03T15:00:00+00:00\",\"dateModified\":\"2024-03-08T21:13:54+00:00\",\"mainEntityOfPage\":{\"@id\":\"https:\\\/\\\/www.psyke.es\\\/en\\\/revisar-el-movil-obsesivamente-ademas-de-mala-educacion-es-una-adiccion\\\/\"},\"wordCount\":670,\"commentCount\":0,\"image\":{\"@id\":\"https:\\\/\\\/www.psyke.es\\\/en\\\/revisar-el-movil-obsesivamente-ademas-de-mala-educacion-es-una-adiccion\\\/#primaryimage\"},\"thumbnailUrl\":\"https:\\\/\\\/www.psyke.es\\\/wp-content\\\/uploads\\\/2024\\\/03\\\/revisar-el-movil-obsesivamente-ademas-de-mala-educacion-es-una-adiccion-psyke.jpg\",\"keywords\":[\"adicci\u00f3n\",\"m\u00f3vil\",\"tecnolog\u00eda\"],\"articleSection\":[\"Mind training\"],\"inLanguage\":\"en-US\",\"potentialAction\":[{\"@type\":\"CommentAction\",\"name\":\"Comment\",\"target\":[\"https:\\\/\\\/www.psyke.es\\\/en\\\/revisar-el-movil-obsesivamente-ademas-de-mala-educacion-es-una-adiccion\\\/#respond\"]}]},{\"@type\":\"WebPage\",\"@id\":\"https:\\\/\\\/www.psyke.es\\\/en\\\/revisar-el-movil-obsesivamente-ademas-de-mala-educacion-es-una-adiccion\\\/\",\"url\":\"https:\\\/\\\/www.psyke.es\\\/en\\\/revisar-el-movil-obsesivamente-ademas-de-mala-educacion-es-una-adiccion\\\/\",\"name\":\"Revisar el m\u00f3vil obsesivamente, adem\u00e1s de mala educaci\u00f3n, es una adicci\u00f3n\u2026 - Psyke\",\"isPartOf\":{\"@id\":\"https:\\\/\\\/www.psyke.es\\\/en\\\/#website\"},\"primaryImageOfPage\":{\"@id\":\"https:\\\/\\\/www.psyke.es\\\/en\\\/revisar-el-movil-obsesivamente-ademas-de-mala-educacion-es-una-adiccion\\\/#primaryimage\"},\"image\":{\"@id\":\"https:\\\/\\\/www.psyke.es\\\/en\\\/revisar-el-movil-obsesivamente-ademas-de-mala-educacion-es-una-adiccion\\\/#primaryimage\"},\"thumbnailUrl\":\"https:\\\/\\\/www.psyke.es\\\/wp-content\\\/uploads\\\/2024\\\/03\\\/revisar-el-movil-obsesivamente-ademas-de-mala-educacion-es-una-adiccion-psyke.jpg\",\"datePublished\":\"2024-03-03T15:00:00+00:00\",\"dateModified\":\"2024-03-08T21:13:54+00:00\",\"author\":{\"@id\":\"https:\\\/\\\/www.psyke.es\\\/en\\\/#\\\/schema\\\/person\\\/87774a2e60512484c09407be020d551a\"},\"description\":\"Este mes se celebra el \u201cD\u00eda Mundial de la Abstinencia Digital\u201d. Un buen d\u00eda para la reflexi\u00f3n y para analizar nuestra relaci\u00f3n con el m\u00f3vil.\",\"breadcrumb\":{\"@id\":\"https:\\\/\\\/www.psyke.es\\\/en\\\/revisar-el-movil-obsesivamente-ademas-de-mala-educacion-es-una-adiccion\\\/#breadcrumb\"},\"inLanguage\":\"en-US\",\"potentialAction\":[{\"@type\":\"ReadAction\",\"target\":[\"https:\\\/\\\/www.psyke.es\\\/en\\\/revisar-el-movil-obsesivamente-ademas-de-mala-educacion-es-una-adiccion\\\/\"]}]},{\"@type\":\"ImageObject\",\"inLanguage\":\"en-US\",\"@id\":\"https:\\\/\\\/www.psyke.es\\\/en\\\/revisar-el-movil-obsesivamente-ademas-de-mala-educacion-es-una-adiccion\\\/#primaryimage\",\"url\":\"https:\\\/\\\/www.psyke.es\\\/wp-content\\\/uploads\\\/2024\\\/03\\\/revisar-el-movil-obsesivamente-ademas-de-mala-educacion-es-una-adiccion-psyke.jpg\",\"contentUrl\":\"https:\\\/\\\/www.psyke.es\\\/wp-content\\\/uploads\\\/2024\\\/03\\\/revisar-el-movil-obsesivamente-ademas-de-mala-educacion-es-una-adiccion-psyke.jpg\",\"width\":1675,\"height\":1080,\"caption\":\"revisar-el-m\u00f3vil-obsesivamente-adem\u00e1s-de-mala-educaci\u00f3n-es-una-adicci\u00f3n-psyke\"},{\"@type\":\"BreadcrumbList\",\"@id\":\"https:\\\/\\\/www.psyke.es\\\/en\\\/revisar-el-movil-obsesivamente-ademas-de-mala-educacion-es-una-adiccion\\\/#breadcrumb\",\"itemListElement\":[{\"@type\":\"ListItem\",\"position\":1,\"name\":\"Portada\",\"item\":\"https:\\\/\\\/www.psyke.es\\\/en\\\/\"},{\"@type\":\"ListItem\",\"position\":2,\"name\":\"Revisar el m\u00f3vil obsesivamente, adem\u00e1s de mala educaci\u00f3n, es una adicci\u00f3n\u2026\"}]},{\"@type\":\"WebSite\",\"@id\":\"https:\\\/\\\/www.psyke.es\\\/en\\\/#website\",\"url\":\"https:\\\/\\\/www.psyke.es\\\/en\\\/\",\"name\":\"Psyke\",\"description\":\"Centro de Psicolog\u00eda\",\"potentialAction\":[{\"@type\":\"SearchAction\",\"target\":{\"@type\":\"EntryPoint\",\"urlTemplate\":\"https:\\\/\\\/www.psyke.es\\\/en\\\/?s={search_term_string}\"},\"query-input\":{\"@type\":\"PropertyValueSpecification\",\"valueRequired\":true,\"valueName\":\"search_term_string\"}}],\"inLanguage\":\"en-US\"},{\"@type\":\"Person\",\"@id\":\"https:\\\/\\\/www.psyke.es\\\/en\\\/#\\\/schema\\\/person\\\/87774a2e60512484c09407be020d551a\",\"name\":\"Tha\u00efs Capella\",\"image\":{\"@type\":\"ImageObject\",\"inLanguage\":\"en-US\",\"@id\":\"https:\\\/\\\/secure.gravatar.com\\\/avatar\\\/71847c79c196fcb2761a3960e77f33ed0e684732f3145d9b4af037b8ed17c94c?s=96&d=mm&r=g\",\"url\":\"https:\\\/\\\/secure.gravatar.com\\\/avatar\\\/71847c79c196fcb2761a3960e77f33ed0e684732f3145d9b4af037b8ed17c94c?s=96&d=mm&r=g\",\"contentUrl\":\"https:\\\/\\\/secure.gravatar.com\\\/avatar\\\/71847c79c196fcb2761a3960e77f33ed0e684732f3145d9b4af037b8ed17c94c?s=96&d=mm&r=g\",\"caption\":\"Tha\u00efs Capella\"},\"sameAs\":[\"http:\\\/\\\/psyke.es\"]}]}<\/script>\n<!-- \/ Yoast SEO plugin. -->","yoast_head_json":{"title":"Revisar el m\u00f3vil obsesivamente, adem\u00e1s de mala educaci\u00f3n, es una adicci\u00f3n\u2026 - Psyke","description":"Este mes se celebra el \u201cD\u00eda Mundial de la Abstinencia Digital\u201d. Un buen d\u00eda para la reflexi\u00f3n y para analizar nuestra relaci\u00f3n con el m\u00f3vil.","robots":{"index":"index","follow":"follow","max-snippet":"max-snippet:-1","max-image-preview":"max-image-preview:large","max-video-preview":"max-video-preview:-1"},"canonical":"https:\/\/www.psyke.es\/en\/revisar-el-movil-obsesivamente-ademas-de-mala-educacion-es-una-adiccion\/","og_locale":"en_US","og_type":"article","og_title":"Revisar el m\u00f3vil obsesivamente, adem\u00e1s de mala educaci\u00f3n, es una adicci\u00f3n\u2026 - Psyke","og_description":"Este mes se celebra el \u201cD\u00eda Mundial de la Abstinencia Digital\u201d. Un buen d\u00eda para la reflexi\u00f3n y para analizar nuestra relaci\u00f3n con el m\u00f3vil.","og_url":"https:\/\/www.psyke.es\/en\/revisar-el-movil-obsesivamente-ademas-de-mala-educacion-es-una-adiccion\/","og_site_name":"Psyke","article_published_time":"2024-03-03T15:00:00+00:00","article_modified_time":"2024-03-08T21:13:54+00:00","og_image":[{"width":1675,"height":1080,"url":"https:\/\/www.psyke.es\/wp-content\/uploads\/2024\/03\/revisar-el-movil-obsesivamente-ademas-de-mala-educacion-es-una-adiccion-psyke.jpg","type":"image\/jpeg"}],"author":"Tha\u00efs Capella","twitter_card":"summary_large_image","twitter_misc":{"Written by":"Tha\u00efs Capella","Est. reading time":"3 minutes"},"schema":{"@context":"https:\/\/schema.org","@graph":[{"@type":"Article","@id":"https:\/\/www.psyke.es\/en\/revisar-el-movil-obsesivamente-ademas-de-mala-educacion-es-una-adiccion\/#article","isPartOf":{"@id":"https:\/\/www.psyke.es\/en\/revisar-el-movil-obsesivamente-ademas-de-mala-educacion-es-una-adiccion\/"},"author":{"name":"Tha\u00efs Capella","@id":"https:\/\/www.psyke.es\/en\/#\/schema\/person\/87774a2e60512484c09407be020d551a"},"headline":"Revisar el m\u00f3vil obsesivamente, adem\u00e1s de mala educaci\u00f3n, es una adicci\u00f3n\u2026","datePublished":"2024-03-03T15:00:00+00:00","dateModified":"2024-03-08T21:13:54+00:00","mainEntityOfPage":{"@id":"https:\/\/www.psyke.es\/en\/revisar-el-movil-obsesivamente-ademas-de-mala-educacion-es-una-adiccion\/"},"wordCount":670,"commentCount":0,"image":{"@id":"https:\/\/www.psyke.es\/en\/revisar-el-movil-obsesivamente-ademas-de-mala-educacion-es-una-adiccion\/#primaryimage"},"thumbnailUrl":"https:\/\/www.psyke.es\/wp-content\/uploads\/2024\/03\/revisar-el-movil-obsesivamente-ademas-de-mala-educacion-es-una-adiccion-psyke.jpg","keywords":["adicci\u00f3n","m\u00f3vil","tecnolog\u00eda"],"articleSection":["Mind training"],"inLanguage":"en-US","potentialAction":[{"@type":"CommentAction","name":"Comment","target":["https:\/\/www.psyke.es\/en\/revisar-el-movil-obsesivamente-ademas-de-mala-educacion-es-una-adiccion\/#respond"]}]},{"@type":"WebPage","@id":"https:\/\/www.psyke.es\/en\/revisar-el-movil-obsesivamente-ademas-de-mala-educacion-es-una-adiccion\/","url":"https:\/\/www.psyke.es\/en\/revisar-el-movil-obsesivamente-ademas-de-mala-educacion-es-una-adiccion\/","name":"Revisar el m\u00f3vil obsesivamente, adem\u00e1s de mala educaci\u00f3n, es una adicci\u00f3n\u2026 - Psyke","isPartOf":{"@id":"https:\/\/www.psyke.es\/en\/#website"},"primaryImageOfPage":{"@id":"https:\/\/www.psyke.es\/en\/revisar-el-movil-obsesivamente-ademas-de-mala-educacion-es-una-adiccion\/#primaryimage"},"image":{"@id":"https:\/\/www.psyke.es\/en\/revisar-el-movil-obsesivamente-ademas-de-mala-educacion-es-una-adiccion\/#primaryimage"},"thumbnailUrl":"https:\/\/www.psyke.es\/wp-content\/uploads\/2024\/03\/revisar-el-movil-obsesivamente-ademas-de-mala-educacion-es-una-adiccion-psyke.jpg","datePublished":"2024-03-03T15:00:00+00:00","dateModified":"2024-03-08T21:13:54+00:00","author":{"@id":"https:\/\/www.psyke.es\/en\/#\/schema\/person\/87774a2e60512484c09407be020d551a"},"description":"Este mes se celebra el \u201cD\u00eda Mundial de la Abstinencia Digital\u201d. Un buen d\u00eda para la reflexi\u00f3n y para analizar nuestra relaci\u00f3n con el m\u00f3vil.","breadcrumb":{"@id":"https:\/\/www.psyke.es\/en\/revisar-el-movil-obsesivamente-ademas-de-mala-educacion-es-una-adiccion\/#breadcrumb"},"inLanguage":"en-US","potentialAction":[{"@type":"ReadAction","target":["https:\/\/www.psyke.es\/en\/revisar-el-movil-obsesivamente-ademas-de-mala-educacion-es-una-adiccion\/"]}]},{"@type":"ImageObject","inLanguage":"en-US","@id":"https:\/\/www.psyke.es\/en\/revisar-el-movil-obsesivamente-ademas-de-mala-educacion-es-una-adiccion\/#primaryimage","url":"https:\/\/www.psyke.es\/wp-content\/uploads\/2024\/03\/revisar-el-movil-obsesivamente-ademas-de-mala-educacion-es-una-adiccion-psyke.jpg","contentUrl":"https:\/\/www.psyke.es\/wp-content\/uploads\/2024\/03\/revisar-el-movil-obsesivamente-ademas-de-mala-educacion-es-una-adiccion-psyke.jpg","width":1675,"height":1080,"caption":"revisar-el-m\u00f3vil-obsesivamente-adem\u00e1s-de-mala-educaci\u00f3n-es-una-adicci\u00f3n-psyke"},{"@type":"BreadcrumbList","@id":"https:\/\/www.psyke.es\/en\/revisar-el-movil-obsesivamente-ademas-de-mala-educacion-es-una-adiccion\/#breadcrumb","itemListElement":[{"@type":"ListItem","position":1,"name":"Portada","item":"https:\/\/www.psyke.es\/en\/"},{"@type":"ListItem","position":2,"name":"Revisar el m\u00f3vil obsesivamente, adem\u00e1s de mala educaci\u00f3n, es una adicci\u00f3n\u2026"}]},{"@type":"WebSite","@id":"https:\/\/www.psyke.es\/en\/#website","url":"https:\/\/www.psyke.es\/en\/","name":"Psyke","description":"Centro de Psicolog\u00eda","potentialAction":[{"@type":"SearchAction","target":{"@type":"EntryPoint","urlTemplate":"https:\/\/www.psyke.es\/en\/?s={search_term_string}"},"query-input":{"@type":"PropertyValueSpecification","valueRequired":true,"valueName":"search_term_string"}}],"inLanguage":"en-US"},{"@type":"Person","@id":"https:\/\/www.psyke.es\/en\/#\/schema\/person\/87774a2e60512484c09407be020d551a","name":"Tha\u00efs Capella","image":{"@type":"ImageObject","inLanguage":"en-US","@id":"https:\/\/secure.gravatar.com\/avatar\/71847c79c196fcb2761a3960e77f33ed0e684732f3145d9b4af037b8ed17c94c?s=96&d=mm&r=g","url":"https:\/\/secure.gravatar.com\/avatar\/71847c79c196fcb2761a3960e77f33ed0e684732f3145d9b4af037b8ed17c94c?s=96&d=mm&r=g","contentUrl":"https:\/\/secure.gravatar.com\/avatar\/71847c79c196fcb2761a3960e77f33ed0e684732f3145d9b4af037b8ed17c94c?s=96&d=mm&r=g","caption":"Tha\u00efs Capella"},"sameAs":["http:\/\/psyke.es"]}]}},"post_mailing_queue_ids":[],"_links":{"self":[{"href":"https:\/\/www.psyke.es\/en\/wp-json\/wp\/v2\/posts\/16548","targetHints":{"allow":["GET"]}}],"collection":[{"href":"https:\/\/www.psyke.es\/en\/wp-json\/wp\/v2\/posts"}],"about":[{"href":"https:\/\/www.psyke.es\/en\/wp-json\/wp\/v2\/types\/post"}],"author":[{"embeddable":true,"href":"https:\/\/www.psyke.es\/en\/wp-json\/wp\/v2\/users\/3"}],"replies":[{"embeddable":true,"href":"https:\/\/www.psyke.es\/en\/wp-json\/wp\/v2\/comments?post=16548"}],"version-history":[{"count":0,"href":"https:\/\/www.psyke.es\/en\/wp-json\/wp\/v2\/posts\/16548\/revisions"}],"wp:featuredmedia":[{"embeddable":true,"href":"https:\/\/www.psyke.es\/en\/wp-json\/wp\/v2\/media\/16526"}],"wp:attachment":[{"href":"https:\/\/www.psyke.es\/en\/wp-json\/wp\/v2\/media?parent=16548"}],"wp:term":[{"taxonomy":"category","embeddable":true,"href":"https:\/\/www.psyke.es\/en\/wp-json\/wp\/v2\/categories?post=16548"},{"taxonomy":"post_tag","embeddable":true,"href":"https:\/\/www.psyke.es\/en\/wp-json\/wp\/v2\/tags?post=16548"}],"curies":[{"name":"wp","href":"https:\/\/api.w.org\/{rel}","templated":true}]}}