{"id":16656,"date":"2024-04-14T17:00:00","date_gmt":"2024-04-14T15:00:00","guid":{"rendered":"https:\/\/www.psyke.es\/las-carencias-de-nuestra-infancia-marcan-nuestras-relaciones-adultas\/"},"modified":"2024-04-15T14:20:27","modified_gmt":"2024-04-15T12:20:27","slug":"las-carencias-de-nuestra-infancia-marcan-nuestras-relaciones-adultas","status":"publish","type":"post","link":"https:\/\/www.psyke.es\/en\/las-carencias-de-nuestra-infancia-marcan-nuestras-relaciones-adultas\/","title":{"rendered":"Las carencias de nuestra infancia marcan nuestras relaciones adultas\u2026"},"content":{"rendered":"\n<p>La<strong> infancia <\/strong>es la etapa m\u00e1s importante de nuestro desarrollo. Las experiencias y relaciones que experimentamos durante estos a\u00f1os formativos ser\u00e1n el cimiento sobre el que se construir\u00e1n nuestras relaciones adultas. <strong>Carencias afectivas<\/strong> como el abandono, la negligencia o el maltrato en momentos tan cruciales de nuestra existencia pueden generar patrones que nos lleven a relacionarnos con parejas o amistades no disponibles o directamente abusivas, repitiendo el modelo en el que nos criamos, que tanto da\u00f1o nos hizo\u2026\u00a0\u00a0<\/p>\n\n\n\n<p>El psic\u00f3logo y escritor<strong><a href=\"https:\/\/davericho.com\/\" target=\"_blank\" rel=\"noreferrer noopener\"> Dr. David Richo<\/a><\/strong> ha identificado cinco \u00e1reas de carencias que, cuando no se abordan adecuadamente, pueden dejar heridas emocionales duraderas que influyen tremendamente en nuestras relaciones.<\/p>\n\n\n\n<ol class=\"wp-block-list\">\n<li><strong>Atenci\u00f3n<\/strong>: al nacer sin vocabulario, solo podemos llorar de diferentes maneras para comunicarnos. Nuestros cuidadores han de estar atentos para saber distinguir los lloros de hambre, sue\u00f1o, fr\u00edo, miedo\u2026 Cuando sentimos que van acertando y nos atienden, disminuye nuestra inseguridad y vemos que podemos confiar tanto en ellos, como en nuestra capacidad de comunicarnos. Si no somos atendidos como necesitamos, y experimentamos sentimientos de insignificancia, abandono o incluso invisibilidad, se puede manifestar en nuestras relaciones adultas como una constante necesidad de validaci\u00f3n y reconocimiento.<\/li>\n\n\n\n<li><strong>Afecto<\/strong>: adem\u00e1s de llorar para comunicarnos, necesitamos ser abrazados y besados con ternura. Si lo conseguimos sentimos que nuestro cuerpo es maravilloso tal cual es y que hay conexi\u00f3n y amor genuino que nace hacia nosotros. Si no recibimos suficiente afecto, podemos desarrollar una sensaci\u00f3n de vac\u00edo emocional y dificultad para expresar y recibir amor en nuestras relaciones futuras.<\/li>\n\n\n\n<li><strong>Seguridad<\/strong>: nuestro cerebro necesita predecir para sentirse seguro. De beb\u00e9s, saber que contamos con la presencia de nuestros cuidadores para atendernos, alimentarnos, y querernos es esencial para nuestra salud emocional. Si vivimos en un entorno inseguro o impredecible durante la infancia, si no tenemos la certeza de que nos van a acoger y calmar, podemos desarrollar ansiedad, miedo al abandono o dificultades para confiar en los dem\u00e1s en la edad adulta.<\/li>\n\n\n\n<li><strong>Empat\u00eda<\/strong>: a trav\u00e9s de la interacci\u00f3n con nuestros cuidadores aprendemos a desarrollar la empat\u00eda, fundamental para comprender y compartir sentimientos con los dem\u00e1s en toda relaci\u00f3n saludable. Si no aprendemos esta capacidad durante la infancia, podemos tener dificultades para conectar con los dem\u00e1s, comprender sus necesidades y mostrar compasi\u00f3n hacia ellos.<\/li>\n\n\n\n<li><strong>L\u00edmites claros y consistentes<\/strong>: tener claro lo que se puede y no se puede hacer, y las consecuencias que se pueden derivar de romper los l\u00edmites establecidos generan seguridad y estructura en la vida de un ni\u00f1o\/a. Si crecemos en un entorno donde los l\u00edmites son inconsistentes o inexistentes, podemos desarrollar dificultades para establecer y respetar l\u00edmites saludables de mayores.<\/li>\n<\/ol>\n\n\n\n<p>Casi todos hemos vivido alguna de estas carencias en mayor o menor medida. Pero si son profundas pueden llegar a generar patrones de comportamiento que saboteen nuestras relaciones: como el miedo al compromiso, la evitaci\u00f3n de la intimidad o la dependencia emocional. En lugar de culpar a nuestros cuidadores, reconozcamos y validemos nuestras experiencias pasadas<strong> aprendiendo a regular nuestras emociones, establecer l\u00edmites saludables y cultivar relaciones m\u00e1s plenas y aut\u00e9nticas en nuestras vidas adultas.<\/strong><\/p>\n\n\n\n<blockquote class=\"wp-block-quote is-layout-flow wp-block-quote-is-layout-flow\">\n<p><em>\u201cCada vez que conoces a alguien, est\u00e1s conociendo a todas las personas que le da\u00f1aron\u201d<\/em><\/p>\n<cite>Extracto del libro \u201cWhen the past is present\u201d del Dr. David Richo.<\/cite><\/blockquote>\n\n\n\n<p>Ilustraci\u00f3n de <strong>Alexis Deacon<\/strong> para su libro \u201cFor Beegu\u201d, de 2003.<\/p>\n\n\n\n<p>Sugerencia &#8211; <strong><a href=\"https:\/\/www.psyke.es\/en\/meditaciones\/metta-with-yourself-and-others\/\" target=\"_blank\" rel=\"noreferrer noopener\">Meditaci\u00f3n n.7: Metta con uno mismo y con los dem\u00e1s\u201d<\/a><\/strong><\/p>\n\n\n\n<p>Esta meditaci\u00f3n nos ayuda a desarrollar la autoestima sincera y el respeto hacia uno mismo y los dem\u00e1s incondicionalmente. Tambi\u00e9n a no proyectar en los dem\u00e1s ni culpar a los dem\u00e1s de nuestros problemas. Es el ant\u00eddoto a la envidia, el resentimiento, la ira, la verg\u00fcenza, y el aislamiento. Buena pr\u00e1ctica\u2026<\/p>\n","protected":false},"excerpt":{"rendered":"<p>Las experiencias y relaciones que experimentamos durante la infancia son el cimiento sobre el que se construir\u00e1n nuestras relaciones adultas. [&#8230;]<\/p>\n<p><a class=\"btn btn-secondary understrap-read-more-link\" href=\"https:\/\/www.psyke.es\/en\/las-carencias-de-nuestra-infancia-marcan-nuestras-relaciones-adultas\/\">Read More&#8230;<span class=\"screen-reader-text\"> from Las carencias de nuestra infancia marcan nuestras relaciones adultas\u2026<\/span><\/a><\/p>\n","protected":false},"author":3,"featured_media":16641,"comment_status":"open","ping_status":"open","sticky":false,"template":"","format":"standard","meta":{"footnotes":""},"categories":[81],"tags":[305,141],"class_list":["post-16656","post","type-post","status-publish","format-standard","has-post-thumbnail","hentry","category-therapeutic-reflections-personal-growth","tag-infancia-en","tag-relaciones-en"],"yoast_head":"<!-- This site is optimized with the Yoast SEO plugin v27.4 - https:\/\/yoast.com\/product\/yoast-seo-wordpress\/ -->\n<title>Las carencias de nuestra infancia marcan nuestras relaciones adultas\u2026 - Psyke<\/title>\n<meta name=\"description\" content=\"Las experiencias y relaciones que experimentamos durante la infancia son el cimiento sobre el que se construir\u00e1n nuestras relaciones adultas.\" \/>\n<meta name=\"robots\" content=\"index, follow, max-snippet:-1, max-image-preview:large, max-video-preview:-1\" \/>\n<link rel=\"canonical\" href=\"https:\/\/www.psyke.es\/en\/las-carencias-de-nuestra-infancia-marcan-nuestras-relaciones-adultas\/\" \/>\n<meta property=\"og:locale\" content=\"en_US\" \/>\n<meta property=\"og:type\" content=\"article\" \/>\n<meta property=\"og:title\" content=\"Las carencias de nuestra infancia marcan nuestras relaciones adultas\u2026 - Psyke\" \/>\n<meta property=\"og:description\" content=\"Las experiencias y relaciones que experimentamos durante la infancia son el cimiento sobre el que se construir\u00e1n nuestras relaciones adultas.\" \/>\n<meta property=\"og:url\" content=\"https:\/\/www.psyke.es\/en\/las-carencias-de-nuestra-infancia-marcan-nuestras-relaciones-adultas\/\" \/>\n<meta property=\"og:site_name\" content=\"Psyke\" \/>\n<meta property=\"article:published_time\" content=\"2024-04-14T15:00:00+00:00\" \/>\n<meta property=\"article:modified_time\" content=\"2024-04-15T12:20:27+00:00\" \/>\n<meta property=\"og:image\" content=\"https:\/\/www.psyke.es\/wp-content\/uploads\/2024\/04\/las-carencias-de-nuestra-infancia-marcan-nuestras-relaciones-adultas-psyke.jpg\" \/>\n\t<meta property=\"og:image:width\" content=\"1675\" \/>\n\t<meta property=\"og:image:height\" content=\"1080\" \/>\n\t<meta property=\"og:image:type\" content=\"image\/jpeg\" \/>\n<meta name=\"author\" content=\"Tha\u00efs Capella\" \/>\n<meta name=\"twitter:card\" content=\"summary_large_image\" \/>\n<meta name=\"twitter:label1\" content=\"Written by\" \/>\n\t<meta name=\"twitter:data1\" content=\"Tha\u00efs Capella\" \/>\n\t<meta name=\"twitter:label2\" content=\"Est. reading time\" \/>\n\t<meta name=\"twitter:data2\" content=\"3 minutes\" \/>\n<script type=\"application\/ld+json\" class=\"yoast-schema-graph\">{\"@context\":\"https:\\\/\\\/schema.org\",\"@graph\":[{\"@type\":\"Article\",\"@id\":\"https:\\\/\\\/www.psyke.es\\\/en\\\/las-carencias-de-nuestra-infancia-marcan-nuestras-relaciones-adultas\\\/#article\",\"isPartOf\":{\"@id\":\"https:\\\/\\\/www.psyke.es\\\/en\\\/las-carencias-de-nuestra-infancia-marcan-nuestras-relaciones-adultas\\\/\"},\"author\":{\"name\":\"Tha\u00efs Capella\",\"@id\":\"https:\\\/\\\/www.psyke.es\\\/en\\\/#\\\/schema\\\/person\\\/87774a2e60512484c09407be020d551a\"},\"headline\":\"Las carencias de nuestra infancia marcan nuestras relaciones adultas\u2026\",\"datePublished\":\"2024-04-14T15:00:00+00:00\",\"dateModified\":\"2024-04-15T12:20:27+00:00\",\"mainEntityOfPage\":{\"@id\":\"https:\\\/\\\/www.psyke.es\\\/en\\\/las-carencias-de-nuestra-infancia-marcan-nuestras-relaciones-adultas\\\/\"},\"wordCount\":663,\"commentCount\":0,\"image\":{\"@id\":\"https:\\\/\\\/www.psyke.es\\\/en\\\/las-carencias-de-nuestra-infancia-marcan-nuestras-relaciones-adultas\\\/#primaryimage\"},\"thumbnailUrl\":\"https:\\\/\\\/www.psyke.es\\\/wp-content\\\/uploads\\\/2024\\\/04\\\/las-carencias-de-nuestra-infancia-marcan-nuestras-relaciones-adultas-psyke.jpg\",\"keywords\":[\"infancia\",\"relaciones\"],\"articleSection\":[\"Personal Growth\"],\"inLanguage\":\"en-US\",\"potentialAction\":[{\"@type\":\"CommentAction\",\"name\":\"Comment\",\"target\":[\"https:\\\/\\\/www.psyke.es\\\/en\\\/las-carencias-de-nuestra-infancia-marcan-nuestras-relaciones-adultas\\\/#respond\"]}]},{\"@type\":\"WebPage\",\"@id\":\"https:\\\/\\\/www.psyke.es\\\/en\\\/las-carencias-de-nuestra-infancia-marcan-nuestras-relaciones-adultas\\\/\",\"url\":\"https:\\\/\\\/www.psyke.es\\\/en\\\/las-carencias-de-nuestra-infancia-marcan-nuestras-relaciones-adultas\\\/\",\"name\":\"Las carencias de nuestra infancia marcan nuestras relaciones adultas\u2026 - Psyke\",\"isPartOf\":{\"@id\":\"https:\\\/\\\/www.psyke.es\\\/en\\\/#website\"},\"primaryImageOfPage\":{\"@id\":\"https:\\\/\\\/www.psyke.es\\\/en\\\/las-carencias-de-nuestra-infancia-marcan-nuestras-relaciones-adultas\\\/#primaryimage\"},\"image\":{\"@id\":\"https:\\\/\\\/www.psyke.es\\\/en\\\/las-carencias-de-nuestra-infancia-marcan-nuestras-relaciones-adultas\\\/#primaryimage\"},\"thumbnailUrl\":\"https:\\\/\\\/www.psyke.es\\\/wp-content\\\/uploads\\\/2024\\\/04\\\/las-carencias-de-nuestra-infancia-marcan-nuestras-relaciones-adultas-psyke.jpg\",\"datePublished\":\"2024-04-14T15:00:00+00:00\",\"dateModified\":\"2024-04-15T12:20:27+00:00\",\"author\":{\"@id\":\"https:\\\/\\\/www.psyke.es\\\/en\\\/#\\\/schema\\\/person\\\/87774a2e60512484c09407be020d551a\"},\"description\":\"Las experiencias y relaciones que experimentamos durante la infancia son el cimiento sobre el que se construir\u00e1n nuestras relaciones adultas.\",\"breadcrumb\":{\"@id\":\"https:\\\/\\\/www.psyke.es\\\/en\\\/las-carencias-de-nuestra-infancia-marcan-nuestras-relaciones-adultas\\\/#breadcrumb\"},\"inLanguage\":\"en-US\",\"potentialAction\":[{\"@type\":\"ReadAction\",\"target\":[\"https:\\\/\\\/www.psyke.es\\\/en\\\/las-carencias-de-nuestra-infancia-marcan-nuestras-relaciones-adultas\\\/\"]}]},{\"@type\":\"ImageObject\",\"inLanguage\":\"en-US\",\"@id\":\"https:\\\/\\\/www.psyke.es\\\/en\\\/las-carencias-de-nuestra-infancia-marcan-nuestras-relaciones-adultas\\\/#primaryimage\",\"url\":\"https:\\\/\\\/www.psyke.es\\\/wp-content\\\/uploads\\\/2024\\\/04\\\/las-carencias-de-nuestra-infancia-marcan-nuestras-relaciones-adultas-psyke.jpg\",\"contentUrl\":\"https:\\\/\\\/www.psyke.es\\\/wp-content\\\/uploads\\\/2024\\\/04\\\/las-carencias-de-nuestra-infancia-marcan-nuestras-relaciones-adultas-psyke.jpg\",\"width\":1675,\"height\":1080,\"caption\":\"las-carencias-de-nuestra-infancia-marcan-nuestras-relaciones-adultas-psyke\"},{\"@type\":\"BreadcrumbList\",\"@id\":\"https:\\\/\\\/www.psyke.es\\\/en\\\/las-carencias-de-nuestra-infancia-marcan-nuestras-relaciones-adultas\\\/#breadcrumb\",\"itemListElement\":[{\"@type\":\"ListItem\",\"position\":1,\"name\":\"Portada\",\"item\":\"https:\\\/\\\/www.psyke.es\\\/en\\\/\"},{\"@type\":\"ListItem\",\"position\":2,\"name\":\"Las carencias de nuestra infancia marcan nuestras relaciones adultas\u2026\"}]},{\"@type\":\"WebSite\",\"@id\":\"https:\\\/\\\/www.psyke.es\\\/en\\\/#website\",\"url\":\"https:\\\/\\\/www.psyke.es\\\/en\\\/\",\"name\":\"Psyke\",\"description\":\"Centro de Psicolog\u00eda\",\"potentialAction\":[{\"@type\":\"SearchAction\",\"target\":{\"@type\":\"EntryPoint\",\"urlTemplate\":\"https:\\\/\\\/www.psyke.es\\\/en\\\/?s={search_term_string}\"},\"query-input\":{\"@type\":\"PropertyValueSpecification\",\"valueRequired\":true,\"valueName\":\"search_term_string\"}}],\"inLanguage\":\"en-US\"},{\"@type\":\"Person\",\"@id\":\"https:\\\/\\\/www.psyke.es\\\/en\\\/#\\\/schema\\\/person\\\/87774a2e60512484c09407be020d551a\",\"name\":\"Tha\u00efs Capella\",\"image\":{\"@type\":\"ImageObject\",\"inLanguage\":\"en-US\",\"@id\":\"https:\\\/\\\/secure.gravatar.com\\\/avatar\\\/71847c79c196fcb2761a3960e77f33ed0e684732f3145d9b4af037b8ed17c94c?s=96&d=mm&r=g\",\"url\":\"https:\\\/\\\/secure.gravatar.com\\\/avatar\\\/71847c79c196fcb2761a3960e77f33ed0e684732f3145d9b4af037b8ed17c94c?s=96&d=mm&r=g\",\"contentUrl\":\"https:\\\/\\\/secure.gravatar.com\\\/avatar\\\/71847c79c196fcb2761a3960e77f33ed0e684732f3145d9b4af037b8ed17c94c?s=96&d=mm&r=g\",\"caption\":\"Tha\u00efs Capella\"},\"sameAs\":[\"http:\\\/\\\/psyke.es\"]}]}<\/script>\n<!-- \/ Yoast SEO plugin. -->","yoast_head_json":{"title":"Las carencias de nuestra infancia marcan nuestras relaciones adultas\u2026 - Psyke","description":"Las experiencias y relaciones que experimentamos durante la infancia son el cimiento sobre el que se construir\u00e1n nuestras relaciones adultas.","robots":{"index":"index","follow":"follow","max-snippet":"max-snippet:-1","max-image-preview":"max-image-preview:large","max-video-preview":"max-video-preview:-1"},"canonical":"https:\/\/www.psyke.es\/en\/las-carencias-de-nuestra-infancia-marcan-nuestras-relaciones-adultas\/","og_locale":"en_US","og_type":"article","og_title":"Las carencias de nuestra infancia marcan nuestras relaciones adultas\u2026 - Psyke","og_description":"Las experiencias y relaciones que experimentamos durante la infancia son el cimiento sobre el que se construir\u00e1n nuestras relaciones adultas.","og_url":"https:\/\/www.psyke.es\/en\/las-carencias-de-nuestra-infancia-marcan-nuestras-relaciones-adultas\/","og_site_name":"Psyke","article_published_time":"2024-04-14T15:00:00+00:00","article_modified_time":"2024-04-15T12:20:27+00:00","og_image":[{"width":1675,"height":1080,"url":"https:\/\/www.psyke.es\/wp-content\/uploads\/2024\/04\/las-carencias-de-nuestra-infancia-marcan-nuestras-relaciones-adultas-psyke.jpg","type":"image\/jpeg"}],"author":"Tha\u00efs Capella","twitter_card":"summary_large_image","twitter_misc":{"Written by":"Tha\u00efs Capella","Est. reading time":"3 minutes"},"schema":{"@context":"https:\/\/schema.org","@graph":[{"@type":"Article","@id":"https:\/\/www.psyke.es\/en\/las-carencias-de-nuestra-infancia-marcan-nuestras-relaciones-adultas\/#article","isPartOf":{"@id":"https:\/\/www.psyke.es\/en\/las-carencias-de-nuestra-infancia-marcan-nuestras-relaciones-adultas\/"},"author":{"name":"Tha\u00efs Capella","@id":"https:\/\/www.psyke.es\/en\/#\/schema\/person\/87774a2e60512484c09407be020d551a"},"headline":"Las carencias de nuestra infancia marcan nuestras relaciones adultas\u2026","datePublished":"2024-04-14T15:00:00+00:00","dateModified":"2024-04-15T12:20:27+00:00","mainEntityOfPage":{"@id":"https:\/\/www.psyke.es\/en\/las-carencias-de-nuestra-infancia-marcan-nuestras-relaciones-adultas\/"},"wordCount":663,"commentCount":0,"image":{"@id":"https:\/\/www.psyke.es\/en\/las-carencias-de-nuestra-infancia-marcan-nuestras-relaciones-adultas\/#primaryimage"},"thumbnailUrl":"https:\/\/www.psyke.es\/wp-content\/uploads\/2024\/04\/las-carencias-de-nuestra-infancia-marcan-nuestras-relaciones-adultas-psyke.jpg","keywords":["infancia","relaciones"],"articleSection":["Personal Growth"],"inLanguage":"en-US","potentialAction":[{"@type":"CommentAction","name":"Comment","target":["https:\/\/www.psyke.es\/en\/las-carencias-de-nuestra-infancia-marcan-nuestras-relaciones-adultas\/#respond"]}]},{"@type":"WebPage","@id":"https:\/\/www.psyke.es\/en\/las-carencias-de-nuestra-infancia-marcan-nuestras-relaciones-adultas\/","url":"https:\/\/www.psyke.es\/en\/las-carencias-de-nuestra-infancia-marcan-nuestras-relaciones-adultas\/","name":"Las carencias de nuestra infancia marcan nuestras relaciones adultas\u2026 - Psyke","isPartOf":{"@id":"https:\/\/www.psyke.es\/en\/#website"},"primaryImageOfPage":{"@id":"https:\/\/www.psyke.es\/en\/las-carencias-de-nuestra-infancia-marcan-nuestras-relaciones-adultas\/#primaryimage"},"image":{"@id":"https:\/\/www.psyke.es\/en\/las-carencias-de-nuestra-infancia-marcan-nuestras-relaciones-adultas\/#primaryimage"},"thumbnailUrl":"https:\/\/www.psyke.es\/wp-content\/uploads\/2024\/04\/las-carencias-de-nuestra-infancia-marcan-nuestras-relaciones-adultas-psyke.jpg","datePublished":"2024-04-14T15:00:00+00:00","dateModified":"2024-04-15T12:20:27+00:00","author":{"@id":"https:\/\/www.psyke.es\/en\/#\/schema\/person\/87774a2e60512484c09407be020d551a"},"description":"Las experiencias y relaciones que experimentamos durante la infancia son el cimiento sobre el que se construir\u00e1n nuestras relaciones adultas.","breadcrumb":{"@id":"https:\/\/www.psyke.es\/en\/las-carencias-de-nuestra-infancia-marcan-nuestras-relaciones-adultas\/#breadcrumb"},"inLanguage":"en-US","potentialAction":[{"@type":"ReadAction","target":["https:\/\/www.psyke.es\/en\/las-carencias-de-nuestra-infancia-marcan-nuestras-relaciones-adultas\/"]}]},{"@type":"ImageObject","inLanguage":"en-US","@id":"https:\/\/www.psyke.es\/en\/las-carencias-de-nuestra-infancia-marcan-nuestras-relaciones-adultas\/#primaryimage","url":"https:\/\/www.psyke.es\/wp-content\/uploads\/2024\/04\/las-carencias-de-nuestra-infancia-marcan-nuestras-relaciones-adultas-psyke.jpg","contentUrl":"https:\/\/www.psyke.es\/wp-content\/uploads\/2024\/04\/las-carencias-de-nuestra-infancia-marcan-nuestras-relaciones-adultas-psyke.jpg","width":1675,"height":1080,"caption":"las-carencias-de-nuestra-infancia-marcan-nuestras-relaciones-adultas-psyke"},{"@type":"BreadcrumbList","@id":"https:\/\/www.psyke.es\/en\/las-carencias-de-nuestra-infancia-marcan-nuestras-relaciones-adultas\/#breadcrumb","itemListElement":[{"@type":"ListItem","position":1,"name":"Portada","item":"https:\/\/www.psyke.es\/en\/"},{"@type":"ListItem","position":2,"name":"Las carencias de nuestra infancia marcan nuestras relaciones adultas\u2026"}]},{"@type":"WebSite","@id":"https:\/\/www.psyke.es\/en\/#website","url":"https:\/\/www.psyke.es\/en\/","name":"Psyke","description":"Centro de Psicolog\u00eda","potentialAction":[{"@type":"SearchAction","target":{"@type":"EntryPoint","urlTemplate":"https:\/\/www.psyke.es\/en\/?s={search_term_string}"},"query-input":{"@type":"PropertyValueSpecification","valueRequired":true,"valueName":"search_term_string"}}],"inLanguage":"en-US"},{"@type":"Person","@id":"https:\/\/www.psyke.es\/en\/#\/schema\/person\/87774a2e60512484c09407be020d551a","name":"Tha\u00efs Capella","image":{"@type":"ImageObject","inLanguage":"en-US","@id":"https:\/\/secure.gravatar.com\/avatar\/71847c79c196fcb2761a3960e77f33ed0e684732f3145d9b4af037b8ed17c94c?s=96&d=mm&r=g","url":"https:\/\/secure.gravatar.com\/avatar\/71847c79c196fcb2761a3960e77f33ed0e684732f3145d9b4af037b8ed17c94c?s=96&d=mm&r=g","contentUrl":"https:\/\/secure.gravatar.com\/avatar\/71847c79c196fcb2761a3960e77f33ed0e684732f3145d9b4af037b8ed17c94c?s=96&d=mm&r=g","caption":"Tha\u00efs Capella"},"sameAs":["http:\/\/psyke.es"]}]}},"post_mailing_queue_ids":[],"_links":{"self":[{"href":"https:\/\/www.psyke.es\/en\/wp-json\/wp\/v2\/posts\/16656","targetHints":{"allow":["GET"]}}],"collection":[{"href":"https:\/\/www.psyke.es\/en\/wp-json\/wp\/v2\/posts"}],"about":[{"href":"https:\/\/www.psyke.es\/en\/wp-json\/wp\/v2\/types\/post"}],"author":[{"embeddable":true,"href":"https:\/\/www.psyke.es\/en\/wp-json\/wp\/v2\/users\/3"}],"replies":[{"embeddable":true,"href":"https:\/\/www.psyke.es\/en\/wp-json\/wp\/v2\/comments?post=16656"}],"version-history":[{"count":0,"href":"https:\/\/www.psyke.es\/en\/wp-json\/wp\/v2\/posts\/16656\/revisions"}],"wp:featuredmedia":[{"embeddable":true,"href":"https:\/\/www.psyke.es\/en\/wp-json\/wp\/v2\/media\/16641"}],"wp:attachment":[{"href":"https:\/\/www.psyke.es\/en\/wp-json\/wp\/v2\/media?parent=16656"}],"wp:term":[{"taxonomy":"category","embeddable":true,"href":"https:\/\/www.psyke.es\/en\/wp-json\/wp\/v2\/categories?post=16656"},{"taxonomy":"post_tag","embeddable":true,"href":"https:\/\/www.psyke.es\/en\/wp-json\/wp\/v2\/tags?post=16656"}],"curies":[{"name":"wp","href":"https:\/\/api.w.org\/{rel}","templated":true}]}}