{"id":17062,"date":"2024-09-01T17:00:00","date_gmt":"2024-09-01T15:00:00","guid":{"rendered":"https:\/\/www.psyke.es\/cuidado-al-pasar-de-la-conexion-vacacional-al-retraimiento-y-la-soledad-al-regresar-a-casa\/"},"modified":"2024-09-11T12:56:03","modified_gmt":"2024-09-11T10:56:03","slug":"cuidado-al-pasar-de-la-conexion-vacacional-al-retraimiento-y-la-soledad-al-regresar-a-casa","status":"publish","type":"post","link":"https:\/\/www.psyke.es\/en\/cuidado-al-pasar-de-la-conexion-vacacional-al-retraimiento-y-la-soledad-al-regresar-a-casa\/","title":{"rendered":"Cuidado al pasar de la conexi\u00f3n vacacional al retraimiento y la soledad al regresar a casa"},"content":{"rendered":"\n<p><\/p>\n\n\n\n<p>Muchas personas lo estar\u00e1n deseando. Estar de vacaciones conlleva encontrarte con amigos y familia, con ni\u00f1os en casa 24\/7 sin colegio, y comida y bebida por encima de lo que toca. M\u00e1s de uno necesitar\u00e1 <strong>un poco de espacio y desear\u00e1 retomar el orden en su vida.<\/strong> Pero muchas otras personas <strong>vuelven a una soledad no deseada.<\/strong> Y se produce el vac\u00edo.<\/p>\n\n\n\n<p>Aqu\u00ed es donde la amistad \u201cno-vacacional\u201d y continuada cobra tremenda importancia. Se ha demostrado que<strong> las relaciones de amistad son tan importantes -o m\u00e1s- que las relaciones de pareja para desarrollar una vida plena y saludable. <\/strong>Pero la sociedad a veces subestima este tipo de v\u00ednculos en comparaci\u00f3n con las relaciones rom\u00e1nticas. Gran error, seg\u00fan la investigaci\u00f3n reciente de mano de la Doctora Marisa Franco, quien afirma que las amistades profundas y significativas no solo proporcionan apoyo y contribuyen al bienestar general, sino que <strong>mejoran nuestra salud mental y equilibrio emocional. <\/strong>Hay que tenerlo en cuenta en un mundo en el que, seg\u00fan las estad\u00edsticas, las cifras de mortalidad por soledad se han disparado globalmente.<\/p>\n\n\n\n<p>M\u00e1s de mil millones de personas en el mundo experimentan sentimientos de soledad significativos. En Estados Unidos, el 50% de la poblaci\u00f3n reporta sentirse sola o aislada. Y la pandemia ha exacerbado todav\u00eda m\u00e1s la desconexi\u00f3n social.\u00a0La <strong>Organizaci\u00f3n Mundial de la Salud ha reconocido la soledad como una prioridad de salud p\u00fablica<\/strong>, y varios pa\u00edses han tomado medidas para abordarla, como la creaci\u00f3n de la figura del &#8220;Ministro de la Soledad&#8221; en el Reino Unido.<\/p>\n\n\n\n<h4 class=\"wp-block-heading\">\u00bfQu\u00e9 hacer?<\/h4>\n\n\n\n<p>Primero, darnos cuenta de que<strong> el sentimiento de soledad es una se\u00f1al que nos env\u00eda el cuerpo para recordar nuestra necesidad innata de conexi\u00f3n social<\/strong> (igual que la sensaci\u00f3n de sed nos advierte que hemos de reponer l\u00edquidos para no deshidratarnos). Por eso, si al regresar a casa despu\u00e9s de semanas repletas de interacci\u00f3n social sentimos ese vac\u00edo, tom\u00e9moslo como un recordatorio para retomar el contacto con nuestras amistades cotidianas y fomentar la conexi\u00f3n. Recibir y dar consuelo y compa\u00f1\u00eda, conscientes de que las relaciones -que a veces descuidamos- son fundamentales para la salud, es lo que nos motivar\u00e1 para cultivarlas y valorarlas como se merecen. Visto as\u00ed,<strong> la sensaci\u00f3n de soledad, lejos de ser una amenaza, es un maestro que nos gu\u00eda hacia la construcci\u00f3n de relaciones cada vez m\u00e1s ricas y significativas.<\/strong><\/p>\n\n\n\n<h4 class=\"wp-block-heading\">Siendo tan cruciales \u00bfC\u00f3mo podemos fomentarlas y cuidarlas mejor? Lo veremos en el siguiente art\u00edculo\u2026<\/h4>\n\n\n\n<p>&#8220;<em>La soledad no es simplemente una falta de compa\u00f1\u00eda, es el recordatorio silencioso de nuestra necesidad de conexi\u00f3n. En lugar de temerla, debemos aprender a escuchar lo que nos est\u00e1 diciendo: que estamos hechos para vincularnos con otros, y que nuestras relaciones son tan vitales para nosotros como el aire que respiramos.&#8221;<\/em><\/p>\n\n\n\n<p>Extracto de &#8220;Platonic&#8221;, de la <strong><a href=\"https:\/\/www.psychologytoday.com\/es\/colaboradores\/marisa-g-franco-phd\" target=\"_blank\" rel=\"noreferrer noopener\">Dra. Marisa Franco<\/a><\/strong>, de 2022.<\/p>\n\n\n\n<p>Ilustraci\u00f3n de <strong>Elihu Vedder<\/strong> para el libro titulado \u201cThe Heart of the Rose\u201d, de 1891.<\/p>\n\n\n\n<p>Sugerencia: <strong><a href=\"https:\/\/www.psyke.es\/en\/meditaciones\/meditation-of-love-and-relationships\/\" target=\"_blank\" rel=\"noreferrer noopener\">Meditaci\u00f3n n. 18 &#8211; \u201cMeditaci\u00f3n del Amor y las Relaciones\u201d<\/a><\/strong><\/p>\n\n\n\n<p>Esta meditaci\u00f3n permite abrir nuestro coraz\u00f3n y ser conscientes de la necesidad de mantener relaciones saludables y del amor que recibimos de las personas que nos rodean. Cultivamos y aprendemos a saber dar ese amor a todas las personas, nos gusten o no, las conozcamos o no. Desde esta perspectiva de Humanidad Compartida, traemos tambi\u00e9n el amor hacia nosotros mismos, conscientes de la vulnerabilidad y necesidad de afecto que tenemos todos los seres humanos. Buena pr\u00e1ctica\u2026<\/p>\n","protected":false},"excerpt":{"rendered":"<p>La sensaci\u00f3n de soledad, lejos de ser una amenaza, nos puede guiar hacia la construcci\u00f3n de relaciones cada vez m\u00e1s ricas y significativas. [&#8230;]<\/p>\n<p><a class=\"btn btn-secondary understrap-read-more-link\" href=\"https:\/\/www.psyke.es\/en\/cuidado-al-pasar-de-la-conexion-vacacional-al-retraimiento-y-la-soledad-al-regresar-a-casa\/\">Read More&#8230;<span class=\"screen-reader-text\"> from Cuidado al pasar de la conexi\u00f3n vacacional al retraimiento y la soledad al regresar a casa<\/span><\/a><\/p>\n","protected":false},"author":3,"featured_media":17038,"comment_status":"open","ping_status":"open","sticky":false,"template":"","format":"standard","meta":{"footnotes":""},"categories":[78,76],"tags":[271,431,432],"class_list":["post-17062","post","type-post","status-publish","format-standard","has-post-thumbnail","hentry","category-therapeutic-reflections-emotional-education","category-therapeutic-reflections-self-esteem","tag-amistad-en","tag-soledad-en","tag-vueltalarutina-en"],"yoast_head":"<!-- This site is optimized with the Yoast SEO plugin v27.4 - https:\/\/yoast.com\/product\/yoast-seo-wordpress\/ -->\n<title>Cuidado al pasar de la conexi\u00f3n vacacional al retraimiento y la soledad al regresar a casa - Psyke<\/title>\n<meta name=\"description\" content=\"La sensaci\u00f3n de soledad, lejos de ser una amenaza, nos puede guiar hacia la construcci\u00f3n de relaciones cada vez m\u00e1s ricas y significativas.\" \/>\n<meta name=\"robots\" content=\"index, follow, max-snippet:-1, max-image-preview:large, max-video-preview:-1\" \/>\n<link rel=\"canonical\" href=\"https:\/\/www.psyke.es\/en\/cuidado-al-pasar-de-la-conexion-vacacional-al-retraimiento-y-la-soledad-al-regresar-a-casa\/\" \/>\n<meta property=\"og:locale\" content=\"en_US\" \/>\n<meta property=\"og:type\" content=\"article\" \/>\n<meta property=\"og:title\" content=\"Cuidado al pasar de la conexi\u00f3n vacacional al retraimiento y la soledad al regresar a casa - Psyke\" \/>\n<meta property=\"og:description\" content=\"La sensaci\u00f3n de soledad, lejos de ser una amenaza, nos puede guiar hacia la construcci\u00f3n de relaciones cada vez m\u00e1s ricas y significativas.\" \/>\n<meta property=\"og:url\" content=\"https:\/\/www.psyke.es\/en\/cuidado-al-pasar-de-la-conexion-vacacional-al-retraimiento-y-la-soledad-al-regresar-a-casa\/\" \/>\n<meta property=\"og:site_name\" content=\"Psyke\" \/>\n<meta property=\"article:published_time\" content=\"2024-09-01T15:00:00+00:00\" \/>\n<meta property=\"article:modified_time\" content=\"2024-09-11T10:56:03+00:00\" \/>\n<meta property=\"og:image\" content=\"https:\/\/www.psyke.es\/wp-content\/uploads\/2024\/08\/cuidado-al-pasar-de-la-conexion-vacacional-al-retraimiento-y-la-soledad-al-regresar-a-casa-psyke-blog.jpg\" \/>\n\t<meta property=\"og:image:width\" content=\"1675\" \/>\n\t<meta property=\"og:image:height\" content=\"1080\" \/>\n\t<meta property=\"og:image:type\" content=\"image\/jpeg\" \/>\n<meta name=\"author\" content=\"Tha\u00efs Capella\" \/>\n<meta name=\"twitter:card\" content=\"summary_large_image\" \/>\n<meta name=\"twitter:label1\" content=\"Written by\" \/>\n\t<meta name=\"twitter:data1\" content=\"Tha\u00efs Capella\" \/>\n\t<meta name=\"twitter:label2\" content=\"Est. reading time\" \/>\n\t<meta name=\"twitter:data2\" content=\"3 minutes\" \/>\n<script type=\"application\/ld+json\" class=\"yoast-schema-graph\">{\"@context\":\"https:\\\/\\\/schema.org\",\"@graph\":[{\"@type\":\"Article\",\"@id\":\"https:\\\/\\\/www.psyke.es\\\/en\\\/cuidado-al-pasar-de-la-conexion-vacacional-al-retraimiento-y-la-soledad-al-regresar-a-casa\\\/#article\",\"isPartOf\":{\"@id\":\"https:\\\/\\\/www.psyke.es\\\/en\\\/cuidado-al-pasar-de-la-conexion-vacacional-al-retraimiento-y-la-soledad-al-regresar-a-casa\\\/\"},\"author\":{\"name\":\"Tha\u00efs Capella\",\"@id\":\"https:\\\/\\\/www.psyke.es\\\/en\\\/#\\\/schema\\\/person\\\/87774a2e60512484c09407be020d551a\"},\"headline\":\"Cuidado al pasar de la conexi\u00f3n vacacional al retraimiento y la soledad al regresar a casa\",\"datePublished\":\"2024-09-01T15:00:00+00:00\",\"dateModified\":\"2024-09-11T10:56:03+00:00\",\"mainEntityOfPage\":{\"@id\":\"https:\\\/\\\/www.psyke.es\\\/en\\\/cuidado-al-pasar-de-la-conexion-vacacional-al-retraimiento-y-la-soledad-al-regresar-a-casa\\\/\"},\"wordCount\":627,\"commentCount\":0,\"image\":{\"@id\":\"https:\\\/\\\/www.psyke.es\\\/en\\\/cuidado-al-pasar-de-la-conexion-vacacional-al-retraimiento-y-la-soledad-al-regresar-a-casa\\\/#primaryimage\"},\"thumbnailUrl\":\"https:\\\/\\\/www.psyke.es\\\/wp-content\\\/uploads\\\/2024\\\/08\\\/cuidado-al-pasar-de-la-conexion-vacacional-al-retraimiento-y-la-soledad-al-regresar-a-casa-psyke-blog.jpg\",\"keywords\":[\"amistad\",\"soledad\",\"vueltalarutina\"],\"articleSection\":[\"Emotion education\",\"Self-esteem\"],\"inLanguage\":\"en-US\",\"potentialAction\":[{\"@type\":\"CommentAction\",\"name\":\"Comment\",\"target\":[\"https:\\\/\\\/www.psyke.es\\\/en\\\/cuidado-al-pasar-de-la-conexion-vacacional-al-retraimiento-y-la-soledad-al-regresar-a-casa\\\/#respond\"]}]},{\"@type\":\"WebPage\",\"@id\":\"https:\\\/\\\/www.psyke.es\\\/en\\\/cuidado-al-pasar-de-la-conexion-vacacional-al-retraimiento-y-la-soledad-al-regresar-a-casa\\\/\",\"url\":\"https:\\\/\\\/www.psyke.es\\\/en\\\/cuidado-al-pasar-de-la-conexion-vacacional-al-retraimiento-y-la-soledad-al-regresar-a-casa\\\/\",\"name\":\"Cuidado al pasar de la conexi\u00f3n vacacional al retraimiento y la soledad al regresar a casa - Psyke\",\"isPartOf\":{\"@id\":\"https:\\\/\\\/www.psyke.es\\\/en\\\/#website\"},\"primaryImageOfPage\":{\"@id\":\"https:\\\/\\\/www.psyke.es\\\/en\\\/cuidado-al-pasar-de-la-conexion-vacacional-al-retraimiento-y-la-soledad-al-regresar-a-casa\\\/#primaryimage\"},\"image\":{\"@id\":\"https:\\\/\\\/www.psyke.es\\\/en\\\/cuidado-al-pasar-de-la-conexion-vacacional-al-retraimiento-y-la-soledad-al-regresar-a-casa\\\/#primaryimage\"},\"thumbnailUrl\":\"https:\\\/\\\/www.psyke.es\\\/wp-content\\\/uploads\\\/2024\\\/08\\\/cuidado-al-pasar-de-la-conexion-vacacional-al-retraimiento-y-la-soledad-al-regresar-a-casa-psyke-blog.jpg\",\"datePublished\":\"2024-09-01T15:00:00+00:00\",\"dateModified\":\"2024-09-11T10:56:03+00:00\",\"author\":{\"@id\":\"https:\\\/\\\/www.psyke.es\\\/en\\\/#\\\/schema\\\/person\\\/87774a2e60512484c09407be020d551a\"},\"description\":\"La sensaci\u00f3n de soledad, lejos de ser una amenaza, nos puede guiar hacia la construcci\u00f3n de relaciones cada vez m\u00e1s ricas y significativas.\",\"breadcrumb\":{\"@id\":\"https:\\\/\\\/www.psyke.es\\\/en\\\/cuidado-al-pasar-de-la-conexion-vacacional-al-retraimiento-y-la-soledad-al-regresar-a-casa\\\/#breadcrumb\"},\"inLanguage\":\"en-US\",\"potentialAction\":[{\"@type\":\"ReadAction\",\"target\":[\"https:\\\/\\\/www.psyke.es\\\/en\\\/cuidado-al-pasar-de-la-conexion-vacacional-al-retraimiento-y-la-soledad-al-regresar-a-casa\\\/\"]}]},{\"@type\":\"ImageObject\",\"inLanguage\":\"en-US\",\"@id\":\"https:\\\/\\\/www.psyke.es\\\/en\\\/cuidado-al-pasar-de-la-conexion-vacacional-al-retraimiento-y-la-soledad-al-regresar-a-casa\\\/#primaryimage\",\"url\":\"https:\\\/\\\/www.psyke.es\\\/wp-content\\\/uploads\\\/2024\\\/08\\\/cuidado-al-pasar-de-la-conexion-vacacional-al-retraimiento-y-la-soledad-al-regresar-a-casa-psyke-blog.jpg\",\"contentUrl\":\"https:\\\/\\\/www.psyke.es\\\/wp-content\\\/uploads\\\/2024\\\/08\\\/cuidado-al-pasar-de-la-conexion-vacacional-al-retraimiento-y-la-soledad-al-regresar-a-casa-psyke-blog.jpg\",\"width\":1675,\"height\":1080,\"caption\":\"cuidado-al-pasar-de-la-conexion-vacacional-al-retraimiento-y-la-soledad-al-regresar-a-casa-psyke-blog\"},{\"@type\":\"BreadcrumbList\",\"@id\":\"https:\\\/\\\/www.psyke.es\\\/en\\\/cuidado-al-pasar-de-la-conexion-vacacional-al-retraimiento-y-la-soledad-al-regresar-a-casa\\\/#breadcrumb\",\"itemListElement\":[{\"@type\":\"ListItem\",\"position\":1,\"name\":\"Portada\",\"item\":\"https:\\\/\\\/www.psyke.es\\\/en\\\/\"},{\"@type\":\"ListItem\",\"position\":2,\"name\":\"Cuidado al pasar de la conexi\u00f3n vacacional al retraimiento y la soledad al regresar a casa\"}]},{\"@type\":\"WebSite\",\"@id\":\"https:\\\/\\\/www.psyke.es\\\/en\\\/#website\",\"url\":\"https:\\\/\\\/www.psyke.es\\\/en\\\/\",\"name\":\"Psyke\",\"description\":\"Centro de Psicolog\u00eda\",\"potentialAction\":[{\"@type\":\"SearchAction\",\"target\":{\"@type\":\"EntryPoint\",\"urlTemplate\":\"https:\\\/\\\/www.psyke.es\\\/en\\\/?s={search_term_string}\"},\"query-input\":{\"@type\":\"PropertyValueSpecification\",\"valueRequired\":true,\"valueName\":\"search_term_string\"}}],\"inLanguage\":\"en-US\"},{\"@type\":\"Person\",\"@id\":\"https:\\\/\\\/www.psyke.es\\\/en\\\/#\\\/schema\\\/person\\\/87774a2e60512484c09407be020d551a\",\"name\":\"Tha\u00efs Capella\",\"image\":{\"@type\":\"ImageObject\",\"inLanguage\":\"en-US\",\"@id\":\"https:\\\/\\\/secure.gravatar.com\\\/avatar\\\/71847c79c196fcb2761a3960e77f33ed0e684732f3145d9b4af037b8ed17c94c?s=96&d=mm&r=g\",\"url\":\"https:\\\/\\\/secure.gravatar.com\\\/avatar\\\/71847c79c196fcb2761a3960e77f33ed0e684732f3145d9b4af037b8ed17c94c?s=96&d=mm&r=g\",\"contentUrl\":\"https:\\\/\\\/secure.gravatar.com\\\/avatar\\\/71847c79c196fcb2761a3960e77f33ed0e684732f3145d9b4af037b8ed17c94c?s=96&d=mm&r=g\",\"caption\":\"Tha\u00efs Capella\"},\"sameAs\":[\"http:\\\/\\\/psyke.es\"]}]}<\/script>\n<!-- \/ Yoast SEO plugin. -->","yoast_head_json":{"title":"Cuidado al pasar de la conexi\u00f3n vacacional al retraimiento y la soledad al regresar a casa - Psyke","description":"La sensaci\u00f3n de soledad, lejos de ser una amenaza, nos puede guiar hacia la construcci\u00f3n de relaciones cada vez m\u00e1s ricas y significativas.","robots":{"index":"index","follow":"follow","max-snippet":"max-snippet:-1","max-image-preview":"max-image-preview:large","max-video-preview":"max-video-preview:-1"},"canonical":"https:\/\/www.psyke.es\/en\/cuidado-al-pasar-de-la-conexion-vacacional-al-retraimiento-y-la-soledad-al-regresar-a-casa\/","og_locale":"en_US","og_type":"article","og_title":"Cuidado al pasar de la conexi\u00f3n vacacional al retraimiento y la soledad al regresar a casa - Psyke","og_description":"La sensaci\u00f3n de soledad, lejos de ser una amenaza, nos puede guiar hacia la construcci\u00f3n de relaciones cada vez m\u00e1s ricas y significativas.","og_url":"https:\/\/www.psyke.es\/en\/cuidado-al-pasar-de-la-conexion-vacacional-al-retraimiento-y-la-soledad-al-regresar-a-casa\/","og_site_name":"Psyke","article_published_time":"2024-09-01T15:00:00+00:00","article_modified_time":"2024-09-11T10:56:03+00:00","og_image":[{"width":1675,"height":1080,"url":"https:\/\/www.psyke.es\/wp-content\/uploads\/2024\/08\/cuidado-al-pasar-de-la-conexion-vacacional-al-retraimiento-y-la-soledad-al-regresar-a-casa-psyke-blog.jpg","type":"image\/jpeg"}],"author":"Tha\u00efs Capella","twitter_card":"summary_large_image","twitter_misc":{"Written by":"Tha\u00efs Capella","Est. reading time":"3 minutes"},"schema":{"@context":"https:\/\/schema.org","@graph":[{"@type":"Article","@id":"https:\/\/www.psyke.es\/en\/cuidado-al-pasar-de-la-conexion-vacacional-al-retraimiento-y-la-soledad-al-regresar-a-casa\/#article","isPartOf":{"@id":"https:\/\/www.psyke.es\/en\/cuidado-al-pasar-de-la-conexion-vacacional-al-retraimiento-y-la-soledad-al-regresar-a-casa\/"},"author":{"name":"Tha\u00efs Capella","@id":"https:\/\/www.psyke.es\/en\/#\/schema\/person\/87774a2e60512484c09407be020d551a"},"headline":"Cuidado al pasar de la conexi\u00f3n vacacional al retraimiento y la soledad al regresar a casa","datePublished":"2024-09-01T15:00:00+00:00","dateModified":"2024-09-11T10:56:03+00:00","mainEntityOfPage":{"@id":"https:\/\/www.psyke.es\/en\/cuidado-al-pasar-de-la-conexion-vacacional-al-retraimiento-y-la-soledad-al-regresar-a-casa\/"},"wordCount":627,"commentCount":0,"image":{"@id":"https:\/\/www.psyke.es\/en\/cuidado-al-pasar-de-la-conexion-vacacional-al-retraimiento-y-la-soledad-al-regresar-a-casa\/#primaryimage"},"thumbnailUrl":"https:\/\/www.psyke.es\/wp-content\/uploads\/2024\/08\/cuidado-al-pasar-de-la-conexion-vacacional-al-retraimiento-y-la-soledad-al-regresar-a-casa-psyke-blog.jpg","keywords":["amistad","soledad","vueltalarutina"],"articleSection":["Emotion education","Self-esteem"],"inLanguage":"en-US","potentialAction":[{"@type":"CommentAction","name":"Comment","target":["https:\/\/www.psyke.es\/en\/cuidado-al-pasar-de-la-conexion-vacacional-al-retraimiento-y-la-soledad-al-regresar-a-casa\/#respond"]}]},{"@type":"WebPage","@id":"https:\/\/www.psyke.es\/en\/cuidado-al-pasar-de-la-conexion-vacacional-al-retraimiento-y-la-soledad-al-regresar-a-casa\/","url":"https:\/\/www.psyke.es\/en\/cuidado-al-pasar-de-la-conexion-vacacional-al-retraimiento-y-la-soledad-al-regresar-a-casa\/","name":"Cuidado al pasar de la conexi\u00f3n vacacional al retraimiento y la soledad al regresar a casa - Psyke","isPartOf":{"@id":"https:\/\/www.psyke.es\/en\/#website"},"primaryImageOfPage":{"@id":"https:\/\/www.psyke.es\/en\/cuidado-al-pasar-de-la-conexion-vacacional-al-retraimiento-y-la-soledad-al-regresar-a-casa\/#primaryimage"},"image":{"@id":"https:\/\/www.psyke.es\/en\/cuidado-al-pasar-de-la-conexion-vacacional-al-retraimiento-y-la-soledad-al-regresar-a-casa\/#primaryimage"},"thumbnailUrl":"https:\/\/www.psyke.es\/wp-content\/uploads\/2024\/08\/cuidado-al-pasar-de-la-conexion-vacacional-al-retraimiento-y-la-soledad-al-regresar-a-casa-psyke-blog.jpg","datePublished":"2024-09-01T15:00:00+00:00","dateModified":"2024-09-11T10:56:03+00:00","author":{"@id":"https:\/\/www.psyke.es\/en\/#\/schema\/person\/87774a2e60512484c09407be020d551a"},"description":"La sensaci\u00f3n de soledad, lejos de ser una amenaza, nos puede guiar hacia la construcci\u00f3n de relaciones cada vez m\u00e1s ricas y significativas.","breadcrumb":{"@id":"https:\/\/www.psyke.es\/en\/cuidado-al-pasar-de-la-conexion-vacacional-al-retraimiento-y-la-soledad-al-regresar-a-casa\/#breadcrumb"},"inLanguage":"en-US","potentialAction":[{"@type":"ReadAction","target":["https:\/\/www.psyke.es\/en\/cuidado-al-pasar-de-la-conexion-vacacional-al-retraimiento-y-la-soledad-al-regresar-a-casa\/"]}]},{"@type":"ImageObject","inLanguage":"en-US","@id":"https:\/\/www.psyke.es\/en\/cuidado-al-pasar-de-la-conexion-vacacional-al-retraimiento-y-la-soledad-al-regresar-a-casa\/#primaryimage","url":"https:\/\/www.psyke.es\/wp-content\/uploads\/2024\/08\/cuidado-al-pasar-de-la-conexion-vacacional-al-retraimiento-y-la-soledad-al-regresar-a-casa-psyke-blog.jpg","contentUrl":"https:\/\/www.psyke.es\/wp-content\/uploads\/2024\/08\/cuidado-al-pasar-de-la-conexion-vacacional-al-retraimiento-y-la-soledad-al-regresar-a-casa-psyke-blog.jpg","width":1675,"height":1080,"caption":"cuidado-al-pasar-de-la-conexion-vacacional-al-retraimiento-y-la-soledad-al-regresar-a-casa-psyke-blog"},{"@type":"BreadcrumbList","@id":"https:\/\/www.psyke.es\/en\/cuidado-al-pasar-de-la-conexion-vacacional-al-retraimiento-y-la-soledad-al-regresar-a-casa\/#breadcrumb","itemListElement":[{"@type":"ListItem","position":1,"name":"Portada","item":"https:\/\/www.psyke.es\/en\/"},{"@type":"ListItem","position":2,"name":"Cuidado al pasar de la conexi\u00f3n vacacional al retraimiento y la soledad al regresar a casa"}]},{"@type":"WebSite","@id":"https:\/\/www.psyke.es\/en\/#website","url":"https:\/\/www.psyke.es\/en\/","name":"Psyke","description":"Centro de Psicolog\u00eda","potentialAction":[{"@type":"SearchAction","target":{"@type":"EntryPoint","urlTemplate":"https:\/\/www.psyke.es\/en\/?s={search_term_string}"},"query-input":{"@type":"PropertyValueSpecification","valueRequired":true,"valueName":"search_term_string"}}],"inLanguage":"en-US"},{"@type":"Person","@id":"https:\/\/www.psyke.es\/en\/#\/schema\/person\/87774a2e60512484c09407be020d551a","name":"Tha\u00efs Capella","image":{"@type":"ImageObject","inLanguage":"en-US","@id":"https:\/\/secure.gravatar.com\/avatar\/71847c79c196fcb2761a3960e77f33ed0e684732f3145d9b4af037b8ed17c94c?s=96&d=mm&r=g","url":"https:\/\/secure.gravatar.com\/avatar\/71847c79c196fcb2761a3960e77f33ed0e684732f3145d9b4af037b8ed17c94c?s=96&d=mm&r=g","contentUrl":"https:\/\/secure.gravatar.com\/avatar\/71847c79c196fcb2761a3960e77f33ed0e684732f3145d9b4af037b8ed17c94c?s=96&d=mm&r=g","caption":"Tha\u00efs Capella"},"sameAs":["http:\/\/psyke.es"]}]}},"post_mailing_queue_ids":[],"_links":{"self":[{"href":"https:\/\/www.psyke.es\/en\/wp-json\/wp\/v2\/posts\/17062","targetHints":{"allow":["GET"]}}],"collection":[{"href":"https:\/\/www.psyke.es\/en\/wp-json\/wp\/v2\/posts"}],"about":[{"href":"https:\/\/www.psyke.es\/en\/wp-json\/wp\/v2\/types\/post"}],"author":[{"embeddable":true,"href":"https:\/\/www.psyke.es\/en\/wp-json\/wp\/v2\/users\/3"}],"replies":[{"embeddable":true,"href":"https:\/\/www.psyke.es\/en\/wp-json\/wp\/v2\/comments?post=17062"}],"version-history":[{"count":0,"href":"https:\/\/www.psyke.es\/en\/wp-json\/wp\/v2\/posts\/17062\/revisions"}],"wp:featuredmedia":[{"embeddable":true,"href":"https:\/\/www.psyke.es\/en\/wp-json\/wp\/v2\/media\/17038"}],"wp:attachment":[{"href":"https:\/\/www.psyke.es\/en\/wp-json\/wp\/v2\/media?parent=17062"}],"wp:term":[{"taxonomy":"category","embeddable":true,"href":"https:\/\/www.psyke.es\/en\/wp-json\/wp\/v2\/categories?post=17062"},{"taxonomy":"post_tag","embeddable":true,"href":"https:\/\/www.psyke.es\/en\/wp-json\/wp\/v2\/tags?post=17062"}],"curies":[{"name":"wp","href":"https:\/\/api.w.org\/{rel}","templated":true}]}}