{"id":17233,"date":"2024-11-03T20:44:22","date_gmt":"2024-11-03T18:44:22","guid":{"rendered":"https:\/\/www.psyke.es\/el-horror-de-ver-manos-tendidas-y-no-poder-alcanzarlas\/"},"modified":"2024-11-03T20:44:22","modified_gmt":"2024-11-03T18:44:22","slug":"el-horror-de-ver-manos-tendidas-y-no-poder-alcanzarlas","status":"publish","type":"post","link":"https:\/\/www.psyke.es\/en\/el-horror-de-ver-manos-tendidas-y-no-poder-alcanzarlas\/","title":{"rendered":"El horror de ver manos extendidas y no poder alcanzarlas"},"content":{"rendered":"\n<p><\/p>\n\n\n\n<p>La persona que no lo ha vivido, por mucho que se esfuerce, no lo podr\u00e1 sentir exactamente igual. Y la que lo ha vivido, nunca lo olvidar\u00e1. <strong>Ver una mano pidiendo auxilio delante de ti y no poder lanzarte a socorrerla es la ant\u00edtesis de la condici\u00f3n humana<\/strong>. Tu cuerpo at\u00f3nito e inerte sigue las manos con la vista. Escucha los gritos. Y no se tira de&nbsp;inmediato porque -literalmente- no puede. Es la sinraz\u00f3n. Es ir \u201ccontra natura\u201d. <strong>La naturaleza especifica de auxiliar, de aliviar el sufrimiento es inmediata.<\/strong> Es la<strong> compasi\u00f3n <\/strong>en su acepci\u00f3n m\u00e1s pura. Y en much\u00edsimos casos, demasiados, no se pudo completar.<\/p>\n\n\n\n<p>La tr\u00e1gica tragedia (redundo a prop\u00f3sito) vivida en Valencia el fat\u00eddico 29 de octubre, nos pill\u00f3 a la mayor\u00eda con el pie cambiado. Suerte tuvimos los que permanecimos en casa fortuitamente, pues nadie presagiaba la que iba a caer. No llov\u00eda ni una gota en Valencia. Y de ah\u00ed, el terrible despiste. Muchos pasaron de estar de compras de Halloween a ver c\u00f3mo el torrente de agua les engull\u00eda. Fuimos enter\u00e1ndonos del horror por las redes. Esa misma noche nos llegaban videos de la autov\u00eda V30, con coches y camiones apilados; gente atrapada en Bonaire e Ikea, viendo desde los \u00faltimos pisos c\u00f3mo el agua inundaba los s\u00f3tanos donde estaban \u201csus\u201d coches, incluso sus familiares intentando sacarlos.\u00a0<\/p>\n\n\n\n<p>Toda esa tensi\u00f3n contenida ha salido desparramada en filas y filas de seres humanos que, desde la compasi\u00f3n, han necesitado aliviar el sufrimiento de las personas atrapadas, embarradas, necesitadas. Nadie las ha podido parar porque <strong>no se puede frenar un impulso natural de ayudar al necesitado.<\/strong> Por mucho que hayan intentado organizar la ayuda voluntaria (que defiendo) hay personas que no se pod\u00edan esperar. Les urg\u00eda quitar barro, llevar agua, abrazar\u2026<\/p>\n\n\n\n<p>Han acudido tractores desde muchas partes de Espa\u00f1a. Igual no pod\u00edan hacer nada sin \u00f3rdenes precisas. No lo sab\u00edan, pero ah\u00ed estaban. No pod\u00edan hacer otra cosa. Y los sufrientes los ven entrar en su pueblo, y sienten apoyo, cari\u00f1o y comprensi\u00f3n, aunque no puedan mover ni un coche.<\/p>\n\n\n\n<p>Hoy eres t\u00fa, ma\u00f1ana podr\u00eda ser yo. <strong>No se ayuda desde la superioridad, ni desde la pena o la l\u00e1stima.<\/strong> Es la presencia humana que dice \u201ccuenta conmigo\u201d, \u201cestoy aqu\u00ed por ti y por m\u00ed\u201d. Se mete uno en el fango sabiendo que si fuera al rev\u00e9s, esa persona se meter\u00eda en el fango por ti. Por eso comprender el concepto de \u201chumanidad compartida\u201d es tan importante. Es la condici\u00f3n humana. Lo que compartimos todos los seres humanos es que si estamos vivos, vamos a sufrir. Existe la muerte, la enfermedad, la pobreza, los desastres naturales, las guerras, la traici\u00f3n. Y tambi\u00e9n existe el amor, el <strong>AMOR<\/strong> con may\u00fasculas. Este art\u00edculo es un homenaje al amor y a la solidaridad que nace de ese amor. A veces no hay ni siquiera que hablar. Un abrazo aut\u00e9ntico y sentido es lo que m\u00e1s alivia&#8230;<\/p>\n\n\n\n<blockquote class=\"wp-block-quote is-layout-flow wp-block-quote-is-layout-flow\">\n<p>\u201c<em>El amor no es lo m\u00e1s importante, es lo \u00fanico importante<\/em>\u201d<\/p>\n<\/blockquote>\n\n\n\n<p>Frase contundente donde las haya, del <strong><a href=\"https:\/\/stevenchayes.com\/\" target=\"_blank\" rel=\"noreferrer noopener\">Dr. Stephen Hayes<\/a><\/strong>, uno de los principales fundadores de la Terapia de Aceptaci\u00f3n y Compromiso (ACT).<\/p>\n\n\n\n<p>Ilustraci\u00f3n: Detalle del Arte en \u201cCueva de las Manos\u201d, Argentina. Creada entre 7,300 BC and 700 AD.<\/p>\n\n\n\n<p>Sugerencia &#8211; <strong><a href=\"https:\/\/www.psyke.es\/en\/meditaciones\/metta-with-yourself-and-others\/\" target=\"_blank\" rel=\"noreferrer noopener\">Meditaci\u00f3n n. 7: \u201cMeditaci\u00f3n Metta con uno mismo y con los dem\u00e1s\u201d<\/a><\/strong>.<\/p>\n\n\n\n<p>Esta meditaci\u00f3n sirve para derribar los muros psicol\u00f3gicos que nos separan. Queremos f\u00e1cilmente a los nuestros, los que piensan como nosotros y son afines. Y nos cuesta aceptar a los diferentes. Metta parte de la convicci\u00f3n que todos estamos interconectados. Todos formamos parte de lo mismo. Nos ayuda a liberarnos de la ira y el resentimiento que solo nos enferma a nosotros. En momentos de crisis como la que estamos viviendo, a veces enviar palabras de buenas intenciones es lo \u00fanico que podemos hacer. Vale la pena intentarlo.&nbsp; Buena pr\u00e1ctica\u2026<\/p>\n","protected":false},"excerpt":{"rendered":"<p>La naturaleza especifica de auxiliar, de aliviar el sufrimiento es inmediata. Es la compasi\u00f3n en su acepci\u00f3n m\u00e1s pura. [&#8230;]<\/p>\n<p><a class=\"btn btn-secondary understrap-read-more-link\" href=\"https:\/\/www.psyke.es\/en\/el-horror-de-ver-manos-tendidas-y-no-poder-alcanzarlas\/\">Read More&#8230;<span class=\"screen-reader-text\"> from El horror de ver manos extendidas y no poder alcanzarlas<\/span><\/a><\/p>\n","protected":false},"author":3,"featured_media":17220,"comment_status":"open","ping_status":"open","sticky":false,"template":"","format":"standard","meta":{"footnotes":""},"categories":[79],"tags":[382,450,451,200],"class_list":["post-17233","post","type-post","status-publish","format-standard","has-post-thumbnail","hentry","category-therapeutic-reflections-emotions","tag-ayuda-en","tag-catastrofe-en","tag-dana-en","tag-sufrimiento-en"],"yoast_head":"<!-- This site is optimized with the Yoast SEO plugin v26.7 - https:\/\/yoast.com\/wordpress\/plugins\/seo\/ -->\n<title>El horror de ver manos extendidas y no poder alcanzarlas - Psyke<\/title>\n<meta name=\"robots\" content=\"index, follow, max-snippet:-1, max-image-preview:large, max-video-preview:-1\" \/>\n<link rel=\"canonical\" href=\"https:\/\/www.psyke.es\/en\/el-horror-de-ver-manos-tendidas-y-no-poder-alcanzarlas\/\" \/>\n<meta property=\"og:locale\" content=\"en_US\" \/>\n<meta property=\"og:type\" content=\"article\" \/>\n<meta property=\"og:title\" content=\"El horror de ver manos extendidas y no poder alcanzarlas - Psyke\" \/>\n<meta property=\"og:description\" content=\"La naturaleza especifica de auxiliar, de aliviar el sufrimiento es inmediata. Es la compasi\u00f3n en su acepci\u00f3n m\u00e1s pura. [...]Read More... from El horror de ver manos extendidas y no poder alcanzarlas\" \/>\n<meta property=\"og:url\" content=\"https:\/\/www.psyke.es\/en\/el-horror-de-ver-manos-tendidas-y-no-poder-alcanzarlas\/\" \/>\n<meta property=\"og:site_name\" content=\"Psyke\" \/>\n<meta property=\"article:published_time\" content=\"2024-11-03T18:44:22+00:00\" \/>\n<meta name=\"author\" content=\"Tha\u00efs Capella\" \/>\n<meta name=\"twitter:card\" content=\"summary_large_image\" \/>\n<meta name=\"twitter:label1\" content=\"Written by\" \/>\n\t<meta name=\"twitter:data1\" content=\"Tha\u00efs Capella\" \/>\n\t<meta name=\"twitter:label2\" content=\"Est. reading time\" \/>\n\t<meta name=\"twitter:data2\" content=\"3 minutes\" \/>\n<script type=\"application\/ld+json\" class=\"yoast-schema-graph\">{\"@context\":\"https:\/\/schema.org\",\"@graph\":[{\"@type\":\"Article\",\"@id\":\"https:\/\/www.psyke.es\/en\/el-horror-de-ver-manos-tendidas-y-no-poder-alcanzarlas\/#article\",\"isPartOf\":{\"@id\":\"https:\/\/www.psyke.es\/en\/el-horror-de-ver-manos-tendidas-y-no-poder-alcanzarlas\/\"},\"author\":{\"name\":\"Tha\u00efs Capella\",\"@id\":\"https:\/\/www.psyke.es\/en\/#\/schema\/person\/87774a2e60512484c09407be020d551a\"},\"headline\":\"El horror de ver manos extendidas y no poder alcanzarlas\",\"datePublished\":\"2024-11-03T18:44:22+00:00\",\"mainEntityOfPage\":{\"@id\":\"https:\/\/www.psyke.es\/en\/el-horror-de-ver-manos-tendidas-y-no-poder-alcanzarlas\/\"},\"wordCount\":701,\"commentCount\":0,\"image\":{\"@id\":\"https:\/\/www.psyke.es\/en\/el-horror-de-ver-manos-tendidas-y-no-poder-alcanzarlas\/#primaryimage\"},\"thumbnailUrl\":\"https:\/\/www.psyke.es\/wp-content\/uploads\/2024\/11\/sufrimiento-psyke.jpg\",\"keywords\":[\"ayuda\",\"cat\u00e1strofe\",\"dana\",\"sufrimiento\"],\"articleSection\":[\"Emotions\"],\"inLanguage\":\"en-US\",\"potentialAction\":[{\"@type\":\"CommentAction\",\"name\":\"Comment\",\"target\":[\"https:\/\/www.psyke.es\/en\/el-horror-de-ver-manos-tendidas-y-no-poder-alcanzarlas\/#respond\"]}]},{\"@type\":\"WebPage\",\"@id\":\"https:\/\/www.psyke.es\/en\/el-horror-de-ver-manos-tendidas-y-no-poder-alcanzarlas\/\",\"url\":\"https:\/\/www.psyke.es\/en\/el-horror-de-ver-manos-tendidas-y-no-poder-alcanzarlas\/\",\"name\":\"El horror de ver manos extendidas y no poder alcanzarlas - Psyke\",\"isPartOf\":{\"@id\":\"https:\/\/www.psyke.es\/en\/#website\"},\"primaryImageOfPage\":{\"@id\":\"https:\/\/www.psyke.es\/en\/el-horror-de-ver-manos-tendidas-y-no-poder-alcanzarlas\/#primaryimage\"},\"image\":{\"@id\":\"https:\/\/www.psyke.es\/en\/el-horror-de-ver-manos-tendidas-y-no-poder-alcanzarlas\/#primaryimage\"},\"thumbnailUrl\":\"https:\/\/www.psyke.es\/wp-content\/uploads\/2024\/11\/sufrimiento-psyke.jpg\",\"datePublished\":\"2024-11-03T18:44:22+00:00\",\"author\":{\"@id\":\"https:\/\/www.psyke.es\/en\/#\/schema\/person\/87774a2e60512484c09407be020d551a\"},\"breadcrumb\":{\"@id\":\"https:\/\/www.psyke.es\/en\/el-horror-de-ver-manos-tendidas-y-no-poder-alcanzarlas\/#breadcrumb\"},\"inLanguage\":\"en-US\",\"potentialAction\":[{\"@type\":\"ReadAction\",\"target\":[\"https:\/\/www.psyke.es\/en\/el-horror-de-ver-manos-tendidas-y-no-poder-alcanzarlas\/\"]}]},{\"@type\":\"ImageObject\",\"inLanguage\":\"en-US\",\"@id\":\"https:\/\/www.psyke.es\/en\/el-horror-de-ver-manos-tendidas-y-no-poder-alcanzarlas\/#primaryimage\",\"url\":\"https:\/\/www.psyke.es\/wp-content\/uploads\/2024\/11\/sufrimiento-psyke.jpg\",\"contentUrl\":\"https:\/\/www.psyke.es\/wp-content\/uploads\/2024\/11\/sufrimiento-psyke.jpg\",\"width\":1675,\"height\":1080,\"caption\":\"sufrimiento-psyke\"},{\"@type\":\"BreadcrumbList\",\"@id\":\"https:\/\/www.psyke.es\/en\/el-horror-de-ver-manos-tendidas-y-no-poder-alcanzarlas\/#breadcrumb\",\"itemListElement\":[{\"@type\":\"ListItem\",\"position\":1,\"name\":\"Portada\",\"item\":\"https:\/\/www.psyke.es\/en\/\"},{\"@type\":\"ListItem\",\"position\":2,\"name\":\"El horror de ver manos extendidas y no poder alcanzarlas\"}]},{\"@type\":\"WebSite\",\"@id\":\"https:\/\/www.psyke.es\/en\/#website\",\"url\":\"https:\/\/www.psyke.es\/en\/\",\"name\":\"Psyke\",\"description\":\"Centro de Psicolog\u00eda\",\"potentialAction\":[{\"@type\":\"SearchAction\",\"target\":{\"@type\":\"EntryPoint\",\"urlTemplate\":\"https:\/\/www.psyke.es\/en\/?s={search_term_string}\"},\"query-input\":{\"@type\":\"PropertyValueSpecification\",\"valueRequired\":true,\"valueName\":\"search_term_string\"}}],\"inLanguage\":\"en-US\"},{\"@type\":\"Person\",\"@id\":\"https:\/\/www.psyke.es\/en\/#\/schema\/person\/87774a2e60512484c09407be020d551a\",\"name\":\"Tha\u00efs Capella\",\"image\":{\"@type\":\"ImageObject\",\"inLanguage\":\"en-US\",\"@id\":\"https:\/\/www.psyke.es\/en\/#\/schema\/person\/image\/\",\"url\":\"https:\/\/secure.gravatar.com\/avatar\/71847c79c196fcb2761a3960e77f33ed0e684732f3145d9b4af037b8ed17c94c?s=96&d=mm&r=g\",\"contentUrl\":\"https:\/\/secure.gravatar.com\/avatar\/71847c79c196fcb2761a3960e77f33ed0e684732f3145d9b4af037b8ed17c94c?s=96&d=mm&r=g\",\"caption\":\"Tha\u00efs Capella\"},\"sameAs\":[\"http:\/\/psyke.es\"]}]}<\/script>\n<!-- \/ Yoast SEO plugin. -->","yoast_head_json":{"title":"El horror de ver manos extendidas y no poder alcanzarlas - Psyke","robots":{"index":"index","follow":"follow","max-snippet":"max-snippet:-1","max-image-preview":"max-image-preview:large","max-video-preview":"max-video-preview:-1"},"canonical":"https:\/\/www.psyke.es\/en\/el-horror-de-ver-manos-tendidas-y-no-poder-alcanzarlas\/","og_locale":"en_US","og_type":"article","og_title":"El horror de ver manos extendidas y no poder alcanzarlas - Psyke","og_description":"La naturaleza especifica de auxiliar, de aliviar el sufrimiento es inmediata. Es la compasi\u00f3n en su acepci\u00f3n m\u00e1s pura. [...]Read More... from El horror de ver manos extendidas y no poder alcanzarlas","og_url":"https:\/\/www.psyke.es\/en\/el-horror-de-ver-manos-tendidas-y-no-poder-alcanzarlas\/","og_site_name":"Psyke","article_published_time":"2024-11-03T18:44:22+00:00","author":"Tha\u00efs Capella","twitter_card":"summary_large_image","twitter_misc":{"Written by":"Tha\u00efs Capella","Est. reading time":"3 minutes"},"schema":{"@context":"https:\/\/schema.org","@graph":[{"@type":"Article","@id":"https:\/\/www.psyke.es\/en\/el-horror-de-ver-manos-tendidas-y-no-poder-alcanzarlas\/#article","isPartOf":{"@id":"https:\/\/www.psyke.es\/en\/el-horror-de-ver-manos-tendidas-y-no-poder-alcanzarlas\/"},"author":{"name":"Tha\u00efs Capella","@id":"https:\/\/www.psyke.es\/en\/#\/schema\/person\/87774a2e60512484c09407be020d551a"},"headline":"El horror de ver manos extendidas y no poder alcanzarlas","datePublished":"2024-11-03T18:44:22+00:00","mainEntityOfPage":{"@id":"https:\/\/www.psyke.es\/en\/el-horror-de-ver-manos-tendidas-y-no-poder-alcanzarlas\/"},"wordCount":701,"commentCount":0,"image":{"@id":"https:\/\/www.psyke.es\/en\/el-horror-de-ver-manos-tendidas-y-no-poder-alcanzarlas\/#primaryimage"},"thumbnailUrl":"https:\/\/www.psyke.es\/wp-content\/uploads\/2024\/11\/sufrimiento-psyke.jpg","keywords":["ayuda","cat\u00e1strofe","dana","sufrimiento"],"articleSection":["Emotions"],"inLanguage":"en-US","potentialAction":[{"@type":"CommentAction","name":"Comment","target":["https:\/\/www.psyke.es\/en\/el-horror-de-ver-manos-tendidas-y-no-poder-alcanzarlas\/#respond"]}]},{"@type":"WebPage","@id":"https:\/\/www.psyke.es\/en\/el-horror-de-ver-manos-tendidas-y-no-poder-alcanzarlas\/","url":"https:\/\/www.psyke.es\/en\/el-horror-de-ver-manos-tendidas-y-no-poder-alcanzarlas\/","name":"El horror de ver manos extendidas y no poder alcanzarlas - Psyke","isPartOf":{"@id":"https:\/\/www.psyke.es\/en\/#website"},"primaryImageOfPage":{"@id":"https:\/\/www.psyke.es\/en\/el-horror-de-ver-manos-tendidas-y-no-poder-alcanzarlas\/#primaryimage"},"image":{"@id":"https:\/\/www.psyke.es\/en\/el-horror-de-ver-manos-tendidas-y-no-poder-alcanzarlas\/#primaryimage"},"thumbnailUrl":"https:\/\/www.psyke.es\/wp-content\/uploads\/2024\/11\/sufrimiento-psyke.jpg","datePublished":"2024-11-03T18:44:22+00:00","author":{"@id":"https:\/\/www.psyke.es\/en\/#\/schema\/person\/87774a2e60512484c09407be020d551a"},"breadcrumb":{"@id":"https:\/\/www.psyke.es\/en\/el-horror-de-ver-manos-tendidas-y-no-poder-alcanzarlas\/#breadcrumb"},"inLanguage":"en-US","potentialAction":[{"@type":"ReadAction","target":["https:\/\/www.psyke.es\/en\/el-horror-de-ver-manos-tendidas-y-no-poder-alcanzarlas\/"]}]},{"@type":"ImageObject","inLanguage":"en-US","@id":"https:\/\/www.psyke.es\/en\/el-horror-de-ver-manos-tendidas-y-no-poder-alcanzarlas\/#primaryimage","url":"https:\/\/www.psyke.es\/wp-content\/uploads\/2024\/11\/sufrimiento-psyke.jpg","contentUrl":"https:\/\/www.psyke.es\/wp-content\/uploads\/2024\/11\/sufrimiento-psyke.jpg","width":1675,"height":1080,"caption":"sufrimiento-psyke"},{"@type":"BreadcrumbList","@id":"https:\/\/www.psyke.es\/en\/el-horror-de-ver-manos-tendidas-y-no-poder-alcanzarlas\/#breadcrumb","itemListElement":[{"@type":"ListItem","position":1,"name":"Portada","item":"https:\/\/www.psyke.es\/en\/"},{"@type":"ListItem","position":2,"name":"El horror de ver manos extendidas y no poder alcanzarlas"}]},{"@type":"WebSite","@id":"https:\/\/www.psyke.es\/en\/#website","url":"https:\/\/www.psyke.es\/en\/","name":"Psyke","description":"Centro de Psicolog\u00eda","potentialAction":[{"@type":"SearchAction","target":{"@type":"EntryPoint","urlTemplate":"https:\/\/www.psyke.es\/en\/?s={search_term_string}"},"query-input":{"@type":"PropertyValueSpecification","valueRequired":true,"valueName":"search_term_string"}}],"inLanguage":"en-US"},{"@type":"Person","@id":"https:\/\/www.psyke.es\/en\/#\/schema\/person\/87774a2e60512484c09407be020d551a","name":"Tha\u00efs Capella","image":{"@type":"ImageObject","inLanguage":"en-US","@id":"https:\/\/www.psyke.es\/en\/#\/schema\/person\/image\/","url":"https:\/\/secure.gravatar.com\/avatar\/71847c79c196fcb2761a3960e77f33ed0e684732f3145d9b4af037b8ed17c94c?s=96&d=mm&r=g","contentUrl":"https:\/\/secure.gravatar.com\/avatar\/71847c79c196fcb2761a3960e77f33ed0e684732f3145d9b4af037b8ed17c94c?s=96&d=mm&r=g","caption":"Tha\u00efs Capella"},"sameAs":["http:\/\/psyke.es"]}]}},"post_mailing_queue_ids":[],"_links":{"self":[{"href":"https:\/\/www.psyke.es\/en\/wp-json\/wp\/v2\/posts\/17233","targetHints":{"allow":["GET"]}}],"collection":[{"href":"https:\/\/www.psyke.es\/en\/wp-json\/wp\/v2\/posts"}],"about":[{"href":"https:\/\/www.psyke.es\/en\/wp-json\/wp\/v2\/types\/post"}],"author":[{"embeddable":true,"href":"https:\/\/www.psyke.es\/en\/wp-json\/wp\/v2\/users\/3"}],"replies":[{"embeddable":true,"href":"https:\/\/www.psyke.es\/en\/wp-json\/wp\/v2\/comments?post=17233"}],"version-history":[{"count":0,"href":"https:\/\/www.psyke.es\/en\/wp-json\/wp\/v2\/posts\/17233\/revisions"}],"wp:featuredmedia":[{"embeddable":true,"href":"https:\/\/www.psyke.es\/en\/wp-json\/wp\/v2\/media\/17220"}],"wp:attachment":[{"href":"https:\/\/www.psyke.es\/en\/wp-json\/wp\/v2\/media?parent=17233"}],"wp:term":[{"taxonomy":"category","embeddable":true,"href":"https:\/\/www.psyke.es\/en\/wp-json\/wp\/v2\/categories?post=17233"},{"taxonomy":"post_tag","embeddable":true,"href":"https:\/\/www.psyke.es\/en\/wp-json\/wp\/v2\/tags?post=17233"}],"curies":[{"name":"wp","href":"https:\/\/api.w.org\/{rel}","templated":true}]}}