{"id":17374,"date":"2024-12-01T17:00:00","date_gmt":"2024-12-01T15:00:00","guid":{"rendered":"https:\/\/www.psyke.es\/le-pedirias-al-olmo-que-te-diera-una-pera-realidad\/"},"modified":"2024-12-05T11:13:16","modified_gmt":"2024-12-05T09:13:16","slug":"le-pedirias-al-olmo-que-te-diera-una-pera-realidad","status":"publish","type":"post","link":"https:\/\/www.psyke.es\/en\/le-pedirias-al-olmo-que-te-diera-una-pera-realidad\/","title":{"rendered":"\u00bfLe pedir\u00edas al olmo que te diera una pera?"},"content":{"rendered":"\n<p><\/p>\n\n\n\n<p>Cuidado con lo que le pedimos a los dem\u00e1s. Cuando conocemos a una persona, la vemos a trav\u00e9s de nuestro propio filtro. As\u00ed funciona la <strong>percepci\u00f3n.<\/strong> Los ojos que la observan la est\u00e1n mirando a trav\u00e9s del disco duro de nuestro cerebro, que est\u00e1 formateado con todas las vivencias experimentadas por nosotros hasta esa fecha. De hecho,<strong> los ojos son en la realidad una min\u00fascula parte de nuestro cerebro mismo<\/strong>, que asoman a trav\u00e9s de dos orificios esculpidos en nuestro cr\u00e1neo.<\/p>\n\n\n\n<p>Es como si al proyectar una imagen sobre una pared vi\u00e9ramos una mancha y la intent\u00e1ramos limpiar. Nos dar\u00edamos cuenta de que la mancha estaba en la misma lente del proyector, y no en la pared. El que proyecta es el que emite \u201csu\u201d visi\u00f3n, su realidad. Entonces, si lo vemos todo desde nosotros mismos, admitamos que<strong> lo que vemos no es real, sino nuestra realidad particular<\/strong>. Si somos exigentes: exigiremos; si somos fuertes: no entenderemos la debilidad; si somos puntuales y ordenados: criticaremos a los impuntuales y el desorden; si somos afectuosos: no comprenderemos a las personas fr\u00edas, y as\u00ed sucesivamente. Preg\u00fantate en qu\u00e9 ambiente has crecido y en qu\u00e9 ambiente ha crecido la persona a la que criticas. Seguramente no tendr\u00e1 nada que ver\u2026<\/p>\n\n\n\n<p>En<strong> situaciones de crisis<\/strong> estas din\u00e1micas se intensifican. Las necesidades inmediatas y la carga emocional llevan a esperar que los dem\u00e1s hagan m\u00e1s, que sean m\u00e1s fuertes, m\u00e1s r\u00e1pidos o m\u00e1s eficientes, porque sentimos que nosotros mismos estamos dando todo lo que tenemos. Es natural en esas circunstancias mirar a nuestro alrededor y pensar: \u201cSi yo estoy enfrentando esto, \u00bfpor qu\u00e9 los dem\u00e1s no hacen lo mismo?\u201d.<\/p>\n\n\n\n<p>Sin embargo, <strong>cada persona opera dentro de sus propios l\u00edmites de capacidad f\u00edsica, emocional y mental. <\/strong>Ignorar estas diferencias puede generar frustraci\u00f3n y desgaste en ambas partes. Esto no significa que no debamos esperar apoyo, sino que es importante distinguir entre pedir ayuda y \u201cexigir lo imposible\u201d. En momentos de adversidad, muchas personas sienten que sus propias reservas est\u00e1n al l\u00edmite. <strong>El estr\u00e9s, la fatiga y el miedo<\/strong> afectan la forma en que perciben y responden a las demandas del entorno. Reconocer esto no solo ayuda a aliviar la presi\u00f3n que ponemos sobre los dem\u00e1s, sino que tambi\u00e9n nos permite valorar m\u00e1s profundamente los esfuerzos, incluso peque\u00f1os, que puedan ofrecer.<\/p>\n\n\n\n<p>Volviendo a la met\u00e1fora del olmo y las peras: \u00bfqu\u00e9 pasar\u00eda si dej\u00e1ramos de exigir peras y empez\u00e1ramos a valorar la sombra que ese \u00e1rbol nos ofrece en medio de la tormenta? No se trata de renunciar a nuestras necesidades, sino de <strong>equilibrar nuestras expectativas con la realidad<\/strong>. Reflexiona: en medio de tus propios desaf\u00edos, \u00bfest\u00e1s pidiendo m\u00e1s de lo que los dem\u00e1s pueden ofrecer por c\u00f3mo t\u00fa eres?<\/p>\n\n\n\n<h4 class=\"wp-block-heading\"><strong>A veces, la fortaleza no est\u00e1 en exigir m\u00e1s, sino en aceptar con gratitud lo que los dem\u00e1s pueden dar\u2026<\/strong><\/h4>\n\n\n\n<blockquote class=\"wp-block-quote is-layout-flow wp-block-quote-is-layout-flow\">\n<p>\u201c<em>Nuestras relaciones se fortalecen cuando aceptamos que el apoyo que alguien nos brinda no siempre se ver\u00e1 como imaginamos. Quiz\u00e1s no puedan arreglar todo el desastre, pero pueden escucharnos, estar presentes o dar un gesto que nos recuerde que no estamos solos. En lugar de enfocarnos en lo que no llega, podemos aprender a apreciar lo que s\u00ed est\u00e1 disponible, por peque\u00f1o que parezca\u201d.<\/em><em><\/em><\/p>\n<\/blockquote>\n\n\n\n<p>Extracto del libro &#8220;Hardwiring Happiness&#8221; (El cerebro de la felicidad), del psiquiatra Dr. Richard Hanson.<\/p>\n\n\n\n<p>Ilustraci\u00f3n de <strong>Herman Hesse<\/strong> titulada \u201cEaster Monday\u201d, de 1924, dentro de la recopilaci\u00f3n de sus pinturas para \u201cTrees: An Anthology of Writings and Paintings\u201d, de <strong><a href=\"https:\/\/www.acantilado.es\/persona\/volker-michels\/\" target=\"_blank\" rel=\"noreferrer noopener\">Volker Michels<\/a><\/strong>.<\/p>\n\n\n\n<p>Sugerencia &#8211; <strong><a href=\"https:\/\/www.psyke.es\/en\/meditaciones\/metta-with-yourself-and-others\/\" target=\"_blank\" rel=\"noreferrer noopener\">Meditaci\u00f3n n. 7: \u201cMeditaci\u00f3n Metta con uno mismo y con los dem\u00e1s\u201d<\/a><\/strong>.<\/p>\n\n\n\n<p>Esta meditaci\u00f3n sirve para derribar los muros psicol\u00f3gicos que nos separan. Queremos f\u00e1cilmente a los nuestros, los que piensan como nosotros y son afines. Y nos cuesta aceptar a los diferentes. Metta parte de la convicci\u00f3n que todos estamos interconectados. Todos formamos parte de lo mismo. Nos ayuda a liberarnos de la ira y el resentimiento que solo nos enferma a nosotros. En momentos de crisis como la que estamos viviendo, a veces enviar palabras de buenas intenciones es lo \u00fanico que podemos hacer. Vale la pena intentarlo.\u00a0 Buena pr\u00e1ctica\u2026<\/p>\n","protected":false},"excerpt":{"rendered":"<p>Los ojos son en la realidad una min\u00fascula parte de nuestro cerebro mismo, que asoman a trav\u00e9s de dos orificios esculpidos en nuestro cr\u00e1neo. [&#8230;]<\/p>\n<p><a class=\"btn btn-secondary understrap-read-more-link\" href=\"https:\/\/www.psyke.es\/en\/le-pedirias-al-olmo-que-te-diera-una-pera-realidad\/\">Read More&#8230;<span class=\"screen-reader-text\"> from \u00bfLe pedir\u00edas al olmo que te diera una pera?<\/span><\/a><\/p>\n","protected":false},"author":3,"featured_media":17352,"comment_status":"open","ping_status":"open","sticky":false,"template":"","format":"standard","meta":{"footnotes":""},"categories":[73],"tags":[451,196,114,121,456],"class_list":["post-17374","post","type-post","status-publish","format-standard","has-post-thumbnail","hentry","category-therapeutic-reflections-mind","tag-dana-en","tag-dolor-en","tag-percepcion-en","tag-realidad-en","tag-superacion-en"],"yoast_head":"<!-- This site is optimized with the Yoast SEO plugin v26.7 - https:\/\/yoast.com\/wordpress\/plugins\/seo\/ -->\n<title>\u00bfLe pedir\u00edas al olmo que te diera una pera? - Psyke<\/title>\n<meta name=\"description\" content=\"Los ojos son en la realidad una min\u00fascula parte de nuestro cerebro mismo, que asoman a trav\u00e9s de dos orificios esculpidos en nuestro cr\u00e1neo.\" \/>\n<meta name=\"robots\" content=\"index, follow, max-snippet:-1, max-image-preview:large, max-video-preview:-1\" \/>\n<link rel=\"canonical\" href=\"https:\/\/www.psyke.es\/en\/le-pedirias-al-olmo-que-te-diera-una-pera-realidad\/\" \/>\n<meta property=\"og:locale\" content=\"en_US\" \/>\n<meta property=\"og:type\" content=\"article\" \/>\n<meta property=\"og:title\" content=\"\u00bfLe pedir\u00edas al olmo que te diera una pera? - Psyke\" \/>\n<meta property=\"og:description\" content=\"Los ojos son en la realidad una min\u00fascula parte de nuestro cerebro mismo, que asoman a trav\u00e9s de dos orificios esculpidos en nuestro cr\u00e1neo.\" \/>\n<meta property=\"og:url\" content=\"https:\/\/www.psyke.es\/en\/le-pedirias-al-olmo-que-te-diera-una-pera-realidad\/\" \/>\n<meta property=\"og:site_name\" content=\"Psyke\" \/>\n<meta property=\"article:published_time\" content=\"2024-12-01T15:00:00+00:00\" \/>\n<meta property=\"article:modified_time\" content=\"2024-12-05T09:13:16+00:00\" \/>\n<meta property=\"og:image\" content=\"https:\/\/www.psyke.es\/wp-content\/uploads\/2024\/11\/realidad-psyke.jpg\" \/>\n\t<meta property=\"og:image:width\" content=\"1675\" \/>\n\t<meta property=\"og:image:height\" content=\"1080\" \/>\n\t<meta property=\"og:image:type\" content=\"image\/jpeg\" \/>\n<meta name=\"author\" content=\"Tha\u00efs Capella\" \/>\n<meta name=\"twitter:card\" content=\"summary_large_image\" \/>\n<meta name=\"twitter:label1\" content=\"Written by\" \/>\n\t<meta name=\"twitter:data1\" content=\"Tha\u00efs Capella\" \/>\n\t<meta name=\"twitter:label2\" content=\"Est. reading time\" \/>\n\t<meta name=\"twitter:data2\" content=\"4 minutes\" \/>\n<script type=\"application\/ld+json\" class=\"yoast-schema-graph\">{\"@context\":\"https:\/\/schema.org\",\"@graph\":[{\"@type\":\"Article\",\"@id\":\"https:\/\/www.psyke.es\/en\/le-pedirias-al-olmo-que-te-diera-una-pera-realidad\/#article\",\"isPartOf\":{\"@id\":\"https:\/\/www.psyke.es\/en\/le-pedirias-al-olmo-que-te-diera-una-pera-realidad\/\"},\"author\":{\"name\":\"Tha\u00efs Capella\",\"@id\":\"https:\/\/www.psyke.es\/en\/#\/schema\/person\/87774a2e60512484c09407be020d551a\"},\"headline\":\"\u00bfLe pedir\u00edas al olmo que te diera una pera?\",\"datePublished\":\"2024-12-01T15:00:00+00:00\",\"dateModified\":\"2024-12-05T09:13:16+00:00\",\"mainEntityOfPage\":{\"@id\":\"https:\/\/www.psyke.es\/en\/le-pedirias-al-olmo-que-te-diera-una-pera-realidad\/\"},\"wordCount\":747,\"commentCount\":0,\"image\":{\"@id\":\"https:\/\/www.psyke.es\/en\/le-pedirias-al-olmo-que-te-diera-una-pera-realidad\/#primaryimage\"},\"thumbnailUrl\":\"https:\/\/www.psyke.es\/wp-content\/uploads\/2024\/11\/realidad-psyke.jpg\",\"keywords\":[\"dana\",\"dolor\",\"Percepci\u00f3n\",\"realidad\",\"superaci\u00f3n\"],\"articleSection\":[\"Mind\"],\"inLanguage\":\"en-US\",\"potentialAction\":[{\"@type\":\"CommentAction\",\"name\":\"Comment\",\"target\":[\"https:\/\/www.psyke.es\/en\/le-pedirias-al-olmo-que-te-diera-una-pera-realidad\/#respond\"]}]},{\"@type\":\"WebPage\",\"@id\":\"https:\/\/www.psyke.es\/en\/le-pedirias-al-olmo-que-te-diera-una-pera-realidad\/\",\"url\":\"https:\/\/www.psyke.es\/en\/le-pedirias-al-olmo-que-te-diera-una-pera-realidad\/\",\"name\":\"\u00bfLe pedir\u00edas al olmo que te diera una pera? - Psyke\",\"isPartOf\":{\"@id\":\"https:\/\/www.psyke.es\/en\/#website\"},\"primaryImageOfPage\":{\"@id\":\"https:\/\/www.psyke.es\/en\/le-pedirias-al-olmo-que-te-diera-una-pera-realidad\/#primaryimage\"},\"image\":{\"@id\":\"https:\/\/www.psyke.es\/en\/le-pedirias-al-olmo-que-te-diera-una-pera-realidad\/#primaryimage\"},\"thumbnailUrl\":\"https:\/\/www.psyke.es\/wp-content\/uploads\/2024\/11\/realidad-psyke.jpg\",\"datePublished\":\"2024-12-01T15:00:00+00:00\",\"dateModified\":\"2024-12-05T09:13:16+00:00\",\"author\":{\"@id\":\"https:\/\/www.psyke.es\/en\/#\/schema\/person\/87774a2e60512484c09407be020d551a\"},\"description\":\"Los ojos son en la realidad una min\u00fascula parte de nuestro cerebro mismo, que asoman a trav\u00e9s de dos orificios esculpidos en nuestro cr\u00e1neo.\",\"breadcrumb\":{\"@id\":\"https:\/\/www.psyke.es\/en\/le-pedirias-al-olmo-que-te-diera-una-pera-realidad\/#breadcrumb\"},\"inLanguage\":\"en-US\",\"potentialAction\":[{\"@type\":\"ReadAction\",\"target\":[\"https:\/\/www.psyke.es\/en\/le-pedirias-al-olmo-que-te-diera-una-pera-realidad\/\"]}]},{\"@type\":\"ImageObject\",\"inLanguage\":\"en-US\",\"@id\":\"https:\/\/www.psyke.es\/en\/le-pedirias-al-olmo-que-te-diera-una-pera-realidad\/#primaryimage\",\"url\":\"https:\/\/www.psyke.es\/wp-content\/uploads\/2024\/11\/realidad-psyke.jpg\",\"contentUrl\":\"https:\/\/www.psyke.es\/wp-content\/uploads\/2024\/11\/realidad-psyke.jpg\",\"width\":1675,\"height\":1080,\"caption\":\"realidad-psyke\"},{\"@type\":\"BreadcrumbList\",\"@id\":\"https:\/\/www.psyke.es\/en\/le-pedirias-al-olmo-que-te-diera-una-pera-realidad\/#breadcrumb\",\"itemListElement\":[{\"@type\":\"ListItem\",\"position\":1,\"name\":\"Portada\",\"item\":\"https:\/\/www.psyke.es\/en\/\"},{\"@type\":\"ListItem\",\"position\":2,\"name\":\"\u00bfLe pedir\u00edas al olmo que te diera una pera?\"}]},{\"@type\":\"WebSite\",\"@id\":\"https:\/\/www.psyke.es\/en\/#website\",\"url\":\"https:\/\/www.psyke.es\/en\/\",\"name\":\"Psyke\",\"description\":\"Centro de Psicolog\u00eda\",\"potentialAction\":[{\"@type\":\"SearchAction\",\"target\":{\"@type\":\"EntryPoint\",\"urlTemplate\":\"https:\/\/www.psyke.es\/en\/?s={search_term_string}\"},\"query-input\":{\"@type\":\"PropertyValueSpecification\",\"valueRequired\":true,\"valueName\":\"search_term_string\"}}],\"inLanguage\":\"en-US\"},{\"@type\":\"Person\",\"@id\":\"https:\/\/www.psyke.es\/en\/#\/schema\/person\/87774a2e60512484c09407be020d551a\",\"name\":\"Tha\u00efs Capella\",\"image\":{\"@type\":\"ImageObject\",\"inLanguage\":\"en-US\",\"@id\":\"https:\/\/www.psyke.es\/en\/#\/schema\/person\/image\/\",\"url\":\"https:\/\/secure.gravatar.com\/avatar\/71847c79c196fcb2761a3960e77f33ed0e684732f3145d9b4af037b8ed17c94c?s=96&d=mm&r=g\",\"contentUrl\":\"https:\/\/secure.gravatar.com\/avatar\/71847c79c196fcb2761a3960e77f33ed0e684732f3145d9b4af037b8ed17c94c?s=96&d=mm&r=g\",\"caption\":\"Tha\u00efs Capella\"},\"sameAs\":[\"http:\/\/psyke.es\"]}]}<\/script>\n<!-- \/ Yoast SEO plugin. -->","yoast_head_json":{"title":"\u00bfLe pedir\u00edas al olmo que te diera una pera? - Psyke","description":"Los ojos son en la realidad una min\u00fascula parte de nuestro cerebro mismo, que asoman a trav\u00e9s de dos orificios esculpidos en nuestro cr\u00e1neo.","robots":{"index":"index","follow":"follow","max-snippet":"max-snippet:-1","max-image-preview":"max-image-preview:large","max-video-preview":"max-video-preview:-1"},"canonical":"https:\/\/www.psyke.es\/en\/le-pedirias-al-olmo-que-te-diera-una-pera-realidad\/","og_locale":"en_US","og_type":"article","og_title":"\u00bfLe pedir\u00edas al olmo que te diera una pera? - Psyke","og_description":"Los ojos son en la realidad una min\u00fascula parte de nuestro cerebro mismo, que asoman a trav\u00e9s de dos orificios esculpidos en nuestro cr\u00e1neo.","og_url":"https:\/\/www.psyke.es\/en\/le-pedirias-al-olmo-que-te-diera-una-pera-realidad\/","og_site_name":"Psyke","article_published_time":"2024-12-01T15:00:00+00:00","article_modified_time":"2024-12-05T09:13:16+00:00","og_image":[{"width":1675,"height":1080,"url":"https:\/\/www.psyke.es\/wp-content\/uploads\/2024\/11\/realidad-psyke.jpg","type":"image\/jpeg"}],"author":"Tha\u00efs Capella","twitter_card":"summary_large_image","twitter_misc":{"Written by":"Tha\u00efs Capella","Est. reading time":"4 minutes"},"schema":{"@context":"https:\/\/schema.org","@graph":[{"@type":"Article","@id":"https:\/\/www.psyke.es\/en\/le-pedirias-al-olmo-que-te-diera-una-pera-realidad\/#article","isPartOf":{"@id":"https:\/\/www.psyke.es\/en\/le-pedirias-al-olmo-que-te-diera-una-pera-realidad\/"},"author":{"name":"Tha\u00efs Capella","@id":"https:\/\/www.psyke.es\/en\/#\/schema\/person\/87774a2e60512484c09407be020d551a"},"headline":"\u00bfLe pedir\u00edas al olmo que te diera una pera?","datePublished":"2024-12-01T15:00:00+00:00","dateModified":"2024-12-05T09:13:16+00:00","mainEntityOfPage":{"@id":"https:\/\/www.psyke.es\/en\/le-pedirias-al-olmo-que-te-diera-una-pera-realidad\/"},"wordCount":747,"commentCount":0,"image":{"@id":"https:\/\/www.psyke.es\/en\/le-pedirias-al-olmo-que-te-diera-una-pera-realidad\/#primaryimage"},"thumbnailUrl":"https:\/\/www.psyke.es\/wp-content\/uploads\/2024\/11\/realidad-psyke.jpg","keywords":["dana","dolor","Percepci\u00f3n","realidad","superaci\u00f3n"],"articleSection":["Mind"],"inLanguage":"en-US","potentialAction":[{"@type":"CommentAction","name":"Comment","target":["https:\/\/www.psyke.es\/en\/le-pedirias-al-olmo-que-te-diera-una-pera-realidad\/#respond"]}]},{"@type":"WebPage","@id":"https:\/\/www.psyke.es\/en\/le-pedirias-al-olmo-que-te-diera-una-pera-realidad\/","url":"https:\/\/www.psyke.es\/en\/le-pedirias-al-olmo-que-te-diera-una-pera-realidad\/","name":"\u00bfLe pedir\u00edas al olmo que te diera una pera? - Psyke","isPartOf":{"@id":"https:\/\/www.psyke.es\/en\/#website"},"primaryImageOfPage":{"@id":"https:\/\/www.psyke.es\/en\/le-pedirias-al-olmo-que-te-diera-una-pera-realidad\/#primaryimage"},"image":{"@id":"https:\/\/www.psyke.es\/en\/le-pedirias-al-olmo-que-te-diera-una-pera-realidad\/#primaryimage"},"thumbnailUrl":"https:\/\/www.psyke.es\/wp-content\/uploads\/2024\/11\/realidad-psyke.jpg","datePublished":"2024-12-01T15:00:00+00:00","dateModified":"2024-12-05T09:13:16+00:00","author":{"@id":"https:\/\/www.psyke.es\/en\/#\/schema\/person\/87774a2e60512484c09407be020d551a"},"description":"Los ojos son en la realidad una min\u00fascula parte de nuestro cerebro mismo, que asoman a trav\u00e9s de dos orificios esculpidos en nuestro cr\u00e1neo.","breadcrumb":{"@id":"https:\/\/www.psyke.es\/en\/le-pedirias-al-olmo-que-te-diera-una-pera-realidad\/#breadcrumb"},"inLanguage":"en-US","potentialAction":[{"@type":"ReadAction","target":["https:\/\/www.psyke.es\/en\/le-pedirias-al-olmo-que-te-diera-una-pera-realidad\/"]}]},{"@type":"ImageObject","inLanguage":"en-US","@id":"https:\/\/www.psyke.es\/en\/le-pedirias-al-olmo-que-te-diera-una-pera-realidad\/#primaryimage","url":"https:\/\/www.psyke.es\/wp-content\/uploads\/2024\/11\/realidad-psyke.jpg","contentUrl":"https:\/\/www.psyke.es\/wp-content\/uploads\/2024\/11\/realidad-psyke.jpg","width":1675,"height":1080,"caption":"realidad-psyke"},{"@type":"BreadcrumbList","@id":"https:\/\/www.psyke.es\/en\/le-pedirias-al-olmo-que-te-diera-una-pera-realidad\/#breadcrumb","itemListElement":[{"@type":"ListItem","position":1,"name":"Portada","item":"https:\/\/www.psyke.es\/en\/"},{"@type":"ListItem","position":2,"name":"\u00bfLe pedir\u00edas al olmo que te diera una pera?"}]},{"@type":"WebSite","@id":"https:\/\/www.psyke.es\/en\/#website","url":"https:\/\/www.psyke.es\/en\/","name":"Psyke","description":"Centro de Psicolog\u00eda","potentialAction":[{"@type":"SearchAction","target":{"@type":"EntryPoint","urlTemplate":"https:\/\/www.psyke.es\/en\/?s={search_term_string}"},"query-input":{"@type":"PropertyValueSpecification","valueRequired":true,"valueName":"search_term_string"}}],"inLanguage":"en-US"},{"@type":"Person","@id":"https:\/\/www.psyke.es\/en\/#\/schema\/person\/87774a2e60512484c09407be020d551a","name":"Tha\u00efs Capella","image":{"@type":"ImageObject","inLanguage":"en-US","@id":"https:\/\/www.psyke.es\/en\/#\/schema\/person\/image\/","url":"https:\/\/secure.gravatar.com\/avatar\/71847c79c196fcb2761a3960e77f33ed0e684732f3145d9b4af037b8ed17c94c?s=96&d=mm&r=g","contentUrl":"https:\/\/secure.gravatar.com\/avatar\/71847c79c196fcb2761a3960e77f33ed0e684732f3145d9b4af037b8ed17c94c?s=96&d=mm&r=g","caption":"Tha\u00efs Capella"},"sameAs":["http:\/\/psyke.es"]}]}},"post_mailing_queue_ids":[],"_links":{"self":[{"href":"https:\/\/www.psyke.es\/en\/wp-json\/wp\/v2\/posts\/17374","targetHints":{"allow":["GET"]}}],"collection":[{"href":"https:\/\/www.psyke.es\/en\/wp-json\/wp\/v2\/posts"}],"about":[{"href":"https:\/\/www.psyke.es\/en\/wp-json\/wp\/v2\/types\/post"}],"author":[{"embeddable":true,"href":"https:\/\/www.psyke.es\/en\/wp-json\/wp\/v2\/users\/3"}],"replies":[{"embeddable":true,"href":"https:\/\/www.psyke.es\/en\/wp-json\/wp\/v2\/comments?post=17374"}],"version-history":[{"count":1,"href":"https:\/\/www.psyke.es\/en\/wp-json\/wp\/v2\/posts\/17374\/revisions"}],"predecessor-version":[{"id":17375,"href":"https:\/\/www.psyke.es\/en\/wp-json\/wp\/v2\/posts\/17374\/revisions\/17375"}],"wp:featuredmedia":[{"embeddable":true,"href":"https:\/\/www.psyke.es\/en\/wp-json\/wp\/v2\/media\/17352"}],"wp:attachment":[{"href":"https:\/\/www.psyke.es\/en\/wp-json\/wp\/v2\/media?parent=17374"}],"wp:term":[{"taxonomy":"category","embeddable":true,"href":"https:\/\/www.psyke.es\/en\/wp-json\/wp\/v2\/categories?post=17374"},{"taxonomy":"post_tag","embeddable":true,"href":"https:\/\/www.psyke.es\/en\/wp-json\/wp\/v2\/tags?post=17374"}],"curies":[{"name":"wp","href":"https:\/\/api.w.org\/{rel}","templated":true}]}}