{"id":17413,"date":"2024-12-15T17:00:00","date_gmt":"2024-12-15T15:00:00","guid":{"rendered":"https:\/\/www.psyke.es\/urge-educar-en-empatia-compasion-y-autocompasion-desde-la-infancia\/"},"modified":"2024-12-20T14:20:32","modified_gmt":"2024-12-20T12:20:32","slug":"urge-educar-en-empatia-compasion-y-autocompasion-desde-la-infancia","status":"publish","type":"post","link":"https:\/\/www.psyke.es\/en\/urge-educar-en-empatia-compasion-y-autocompasion-desde-la-infancia\/","title":{"rendered":"Urge educar en empat\u00eda, compasi\u00f3n y autocompasi\u00f3n desde la infancia"},"content":{"rendered":"\n<p><\/p>\n\n\n\n<p>Estamos viendo y escuchando verdaderas aberraciones con respecto a la locura de la <strong>riada-DANA<\/strong>. Personas que hablan sin filtro, incapaces de comprender m\u00ednimamente lo que est\u00e1n viviendo aquellos desgarrados por las p\u00e9rdidas y que todav\u00eda siguen en estado de shock, a\u00fan incapaces de integrar lo ocurrido en limitadas mentes humanas por semejante impacto. Menos mal que hay algo de compensaci\u00f3n por la otra parte humanitaria -que s\u00ed es compasiva-, que <strong>ayudan a limpiar, apoyan psicol\u00f3gicamente con la escucha y el abrazo, y reparten comida caliente a quienes no tienen medios para comprar ni cocinarse.<\/strong><\/p>\n\n\n\n<h4 class=\"wp-block-heading\">Donde la organizaci\u00f3n administrativa no llega, llegan los <strong>voluntarios amorosos.<\/strong> Parece mentira\u2026<\/h4>\n\n\n\n<p>Los repartidores de comida se han \u201cexpertizado\u201d en log\u00edstica en tiempo r\u00e9cord. Reciben un listado de nombres y direcciones a las que entregar a domicilio. Muchos no pueden salir de sus casas, por enfermedad o incapacidad. Cuando ven llegar a los voluntarios se llenan los ojos de l\u00e1grimas, tanto a los que entregan como a los que reciben. \u00bfC\u00f3mo puede haber tanta belleza dentro de esta tremenda fealdad?&nbsp;\u00bfC\u00f3mo puede haber tanta comprensi\u00f3n humana en medio de tanta incomprensi\u00f3n? Inmenso contraste.<\/p>\n\n\n\n<p>Hemos de tomar consciencia cuanto antes que nuestro sistema educativo<strong> eduque y forme en inteligencia emocional<\/strong>,<strong> primer paso necesario para profundizar en la empat\u00eda y la compasi\u00f3n. <\/strong>Si no percibes tus expresiones emocionales, no vas a poder conectar con las emociones del otro. Todo empieza por uno mismo. Si yo s\u00e9 que siento miedo, sabr\u00e9 identificar y conectar enseguida con quien siente miedo. Pero si soy un aventurero, amante de riesgos con el miedo anestesiado, los miedos del otro me parecer\u00e1n irrisorios. De ah\u00ed que escuchemos a tantas personas enfriadas emocionalmente decir ante un sufriente \u201ctampoco es para tanto\u201d, o \u201cno me cuentes tus penas, que yo tengo las m\u00edas\u201d.<\/p>\n\n\n\n<p>Seg\u00fan <strong><a href=\"https:\/\/drpaulconti.com\/\" target=\"_blank\" rel=\"noreferrer noopener\">Paul Conti<\/a><\/strong>, psiquiatra y autor reconocido, &#8220;vivimos en una sociedad que muchas veces valora m\u00e1s la eficiencia y la productividad que la conexi\u00f3n emocional&#8221;. Y se\u00f1ala que &#8220;las crisis, como las vividas durante desastres naturales, nos exigen volver a nuestras ra\u00edces humanas: sentir con el otro, no porque sea f\u00e1cil, sino porque es vital para nuestra supervivencia emocional como especie&#8221;.<\/p>\n\n\n\n<h4 class=\"wp-block-heading\"><strong>Como sociedad, tenemos que comprometernos a construir una cultura que valore la empat\u00eda y la compasi\u00f3n como herramientas esenciales para enfrentar el sufrimiento, con humanidad y dignidad.<\/strong><\/h4>\n\n\n\n<p>Tal y como estamos comprobando en la riada, <strong>la verdadera belleza surge cuando las personas se eligen mutuamente en lugar de elegirse a s\u00ed mismas\u2026<\/strong><\/p>\n\n\n\n<blockquote class=\"wp-block-quote is-layout-flow wp-block-quote-is-layout-flow\">\n<p>&#8220;<em>Ense\u00f1ar empat\u00eda, compasi\u00f3n y autocompasi\u00f3n fortalece nuestra resiliencia colectiva. Estas cualidades no son signos de debilidad, sino de fortaleza profunda, porque nos permiten sostenernos unos a otros incluso en las circunstancias m\u00e1s adversas<\/em>.&#8221;<\/p>\n<\/blockquote>\n\n\n\n<p>Extracto del libro &#8220;<em>Trauma: The Invisible Epidemic<\/em> &#8221; (Trauma: la epidemia invisible), del Dr. Paul Conti, en el que profundiza c\u00f3mo el trauma afecta a las personas y las comunidades, destacando la importancia de la empat\u00eda, la conexi\u00f3n humana y la compasi\u00f3n como herramientas de sanaci\u00f3n.<\/p>\n\n\n\n<p>Ilustraci\u00f3n de&nbsp;<a href=\"https:\/\/www.instagram.com\/pepitasandwich\/?hl=es\" target=\"_blank\" rel=\"noreferrer noopener\"><strong>Pepita Sandwich<\/strong><\/a>, para su libro \u201cThe Art of Crying. The Healing Power of Tears\u201d (El arte de llorar. El poder sanador de las l\u00e1grimas), 2024. &nbsp;<\/p>\n\n\n\n<p>Sugerencia &#8211; <strong><a href=\"https:\/\/www.psyke.es\/en\/meditaciones\/naming-emotions\/\" target=\"_blank\" rel=\"noreferrer noopener\">Meditaci\u00f3n n. 6: \u201cNombrar Emociones\u201d<\/a><\/strong>.<\/p>\n\n\n\n<p>Esta meditaci\u00f3n sirve para desarrollar la inteligencia emocional y la gesti\u00f3n de las emociones: reconoci\u00e9ndolas, sin identificarnos con ellas, vi\u00e9ndolas como elaboraciones de la mente pasajeras, y creando distancia para aprender a responder a ellas sin reacciones impulsivas. Buena pr\u00e1ctica\u2026<\/p>\n","protected":false},"excerpt":{"rendered":"<p>Urge educar en empat\u00eda, compasi\u00f3n y autocompasi\u00f3n desde la infancia para enfrentar el sufrimiento, con humanidad y dignidad. [&#8230;]<\/p>\n<p><a class=\"btn btn-secondary understrap-read-more-link\" href=\"https:\/\/www.psyke.es\/en\/urge-educar-en-empatia-compasion-y-autocompasion-desde-la-infancia\/\">Read More&#8230;<span class=\"screen-reader-text\"> from Urge educar en empat\u00eda, compasi\u00f3n y autocompasi\u00f3n desde la infancia<\/span><\/a><\/p>\n","protected":false},"author":3,"featured_media":17392,"comment_status":"open","ping_status":"open","sticky":false,"template":"","format":"standard","meta":{"footnotes":""},"categories":[90,79],"tags":[137,458],"class_list":["post-17413","post","type-post","status-publish","format-standard","has-post-thumbnail","hentry","category-therapeutic-reflections-emotional-intelligence","category-therapeutic-reflections-emotions","tag-autocompasion-en","tag-empatia-en"],"yoast_head":"<!-- This site is optimized with the Yoast SEO plugin v27.4 - https:\/\/yoast.com\/product\/yoast-seo-wordpress\/ -->\n<title>Urge educar en empat\u00eda, compasi\u00f3n y autocompasi\u00f3n desde la infancia - Psyke<\/title>\n<meta name=\"description\" content=\"Urge educar en empat\u00eda, compasi\u00f3n y autocompasi\u00f3n desde la infancia para enfrentar el sufrimiento, con humanidad y dignidad.\" \/>\n<meta name=\"robots\" content=\"index, follow, max-snippet:-1, max-image-preview:large, max-video-preview:-1\" \/>\n<link rel=\"canonical\" href=\"https:\/\/www.psyke.es\/en\/urge-educar-en-empatia-compasion-y-autocompasion-desde-la-infancia\/\" \/>\n<meta property=\"og:locale\" content=\"en_US\" \/>\n<meta property=\"og:type\" content=\"article\" \/>\n<meta property=\"og:title\" content=\"Urge educar en empat\u00eda, compasi\u00f3n y autocompasi\u00f3n desde la infancia - Psyke\" \/>\n<meta property=\"og:description\" content=\"Urge educar en empat\u00eda, compasi\u00f3n y autocompasi\u00f3n desde la infancia para enfrentar el sufrimiento, con humanidad y dignidad.\" \/>\n<meta property=\"og:url\" content=\"https:\/\/www.psyke.es\/en\/urge-educar-en-empatia-compasion-y-autocompasion-desde-la-infancia\/\" \/>\n<meta property=\"og:site_name\" content=\"Psyke\" \/>\n<meta property=\"article:published_time\" content=\"2024-12-15T15:00:00+00:00\" \/>\n<meta property=\"article:modified_time\" content=\"2024-12-20T12:20:32+00:00\" \/>\n<meta property=\"og:image\" content=\"https:\/\/www.psyke.es\/wp-content\/uploads\/2024\/12\/urge-educar-en-empatia-compasion-y-autocompasion-desde-la-infancia-psyke-blog.jpg\" \/>\n\t<meta property=\"og:image:width\" content=\"1675\" \/>\n\t<meta property=\"og:image:height\" content=\"1080\" \/>\n\t<meta property=\"og:image:type\" content=\"image\/jpeg\" \/>\n<meta name=\"author\" content=\"Tha\u00efs Capella\" \/>\n<meta name=\"twitter:card\" content=\"summary_large_image\" \/>\n<meta name=\"twitter:label1\" content=\"Written by\" \/>\n\t<meta name=\"twitter:data1\" content=\"Tha\u00efs Capella\" \/>\n\t<meta name=\"twitter:label2\" content=\"Est. reading time\" \/>\n\t<meta name=\"twitter:data2\" content=\"3 minutes\" \/>\n<script type=\"application\/ld+json\" class=\"yoast-schema-graph\">{\"@context\":\"https:\\\/\\\/schema.org\",\"@graph\":[{\"@type\":\"Article\",\"@id\":\"https:\\\/\\\/www.psyke.es\\\/en\\\/urge-educar-en-empatia-compasion-y-autocompasion-desde-la-infancia\\\/#article\",\"isPartOf\":{\"@id\":\"https:\\\/\\\/www.psyke.es\\\/en\\\/urge-educar-en-empatia-compasion-y-autocompasion-desde-la-infancia\\\/\"},\"author\":{\"name\":\"Tha\u00efs Capella\",\"@id\":\"https:\\\/\\\/www.psyke.es\\\/en\\\/#\\\/schema\\\/person\\\/87774a2e60512484c09407be020d551a\"},\"headline\":\"Urge educar en empat\u00eda, compasi\u00f3n y autocompasi\u00f3n desde la infancia\",\"datePublished\":\"2024-12-15T15:00:00+00:00\",\"dateModified\":\"2024-12-20T12:20:32+00:00\",\"mainEntityOfPage\":{\"@id\":\"https:\\\/\\\/www.psyke.es\\\/en\\\/urge-educar-en-empatia-compasion-y-autocompasion-desde-la-infancia\\\/\"},\"wordCount\":621,\"commentCount\":0,\"image\":{\"@id\":\"https:\\\/\\\/www.psyke.es\\\/en\\\/urge-educar-en-empatia-compasion-y-autocompasion-desde-la-infancia\\\/#primaryimage\"},\"thumbnailUrl\":\"https:\\\/\\\/www.psyke.es\\\/wp-content\\\/uploads\\\/2024\\\/12\\\/urge-educar-en-empatia-compasion-y-autocompasion-desde-la-infancia-psyke-blog.jpg\",\"keywords\":[\"autocompasi\u00f3n\",\"empat\u00eda\"],\"articleSection\":[\"Emotional intelligence\",\"Emotions\"],\"inLanguage\":\"en-US\",\"potentialAction\":[{\"@type\":\"CommentAction\",\"name\":\"Comment\",\"target\":[\"https:\\\/\\\/www.psyke.es\\\/en\\\/urge-educar-en-empatia-compasion-y-autocompasion-desde-la-infancia\\\/#respond\"]}]},{\"@type\":\"WebPage\",\"@id\":\"https:\\\/\\\/www.psyke.es\\\/en\\\/urge-educar-en-empatia-compasion-y-autocompasion-desde-la-infancia\\\/\",\"url\":\"https:\\\/\\\/www.psyke.es\\\/en\\\/urge-educar-en-empatia-compasion-y-autocompasion-desde-la-infancia\\\/\",\"name\":\"Urge educar en empat\u00eda, compasi\u00f3n y autocompasi\u00f3n desde la infancia - Psyke\",\"isPartOf\":{\"@id\":\"https:\\\/\\\/www.psyke.es\\\/en\\\/#website\"},\"primaryImageOfPage\":{\"@id\":\"https:\\\/\\\/www.psyke.es\\\/en\\\/urge-educar-en-empatia-compasion-y-autocompasion-desde-la-infancia\\\/#primaryimage\"},\"image\":{\"@id\":\"https:\\\/\\\/www.psyke.es\\\/en\\\/urge-educar-en-empatia-compasion-y-autocompasion-desde-la-infancia\\\/#primaryimage\"},\"thumbnailUrl\":\"https:\\\/\\\/www.psyke.es\\\/wp-content\\\/uploads\\\/2024\\\/12\\\/urge-educar-en-empatia-compasion-y-autocompasion-desde-la-infancia-psyke-blog.jpg\",\"datePublished\":\"2024-12-15T15:00:00+00:00\",\"dateModified\":\"2024-12-20T12:20:32+00:00\",\"author\":{\"@id\":\"https:\\\/\\\/www.psyke.es\\\/en\\\/#\\\/schema\\\/person\\\/87774a2e60512484c09407be020d551a\"},\"description\":\"Urge educar en empat\u00eda, compasi\u00f3n y autocompasi\u00f3n desde la infancia para enfrentar el sufrimiento, con humanidad y dignidad.\",\"breadcrumb\":{\"@id\":\"https:\\\/\\\/www.psyke.es\\\/en\\\/urge-educar-en-empatia-compasion-y-autocompasion-desde-la-infancia\\\/#breadcrumb\"},\"inLanguage\":\"en-US\",\"potentialAction\":[{\"@type\":\"ReadAction\",\"target\":[\"https:\\\/\\\/www.psyke.es\\\/en\\\/urge-educar-en-empatia-compasion-y-autocompasion-desde-la-infancia\\\/\"]}]},{\"@type\":\"ImageObject\",\"inLanguage\":\"en-US\",\"@id\":\"https:\\\/\\\/www.psyke.es\\\/en\\\/urge-educar-en-empatia-compasion-y-autocompasion-desde-la-infancia\\\/#primaryimage\",\"url\":\"https:\\\/\\\/www.psyke.es\\\/wp-content\\\/uploads\\\/2024\\\/12\\\/urge-educar-en-empatia-compasion-y-autocompasion-desde-la-infancia-psyke-blog.jpg\",\"contentUrl\":\"https:\\\/\\\/www.psyke.es\\\/wp-content\\\/uploads\\\/2024\\\/12\\\/urge-educar-en-empatia-compasion-y-autocompasion-desde-la-infancia-psyke-blog.jpg\",\"width\":1675,\"height\":1080,\"caption\":\"urge-educar-en-empatia-compasion-y-autocompasion-desde-la-infancia-psyke-blog\"},{\"@type\":\"BreadcrumbList\",\"@id\":\"https:\\\/\\\/www.psyke.es\\\/en\\\/urge-educar-en-empatia-compasion-y-autocompasion-desde-la-infancia\\\/#breadcrumb\",\"itemListElement\":[{\"@type\":\"ListItem\",\"position\":1,\"name\":\"Portada\",\"item\":\"https:\\\/\\\/www.psyke.es\\\/en\\\/\"},{\"@type\":\"ListItem\",\"position\":2,\"name\":\"Urge educar en empat\u00eda, compasi\u00f3n y autocompasi\u00f3n desde la infancia\"}]},{\"@type\":\"WebSite\",\"@id\":\"https:\\\/\\\/www.psyke.es\\\/en\\\/#website\",\"url\":\"https:\\\/\\\/www.psyke.es\\\/en\\\/\",\"name\":\"Psyke\",\"description\":\"Centro de Psicolog\u00eda\",\"potentialAction\":[{\"@type\":\"SearchAction\",\"target\":{\"@type\":\"EntryPoint\",\"urlTemplate\":\"https:\\\/\\\/www.psyke.es\\\/en\\\/?s={search_term_string}\"},\"query-input\":{\"@type\":\"PropertyValueSpecification\",\"valueRequired\":true,\"valueName\":\"search_term_string\"}}],\"inLanguage\":\"en-US\"},{\"@type\":\"Person\",\"@id\":\"https:\\\/\\\/www.psyke.es\\\/en\\\/#\\\/schema\\\/person\\\/87774a2e60512484c09407be020d551a\",\"name\":\"Tha\u00efs Capella\",\"image\":{\"@type\":\"ImageObject\",\"inLanguage\":\"en-US\",\"@id\":\"https:\\\/\\\/secure.gravatar.com\\\/avatar\\\/71847c79c196fcb2761a3960e77f33ed0e684732f3145d9b4af037b8ed17c94c?s=96&d=mm&r=g\",\"url\":\"https:\\\/\\\/secure.gravatar.com\\\/avatar\\\/71847c79c196fcb2761a3960e77f33ed0e684732f3145d9b4af037b8ed17c94c?s=96&d=mm&r=g\",\"contentUrl\":\"https:\\\/\\\/secure.gravatar.com\\\/avatar\\\/71847c79c196fcb2761a3960e77f33ed0e684732f3145d9b4af037b8ed17c94c?s=96&d=mm&r=g\",\"caption\":\"Tha\u00efs Capella\"},\"sameAs\":[\"http:\\\/\\\/psyke.es\"]}]}<\/script>\n<!-- \/ Yoast SEO plugin. -->","yoast_head_json":{"title":"Urge educar en empat\u00eda, compasi\u00f3n y autocompasi\u00f3n desde la infancia - Psyke","description":"Urge educar en empat\u00eda, compasi\u00f3n y autocompasi\u00f3n desde la infancia para enfrentar el sufrimiento, con humanidad y dignidad.","robots":{"index":"index","follow":"follow","max-snippet":"max-snippet:-1","max-image-preview":"max-image-preview:large","max-video-preview":"max-video-preview:-1"},"canonical":"https:\/\/www.psyke.es\/en\/urge-educar-en-empatia-compasion-y-autocompasion-desde-la-infancia\/","og_locale":"en_US","og_type":"article","og_title":"Urge educar en empat\u00eda, compasi\u00f3n y autocompasi\u00f3n desde la infancia - Psyke","og_description":"Urge educar en empat\u00eda, compasi\u00f3n y autocompasi\u00f3n desde la infancia para enfrentar el sufrimiento, con humanidad y dignidad.","og_url":"https:\/\/www.psyke.es\/en\/urge-educar-en-empatia-compasion-y-autocompasion-desde-la-infancia\/","og_site_name":"Psyke","article_published_time":"2024-12-15T15:00:00+00:00","article_modified_time":"2024-12-20T12:20:32+00:00","og_image":[{"width":1675,"height":1080,"url":"https:\/\/www.psyke.es\/wp-content\/uploads\/2024\/12\/urge-educar-en-empatia-compasion-y-autocompasion-desde-la-infancia-psyke-blog.jpg","type":"image\/jpeg"}],"author":"Tha\u00efs Capella","twitter_card":"summary_large_image","twitter_misc":{"Written by":"Tha\u00efs Capella","Est. reading time":"3 minutes"},"schema":{"@context":"https:\/\/schema.org","@graph":[{"@type":"Article","@id":"https:\/\/www.psyke.es\/en\/urge-educar-en-empatia-compasion-y-autocompasion-desde-la-infancia\/#article","isPartOf":{"@id":"https:\/\/www.psyke.es\/en\/urge-educar-en-empatia-compasion-y-autocompasion-desde-la-infancia\/"},"author":{"name":"Tha\u00efs Capella","@id":"https:\/\/www.psyke.es\/en\/#\/schema\/person\/87774a2e60512484c09407be020d551a"},"headline":"Urge educar en empat\u00eda, compasi\u00f3n y autocompasi\u00f3n desde la infancia","datePublished":"2024-12-15T15:00:00+00:00","dateModified":"2024-12-20T12:20:32+00:00","mainEntityOfPage":{"@id":"https:\/\/www.psyke.es\/en\/urge-educar-en-empatia-compasion-y-autocompasion-desde-la-infancia\/"},"wordCount":621,"commentCount":0,"image":{"@id":"https:\/\/www.psyke.es\/en\/urge-educar-en-empatia-compasion-y-autocompasion-desde-la-infancia\/#primaryimage"},"thumbnailUrl":"https:\/\/www.psyke.es\/wp-content\/uploads\/2024\/12\/urge-educar-en-empatia-compasion-y-autocompasion-desde-la-infancia-psyke-blog.jpg","keywords":["autocompasi\u00f3n","empat\u00eda"],"articleSection":["Emotional intelligence","Emotions"],"inLanguage":"en-US","potentialAction":[{"@type":"CommentAction","name":"Comment","target":["https:\/\/www.psyke.es\/en\/urge-educar-en-empatia-compasion-y-autocompasion-desde-la-infancia\/#respond"]}]},{"@type":"WebPage","@id":"https:\/\/www.psyke.es\/en\/urge-educar-en-empatia-compasion-y-autocompasion-desde-la-infancia\/","url":"https:\/\/www.psyke.es\/en\/urge-educar-en-empatia-compasion-y-autocompasion-desde-la-infancia\/","name":"Urge educar en empat\u00eda, compasi\u00f3n y autocompasi\u00f3n desde la infancia - Psyke","isPartOf":{"@id":"https:\/\/www.psyke.es\/en\/#website"},"primaryImageOfPage":{"@id":"https:\/\/www.psyke.es\/en\/urge-educar-en-empatia-compasion-y-autocompasion-desde-la-infancia\/#primaryimage"},"image":{"@id":"https:\/\/www.psyke.es\/en\/urge-educar-en-empatia-compasion-y-autocompasion-desde-la-infancia\/#primaryimage"},"thumbnailUrl":"https:\/\/www.psyke.es\/wp-content\/uploads\/2024\/12\/urge-educar-en-empatia-compasion-y-autocompasion-desde-la-infancia-psyke-blog.jpg","datePublished":"2024-12-15T15:00:00+00:00","dateModified":"2024-12-20T12:20:32+00:00","author":{"@id":"https:\/\/www.psyke.es\/en\/#\/schema\/person\/87774a2e60512484c09407be020d551a"},"description":"Urge educar en empat\u00eda, compasi\u00f3n y autocompasi\u00f3n desde la infancia para enfrentar el sufrimiento, con humanidad y dignidad.","breadcrumb":{"@id":"https:\/\/www.psyke.es\/en\/urge-educar-en-empatia-compasion-y-autocompasion-desde-la-infancia\/#breadcrumb"},"inLanguage":"en-US","potentialAction":[{"@type":"ReadAction","target":["https:\/\/www.psyke.es\/en\/urge-educar-en-empatia-compasion-y-autocompasion-desde-la-infancia\/"]}]},{"@type":"ImageObject","inLanguage":"en-US","@id":"https:\/\/www.psyke.es\/en\/urge-educar-en-empatia-compasion-y-autocompasion-desde-la-infancia\/#primaryimage","url":"https:\/\/www.psyke.es\/wp-content\/uploads\/2024\/12\/urge-educar-en-empatia-compasion-y-autocompasion-desde-la-infancia-psyke-blog.jpg","contentUrl":"https:\/\/www.psyke.es\/wp-content\/uploads\/2024\/12\/urge-educar-en-empatia-compasion-y-autocompasion-desde-la-infancia-psyke-blog.jpg","width":1675,"height":1080,"caption":"urge-educar-en-empatia-compasion-y-autocompasion-desde-la-infancia-psyke-blog"},{"@type":"BreadcrumbList","@id":"https:\/\/www.psyke.es\/en\/urge-educar-en-empatia-compasion-y-autocompasion-desde-la-infancia\/#breadcrumb","itemListElement":[{"@type":"ListItem","position":1,"name":"Portada","item":"https:\/\/www.psyke.es\/en\/"},{"@type":"ListItem","position":2,"name":"Urge educar en empat\u00eda, compasi\u00f3n y autocompasi\u00f3n desde la infancia"}]},{"@type":"WebSite","@id":"https:\/\/www.psyke.es\/en\/#website","url":"https:\/\/www.psyke.es\/en\/","name":"Psyke","description":"Centro de Psicolog\u00eda","potentialAction":[{"@type":"SearchAction","target":{"@type":"EntryPoint","urlTemplate":"https:\/\/www.psyke.es\/en\/?s={search_term_string}"},"query-input":{"@type":"PropertyValueSpecification","valueRequired":true,"valueName":"search_term_string"}}],"inLanguage":"en-US"},{"@type":"Person","@id":"https:\/\/www.psyke.es\/en\/#\/schema\/person\/87774a2e60512484c09407be020d551a","name":"Tha\u00efs Capella","image":{"@type":"ImageObject","inLanguage":"en-US","@id":"https:\/\/secure.gravatar.com\/avatar\/71847c79c196fcb2761a3960e77f33ed0e684732f3145d9b4af037b8ed17c94c?s=96&d=mm&r=g","url":"https:\/\/secure.gravatar.com\/avatar\/71847c79c196fcb2761a3960e77f33ed0e684732f3145d9b4af037b8ed17c94c?s=96&d=mm&r=g","contentUrl":"https:\/\/secure.gravatar.com\/avatar\/71847c79c196fcb2761a3960e77f33ed0e684732f3145d9b4af037b8ed17c94c?s=96&d=mm&r=g","caption":"Tha\u00efs Capella"},"sameAs":["http:\/\/psyke.es"]}]}},"post_mailing_queue_ids":[],"_links":{"self":[{"href":"https:\/\/www.psyke.es\/en\/wp-json\/wp\/v2\/posts\/17413","targetHints":{"allow":["GET"]}}],"collection":[{"href":"https:\/\/www.psyke.es\/en\/wp-json\/wp\/v2\/posts"}],"about":[{"href":"https:\/\/www.psyke.es\/en\/wp-json\/wp\/v2\/types\/post"}],"author":[{"embeddable":true,"href":"https:\/\/www.psyke.es\/en\/wp-json\/wp\/v2\/users\/3"}],"replies":[{"embeddable":true,"href":"https:\/\/www.psyke.es\/en\/wp-json\/wp\/v2\/comments?post=17413"}],"version-history":[{"count":0,"href":"https:\/\/www.psyke.es\/en\/wp-json\/wp\/v2\/posts\/17413\/revisions"}],"wp:featuredmedia":[{"embeddable":true,"href":"https:\/\/www.psyke.es\/en\/wp-json\/wp\/v2\/media\/17392"}],"wp:attachment":[{"href":"https:\/\/www.psyke.es\/en\/wp-json\/wp\/v2\/media?parent=17413"}],"wp:term":[{"taxonomy":"category","embeddable":true,"href":"https:\/\/www.psyke.es\/en\/wp-json\/wp\/v2\/categories?post=17413"},{"taxonomy":"post_tag","embeddable":true,"href":"https:\/\/www.psyke.es\/en\/wp-json\/wp\/v2\/tags?post=17413"}],"curies":[{"name":"wp","href":"https:\/\/api.w.org\/{rel}","templated":true}]}}