{"id":17493,"date":"2025-01-12T17:00:00","date_gmt":"2025-01-12T15:00:00","guid":{"rendered":"https:\/\/www.psyke.es\/el-poder-sanador-y-liberador-del-ayudador-herido\/"},"modified":"2025-01-16T14:46:54","modified_gmt":"2025-01-16T12:46:54","slug":"el-poder-sanador-y-liberador-del-ayudador-herido","status":"publish","type":"post","link":"https:\/\/www.psyke.es\/en\/el-poder-sanador-y-liberador-del-ayudador-herido\/","title":{"rendered":"El poder sanador y liberador del ayudador herido"},"content":{"rendered":"\n<p><\/p>\n\n\n\n<p>Quienes m\u00e1s han sufrido profundamente son los primeros que se tiran a la calle y saben <strong>ayudar de forma amorosa y efectiva<\/strong>. Precisamente <strong>porque han sentido dolor profundo en sus vidas, son los m\u00e1s capaces de reconocerlo y acogerlo de inmediato<\/strong>. Este fen\u00f3meno de <strong>&#8220;ayudador herido&#8221;<\/strong>, muestra c\u00f3mo las cicatrices personales pueden tender puentes hacia los dem\u00e1s, repletos de<strong> empat\u00eda y comprensi\u00f3n aut\u00e9ntica y sentida.<\/strong><\/p>\n\n\n\n<p>La figura mitol\u00f3gica griega de Quir\u00f3n, conocida como &#8220;el centauro herido&#8221;, es quien mejor representa esta paradoja. Era mitad hombre y mitad caballo y, a diferencia de los otros centauros que se consideraban violentos, Quir\u00f3n era sabio, amable y civilizado. Fue un maestro, sanador y consejero que pose\u00eda un ampl\u00edsimo conocimiento en medicina, m\u00fasica, filosof\u00eda y las bellas artes. Quir\u00f3n simboliza el <strong>arquetipo del sanador herido que transforma su dolor en conocimiento para ayudar a otros a sanar.<\/strong><\/p>\n\n\n\n<p>Ya lo dec\u00eda <strong>Rumi<\/strong>, poeta suf\u00ed del S. XIII: \u201cno apartes la mirada, la herida es el lugar por donde la luz entra en ti\u201d, en clara alusi\u00f3n a que <strong>nuestras vulnerabilidades y dolores pueden ser transformadores y llenos de significado si somos capaces de mirarlos de frente<\/strong>. Ser un ayudador herido no significa ser infalible; significa <strong>Ser Humano<\/strong>. Y en esa humanidad, con todas sus imperfecciones y aprendizajes, reside el verdadero poder de <strong>sanar, tanto hacia uno mismo como a los dem\u00e1s.<\/strong><\/p>\n\n\n\n<p>Al fondo la mayor\u00eda albergamos alg\u00fan dolor de\u00a0 nuestra infancia y, si nos fijamos, los que antes se han tirado al fango a ayudar (nunca mejor dicho) seguramente son los que han sabido comprender profundamente el dolor de verdad. Porque<strong> cuando conectamos con nuestras propias heridas somos m\u00e1s capaces de ver las de los dem\u00e1s con una claridad que trasciende el juicio<\/strong>. La conexi\u00f3n humana no surge de la perfecci\u00f3n, sino de la autenticidad y la vulnerabilidad compartidas. <strong>Nuestro dolor nos abre, nos hace m\u00e1s humanos<\/strong>. Cuando estamos dispuestos a sostener nuestras heridas, podemos sostener tambi\u00e9n las de los otros desde un lugar de verdadera presencia.<\/p>\n\n\n\n<p>Teniendo en cuenta el sufrimiento de tantas personas tan cercanas, hacemos hincapi\u00e9 en la importancia de saber aplicarnos la <strong>autocompasi\u00f3n.<\/strong> Es indispensable. No podemos ofrecer a otros lo que no estamos dispuestos a darnos a nosotros mismos. Cultivar una relaci\u00f3n amable con nuestras heridas no solo nos sana, sino que tambi\u00e9n <strong>amplifica nuestra capacidad de ayudar a los dem\u00e1s desde un lugar de equilibrio y fortaleza<\/strong>. Lo demuestra la evidencia de multitud de estudios cient\u00edficos.\u00a0<\/p>\n\n\n\n<p>Quiz\u00e1s solo pueda ser as\u00ed, en ese espacio de vulnerabilidad compartida, donde se encuentre el potencial m\u00e1s poderoso de todos: el de sanar juntos.<\/p>\n\n\n\n<blockquote class=\"wp-block-quote is-layout-flow wp-block-quote-is-layout-flow\">\n<p>&#8220;<em>El dolor no es algo que resolver; es algo que acompa\u00f1ar. Las heridas profundas no necesitan ser &#8216;arregladas&#8217;, necesitan ser escuchadas y reconocidas. Cuando dejamos de intentar &#8216;arreglar&#8217; el dolor, abrimos un espacio para que las personas se sientan vistas y valoradas tal como son, incluso en medio de su sufrimiento.&#8221;<\/em><\/p>\n<\/blockquote>\n\n\n\n<p>Cita del libro &#8220;<em>It\u2019s OK That You\u2019re Not OK: Meeting Grief and Loss in a Culture That Doesn\u2019t Understand<\/em>&#8221; (&#8220;Est\u00e1 bien no estar bien: Enfrentando el duelo y la p\u00e9rdida en una cultura que no lo comprende&#8221;) de <strong><a href=\"https:\/\/www.instagram.com\/refugeingrief\/?hl=es\" target=\"_blank\" rel=\"noreferrer noopener\">Megan Devine<\/a><\/strong>, terapeuta y experta en el manejo del duelo. 2017.<\/p>\n\n\n\n<p>Ilustraci\u00f3n de Maurice Sendak, para \u00a0\u201cKenny\u2019s Window\u201d, de 1857.<\/p>\n\n\n\n<p>Sugerencia &#8211; <strong><a href=\"https:\/\/www.psyke.es\/en\/meditaciones\/open-monitoring-aware-of-being-aware\/\" target=\"_blank\" rel=\"noreferrer noopener\">Meditaci\u00f3n n. 5: \u201cMonitoreo Abierto: Conscientes de Ser Conscientes\u201d<\/a><\/strong><\/p>\n\n\n\n<p>Esta meditaci\u00f3n sirve para cultivar la amabilidad, apertura y aceptaci\u00f3n ante todo lo que aparece en nuestra consciencia como observadores imparciales de la experiencia, sin etiquetar y sin contarnos historias sobre lo que experimentemos. Al afrontar con amabilidad lo que ocurre dentro de nosotros, abrimos un espacio para poder acoger lo que ocurre fuera de nosotros, sin pretender modificarlo, ni controlarlo, permitiendo que sea tal cual es. Buena pr\u00e1ctica&#8230;<\/p>\n","protected":false},"excerpt":{"rendered":"<p>El fen\u00f3meno de ayudador herido muestra c\u00f3mo las cicatrices personales pueden tender puentes hacia los dem\u00e1s, repletos de empat\u00eda y comprensi\u00f3n [&#8230;]<\/p>\n<p><a class=\"btn btn-secondary understrap-read-more-link\" href=\"https:\/\/www.psyke.es\/en\/el-poder-sanador-y-liberador-del-ayudador-herido\/\">Read More&#8230;<span class=\"screen-reader-text\"> from El poder sanador y liberador del ayudador herido<\/span><\/a><\/p>\n","protected":false},"author":3,"featured_media":17476,"comment_status":"open","ping_status":"open","sticky":false,"template":"","format":"standard","meta":{"footnotes":""},"categories":[90],"tags":[471,472,473],"class_list":["post-17493","post","type-post","status-publish","format-standard","has-post-thumbnail","hentry","category-therapeutic-reflections-emotional-intelligence","tag-ayudador-en","tag-ayudar-en","tag-sanar-en"],"yoast_head":"<!-- This site is optimized with the Yoast SEO plugin v26.7 - https:\/\/yoast.com\/wordpress\/plugins\/seo\/ -->\n<title>El poder sanador y liberador del ayudador herido - Psyke<\/title>\n<meta name=\"description\" content=\"El fen\u00f3meno de ayudador herido muestra c\u00f3mo las cicatrices personales pueden tender puentes hacia los dem\u00e1s, repletos de empat\u00eda y comprensi\u00f3n\" \/>\n<meta name=\"robots\" content=\"index, follow, max-snippet:-1, max-image-preview:large, max-video-preview:-1\" \/>\n<link rel=\"canonical\" href=\"https:\/\/www.psyke.es\/en\/el-poder-sanador-y-liberador-del-ayudador-herido\/\" \/>\n<meta property=\"og:locale\" content=\"en_US\" \/>\n<meta property=\"og:type\" content=\"article\" \/>\n<meta property=\"og:title\" content=\"El poder sanador y liberador del ayudador herido - Psyke\" \/>\n<meta property=\"og:description\" content=\"El fen\u00f3meno de ayudador herido muestra c\u00f3mo las cicatrices personales pueden tender puentes hacia los dem\u00e1s, repletos de empat\u00eda y comprensi\u00f3n\" \/>\n<meta property=\"og:url\" content=\"https:\/\/www.psyke.es\/en\/el-poder-sanador-y-liberador-del-ayudador-herido\/\" \/>\n<meta property=\"og:site_name\" content=\"Psyke\" \/>\n<meta property=\"article:published_time\" content=\"2025-01-12T15:00:00+00:00\" \/>\n<meta property=\"article:modified_time\" content=\"2025-01-16T12:46:54+00:00\" \/>\n<meta property=\"og:image\" content=\"https:\/\/www.psyke.es\/wp-content\/uploads\/2025\/01\/el-poder-sanador-y-liberador-del-ayudador-herido-psyke.jpg\" \/>\n\t<meta property=\"og:image:width\" content=\"1675\" \/>\n\t<meta property=\"og:image:height\" content=\"1080\" \/>\n\t<meta property=\"og:image:type\" content=\"image\/jpeg\" \/>\n<meta name=\"author\" content=\"Tha\u00efs Capella\" \/>\n<meta name=\"twitter:card\" content=\"summary_large_image\" \/>\n<meta name=\"twitter:label1\" content=\"Written by\" \/>\n\t<meta name=\"twitter:data1\" content=\"Tha\u00efs Capella\" \/>\n\t<meta name=\"twitter:label2\" content=\"Est. reading time\" \/>\n\t<meta name=\"twitter:data2\" content=\"3 minutes\" \/>\n<script type=\"application\/ld+json\" class=\"yoast-schema-graph\">{\"@context\":\"https:\/\/schema.org\",\"@graph\":[{\"@type\":\"Article\",\"@id\":\"https:\/\/www.psyke.es\/en\/el-poder-sanador-y-liberador-del-ayudador-herido\/#article\",\"isPartOf\":{\"@id\":\"https:\/\/www.psyke.es\/en\/el-poder-sanador-y-liberador-del-ayudador-herido\/\"},\"author\":{\"name\":\"Tha\u00efs Capella\",\"@id\":\"https:\/\/www.psyke.es\/en\/#\/schema\/person\/87774a2e60512484c09407be020d551a\"},\"headline\":\"El poder sanador y liberador del ayudador herido\",\"datePublished\":\"2025-01-12T15:00:00+00:00\",\"dateModified\":\"2025-01-16T12:46:54+00:00\",\"mainEntityOfPage\":{\"@id\":\"https:\/\/www.psyke.es\/en\/el-poder-sanador-y-liberador-del-ayudador-herido\/\"},\"wordCount\":670,\"commentCount\":0,\"image\":{\"@id\":\"https:\/\/www.psyke.es\/en\/el-poder-sanador-y-liberador-del-ayudador-herido\/#primaryimage\"},\"thumbnailUrl\":\"https:\/\/www.psyke.es\/wp-content\/uploads\/2025\/01\/el-poder-sanador-y-liberador-del-ayudador-herido-psyke.jpg\",\"keywords\":[\"ayudador\",\"ayudar\",\"sanar\"],\"articleSection\":[\"Emotional intelligence\"],\"inLanguage\":\"en-US\",\"potentialAction\":[{\"@type\":\"CommentAction\",\"name\":\"Comment\",\"target\":[\"https:\/\/www.psyke.es\/en\/el-poder-sanador-y-liberador-del-ayudador-herido\/#respond\"]}]},{\"@type\":\"WebPage\",\"@id\":\"https:\/\/www.psyke.es\/en\/el-poder-sanador-y-liberador-del-ayudador-herido\/\",\"url\":\"https:\/\/www.psyke.es\/en\/el-poder-sanador-y-liberador-del-ayudador-herido\/\",\"name\":\"El poder sanador y liberador del ayudador herido - Psyke\",\"isPartOf\":{\"@id\":\"https:\/\/www.psyke.es\/en\/#website\"},\"primaryImageOfPage\":{\"@id\":\"https:\/\/www.psyke.es\/en\/el-poder-sanador-y-liberador-del-ayudador-herido\/#primaryimage\"},\"image\":{\"@id\":\"https:\/\/www.psyke.es\/en\/el-poder-sanador-y-liberador-del-ayudador-herido\/#primaryimage\"},\"thumbnailUrl\":\"https:\/\/www.psyke.es\/wp-content\/uploads\/2025\/01\/el-poder-sanador-y-liberador-del-ayudador-herido-psyke.jpg\",\"datePublished\":\"2025-01-12T15:00:00+00:00\",\"dateModified\":\"2025-01-16T12:46:54+00:00\",\"author\":{\"@id\":\"https:\/\/www.psyke.es\/en\/#\/schema\/person\/87774a2e60512484c09407be020d551a\"},\"description\":\"El fen\u00f3meno de ayudador herido muestra c\u00f3mo las cicatrices personales pueden tender puentes hacia los dem\u00e1s, repletos de empat\u00eda y comprensi\u00f3n\",\"breadcrumb\":{\"@id\":\"https:\/\/www.psyke.es\/en\/el-poder-sanador-y-liberador-del-ayudador-herido\/#breadcrumb\"},\"inLanguage\":\"en-US\",\"potentialAction\":[{\"@type\":\"ReadAction\",\"target\":[\"https:\/\/www.psyke.es\/en\/el-poder-sanador-y-liberador-del-ayudador-herido\/\"]}]},{\"@type\":\"ImageObject\",\"inLanguage\":\"en-US\",\"@id\":\"https:\/\/www.psyke.es\/en\/el-poder-sanador-y-liberador-del-ayudador-herido\/#primaryimage\",\"url\":\"https:\/\/www.psyke.es\/wp-content\/uploads\/2025\/01\/el-poder-sanador-y-liberador-del-ayudador-herido-psyke.jpg\",\"contentUrl\":\"https:\/\/www.psyke.es\/wp-content\/uploads\/2025\/01\/el-poder-sanador-y-liberador-del-ayudador-herido-psyke.jpg\",\"width\":1675,\"height\":1080,\"caption\":\"el-poder-sanador-y-liberador-del-ayudador-herido-psyke\"},{\"@type\":\"BreadcrumbList\",\"@id\":\"https:\/\/www.psyke.es\/en\/el-poder-sanador-y-liberador-del-ayudador-herido\/#breadcrumb\",\"itemListElement\":[{\"@type\":\"ListItem\",\"position\":1,\"name\":\"Portada\",\"item\":\"https:\/\/www.psyke.es\/en\/\"},{\"@type\":\"ListItem\",\"position\":2,\"name\":\"El poder sanador y liberador del ayudador herido\"}]},{\"@type\":\"WebSite\",\"@id\":\"https:\/\/www.psyke.es\/en\/#website\",\"url\":\"https:\/\/www.psyke.es\/en\/\",\"name\":\"Psyke\",\"description\":\"Centro de Psicolog\u00eda\",\"potentialAction\":[{\"@type\":\"SearchAction\",\"target\":{\"@type\":\"EntryPoint\",\"urlTemplate\":\"https:\/\/www.psyke.es\/en\/?s={search_term_string}\"},\"query-input\":{\"@type\":\"PropertyValueSpecification\",\"valueRequired\":true,\"valueName\":\"search_term_string\"}}],\"inLanguage\":\"en-US\"},{\"@type\":\"Person\",\"@id\":\"https:\/\/www.psyke.es\/en\/#\/schema\/person\/87774a2e60512484c09407be020d551a\",\"name\":\"Tha\u00efs Capella\",\"image\":{\"@type\":\"ImageObject\",\"inLanguage\":\"en-US\",\"@id\":\"https:\/\/www.psyke.es\/en\/#\/schema\/person\/image\/\",\"url\":\"https:\/\/secure.gravatar.com\/avatar\/71847c79c196fcb2761a3960e77f33ed0e684732f3145d9b4af037b8ed17c94c?s=96&d=mm&r=g\",\"contentUrl\":\"https:\/\/secure.gravatar.com\/avatar\/71847c79c196fcb2761a3960e77f33ed0e684732f3145d9b4af037b8ed17c94c?s=96&d=mm&r=g\",\"caption\":\"Tha\u00efs Capella\"},\"sameAs\":[\"http:\/\/psyke.es\"]}]}<\/script>\n<!-- \/ Yoast SEO plugin. -->","yoast_head_json":{"title":"El poder sanador y liberador del ayudador herido - Psyke","description":"El fen\u00f3meno de ayudador herido muestra c\u00f3mo las cicatrices personales pueden tender puentes hacia los dem\u00e1s, repletos de empat\u00eda y comprensi\u00f3n","robots":{"index":"index","follow":"follow","max-snippet":"max-snippet:-1","max-image-preview":"max-image-preview:large","max-video-preview":"max-video-preview:-1"},"canonical":"https:\/\/www.psyke.es\/en\/el-poder-sanador-y-liberador-del-ayudador-herido\/","og_locale":"en_US","og_type":"article","og_title":"El poder sanador y liberador del ayudador herido - Psyke","og_description":"El fen\u00f3meno de ayudador herido muestra c\u00f3mo las cicatrices personales pueden tender puentes hacia los dem\u00e1s, repletos de empat\u00eda y comprensi\u00f3n","og_url":"https:\/\/www.psyke.es\/en\/el-poder-sanador-y-liberador-del-ayudador-herido\/","og_site_name":"Psyke","article_published_time":"2025-01-12T15:00:00+00:00","article_modified_time":"2025-01-16T12:46:54+00:00","og_image":[{"width":1675,"height":1080,"url":"https:\/\/www.psyke.es\/wp-content\/uploads\/2025\/01\/el-poder-sanador-y-liberador-del-ayudador-herido-psyke.jpg","type":"image\/jpeg"}],"author":"Tha\u00efs Capella","twitter_card":"summary_large_image","twitter_misc":{"Written by":"Tha\u00efs Capella","Est. reading time":"3 minutes"},"schema":{"@context":"https:\/\/schema.org","@graph":[{"@type":"Article","@id":"https:\/\/www.psyke.es\/en\/el-poder-sanador-y-liberador-del-ayudador-herido\/#article","isPartOf":{"@id":"https:\/\/www.psyke.es\/en\/el-poder-sanador-y-liberador-del-ayudador-herido\/"},"author":{"name":"Tha\u00efs Capella","@id":"https:\/\/www.psyke.es\/en\/#\/schema\/person\/87774a2e60512484c09407be020d551a"},"headline":"El poder sanador y liberador del ayudador herido","datePublished":"2025-01-12T15:00:00+00:00","dateModified":"2025-01-16T12:46:54+00:00","mainEntityOfPage":{"@id":"https:\/\/www.psyke.es\/en\/el-poder-sanador-y-liberador-del-ayudador-herido\/"},"wordCount":670,"commentCount":0,"image":{"@id":"https:\/\/www.psyke.es\/en\/el-poder-sanador-y-liberador-del-ayudador-herido\/#primaryimage"},"thumbnailUrl":"https:\/\/www.psyke.es\/wp-content\/uploads\/2025\/01\/el-poder-sanador-y-liberador-del-ayudador-herido-psyke.jpg","keywords":["ayudador","ayudar","sanar"],"articleSection":["Emotional intelligence"],"inLanguage":"en-US","potentialAction":[{"@type":"CommentAction","name":"Comment","target":["https:\/\/www.psyke.es\/en\/el-poder-sanador-y-liberador-del-ayudador-herido\/#respond"]}]},{"@type":"WebPage","@id":"https:\/\/www.psyke.es\/en\/el-poder-sanador-y-liberador-del-ayudador-herido\/","url":"https:\/\/www.psyke.es\/en\/el-poder-sanador-y-liberador-del-ayudador-herido\/","name":"El poder sanador y liberador del ayudador herido - Psyke","isPartOf":{"@id":"https:\/\/www.psyke.es\/en\/#website"},"primaryImageOfPage":{"@id":"https:\/\/www.psyke.es\/en\/el-poder-sanador-y-liberador-del-ayudador-herido\/#primaryimage"},"image":{"@id":"https:\/\/www.psyke.es\/en\/el-poder-sanador-y-liberador-del-ayudador-herido\/#primaryimage"},"thumbnailUrl":"https:\/\/www.psyke.es\/wp-content\/uploads\/2025\/01\/el-poder-sanador-y-liberador-del-ayudador-herido-psyke.jpg","datePublished":"2025-01-12T15:00:00+00:00","dateModified":"2025-01-16T12:46:54+00:00","author":{"@id":"https:\/\/www.psyke.es\/en\/#\/schema\/person\/87774a2e60512484c09407be020d551a"},"description":"El fen\u00f3meno de ayudador herido muestra c\u00f3mo las cicatrices personales pueden tender puentes hacia los dem\u00e1s, repletos de empat\u00eda y comprensi\u00f3n","breadcrumb":{"@id":"https:\/\/www.psyke.es\/en\/el-poder-sanador-y-liberador-del-ayudador-herido\/#breadcrumb"},"inLanguage":"en-US","potentialAction":[{"@type":"ReadAction","target":["https:\/\/www.psyke.es\/en\/el-poder-sanador-y-liberador-del-ayudador-herido\/"]}]},{"@type":"ImageObject","inLanguage":"en-US","@id":"https:\/\/www.psyke.es\/en\/el-poder-sanador-y-liberador-del-ayudador-herido\/#primaryimage","url":"https:\/\/www.psyke.es\/wp-content\/uploads\/2025\/01\/el-poder-sanador-y-liberador-del-ayudador-herido-psyke.jpg","contentUrl":"https:\/\/www.psyke.es\/wp-content\/uploads\/2025\/01\/el-poder-sanador-y-liberador-del-ayudador-herido-psyke.jpg","width":1675,"height":1080,"caption":"el-poder-sanador-y-liberador-del-ayudador-herido-psyke"},{"@type":"BreadcrumbList","@id":"https:\/\/www.psyke.es\/en\/el-poder-sanador-y-liberador-del-ayudador-herido\/#breadcrumb","itemListElement":[{"@type":"ListItem","position":1,"name":"Portada","item":"https:\/\/www.psyke.es\/en\/"},{"@type":"ListItem","position":2,"name":"El poder sanador y liberador del ayudador herido"}]},{"@type":"WebSite","@id":"https:\/\/www.psyke.es\/en\/#website","url":"https:\/\/www.psyke.es\/en\/","name":"Psyke","description":"Centro de Psicolog\u00eda","potentialAction":[{"@type":"SearchAction","target":{"@type":"EntryPoint","urlTemplate":"https:\/\/www.psyke.es\/en\/?s={search_term_string}"},"query-input":{"@type":"PropertyValueSpecification","valueRequired":true,"valueName":"search_term_string"}}],"inLanguage":"en-US"},{"@type":"Person","@id":"https:\/\/www.psyke.es\/en\/#\/schema\/person\/87774a2e60512484c09407be020d551a","name":"Tha\u00efs Capella","image":{"@type":"ImageObject","inLanguage":"en-US","@id":"https:\/\/www.psyke.es\/en\/#\/schema\/person\/image\/","url":"https:\/\/secure.gravatar.com\/avatar\/71847c79c196fcb2761a3960e77f33ed0e684732f3145d9b4af037b8ed17c94c?s=96&d=mm&r=g","contentUrl":"https:\/\/secure.gravatar.com\/avatar\/71847c79c196fcb2761a3960e77f33ed0e684732f3145d9b4af037b8ed17c94c?s=96&d=mm&r=g","caption":"Tha\u00efs Capella"},"sameAs":["http:\/\/psyke.es"]}]}},"post_mailing_queue_ids":[],"_links":{"self":[{"href":"https:\/\/www.psyke.es\/en\/wp-json\/wp\/v2\/posts\/17493","targetHints":{"allow":["GET"]}}],"collection":[{"href":"https:\/\/www.psyke.es\/en\/wp-json\/wp\/v2\/posts"}],"about":[{"href":"https:\/\/www.psyke.es\/en\/wp-json\/wp\/v2\/types\/post"}],"author":[{"embeddable":true,"href":"https:\/\/www.psyke.es\/en\/wp-json\/wp\/v2\/users\/3"}],"replies":[{"embeddable":true,"href":"https:\/\/www.psyke.es\/en\/wp-json\/wp\/v2\/comments?post=17493"}],"version-history":[{"count":1,"href":"https:\/\/www.psyke.es\/en\/wp-json\/wp\/v2\/posts\/17493\/revisions"}],"predecessor-version":[{"id":17494,"href":"https:\/\/www.psyke.es\/en\/wp-json\/wp\/v2\/posts\/17493\/revisions\/17494"}],"wp:featuredmedia":[{"embeddable":true,"href":"https:\/\/www.psyke.es\/en\/wp-json\/wp\/v2\/media\/17476"}],"wp:attachment":[{"href":"https:\/\/www.psyke.es\/en\/wp-json\/wp\/v2\/media?parent=17493"}],"wp:term":[{"taxonomy":"category","embeddable":true,"href":"https:\/\/www.psyke.es\/en\/wp-json\/wp\/v2\/categories?post=17493"},{"taxonomy":"post_tag","embeddable":true,"href":"https:\/\/www.psyke.es\/en\/wp-json\/wp\/v2\/tags?post=17493"}],"curies":[{"name":"wp","href":"https:\/\/api.w.org\/{rel}","templated":true}]}}