{"id":17796,"date":"2025-03-23T17:00:00","date_gmt":"2025-03-23T15:00:00","guid":{"rendered":"https:\/\/www.psyke.es\/agradecemos-las-luces-porque-existen-las-sombras-benditos-contrastes\/"},"modified":"2025-04-06T11:34:34","modified_gmt":"2025-04-06T09:34:34","slug":"agradecemos-las-luces-porque-existen-las-sombras-benditos-contrastes","status":"publish","type":"post","link":"https:\/\/www.psyke.es\/en\/agradecemos-las-luces-porque-existen-las-sombras-benditos-contrastes\/","title":{"rendered":"Agradecemos las luces porque existen las sombras: benditos contrastes"},"content":{"rendered":"\n<p>Los <strong>contrastes<\/strong> tienen una capacidad \u00fanica para ense\u00f1arnos a valorar lo que verdaderamente importa. Si madrugo para ir a trabajar todos los d\u00edas de lunes a viernes, los fines de semana que no pongo la alarma se convierten en una delicia. Si entre semana me tomo el desayuno apresuradamente porque no tengo tiempo de deleitarme, el s\u00e1bado que me quedo embelesada mirando por la ventana con mi caf\u00e9 en la mano, sin prisas, me parece lo m\u00e1s.<\/p>\n\n\n\n<p>Cuando estamos<strong> inmersos en la rutina<\/strong>, las cosas m\u00e1s simples, como un desayuno sin prisas o una ma\u00f1ana sin despertador, se convierten en peque\u00f1os lujos. Este tipo de reflexiones, aparentemente tan sencillas, nos invitan a reconsiderar lo que realmente nos hace felices y c\u00f3mo podemos<strong> incorporar m\u00e1s momentos de disfrute en nuestra vida diaria<\/strong> a trav\u00e9s de los contrastes. Y es que <strong>alternar momentos de actividad intensa y de relajaci\u00f3n <\/strong>puede ser clave para nuestro bienestar y felicidad, siempre y cuando seamos conscientes.<\/p>\n\n\n\n<p>Cuando alternamos entre el estr\u00e9s y la calma, aprendemos a saborear esos peque\u00f1os momentos que de otro modo podr\u00edamos pasar por alto. De alguna forma, el ajetreo de la semana hace que la calma del fin de semana sea mucho m\u00e1s dulce, y eso genera una <strong>sensaci\u00f3n de gratitud<\/strong> que equilibra el sistema. Seg\u00fan las \u00faltimas investigaciones, los contrastes no solo son beneficiosos, son necesarios. Al <strong>aprender a disfrutar de estos altibajos<\/strong>, no solo experimentamos m\u00e1s felicidad, sino que tambi\u00e9n promovemos una <strong>mejor salud mental y emocional.<\/strong><\/p>\n\n\n\n<p>El neurocient\u00edfico <strong><a href=\"https:\/\/www.hubermanlab.com\/\" target=\"_blank\" rel=\"noreferrer noopener\">Andrew Huberman<\/a><\/strong>, afirma que <strong>el contraste entre la acci\u00f3n intensa y el reposo<\/strong> es crucial para mantener nuestro cerebro funcionando de manera \u00f3ptima. El cambio entre esfuerzos intensos y descansos profundos favorece la <strong>plasticidad cerebral.<\/strong> A\u00f1ade que cuando nos exponemos a periodos de alta demanda cognitiva o emocional y luego permitimos que nuestro cuerpo y mente se recuperen, activamos circuitos neuronales que aumentan <strong>nuestra capacidad de concentraci\u00f3n y productividad.<\/strong><\/p>\n\n\n\n<p>Muchos tenemos la suerte de poder comer sin sentir hambre, beber en cuanto tenemos sed, resguardarnos del fr\u00edo en invierno y poner el aire acondicionado cuando hace mucho calor. No solemos agradecer todos estos privilegios porque la mente se adapta a todo y acaba d\u00e1ndolo por sentado. Aunque parezca mentira, <strong>si la vida fuera un disfrute constante no la sabr\u00edamos valorar y nos aburrir\u00eda.<\/strong><\/p>\n\n\n\n<h4 class=\"wp-block-heading\"><strong>Benditos contrastes: el equilibrio entre las dificultades y los placeres diarios es clave para experimentar un bienestar duradero.<\/strong><\/h4>\n\n\n\n<blockquote class=\"wp-block-quote is-layout-flow wp-block-quote-is-layout-flow\">\n<p>&nbsp;\u201c<em>Los momentos de bienestar aut\u00e9ntico provienen de la interacci\u00f3n entre el esfuerzo y la relajaci\u00f3n, la lucha y la calma. Cuando la vida se vuelve demasiado predecible y c\u00f3moda, es dif\u00edcil experimentar satisfacci\u00f3n profunda. El verdadero bienestar surge cuando podemos equilibrar los desaf\u00edos con los descansos, los momentos altos con los bajos, lo intenso con lo tranquilo<\/em>\u201d.<\/p>\n<\/blockquote>\n\n\n\n<p>Cita de <strong>Martin Seligman<\/strong>, pionero de la psicolog\u00eda positiva, de su libro \u201cLa aut\u00e9ntica felicidad\u201d, de 2002.<\/p>\n\n\n\n<p>Ilustraci\u00f3n de <strong>Bhajju Shyam<\/strong>, para \u201cCreation\u201d, una colecci\u00f3n de mitos del folklore indio, de 2016.<\/p>\n\n\n\n<p>Sugerencia: <strong><a href=\"https:\/\/www.psyke.es\/en\/meditaciones\/gratitude-meditation\/\" target=\"_blank\" rel=\"noreferrer noopener\">Meditaci\u00f3n n. 23 &#8211; \u201cMeditaci\u00f3n de Gratitud\u201d<\/a><\/strong>.<\/p>\n\n\n\n<p>Esta meditaci\u00f3n nos invita a abrir nuestro coraz\u00f3n y saber ver todo lo que nos rodea y que pasa la mayor\u00eda de veces inadvertido. Empezamos por sentir ya agradecimiento por la propia sensaci\u00f3n de respirar, que es vida pura, y aprendemos a ampliar nuestra mirada para percibir todo lo que la vida nos regala cada d\u00eda de nuestra existencia. Buena pr\u00e1ctica\u2026<\/p>\n","protected":false},"excerpt":{"rendered":"<p>Agradecemos las luces porque existen las sombras. Los contrastes tienen la capacidad de ense\u00f1arnos a valorar lo que verdaderamente importa. [&#8230;]<\/p>\n<p><a class=\"btn btn-secondary understrap-read-more-link\" href=\"https:\/\/www.psyke.es\/en\/agradecemos-las-luces-porque-existen-las-sombras-benditos-contrastes\/\">Read More&#8230;<span class=\"screen-reader-text\"> from Agradecemos las luces porque existen las sombras: benditos contrastes<\/span><\/a><\/p>\n","protected":false},"author":3,"featured_media":17766,"comment_status":"open","ping_status":"open","sticky":false,"template":"","format":"standard","meta":{"footnotes":""},"categories":[73],"tags":[500,338],"class_list":["post-17796","post","type-post","status-publish","format-standard","has-post-thumbnail","hentry","category-therapeutic-reflections-mind","tag-contrastes-en","tag-rutina-en"],"yoast_head":"<!-- This site is optimized with the Yoast SEO plugin v26.7 - https:\/\/yoast.com\/wordpress\/plugins\/seo\/ -->\n<title>Agradecemos las luces porque existen las sombras: benditos contrastes - Psyke<\/title>\n<meta name=\"description\" content=\"Agradecemos las luces porque existen las sombras. Los contrastes tienen la capacidad de ense\u00f1arnos a valorar lo que verdaderamente importa.\" \/>\n<meta name=\"robots\" content=\"index, follow, max-snippet:-1, max-image-preview:large, max-video-preview:-1\" \/>\n<link rel=\"canonical\" href=\"https:\/\/www.psyke.es\/en\/agradecemos-las-luces-porque-existen-las-sombras-benditos-contrastes\/\" \/>\n<meta property=\"og:locale\" content=\"en_US\" \/>\n<meta property=\"og:type\" content=\"article\" \/>\n<meta property=\"og:title\" content=\"Agradecemos las luces porque existen las sombras: benditos contrastes - Psyke\" \/>\n<meta property=\"og:description\" content=\"Agradecemos las luces porque existen las sombras. Los contrastes tienen la capacidad de ense\u00f1arnos a valorar lo que verdaderamente importa.\" \/>\n<meta property=\"og:url\" content=\"https:\/\/www.psyke.es\/en\/agradecemos-las-luces-porque-existen-las-sombras-benditos-contrastes\/\" \/>\n<meta property=\"og:site_name\" content=\"Psyke\" \/>\n<meta property=\"article:published_time\" content=\"2025-03-23T15:00:00+00:00\" \/>\n<meta property=\"article:modified_time\" content=\"2025-04-06T09:34:34+00:00\" \/>\n<meta property=\"og:image\" content=\"https:\/\/www.psyke.es\/wp-content\/uploads\/2025\/03\/agradecemos-las-luces-porque-existen-las-sombras-benditos-contrastes-psyke-blog.jpg\" \/>\n\t<meta property=\"og:image:width\" content=\"1675\" \/>\n\t<meta property=\"og:image:height\" content=\"1080\" \/>\n\t<meta property=\"og:image:type\" content=\"image\/jpeg\" \/>\n<meta name=\"author\" content=\"Tha\u00efs Capella\" \/>\n<meta name=\"twitter:card\" content=\"summary_large_image\" \/>\n<meta name=\"twitter:label1\" content=\"Written by\" \/>\n\t<meta name=\"twitter:data1\" content=\"Tha\u00efs Capella\" \/>\n\t<meta name=\"twitter:label2\" content=\"Est. reading time\" \/>\n\t<meta name=\"twitter:data2\" content=\"3 minutes\" \/>\n<script type=\"application\/ld+json\" class=\"yoast-schema-graph\">{\"@context\":\"https:\/\/schema.org\",\"@graph\":[{\"@type\":\"Article\",\"@id\":\"https:\/\/www.psyke.es\/en\/agradecemos-las-luces-porque-existen-las-sombras-benditos-contrastes\/#article\",\"isPartOf\":{\"@id\":\"https:\/\/www.psyke.es\/en\/agradecemos-las-luces-porque-existen-las-sombras-benditos-contrastes\/\"},\"author\":{\"name\":\"Tha\u00efs Capella\",\"@id\":\"https:\/\/www.psyke.es\/en\/#\/schema\/person\/87774a2e60512484c09407be020d551a\"},\"headline\":\"Agradecemos las luces porque existen las sombras: benditos contrastes\",\"datePublished\":\"2025-03-23T15:00:00+00:00\",\"dateModified\":\"2025-04-06T09:34:34+00:00\",\"mainEntityOfPage\":{\"@id\":\"https:\/\/www.psyke.es\/en\/agradecemos-las-luces-porque-existen-las-sombras-benditos-contrastes\/\"},\"wordCount\":611,\"commentCount\":0,\"image\":{\"@id\":\"https:\/\/www.psyke.es\/en\/agradecemos-las-luces-porque-existen-las-sombras-benditos-contrastes\/#primaryimage\"},\"thumbnailUrl\":\"https:\/\/www.psyke.es\/wp-content\/uploads\/2025\/03\/agradecemos-las-luces-porque-existen-las-sombras-benditos-contrastes-psyke-blog.jpg\",\"keywords\":[\"contrastes\",\"rutina\"],\"articleSection\":[\"Mind\"],\"inLanguage\":\"en-US\",\"potentialAction\":[{\"@type\":\"CommentAction\",\"name\":\"Comment\",\"target\":[\"https:\/\/www.psyke.es\/en\/agradecemos-las-luces-porque-existen-las-sombras-benditos-contrastes\/#respond\"]}]},{\"@type\":\"WebPage\",\"@id\":\"https:\/\/www.psyke.es\/en\/agradecemos-las-luces-porque-existen-las-sombras-benditos-contrastes\/\",\"url\":\"https:\/\/www.psyke.es\/en\/agradecemos-las-luces-porque-existen-las-sombras-benditos-contrastes\/\",\"name\":\"Agradecemos las luces porque existen las sombras: benditos contrastes - Psyke\",\"isPartOf\":{\"@id\":\"https:\/\/www.psyke.es\/en\/#website\"},\"primaryImageOfPage\":{\"@id\":\"https:\/\/www.psyke.es\/en\/agradecemos-las-luces-porque-existen-las-sombras-benditos-contrastes\/#primaryimage\"},\"image\":{\"@id\":\"https:\/\/www.psyke.es\/en\/agradecemos-las-luces-porque-existen-las-sombras-benditos-contrastes\/#primaryimage\"},\"thumbnailUrl\":\"https:\/\/www.psyke.es\/wp-content\/uploads\/2025\/03\/agradecemos-las-luces-porque-existen-las-sombras-benditos-contrastes-psyke-blog.jpg\",\"datePublished\":\"2025-03-23T15:00:00+00:00\",\"dateModified\":\"2025-04-06T09:34:34+00:00\",\"author\":{\"@id\":\"https:\/\/www.psyke.es\/en\/#\/schema\/person\/87774a2e60512484c09407be020d551a\"},\"description\":\"Agradecemos las luces porque existen las sombras. Los contrastes tienen la capacidad de ense\u00f1arnos a valorar lo que verdaderamente importa.\",\"breadcrumb\":{\"@id\":\"https:\/\/www.psyke.es\/en\/agradecemos-las-luces-porque-existen-las-sombras-benditos-contrastes\/#breadcrumb\"},\"inLanguage\":\"en-US\",\"potentialAction\":[{\"@type\":\"ReadAction\",\"target\":[\"https:\/\/www.psyke.es\/en\/agradecemos-las-luces-porque-existen-las-sombras-benditos-contrastes\/\"]}]},{\"@type\":\"ImageObject\",\"inLanguage\":\"en-US\",\"@id\":\"https:\/\/www.psyke.es\/en\/agradecemos-las-luces-porque-existen-las-sombras-benditos-contrastes\/#primaryimage\",\"url\":\"https:\/\/www.psyke.es\/wp-content\/uploads\/2025\/03\/agradecemos-las-luces-porque-existen-las-sombras-benditos-contrastes-psyke-blog.jpg\",\"contentUrl\":\"https:\/\/www.psyke.es\/wp-content\/uploads\/2025\/03\/agradecemos-las-luces-porque-existen-las-sombras-benditos-contrastes-psyke-blog.jpg\",\"width\":1675,\"height\":1080,\"caption\":\"agradecemos-las-luces-porque-existen-las-sombras-benditos-contrastes-psyke-blog\"},{\"@type\":\"BreadcrumbList\",\"@id\":\"https:\/\/www.psyke.es\/en\/agradecemos-las-luces-porque-existen-las-sombras-benditos-contrastes\/#breadcrumb\",\"itemListElement\":[{\"@type\":\"ListItem\",\"position\":1,\"name\":\"Portada\",\"item\":\"https:\/\/www.psyke.es\/en\/\"},{\"@type\":\"ListItem\",\"position\":2,\"name\":\"Agradecemos las luces porque existen las sombras: benditos contrastes\"}]},{\"@type\":\"WebSite\",\"@id\":\"https:\/\/www.psyke.es\/en\/#website\",\"url\":\"https:\/\/www.psyke.es\/en\/\",\"name\":\"Psyke\",\"description\":\"Centro de Psicolog\u00eda\",\"potentialAction\":[{\"@type\":\"SearchAction\",\"target\":{\"@type\":\"EntryPoint\",\"urlTemplate\":\"https:\/\/www.psyke.es\/en\/?s={search_term_string}\"},\"query-input\":{\"@type\":\"PropertyValueSpecification\",\"valueRequired\":true,\"valueName\":\"search_term_string\"}}],\"inLanguage\":\"en-US\"},{\"@type\":\"Person\",\"@id\":\"https:\/\/www.psyke.es\/en\/#\/schema\/person\/87774a2e60512484c09407be020d551a\",\"name\":\"Tha\u00efs Capella\",\"image\":{\"@type\":\"ImageObject\",\"inLanguage\":\"en-US\",\"@id\":\"https:\/\/www.psyke.es\/en\/#\/schema\/person\/image\/\",\"url\":\"https:\/\/secure.gravatar.com\/avatar\/71847c79c196fcb2761a3960e77f33ed0e684732f3145d9b4af037b8ed17c94c?s=96&d=mm&r=g\",\"contentUrl\":\"https:\/\/secure.gravatar.com\/avatar\/71847c79c196fcb2761a3960e77f33ed0e684732f3145d9b4af037b8ed17c94c?s=96&d=mm&r=g\",\"caption\":\"Tha\u00efs Capella\"},\"sameAs\":[\"http:\/\/psyke.es\"]}]}<\/script>\n<!-- \/ Yoast SEO plugin. -->","yoast_head_json":{"title":"Agradecemos las luces porque existen las sombras: benditos contrastes - Psyke","description":"Agradecemos las luces porque existen las sombras. Los contrastes tienen la capacidad de ense\u00f1arnos a valorar lo que verdaderamente importa.","robots":{"index":"index","follow":"follow","max-snippet":"max-snippet:-1","max-image-preview":"max-image-preview:large","max-video-preview":"max-video-preview:-1"},"canonical":"https:\/\/www.psyke.es\/en\/agradecemos-las-luces-porque-existen-las-sombras-benditos-contrastes\/","og_locale":"en_US","og_type":"article","og_title":"Agradecemos las luces porque existen las sombras: benditos contrastes - Psyke","og_description":"Agradecemos las luces porque existen las sombras. Los contrastes tienen la capacidad de ense\u00f1arnos a valorar lo que verdaderamente importa.","og_url":"https:\/\/www.psyke.es\/en\/agradecemos-las-luces-porque-existen-las-sombras-benditos-contrastes\/","og_site_name":"Psyke","article_published_time":"2025-03-23T15:00:00+00:00","article_modified_time":"2025-04-06T09:34:34+00:00","og_image":[{"width":1675,"height":1080,"url":"https:\/\/www.psyke.es\/wp-content\/uploads\/2025\/03\/agradecemos-las-luces-porque-existen-las-sombras-benditos-contrastes-psyke-blog.jpg","type":"image\/jpeg"}],"author":"Tha\u00efs Capella","twitter_card":"summary_large_image","twitter_misc":{"Written by":"Tha\u00efs Capella","Est. reading time":"3 minutes"},"schema":{"@context":"https:\/\/schema.org","@graph":[{"@type":"Article","@id":"https:\/\/www.psyke.es\/en\/agradecemos-las-luces-porque-existen-las-sombras-benditos-contrastes\/#article","isPartOf":{"@id":"https:\/\/www.psyke.es\/en\/agradecemos-las-luces-porque-existen-las-sombras-benditos-contrastes\/"},"author":{"name":"Tha\u00efs Capella","@id":"https:\/\/www.psyke.es\/en\/#\/schema\/person\/87774a2e60512484c09407be020d551a"},"headline":"Agradecemos las luces porque existen las sombras: benditos contrastes","datePublished":"2025-03-23T15:00:00+00:00","dateModified":"2025-04-06T09:34:34+00:00","mainEntityOfPage":{"@id":"https:\/\/www.psyke.es\/en\/agradecemos-las-luces-porque-existen-las-sombras-benditos-contrastes\/"},"wordCount":611,"commentCount":0,"image":{"@id":"https:\/\/www.psyke.es\/en\/agradecemos-las-luces-porque-existen-las-sombras-benditos-contrastes\/#primaryimage"},"thumbnailUrl":"https:\/\/www.psyke.es\/wp-content\/uploads\/2025\/03\/agradecemos-las-luces-porque-existen-las-sombras-benditos-contrastes-psyke-blog.jpg","keywords":["contrastes","rutina"],"articleSection":["Mind"],"inLanguage":"en-US","potentialAction":[{"@type":"CommentAction","name":"Comment","target":["https:\/\/www.psyke.es\/en\/agradecemos-las-luces-porque-existen-las-sombras-benditos-contrastes\/#respond"]}]},{"@type":"WebPage","@id":"https:\/\/www.psyke.es\/en\/agradecemos-las-luces-porque-existen-las-sombras-benditos-contrastes\/","url":"https:\/\/www.psyke.es\/en\/agradecemos-las-luces-porque-existen-las-sombras-benditos-contrastes\/","name":"Agradecemos las luces porque existen las sombras: benditos contrastes - Psyke","isPartOf":{"@id":"https:\/\/www.psyke.es\/en\/#website"},"primaryImageOfPage":{"@id":"https:\/\/www.psyke.es\/en\/agradecemos-las-luces-porque-existen-las-sombras-benditos-contrastes\/#primaryimage"},"image":{"@id":"https:\/\/www.psyke.es\/en\/agradecemos-las-luces-porque-existen-las-sombras-benditos-contrastes\/#primaryimage"},"thumbnailUrl":"https:\/\/www.psyke.es\/wp-content\/uploads\/2025\/03\/agradecemos-las-luces-porque-existen-las-sombras-benditos-contrastes-psyke-blog.jpg","datePublished":"2025-03-23T15:00:00+00:00","dateModified":"2025-04-06T09:34:34+00:00","author":{"@id":"https:\/\/www.psyke.es\/en\/#\/schema\/person\/87774a2e60512484c09407be020d551a"},"description":"Agradecemos las luces porque existen las sombras. Los contrastes tienen la capacidad de ense\u00f1arnos a valorar lo que verdaderamente importa.","breadcrumb":{"@id":"https:\/\/www.psyke.es\/en\/agradecemos-las-luces-porque-existen-las-sombras-benditos-contrastes\/#breadcrumb"},"inLanguage":"en-US","potentialAction":[{"@type":"ReadAction","target":["https:\/\/www.psyke.es\/en\/agradecemos-las-luces-porque-existen-las-sombras-benditos-contrastes\/"]}]},{"@type":"ImageObject","inLanguage":"en-US","@id":"https:\/\/www.psyke.es\/en\/agradecemos-las-luces-porque-existen-las-sombras-benditos-contrastes\/#primaryimage","url":"https:\/\/www.psyke.es\/wp-content\/uploads\/2025\/03\/agradecemos-las-luces-porque-existen-las-sombras-benditos-contrastes-psyke-blog.jpg","contentUrl":"https:\/\/www.psyke.es\/wp-content\/uploads\/2025\/03\/agradecemos-las-luces-porque-existen-las-sombras-benditos-contrastes-psyke-blog.jpg","width":1675,"height":1080,"caption":"agradecemos-las-luces-porque-existen-las-sombras-benditos-contrastes-psyke-blog"},{"@type":"BreadcrumbList","@id":"https:\/\/www.psyke.es\/en\/agradecemos-las-luces-porque-existen-las-sombras-benditos-contrastes\/#breadcrumb","itemListElement":[{"@type":"ListItem","position":1,"name":"Portada","item":"https:\/\/www.psyke.es\/en\/"},{"@type":"ListItem","position":2,"name":"Agradecemos las luces porque existen las sombras: benditos contrastes"}]},{"@type":"WebSite","@id":"https:\/\/www.psyke.es\/en\/#website","url":"https:\/\/www.psyke.es\/en\/","name":"Psyke","description":"Centro de Psicolog\u00eda","potentialAction":[{"@type":"SearchAction","target":{"@type":"EntryPoint","urlTemplate":"https:\/\/www.psyke.es\/en\/?s={search_term_string}"},"query-input":{"@type":"PropertyValueSpecification","valueRequired":true,"valueName":"search_term_string"}}],"inLanguage":"en-US"},{"@type":"Person","@id":"https:\/\/www.psyke.es\/en\/#\/schema\/person\/87774a2e60512484c09407be020d551a","name":"Tha\u00efs Capella","image":{"@type":"ImageObject","inLanguage":"en-US","@id":"https:\/\/www.psyke.es\/en\/#\/schema\/person\/image\/","url":"https:\/\/secure.gravatar.com\/avatar\/71847c79c196fcb2761a3960e77f33ed0e684732f3145d9b4af037b8ed17c94c?s=96&d=mm&r=g","contentUrl":"https:\/\/secure.gravatar.com\/avatar\/71847c79c196fcb2761a3960e77f33ed0e684732f3145d9b4af037b8ed17c94c?s=96&d=mm&r=g","caption":"Tha\u00efs Capella"},"sameAs":["http:\/\/psyke.es"]}]}},"post_mailing_queue_ids":[],"_links":{"self":[{"href":"https:\/\/www.psyke.es\/en\/wp-json\/wp\/v2\/posts\/17796","targetHints":{"allow":["GET"]}}],"collection":[{"href":"https:\/\/www.psyke.es\/en\/wp-json\/wp\/v2\/posts"}],"about":[{"href":"https:\/\/www.psyke.es\/en\/wp-json\/wp\/v2\/types\/post"}],"author":[{"embeddable":true,"href":"https:\/\/www.psyke.es\/en\/wp-json\/wp\/v2\/users\/3"}],"replies":[{"embeddable":true,"href":"https:\/\/www.psyke.es\/en\/wp-json\/wp\/v2\/comments?post=17796"}],"version-history":[{"count":1,"href":"https:\/\/www.psyke.es\/en\/wp-json\/wp\/v2\/posts\/17796\/revisions"}],"predecessor-version":[{"id":17797,"href":"https:\/\/www.psyke.es\/en\/wp-json\/wp\/v2\/posts\/17796\/revisions\/17797"}],"wp:featuredmedia":[{"embeddable":true,"href":"https:\/\/www.psyke.es\/en\/wp-json\/wp\/v2\/media\/17766"}],"wp:attachment":[{"href":"https:\/\/www.psyke.es\/en\/wp-json\/wp\/v2\/media?parent=17796"}],"wp:term":[{"taxonomy":"category","embeddable":true,"href":"https:\/\/www.psyke.es\/en\/wp-json\/wp\/v2\/categories?post=17796"},{"taxonomy":"post_tag","embeddable":true,"href":"https:\/\/www.psyke.es\/en\/wp-json\/wp\/v2\/tags?post=17796"}],"curies":[{"name":"wp","href":"https:\/\/api.w.org\/{rel}","templated":true}]}}