{"id":19312,"date":"2025-12-05T21:03:56","date_gmt":"2025-12-05T19:03:56","guid":{"rendered":"https:\/\/www.psyke.es\/?p=19312"},"modified":"2025-12-05T21:03:57","modified_gmt":"2025-12-05T19:03:57","slug":"pedir-perdon-excusandote-por-el-estres-no-es-pedir-perdon","status":"publish","type":"post","link":"https:\/\/www.psyke.es\/en\/pedir-perdon-excusandote-por-el-estres-no-es-pedir-perdon\/","title":{"rendered":"Pedir perd\u00f3n excus\u00e1ndote por el estr\u00e9s, no es pedir perd\u00f3n\u2026"},"content":{"rendered":"\n<p><\/p>\n\n\n\n<p>Cuando te justificas diciendo \u201cperd\u00f3name por lo que acabo de hacer, pero es que estoy muy estresado\u201d, no est\u00e1s pidiendo perd\u00f3n; est\u00e1s <strong>explicando tu comportamiento<\/strong>. Y la explicaci\u00f3n \u2013por muy cierta que sea\u2013 <strong>no repara el da\u00f1o<\/strong>. Es como tapar una herida abierta con celof\u00e1n: cubre, pero no cura. A veces confundimos nombrar lo que nos pasa con <strong>responsabilizarnos por lo que hacemos<\/strong>, y no es lo mismo. Una<strong> disculpa verdadera<\/strong> no acaba con un \u2018pero\u2026\u2019. Si a\u00f1ades un \u2018pero\u2019, te est\u00e1s defendiendo, <strong>no reparando la relaci\u00f3n.<\/strong><\/p>\n\n\n\n<p>Porque s\u00ed, <strong>el estr\u00e9s existe<\/strong>. La vida pesa. Muchos vamos acelerados, cansados y con la agenda apretada. Pero <strong>el estr\u00e9s no habla por ti<\/strong>: solo t\u00fa hablas por ti. Y cuando tu reacci\u00f3n hiere, cuando tu respuesta va cargada de reproches, o tus palabras son un \u2018zasca\u2019 fuera de tono, lo justo es ir de frente sin rodeos. Decir \u201cno deb\u00ed haberte hablado as\u00ed\u201d es mucho m\u00e1s valiente que cualquier p\u00e1rrafo explicativo sobre tu semana complicada.<\/p>\n\n\n\n<p>La excusa del estr\u00e9s tiene un efecto perverso: convierte tu disculpa en un mon\u00f3logo sobre ti. \u201cLo siento\u2026 pero estoy fatal\u201d, \u201cte grit\u00e9\u2026 pero es que no puedo m\u00e1s\u201d, \u201csalt\u00e9\u2026 pero mira todo lo que llevo encima\u201d. Ese \u2018pero\u2019 anula todo lo que has dicho antes. Y la otra persona lo percibe. Lo sabe. Lo recibe como una <strong>retirada emocional <\/strong>(una excusa barata, vamos). En el fondo, intenta ser una forma elegante para <strong>evitar asumir responsabilidad completa.<\/strong><\/p>\n\n\n\n<p>Un perd\u00f3n real va desnudo. Sin adornos. Sin atenuantes. Sin explicar tu expediente personal. Un perd\u00f3n real reconoce el impacto, no tus circunstancias: \u201cHice da\u00f1o. No ten\u00eda derecho. Y lo asumo. No hay excusa\u201d. Punto. Es inc\u00f3modo, s\u00ed. Te deja vulnerable, s\u00ed. Pero tambi\u00e9n es <strong>profundamente liberador<\/strong>, porque lo aut\u00e9ntico siempre libera. Y desde ah\u00ed s\u00ed puede haber una reparaci\u00f3n.<\/p>\n\n\n\n<p>As\u00ed que la pr\u00f3xima vez que <strong>tu ego te intente colar excusas<\/strong>, c\u00e1llalo con algo m\u00e1s poderoso: honestidad radical. El <strong>estr\u00e9s<\/strong> puede explicar tu reacci\u00f3n, pero nunca la justifica. Y cuando t\u00fa te haces cargo, algo cambia. En ti. En el otro. En la relaci\u00f3n. Ese es el verdadero<strong> m\u00fasculo emocional <\/strong>que tenemos que entrenar.<\/p>\n\n\n\n<blockquote class=\"wp-block-quote is-layout-flow wp-block-quote-is-layout-flow\">\n<p class=\"has-text-align-right\"><em>Si alguien dice: \u2018Siento si te ofendiste\u2019, resp\u00f3ndele:<\/em> <\/p>\n\n\n\n<p class=\"has-text-align-right\"><em>No pidas perd\u00f3n por mi reacci\u00f3n, pide perd\u00f3n por tus palabras\u2019.<\/em><\/p>\n<\/blockquote>\n\n\n\n<p>Cita de <strong><a href=\"https:\/\/www.jeffersonfisher.com\/\" target=\"_blank\" rel=\"noreferrer noopener\">Jefferson Fisher<\/a><\/strong> de su libro <strong>\u201cThe Next Conversation: Argue Less, Talk More\u201d<\/strong>. 2025.<\/p>\n\n\n\n<p>Ilustraci\u00f3n de la escritora <strong><a href=\"https:\/\/simonaciraolo.com\/\" target=\"_blank\" rel=\"noreferrer noopener\">Simona Ciraolo<\/a><\/strong>, para su libro <strong>\u201cWhatever happended to my Sister\u201d<\/strong>. 2015.\u00a0<\/p>\n\n\n\n<p>Sugerencia: <strong><a href=\"https:\/\/www.psyke.es\/en\/meditaciones\/meditation-on-forgiveness\/\" target=\"_blank\" rel=\"noreferrer noopener\">Meditaci\u00f3n n. 22 &#8211; \u201cMeditaci\u00f3n del Perd\u00f3n\u201d<\/a><\/strong>.<\/p>\n\n\n\n<p>Podemos causar da\u00f1o y nos pueden causar da\u00f1o, consciente o inconscientemente, movidos por el dolor, el miedo, la ira o la confusi\u00f3n. Esta meditaci\u00f3n ayuda a cultivar el perd\u00f3n hacia nosotros mismos y hacia los dem\u00e1s sin forzarnos, permitiendo que la intenci\u00f3n de perdonar resuene en nuestro coraz\u00f3n. Buena pr\u00e1ctica\u2026<\/p>\n","protected":false},"excerpt":{"rendered":"<p>Pedir perd\u00f3n excus\u00e1ndote por el estr\u00e9s, no es pedir perd\u00f3n\u2026 Una disculpa verdadera no acaba con un \u2018pero\u2026\u2019. [&#8230;]<\/p>\n<p><a class=\"btn btn-secondary understrap-read-more-link\" href=\"https:\/\/www.psyke.es\/en\/pedir-perdon-excusandote-por-el-estres-no-es-pedir-perdon\/\">Read More&#8230;<span class=\"screen-reader-text\"> from Pedir perd\u00f3n excus\u00e1ndote por el estr\u00e9s, no es pedir perd\u00f3n\u2026<\/span><\/a><\/p>\n","protected":false},"author":3,"featured_media":19307,"comment_status":"open","ping_status":"open","sticky":false,"template":"","format":"standard","meta":{"footnotes":""},"categories":[90,77],"tags":[559,410,560],"class_list":["post-19312","post","type-post","status-publish","format-standard","has-post-thumbnail","hentry","category-therapeutic-reflections-emotional-intelligence","category-estres-en","tag-disculpas-en","tag-perdon-en","tag-responsabilidad-afectiva-en"],"yoast_head":"<!-- This site is optimized with the Yoast SEO plugin v27.4 - https:\/\/yoast.com\/product\/yoast-seo-wordpress\/ -->\n<title>Pedir perd\u00f3n excus\u00e1ndote por el estr\u00e9s, no es pedir perd\u00f3n\u2026 - Psyke<\/title>\n<meta name=\"description\" content=\"Pedir perd\u00f3n excus\u00e1ndote por el estr\u00e9s, no es pedir perd\u00f3n\u2026 Una disculpa verdadera no acaba con un \u2018pero\u2026\u2019.\" \/>\n<meta name=\"robots\" content=\"index, follow, max-snippet:-1, max-image-preview:large, max-video-preview:-1\" \/>\n<link rel=\"canonical\" href=\"https:\/\/www.psyke.es\/en\/pedir-perdon-excusandote-por-el-estres-no-es-pedir-perdon\/\" \/>\n<meta property=\"og:locale\" content=\"en_US\" \/>\n<meta property=\"og:type\" content=\"article\" \/>\n<meta property=\"og:title\" content=\"Pedir perd\u00f3n excus\u00e1ndote por el estr\u00e9s, no es pedir perd\u00f3n\u2026 - Psyke\" \/>\n<meta property=\"og:description\" content=\"Pedir perd\u00f3n excus\u00e1ndote por el estr\u00e9s, no es pedir perd\u00f3n\u2026 Una disculpa verdadera no acaba con un \u2018pero\u2026\u2019.\" \/>\n<meta property=\"og:url\" content=\"https:\/\/www.psyke.es\/en\/pedir-perdon-excusandote-por-el-estres-no-es-pedir-perdon\/\" \/>\n<meta property=\"og:site_name\" content=\"Psyke\" \/>\n<meta property=\"article:published_time\" content=\"2025-12-05T19:03:56+00:00\" \/>\n<meta property=\"article:modified_time\" content=\"2025-12-05T19:03:57+00:00\" \/>\n<meta property=\"og:image\" content=\"https:\/\/www.psyke.es\/wp-content\/uploads\/2025\/11\/pedir-perdon-excusandote-por-el-estres-no-es-pedir-perdon-psyke-blog.jpg\" \/>\n\t<meta property=\"og:image:width\" content=\"1675\" \/>\n\t<meta property=\"og:image:height\" content=\"1080\" \/>\n\t<meta property=\"og:image:type\" content=\"image\/jpeg\" \/>\n<meta name=\"author\" content=\"Tha\u00efs Capella\" \/>\n<meta name=\"twitter:card\" content=\"summary_large_image\" \/>\n<meta name=\"twitter:label1\" content=\"Written by\" \/>\n\t<meta name=\"twitter:data1\" content=\"Tha\u00efs Capella\" \/>\n\t<meta name=\"twitter:label2\" content=\"Est. reading time\" \/>\n\t<meta name=\"twitter:data2\" content=\"3 minutes\" \/>\n<script type=\"application\/ld+json\" class=\"yoast-schema-graph\">{\"@context\":\"https:\\\/\\\/schema.org\",\"@graph\":[{\"@type\":\"Article\",\"@id\":\"https:\\\/\\\/www.psyke.es\\\/en\\\/pedir-perdon-excusandote-por-el-estres-no-es-pedir-perdon\\\/#article\",\"isPartOf\":{\"@id\":\"https:\\\/\\\/www.psyke.es\\\/en\\\/pedir-perdon-excusandote-por-el-estres-no-es-pedir-perdon\\\/\"},\"author\":{\"name\":\"Tha\u00efs Capella\",\"@id\":\"https:\\\/\\\/www.psyke.es\\\/en\\\/#\\\/schema\\\/person\\\/87774a2e60512484c09407be020d551a\"},\"headline\":\"Pedir perd\u00f3n excus\u00e1ndote por el estr\u00e9s, no es pedir perd\u00f3n\u2026\",\"datePublished\":\"2025-12-05T19:03:56+00:00\",\"dateModified\":\"2025-12-05T19:03:57+00:00\",\"mainEntityOfPage\":{\"@id\":\"https:\\\/\\\/www.psyke.es\\\/en\\\/pedir-perdon-excusandote-por-el-estres-no-es-pedir-perdon\\\/\"},\"wordCount\":523,\"commentCount\":0,\"image\":{\"@id\":\"https:\\\/\\\/www.psyke.es\\\/en\\\/pedir-perdon-excusandote-por-el-estres-no-es-pedir-perdon\\\/#primaryimage\"},\"thumbnailUrl\":\"https:\\\/\\\/www.psyke.es\\\/wp-content\\\/uploads\\\/2025\\\/11\\\/pedir-perdon-excusandote-por-el-estres-no-es-pedir-perdon-psyke-blog.jpg\",\"keywords\":[\"disculpas\",\"perd\u00f3n\",\"responsabilidad afectiva\"],\"articleSection\":[\"Emotional intelligence\",\"Estr\u00e9s\"],\"inLanguage\":\"en-US\",\"potentialAction\":[{\"@type\":\"CommentAction\",\"name\":\"Comment\",\"target\":[\"https:\\\/\\\/www.psyke.es\\\/en\\\/pedir-perdon-excusandote-por-el-estres-no-es-pedir-perdon\\\/#respond\"]}]},{\"@type\":\"WebPage\",\"@id\":\"https:\\\/\\\/www.psyke.es\\\/en\\\/pedir-perdon-excusandote-por-el-estres-no-es-pedir-perdon\\\/\",\"url\":\"https:\\\/\\\/www.psyke.es\\\/en\\\/pedir-perdon-excusandote-por-el-estres-no-es-pedir-perdon\\\/\",\"name\":\"Pedir perd\u00f3n excus\u00e1ndote por el estr\u00e9s, no es pedir perd\u00f3n\u2026 - Psyke\",\"isPartOf\":{\"@id\":\"https:\\\/\\\/www.psyke.es\\\/en\\\/#website\"},\"primaryImageOfPage\":{\"@id\":\"https:\\\/\\\/www.psyke.es\\\/en\\\/pedir-perdon-excusandote-por-el-estres-no-es-pedir-perdon\\\/#primaryimage\"},\"image\":{\"@id\":\"https:\\\/\\\/www.psyke.es\\\/en\\\/pedir-perdon-excusandote-por-el-estres-no-es-pedir-perdon\\\/#primaryimage\"},\"thumbnailUrl\":\"https:\\\/\\\/www.psyke.es\\\/wp-content\\\/uploads\\\/2025\\\/11\\\/pedir-perdon-excusandote-por-el-estres-no-es-pedir-perdon-psyke-blog.jpg\",\"datePublished\":\"2025-12-05T19:03:56+00:00\",\"dateModified\":\"2025-12-05T19:03:57+00:00\",\"author\":{\"@id\":\"https:\\\/\\\/www.psyke.es\\\/en\\\/#\\\/schema\\\/person\\\/87774a2e60512484c09407be020d551a\"},\"description\":\"Pedir perd\u00f3n excus\u00e1ndote por el estr\u00e9s, no es pedir perd\u00f3n\u2026 Una disculpa verdadera no acaba con un \u2018pero\u2026\u2019.\",\"breadcrumb\":{\"@id\":\"https:\\\/\\\/www.psyke.es\\\/en\\\/pedir-perdon-excusandote-por-el-estres-no-es-pedir-perdon\\\/#breadcrumb\"},\"inLanguage\":\"en-US\",\"potentialAction\":[{\"@type\":\"ReadAction\",\"target\":[\"https:\\\/\\\/www.psyke.es\\\/en\\\/pedir-perdon-excusandote-por-el-estres-no-es-pedir-perdon\\\/\"]}]},{\"@type\":\"ImageObject\",\"inLanguage\":\"en-US\",\"@id\":\"https:\\\/\\\/www.psyke.es\\\/en\\\/pedir-perdon-excusandote-por-el-estres-no-es-pedir-perdon\\\/#primaryimage\",\"url\":\"https:\\\/\\\/www.psyke.es\\\/wp-content\\\/uploads\\\/2025\\\/11\\\/pedir-perdon-excusandote-por-el-estres-no-es-pedir-perdon-psyke-blog.jpg\",\"contentUrl\":\"https:\\\/\\\/www.psyke.es\\\/wp-content\\\/uploads\\\/2025\\\/11\\\/pedir-perdon-excusandote-por-el-estres-no-es-pedir-perdon-psyke-blog.jpg\",\"width\":1675,\"height\":1080,\"caption\":\"pedir-perdon-excusandote-por-el-estres-no-es-pedir-perdon-psyke-blog\"},{\"@type\":\"BreadcrumbList\",\"@id\":\"https:\\\/\\\/www.psyke.es\\\/en\\\/pedir-perdon-excusandote-por-el-estres-no-es-pedir-perdon\\\/#breadcrumb\",\"itemListElement\":[{\"@type\":\"ListItem\",\"position\":1,\"name\":\"Portada\",\"item\":\"https:\\\/\\\/www.psyke.es\\\/en\\\/\"},{\"@type\":\"ListItem\",\"position\":2,\"name\":\"Pedir perd\u00f3n excus\u00e1ndote por el estr\u00e9s, no es pedir perd\u00f3n\u2026\"}]},{\"@type\":\"WebSite\",\"@id\":\"https:\\\/\\\/www.psyke.es\\\/en\\\/#website\",\"url\":\"https:\\\/\\\/www.psyke.es\\\/en\\\/\",\"name\":\"Psyke\",\"description\":\"Centro de Psicolog\u00eda\",\"potentialAction\":[{\"@type\":\"SearchAction\",\"target\":{\"@type\":\"EntryPoint\",\"urlTemplate\":\"https:\\\/\\\/www.psyke.es\\\/en\\\/?s={search_term_string}\"},\"query-input\":{\"@type\":\"PropertyValueSpecification\",\"valueRequired\":true,\"valueName\":\"search_term_string\"}}],\"inLanguage\":\"en-US\"},{\"@type\":\"Person\",\"@id\":\"https:\\\/\\\/www.psyke.es\\\/en\\\/#\\\/schema\\\/person\\\/87774a2e60512484c09407be020d551a\",\"name\":\"Tha\u00efs Capella\",\"image\":{\"@type\":\"ImageObject\",\"inLanguage\":\"en-US\",\"@id\":\"https:\\\/\\\/secure.gravatar.com\\\/avatar\\\/71847c79c196fcb2761a3960e77f33ed0e684732f3145d9b4af037b8ed17c94c?s=96&d=mm&r=g\",\"url\":\"https:\\\/\\\/secure.gravatar.com\\\/avatar\\\/71847c79c196fcb2761a3960e77f33ed0e684732f3145d9b4af037b8ed17c94c?s=96&d=mm&r=g\",\"contentUrl\":\"https:\\\/\\\/secure.gravatar.com\\\/avatar\\\/71847c79c196fcb2761a3960e77f33ed0e684732f3145d9b4af037b8ed17c94c?s=96&d=mm&r=g\",\"caption\":\"Tha\u00efs Capella\"},\"sameAs\":[\"http:\\\/\\\/psyke.es\"]}]}<\/script>\n<!-- \/ Yoast SEO plugin. -->","yoast_head_json":{"title":"Pedir perd\u00f3n excus\u00e1ndote por el estr\u00e9s, no es pedir perd\u00f3n\u2026 - Psyke","description":"Pedir perd\u00f3n excus\u00e1ndote por el estr\u00e9s, no es pedir perd\u00f3n\u2026 Una disculpa verdadera no acaba con un \u2018pero\u2026\u2019.","robots":{"index":"index","follow":"follow","max-snippet":"max-snippet:-1","max-image-preview":"max-image-preview:large","max-video-preview":"max-video-preview:-1"},"canonical":"https:\/\/www.psyke.es\/en\/pedir-perdon-excusandote-por-el-estres-no-es-pedir-perdon\/","og_locale":"en_US","og_type":"article","og_title":"Pedir perd\u00f3n excus\u00e1ndote por el estr\u00e9s, no es pedir perd\u00f3n\u2026 - Psyke","og_description":"Pedir perd\u00f3n excus\u00e1ndote por el estr\u00e9s, no es pedir perd\u00f3n\u2026 Una disculpa verdadera no acaba con un \u2018pero\u2026\u2019.","og_url":"https:\/\/www.psyke.es\/en\/pedir-perdon-excusandote-por-el-estres-no-es-pedir-perdon\/","og_site_name":"Psyke","article_published_time":"2025-12-05T19:03:56+00:00","article_modified_time":"2025-12-05T19:03:57+00:00","og_image":[{"width":1675,"height":1080,"url":"https:\/\/www.psyke.es\/wp-content\/uploads\/2025\/11\/pedir-perdon-excusandote-por-el-estres-no-es-pedir-perdon-psyke-blog.jpg","type":"image\/jpeg"}],"author":"Tha\u00efs Capella","twitter_card":"summary_large_image","twitter_misc":{"Written by":"Tha\u00efs Capella","Est. reading time":"3 minutes"},"schema":{"@context":"https:\/\/schema.org","@graph":[{"@type":"Article","@id":"https:\/\/www.psyke.es\/en\/pedir-perdon-excusandote-por-el-estres-no-es-pedir-perdon\/#article","isPartOf":{"@id":"https:\/\/www.psyke.es\/en\/pedir-perdon-excusandote-por-el-estres-no-es-pedir-perdon\/"},"author":{"name":"Tha\u00efs Capella","@id":"https:\/\/www.psyke.es\/en\/#\/schema\/person\/87774a2e60512484c09407be020d551a"},"headline":"Pedir perd\u00f3n excus\u00e1ndote por el estr\u00e9s, no es pedir perd\u00f3n\u2026","datePublished":"2025-12-05T19:03:56+00:00","dateModified":"2025-12-05T19:03:57+00:00","mainEntityOfPage":{"@id":"https:\/\/www.psyke.es\/en\/pedir-perdon-excusandote-por-el-estres-no-es-pedir-perdon\/"},"wordCount":523,"commentCount":0,"image":{"@id":"https:\/\/www.psyke.es\/en\/pedir-perdon-excusandote-por-el-estres-no-es-pedir-perdon\/#primaryimage"},"thumbnailUrl":"https:\/\/www.psyke.es\/wp-content\/uploads\/2025\/11\/pedir-perdon-excusandote-por-el-estres-no-es-pedir-perdon-psyke-blog.jpg","keywords":["disculpas","perd\u00f3n","responsabilidad afectiva"],"articleSection":["Emotional intelligence","Estr\u00e9s"],"inLanguage":"en-US","potentialAction":[{"@type":"CommentAction","name":"Comment","target":["https:\/\/www.psyke.es\/en\/pedir-perdon-excusandote-por-el-estres-no-es-pedir-perdon\/#respond"]}]},{"@type":"WebPage","@id":"https:\/\/www.psyke.es\/en\/pedir-perdon-excusandote-por-el-estres-no-es-pedir-perdon\/","url":"https:\/\/www.psyke.es\/en\/pedir-perdon-excusandote-por-el-estres-no-es-pedir-perdon\/","name":"Pedir perd\u00f3n excus\u00e1ndote por el estr\u00e9s, no es pedir perd\u00f3n\u2026 - Psyke","isPartOf":{"@id":"https:\/\/www.psyke.es\/en\/#website"},"primaryImageOfPage":{"@id":"https:\/\/www.psyke.es\/en\/pedir-perdon-excusandote-por-el-estres-no-es-pedir-perdon\/#primaryimage"},"image":{"@id":"https:\/\/www.psyke.es\/en\/pedir-perdon-excusandote-por-el-estres-no-es-pedir-perdon\/#primaryimage"},"thumbnailUrl":"https:\/\/www.psyke.es\/wp-content\/uploads\/2025\/11\/pedir-perdon-excusandote-por-el-estres-no-es-pedir-perdon-psyke-blog.jpg","datePublished":"2025-12-05T19:03:56+00:00","dateModified":"2025-12-05T19:03:57+00:00","author":{"@id":"https:\/\/www.psyke.es\/en\/#\/schema\/person\/87774a2e60512484c09407be020d551a"},"description":"Pedir perd\u00f3n excus\u00e1ndote por el estr\u00e9s, no es pedir perd\u00f3n\u2026 Una disculpa verdadera no acaba con un \u2018pero\u2026\u2019.","breadcrumb":{"@id":"https:\/\/www.psyke.es\/en\/pedir-perdon-excusandote-por-el-estres-no-es-pedir-perdon\/#breadcrumb"},"inLanguage":"en-US","potentialAction":[{"@type":"ReadAction","target":["https:\/\/www.psyke.es\/en\/pedir-perdon-excusandote-por-el-estres-no-es-pedir-perdon\/"]}]},{"@type":"ImageObject","inLanguage":"en-US","@id":"https:\/\/www.psyke.es\/en\/pedir-perdon-excusandote-por-el-estres-no-es-pedir-perdon\/#primaryimage","url":"https:\/\/www.psyke.es\/wp-content\/uploads\/2025\/11\/pedir-perdon-excusandote-por-el-estres-no-es-pedir-perdon-psyke-blog.jpg","contentUrl":"https:\/\/www.psyke.es\/wp-content\/uploads\/2025\/11\/pedir-perdon-excusandote-por-el-estres-no-es-pedir-perdon-psyke-blog.jpg","width":1675,"height":1080,"caption":"pedir-perdon-excusandote-por-el-estres-no-es-pedir-perdon-psyke-blog"},{"@type":"BreadcrumbList","@id":"https:\/\/www.psyke.es\/en\/pedir-perdon-excusandote-por-el-estres-no-es-pedir-perdon\/#breadcrumb","itemListElement":[{"@type":"ListItem","position":1,"name":"Portada","item":"https:\/\/www.psyke.es\/en\/"},{"@type":"ListItem","position":2,"name":"Pedir perd\u00f3n excus\u00e1ndote por el estr\u00e9s, no es pedir perd\u00f3n\u2026"}]},{"@type":"WebSite","@id":"https:\/\/www.psyke.es\/en\/#website","url":"https:\/\/www.psyke.es\/en\/","name":"Psyke","description":"Centro de Psicolog\u00eda","potentialAction":[{"@type":"SearchAction","target":{"@type":"EntryPoint","urlTemplate":"https:\/\/www.psyke.es\/en\/?s={search_term_string}"},"query-input":{"@type":"PropertyValueSpecification","valueRequired":true,"valueName":"search_term_string"}}],"inLanguage":"en-US"},{"@type":"Person","@id":"https:\/\/www.psyke.es\/en\/#\/schema\/person\/87774a2e60512484c09407be020d551a","name":"Tha\u00efs Capella","image":{"@type":"ImageObject","inLanguage":"en-US","@id":"https:\/\/secure.gravatar.com\/avatar\/71847c79c196fcb2761a3960e77f33ed0e684732f3145d9b4af037b8ed17c94c?s=96&d=mm&r=g","url":"https:\/\/secure.gravatar.com\/avatar\/71847c79c196fcb2761a3960e77f33ed0e684732f3145d9b4af037b8ed17c94c?s=96&d=mm&r=g","contentUrl":"https:\/\/secure.gravatar.com\/avatar\/71847c79c196fcb2761a3960e77f33ed0e684732f3145d9b4af037b8ed17c94c?s=96&d=mm&r=g","caption":"Tha\u00efs Capella"},"sameAs":["http:\/\/psyke.es"]}]}},"post_mailing_queue_ids":[],"_links":{"self":[{"href":"https:\/\/www.psyke.es\/en\/wp-json\/wp\/v2\/posts\/19312","targetHints":{"allow":["GET"]}}],"collection":[{"href":"https:\/\/www.psyke.es\/en\/wp-json\/wp\/v2\/posts"}],"about":[{"href":"https:\/\/www.psyke.es\/en\/wp-json\/wp\/v2\/types\/post"}],"author":[{"embeddable":true,"href":"https:\/\/www.psyke.es\/en\/wp-json\/wp\/v2\/users\/3"}],"replies":[{"embeddable":true,"href":"https:\/\/www.psyke.es\/en\/wp-json\/wp\/v2\/comments?post=19312"}],"version-history":[{"count":0,"href":"https:\/\/www.psyke.es\/en\/wp-json\/wp\/v2\/posts\/19312\/revisions"}],"wp:featuredmedia":[{"embeddable":true,"href":"https:\/\/www.psyke.es\/en\/wp-json\/wp\/v2\/media\/19307"}],"wp:attachment":[{"href":"https:\/\/www.psyke.es\/en\/wp-json\/wp\/v2\/media?parent=19312"}],"wp:term":[{"taxonomy":"category","embeddable":true,"href":"https:\/\/www.psyke.es\/en\/wp-json\/wp\/v2\/categories?post=19312"},{"taxonomy":"post_tag","embeddable":true,"href":"https:\/\/www.psyke.es\/en\/wp-json\/wp\/v2\/tags?post=19312"}],"curies":[{"name":"wp","href":"https:\/\/api.w.org\/{rel}","templated":true}]}}