{"id":19334,"date":"2025-12-07T17:00:00","date_gmt":"2025-12-07T15:00:00","guid":{"rendered":"https:\/\/www.psyke.es\/la-proxima-vez-que-veas-un-abuelito-y-pidas-un-deseo-reflexiona\/"},"modified":"2025-12-16T12:16:07","modified_gmt":"2025-12-16T10:16:07","slug":"la-proxima-vez-que-veas-un-abuelito-y-pidas-un-deseo-reflexiona","status":"publish","type":"post","link":"https:\/\/www.psyke.es\/en\/la-proxima-vez-que-veas-un-abuelito-y-pidas-un-deseo-reflexiona\/","title":{"rendered":"La pr\u00f3xima vez que veas un \u201cabuelito\u201d y pidas un deseo, reflexiona\u2026"},"content":{"rendered":"\n<p><\/p>\n\n\n\n<p>Para muchos de nosotros ver un abuelito volando por el aire (esa semilla blanca del diente de le\u00f3n) y pedir un deseo es un acto casi autom\u00e1tico. No lo hacemos por superstici\u00f3n. Ya lo hac\u00edamos de peque\u00f1os y por eso es un ritual que despierta el ni\u00f1o que llevamos dentro. Y tambi\u00e9n porque, por un instante, sentimos la <strong>posibilidad de algo nuevo<\/strong>.<\/p>\n\n\n\n<p>El abuelito vuela solo unos segundos. Ese soplo fugaz nos recuerda lo ef\u00edmero, y al verlo impulsivamente <strong>proyectamos en \u00e9l una cierta esperanza<\/strong>. Si te pasa ahora de mayor (a m\u00ed me pasa) te invito a hacerlo ahora de forma m\u00e1s consciente. Cuando te ocurra, convi\u00e9rtelo en una micro-pausa para <strong>escuchar lo que realmente necesitas<\/strong>, no lo que la mente te exige. Y no razones tu respuesta. <strong>Deja que tu cuerpo se exprese <\/strong>y que salga lo primero que aparezca desde muy adentro. Es posible que te sorprendas. El cuerpo es m\u00e1s sabio que la mente.<\/p>\n\n\n\n<p>Muchas veces pedimos deseos como si lanz\u00e1ramos un SOS al viento: <strong>m\u00e1s desde la carencia que desde la claridad<\/strong>. Queremos que algo cambie, pero no nos detenemos a preguntarnos qu\u00e9 y por qu\u00e9. Antes de pedir un deseo, averigua qu\u00e9 parte de ti lo formula: \u00bfla que est\u00e1 huyendo, o la que quiere crecer? Porque <strong>la felicidad no se construye a base de rescates m\u00e1gicos<\/strong>, sino de momentos cotidianos donde nos volvemos honestos con nosotros mismos.<\/p>\n\n\n\n<p>Y ah\u00ed est\u00e1 el verdadero poder del abuelito: no que el viento cumpla tu deseo, sino que <strong>t\u00fa despiertes lo suficiente para no mentirte.<\/strong> Para no aplazarte. Para atreverte a querer en serio. Porque la semilla vuela, s\u00ed, pero quien planta e inicia los cambios despu\u00e9s eres t\u00fa.<\/p>\n\n\n\n<p>As\u00ed que la pr\u00f3xima vez que veas uno flotar, respira. Mira c\u00f3mo se eleva. Preg\u00fantate qu\u00e9 est\u00e1s intentando soltar, y qu\u00e9 est\u00e1s preparado para sembrar. Porque <strong>el deseo que nace desde la evasi\u00f3n se evapora. <\/strong>Y el que nace desde la verdad, ese s\u00ed tiene posibilidades de echar ra\u00edces. Pues somos m\u00e1s felices cuando elegimos deseos que van en l\u00ednea con nuestra esencia y no con nuestras fantas\u00edas.<\/p>\n\n\n\n<blockquote class=\"wp-block-quote is-layout-flow wp-block-quote-is-layout-flow\">\n<p><em>La felicidad no depende de que hagas grandes cambios en tu vida; <\/em><em><\/em><\/p>\n\n\n\n<p><em>se construye con peque\u00f1os momentos en los que haces una pausa,<\/em><\/p>\n\n\n\n<p><em>te sinceras contigo mismo y eliges lo que realmente est\u00e1 alineado contigo. <\/em><\/p>\n<\/blockquote>\n\n\n\n<p>Cita de la <strong><a href=\"https:\/\/drjudithjoseph.com\/\" target=\"_blank\" rel=\"noreferrer noopener\">Dra. Judith Joseph<\/a><\/strong>, psiquiatra y autora de <strong>\u201cHigh Functioning: Overcome Your Hidden Depression and Reclaim Your Joy\u201d<\/strong>. 2025.<\/p>\n\n\n\n<p>Ilustraci\u00f3n de la poeta <strong><a href=\"https:\/\/www.rachelhebert.com\/\" target=\"_blank\" rel=\"noreferrer noopener\">Rachel H\u00e9bert<\/a><\/strong>, para su libro <strong>\u201cThe Book of Thanks: A Catalogue of Gratitudes\u201d<\/strong>. 2024<\/p>\n\n\n\n<p>Sugerencia: <strong><a href=\"https:\/\/www.psyke.es\/en\/meditaciones\/genuine-happiness-meditation\/\" target=\"_blank\" rel=\"noreferrer noopener\">Meditaci\u00f3n n. 26 &#8211; \u201cMeditaci\u00f3n de la Felicidad Genuina\u201d<\/a><\/strong>.<\/p>\n\n\n\n<p>En esta meditaci\u00f3n nos centramos en la imaginaci\u00f3n, el aspecto creativo de la consciencia, y proponemos cuatro preguntas para indagar en lo que nos hace felices, en lo que necesitamos para lograr esa felicidad; en lo que podemos cultivar en nosotros mismos y tambi\u00e9n aportar al mundo para aspirar a sentir la felicidad genuina. Buena pr\u00e1ctica\u2026<\/p>\n","protected":false},"excerpt":{"rendered":"<p>La pr\u00f3xima vez que veas un \u201cabuelito\u201d y pidas un deseo, reflexiona\u2026 Qu\u00e9 parte de ti lo formula: \u00bfla que est\u00e1 huyendo, o la que quiere crecer?  [&#8230;]<\/p>\n<p><a class=\"btn btn-secondary understrap-read-more-link\" href=\"https:\/\/www.psyke.es\/en\/la-proxima-vez-que-veas-un-abuelito-y-pidas-un-deseo-reflexiona\/\">Read More&#8230;<span class=\"screen-reader-text\"> from La pr\u00f3xima vez que veas un \u201cabuelito\u201d y pidas un deseo, reflexiona\u2026<\/span><\/a><\/p>\n","protected":false},"author":3,"featured_media":19317,"comment_status":"open","ping_status":"open","sticky":false,"template":"","format":"standard","meta":{"footnotes":""},"categories":[72],"tags":[562],"class_list":["post-19334","post","type-post","status-publish","format-standard","has-post-thumbnail","hentry","category-therapeutic-reflections-mind-training","tag-deseo-en"],"yoast_head":"<!-- This site is optimized with the Yoast SEO plugin v27.4 - https:\/\/yoast.com\/product\/yoast-seo-wordpress\/ -->\n<title>La pr\u00f3xima vez que veas un \u201cabuelito\u201d y pidas un deseo, reflexiona\u2026 - Psyke<\/title>\n<meta name=\"description\" content=\"La pr\u00f3xima vez que veas un \u201cabuelito\u201d y pidas un deseo, reflexiona\u2026 Qu\u00e9 parte de ti lo formula: \u00bfla que est\u00e1 huyendo, o la que quiere crecer?\" \/>\n<meta name=\"robots\" content=\"index, follow, max-snippet:-1, max-image-preview:large, max-video-preview:-1\" \/>\n<link rel=\"canonical\" href=\"https:\/\/www.psyke.es\/en\/la-proxima-vez-que-veas-un-abuelito-y-pidas-un-deseo-reflexiona\/\" \/>\n<meta property=\"og:locale\" content=\"en_US\" \/>\n<meta property=\"og:type\" content=\"article\" \/>\n<meta property=\"og:title\" content=\"La pr\u00f3xima vez que veas un \u201cabuelito\u201d y pidas un deseo, reflexiona\u2026 - Psyke\" \/>\n<meta property=\"og:description\" content=\"La pr\u00f3xima vez que veas un \u201cabuelito\u201d y pidas un deseo, reflexiona\u2026 Qu\u00e9 parte de ti lo formula: \u00bfla que est\u00e1 huyendo, o la que quiere crecer?\" \/>\n<meta property=\"og:url\" content=\"https:\/\/www.psyke.es\/en\/la-proxima-vez-que-veas-un-abuelito-y-pidas-un-deseo-reflexiona\/\" \/>\n<meta property=\"og:site_name\" content=\"Psyke\" \/>\n<meta property=\"article:published_time\" content=\"2025-12-07T15:00:00+00:00\" \/>\n<meta property=\"article:modified_time\" content=\"2025-12-16T10:16:07+00:00\" \/>\n<meta property=\"og:image\" content=\"https:\/\/www.psyke.es\/wp-content\/uploads\/2025\/12\/la-proxima-vez-que-veas-un-abuelito-y-pidas-un-deseo-reflexiona-psyke-blog.jpg\" \/>\n\t<meta property=\"og:image:width\" content=\"1675\" \/>\n\t<meta property=\"og:image:height\" content=\"1080\" \/>\n\t<meta property=\"og:image:type\" content=\"image\/jpeg\" \/>\n<meta name=\"author\" content=\"Tha\u00efs Capella\" \/>\n<meta name=\"twitter:card\" content=\"summary_large_image\" \/>\n<meta name=\"twitter:label1\" content=\"Written by\" \/>\n\t<meta name=\"twitter:data1\" content=\"Tha\u00efs Capella\" \/>\n\t<meta name=\"twitter:label2\" content=\"Est. reading time\" \/>\n\t<meta name=\"twitter:data2\" content=\"3 minutes\" \/>\n<script type=\"application\/ld+json\" class=\"yoast-schema-graph\">{\"@context\":\"https:\\\/\\\/schema.org\",\"@graph\":[{\"@type\":\"Article\",\"@id\":\"https:\\\/\\\/www.psyke.es\\\/en\\\/la-proxima-vez-que-veas-un-abuelito-y-pidas-un-deseo-reflexiona\\\/#article\",\"isPartOf\":{\"@id\":\"https:\\\/\\\/www.psyke.es\\\/en\\\/la-proxima-vez-que-veas-un-abuelito-y-pidas-un-deseo-reflexiona\\\/\"},\"author\":{\"name\":\"Tha\u00efs Capella\",\"@id\":\"https:\\\/\\\/www.psyke.es\\\/en\\\/#\\\/schema\\\/person\\\/87774a2e60512484c09407be020d551a\"},\"headline\":\"La pr\u00f3xima vez que veas un \u201cabuelito\u201d y pidas un deseo, reflexiona\u2026\",\"datePublished\":\"2025-12-07T15:00:00+00:00\",\"dateModified\":\"2025-12-16T10:16:07+00:00\",\"mainEntityOfPage\":{\"@id\":\"https:\\\/\\\/www.psyke.es\\\/en\\\/la-proxima-vez-que-veas-un-abuelito-y-pidas-un-deseo-reflexiona\\\/\"},\"wordCount\":534,\"commentCount\":0,\"image\":{\"@id\":\"https:\\\/\\\/www.psyke.es\\\/en\\\/la-proxima-vez-que-veas-un-abuelito-y-pidas-un-deseo-reflexiona\\\/#primaryimage\"},\"thumbnailUrl\":\"https:\\\/\\\/www.psyke.es\\\/wp-content\\\/uploads\\\/2025\\\/12\\\/la-proxima-vez-que-veas-un-abuelito-y-pidas-un-deseo-reflexiona-psyke-blog.jpg\",\"keywords\":[\"deseo\"],\"articleSection\":[\"Mind training\"],\"inLanguage\":\"en-US\",\"potentialAction\":[{\"@type\":\"CommentAction\",\"name\":\"Comment\",\"target\":[\"https:\\\/\\\/www.psyke.es\\\/en\\\/la-proxima-vez-que-veas-un-abuelito-y-pidas-un-deseo-reflexiona\\\/#respond\"]}]},{\"@type\":\"WebPage\",\"@id\":\"https:\\\/\\\/www.psyke.es\\\/en\\\/la-proxima-vez-que-veas-un-abuelito-y-pidas-un-deseo-reflexiona\\\/\",\"url\":\"https:\\\/\\\/www.psyke.es\\\/en\\\/la-proxima-vez-que-veas-un-abuelito-y-pidas-un-deseo-reflexiona\\\/\",\"name\":\"La pr\u00f3xima vez que veas un \u201cabuelito\u201d y pidas un deseo, reflexiona\u2026 - Psyke\",\"isPartOf\":{\"@id\":\"https:\\\/\\\/www.psyke.es\\\/en\\\/#website\"},\"primaryImageOfPage\":{\"@id\":\"https:\\\/\\\/www.psyke.es\\\/en\\\/la-proxima-vez-que-veas-un-abuelito-y-pidas-un-deseo-reflexiona\\\/#primaryimage\"},\"image\":{\"@id\":\"https:\\\/\\\/www.psyke.es\\\/en\\\/la-proxima-vez-que-veas-un-abuelito-y-pidas-un-deseo-reflexiona\\\/#primaryimage\"},\"thumbnailUrl\":\"https:\\\/\\\/www.psyke.es\\\/wp-content\\\/uploads\\\/2025\\\/12\\\/la-proxima-vez-que-veas-un-abuelito-y-pidas-un-deseo-reflexiona-psyke-blog.jpg\",\"datePublished\":\"2025-12-07T15:00:00+00:00\",\"dateModified\":\"2025-12-16T10:16:07+00:00\",\"author\":{\"@id\":\"https:\\\/\\\/www.psyke.es\\\/en\\\/#\\\/schema\\\/person\\\/87774a2e60512484c09407be020d551a\"},\"description\":\"La pr\u00f3xima vez que veas un \u201cabuelito\u201d y pidas un deseo, reflexiona\u2026 Qu\u00e9 parte de ti lo formula: \u00bfla que est\u00e1 huyendo, o la que quiere crecer?\",\"breadcrumb\":{\"@id\":\"https:\\\/\\\/www.psyke.es\\\/en\\\/la-proxima-vez-que-veas-un-abuelito-y-pidas-un-deseo-reflexiona\\\/#breadcrumb\"},\"inLanguage\":\"en-US\",\"potentialAction\":[{\"@type\":\"ReadAction\",\"target\":[\"https:\\\/\\\/www.psyke.es\\\/en\\\/la-proxima-vez-que-veas-un-abuelito-y-pidas-un-deseo-reflexiona\\\/\"]}]},{\"@type\":\"ImageObject\",\"inLanguage\":\"en-US\",\"@id\":\"https:\\\/\\\/www.psyke.es\\\/en\\\/la-proxima-vez-que-veas-un-abuelito-y-pidas-un-deseo-reflexiona\\\/#primaryimage\",\"url\":\"https:\\\/\\\/www.psyke.es\\\/wp-content\\\/uploads\\\/2025\\\/12\\\/la-proxima-vez-que-veas-un-abuelito-y-pidas-un-deseo-reflexiona-psyke-blog.jpg\",\"contentUrl\":\"https:\\\/\\\/www.psyke.es\\\/wp-content\\\/uploads\\\/2025\\\/12\\\/la-proxima-vez-que-veas-un-abuelito-y-pidas-un-deseo-reflexiona-psyke-blog.jpg\",\"width\":1675,\"height\":1080,\"caption\":\"la-proxima-vez-que-veas-un-abuelito-y-pidas-un-deseo-reflexiona-psyke-blog\"},{\"@type\":\"BreadcrumbList\",\"@id\":\"https:\\\/\\\/www.psyke.es\\\/en\\\/la-proxima-vez-que-veas-un-abuelito-y-pidas-un-deseo-reflexiona\\\/#breadcrumb\",\"itemListElement\":[{\"@type\":\"ListItem\",\"position\":1,\"name\":\"Portada\",\"item\":\"https:\\\/\\\/www.psyke.es\\\/en\\\/\"},{\"@type\":\"ListItem\",\"position\":2,\"name\":\"La pr\u00f3xima vez que veas un \u201cabuelito\u201d y pidas un deseo, reflexiona\u2026\"}]},{\"@type\":\"WebSite\",\"@id\":\"https:\\\/\\\/www.psyke.es\\\/en\\\/#website\",\"url\":\"https:\\\/\\\/www.psyke.es\\\/en\\\/\",\"name\":\"Psyke\",\"description\":\"Centro de Psicolog\u00eda\",\"potentialAction\":[{\"@type\":\"SearchAction\",\"target\":{\"@type\":\"EntryPoint\",\"urlTemplate\":\"https:\\\/\\\/www.psyke.es\\\/en\\\/?s={search_term_string}\"},\"query-input\":{\"@type\":\"PropertyValueSpecification\",\"valueRequired\":true,\"valueName\":\"search_term_string\"}}],\"inLanguage\":\"en-US\"},{\"@type\":\"Person\",\"@id\":\"https:\\\/\\\/www.psyke.es\\\/en\\\/#\\\/schema\\\/person\\\/87774a2e60512484c09407be020d551a\",\"name\":\"Tha\u00efs Capella\",\"image\":{\"@type\":\"ImageObject\",\"inLanguage\":\"en-US\",\"@id\":\"https:\\\/\\\/secure.gravatar.com\\\/avatar\\\/71847c79c196fcb2761a3960e77f33ed0e684732f3145d9b4af037b8ed17c94c?s=96&d=mm&r=g\",\"url\":\"https:\\\/\\\/secure.gravatar.com\\\/avatar\\\/71847c79c196fcb2761a3960e77f33ed0e684732f3145d9b4af037b8ed17c94c?s=96&d=mm&r=g\",\"contentUrl\":\"https:\\\/\\\/secure.gravatar.com\\\/avatar\\\/71847c79c196fcb2761a3960e77f33ed0e684732f3145d9b4af037b8ed17c94c?s=96&d=mm&r=g\",\"caption\":\"Tha\u00efs Capella\"},\"sameAs\":[\"http:\\\/\\\/psyke.es\"]}]}<\/script>\n<!-- \/ Yoast SEO plugin. -->","yoast_head_json":{"title":"La pr\u00f3xima vez que veas un \u201cabuelito\u201d y pidas un deseo, reflexiona\u2026 - Psyke","description":"La pr\u00f3xima vez que veas un \u201cabuelito\u201d y pidas un deseo, reflexiona\u2026 Qu\u00e9 parte de ti lo formula: \u00bfla que est\u00e1 huyendo, o la que quiere crecer?","robots":{"index":"index","follow":"follow","max-snippet":"max-snippet:-1","max-image-preview":"max-image-preview:large","max-video-preview":"max-video-preview:-1"},"canonical":"https:\/\/www.psyke.es\/en\/la-proxima-vez-que-veas-un-abuelito-y-pidas-un-deseo-reflexiona\/","og_locale":"en_US","og_type":"article","og_title":"La pr\u00f3xima vez que veas un \u201cabuelito\u201d y pidas un deseo, reflexiona\u2026 - Psyke","og_description":"La pr\u00f3xima vez que veas un \u201cabuelito\u201d y pidas un deseo, reflexiona\u2026 Qu\u00e9 parte de ti lo formula: \u00bfla que est\u00e1 huyendo, o la que quiere crecer?","og_url":"https:\/\/www.psyke.es\/en\/la-proxima-vez-que-veas-un-abuelito-y-pidas-un-deseo-reflexiona\/","og_site_name":"Psyke","article_published_time":"2025-12-07T15:00:00+00:00","article_modified_time":"2025-12-16T10:16:07+00:00","og_image":[{"width":1675,"height":1080,"url":"https:\/\/www.psyke.es\/wp-content\/uploads\/2025\/12\/la-proxima-vez-que-veas-un-abuelito-y-pidas-un-deseo-reflexiona-psyke-blog.jpg","type":"image\/jpeg"}],"author":"Tha\u00efs Capella","twitter_card":"summary_large_image","twitter_misc":{"Written by":"Tha\u00efs Capella","Est. reading time":"3 minutes"},"schema":{"@context":"https:\/\/schema.org","@graph":[{"@type":"Article","@id":"https:\/\/www.psyke.es\/en\/la-proxima-vez-que-veas-un-abuelito-y-pidas-un-deseo-reflexiona\/#article","isPartOf":{"@id":"https:\/\/www.psyke.es\/en\/la-proxima-vez-que-veas-un-abuelito-y-pidas-un-deseo-reflexiona\/"},"author":{"name":"Tha\u00efs Capella","@id":"https:\/\/www.psyke.es\/en\/#\/schema\/person\/87774a2e60512484c09407be020d551a"},"headline":"La pr\u00f3xima vez que veas un \u201cabuelito\u201d y pidas un deseo, reflexiona\u2026","datePublished":"2025-12-07T15:00:00+00:00","dateModified":"2025-12-16T10:16:07+00:00","mainEntityOfPage":{"@id":"https:\/\/www.psyke.es\/en\/la-proxima-vez-que-veas-un-abuelito-y-pidas-un-deseo-reflexiona\/"},"wordCount":534,"commentCount":0,"image":{"@id":"https:\/\/www.psyke.es\/en\/la-proxima-vez-que-veas-un-abuelito-y-pidas-un-deseo-reflexiona\/#primaryimage"},"thumbnailUrl":"https:\/\/www.psyke.es\/wp-content\/uploads\/2025\/12\/la-proxima-vez-que-veas-un-abuelito-y-pidas-un-deseo-reflexiona-psyke-blog.jpg","keywords":["deseo"],"articleSection":["Mind training"],"inLanguage":"en-US","potentialAction":[{"@type":"CommentAction","name":"Comment","target":["https:\/\/www.psyke.es\/en\/la-proxima-vez-que-veas-un-abuelito-y-pidas-un-deseo-reflexiona\/#respond"]}]},{"@type":"WebPage","@id":"https:\/\/www.psyke.es\/en\/la-proxima-vez-que-veas-un-abuelito-y-pidas-un-deseo-reflexiona\/","url":"https:\/\/www.psyke.es\/en\/la-proxima-vez-que-veas-un-abuelito-y-pidas-un-deseo-reflexiona\/","name":"La pr\u00f3xima vez que veas un \u201cabuelito\u201d y pidas un deseo, reflexiona\u2026 - Psyke","isPartOf":{"@id":"https:\/\/www.psyke.es\/en\/#website"},"primaryImageOfPage":{"@id":"https:\/\/www.psyke.es\/en\/la-proxima-vez-que-veas-un-abuelito-y-pidas-un-deseo-reflexiona\/#primaryimage"},"image":{"@id":"https:\/\/www.psyke.es\/en\/la-proxima-vez-que-veas-un-abuelito-y-pidas-un-deseo-reflexiona\/#primaryimage"},"thumbnailUrl":"https:\/\/www.psyke.es\/wp-content\/uploads\/2025\/12\/la-proxima-vez-que-veas-un-abuelito-y-pidas-un-deseo-reflexiona-psyke-blog.jpg","datePublished":"2025-12-07T15:00:00+00:00","dateModified":"2025-12-16T10:16:07+00:00","author":{"@id":"https:\/\/www.psyke.es\/en\/#\/schema\/person\/87774a2e60512484c09407be020d551a"},"description":"La pr\u00f3xima vez que veas un \u201cabuelito\u201d y pidas un deseo, reflexiona\u2026 Qu\u00e9 parte de ti lo formula: \u00bfla que est\u00e1 huyendo, o la que quiere crecer?","breadcrumb":{"@id":"https:\/\/www.psyke.es\/en\/la-proxima-vez-que-veas-un-abuelito-y-pidas-un-deseo-reflexiona\/#breadcrumb"},"inLanguage":"en-US","potentialAction":[{"@type":"ReadAction","target":["https:\/\/www.psyke.es\/en\/la-proxima-vez-que-veas-un-abuelito-y-pidas-un-deseo-reflexiona\/"]}]},{"@type":"ImageObject","inLanguage":"en-US","@id":"https:\/\/www.psyke.es\/en\/la-proxima-vez-que-veas-un-abuelito-y-pidas-un-deseo-reflexiona\/#primaryimage","url":"https:\/\/www.psyke.es\/wp-content\/uploads\/2025\/12\/la-proxima-vez-que-veas-un-abuelito-y-pidas-un-deseo-reflexiona-psyke-blog.jpg","contentUrl":"https:\/\/www.psyke.es\/wp-content\/uploads\/2025\/12\/la-proxima-vez-que-veas-un-abuelito-y-pidas-un-deseo-reflexiona-psyke-blog.jpg","width":1675,"height":1080,"caption":"la-proxima-vez-que-veas-un-abuelito-y-pidas-un-deseo-reflexiona-psyke-blog"},{"@type":"BreadcrumbList","@id":"https:\/\/www.psyke.es\/en\/la-proxima-vez-que-veas-un-abuelito-y-pidas-un-deseo-reflexiona\/#breadcrumb","itemListElement":[{"@type":"ListItem","position":1,"name":"Portada","item":"https:\/\/www.psyke.es\/en\/"},{"@type":"ListItem","position":2,"name":"La pr\u00f3xima vez que veas un \u201cabuelito\u201d y pidas un deseo, reflexiona\u2026"}]},{"@type":"WebSite","@id":"https:\/\/www.psyke.es\/en\/#website","url":"https:\/\/www.psyke.es\/en\/","name":"Psyke","description":"Centro de Psicolog\u00eda","potentialAction":[{"@type":"SearchAction","target":{"@type":"EntryPoint","urlTemplate":"https:\/\/www.psyke.es\/en\/?s={search_term_string}"},"query-input":{"@type":"PropertyValueSpecification","valueRequired":true,"valueName":"search_term_string"}}],"inLanguage":"en-US"},{"@type":"Person","@id":"https:\/\/www.psyke.es\/en\/#\/schema\/person\/87774a2e60512484c09407be020d551a","name":"Tha\u00efs Capella","image":{"@type":"ImageObject","inLanguage":"en-US","@id":"https:\/\/secure.gravatar.com\/avatar\/71847c79c196fcb2761a3960e77f33ed0e684732f3145d9b4af037b8ed17c94c?s=96&d=mm&r=g","url":"https:\/\/secure.gravatar.com\/avatar\/71847c79c196fcb2761a3960e77f33ed0e684732f3145d9b4af037b8ed17c94c?s=96&d=mm&r=g","contentUrl":"https:\/\/secure.gravatar.com\/avatar\/71847c79c196fcb2761a3960e77f33ed0e684732f3145d9b4af037b8ed17c94c?s=96&d=mm&r=g","caption":"Tha\u00efs Capella"},"sameAs":["http:\/\/psyke.es"]}]}},"post_mailing_queue_ids":[],"_links":{"self":[{"href":"https:\/\/www.psyke.es\/en\/wp-json\/wp\/v2\/posts\/19334","targetHints":{"allow":["GET"]}}],"collection":[{"href":"https:\/\/www.psyke.es\/en\/wp-json\/wp\/v2\/posts"}],"about":[{"href":"https:\/\/www.psyke.es\/en\/wp-json\/wp\/v2\/types\/post"}],"author":[{"embeddable":true,"href":"https:\/\/www.psyke.es\/en\/wp-json\/wp\/v2\/users\/3"}],"replies":[{"embeddable":true,"href":"https:\/\/www.psyke.es\/en\/wp-json\/wp\/v2\/comments?post=19334"}],"version-history":[{"count":0,"href":"https:\/\/www.psyke.es\/en\/wp-json\/wp\/v2\/posts\/19334\/revisions"}],"wp:featuredmedia":[{"embeddable":true,"href":"https:\/\/www.psyke.es\/en\/wp-json\/wp\/v2\/media\/19317"}],"wp:attachment":[{"href":"https:\/\/www.psyke.es\/en\/wp-json\/wp\/v2\/media?parent=19334"}],"wp:term":[{"taxonomy":"category","embeddable":true,"href":"https:\/\/www.psyke.es\/en\/wp-json\/wp\/v2\/categories?post=19334"},{"taxonomy":"post_tag","embeddable":true,"href":"https:\/\/www.psyke.es\/en\/wp-json\/wp\/v2\/tags?post=19334"}],"curies":[{"name":"wp","href":"https:\/\/api.w.org\/{rel}","templated":true}]}}