{"id":19481,"date":"2026-03-01T10:00:00","date_gmt":"2026-03-01T08:00:00","guid":{"rendered":"https:\/\/www.psyke.es\/?p=19481"},"modified":"2026-02-27T16:37:36","modified_gmt":"2026-02-27T14:37:36","slug":"si-de-repente-pierdes-el-control-no-eres-tu-es-tu-cuerpo-en-reaccion","status":"publish","type":"post","link":"https:\/\/www.psyke.es\/en\/si-de-repente-pierdes-el-control-no-eres-tu-es-tu-cuerpo-en-reaccion\/","title":{"rendered":"Si de repente pierdes el control, no eres t\u00fa, es tu cuerpo en reacci\u00f3n\u2026"},"content":{"rendered":"\n<p>Cuando te aceleras antes de hablar en p\u00fablico, cuando sientes un nudo en el est\u00f3mago por una dif\u00edcil conversaci\u00f3n pendiente o cuando una simple no-respuesta en WhatsApp te activa un tumulto interno, no es debilidad ni inmadurez emocional, <strong>es tu biolog\u00eda<\/strong> que se ha puesto en acci\u00f3n.<\/p>\n\n\n\n<p>Tu organismo <strong>no distingue bien<\/strong> entre una amenaza social y una amenaza real. Para tu cuerpo, el rechazo duele, la incertidumbre inquieta y la cr\u00edtica activa el estado de alarma. Y esa alarma se enciende en milisegundos, mucho antes de que tu parte reflexiva tenga tiempo de intervenir y razonar.<\/p>\n\n\n\n<p><strong>El estr\u00e9s empieza en el cuerpo<\/strong>: primero se altera la respiraci\u00f3n, se tensan los m\u00fasculos, cambia el ritmo card\u00edaco, se estrecha la atenci\u00f3n. Despu\u00e9s llega el pensamiento intentando explicarlo todo: \u201cEsto va a salir mal\u201d, \u201cNo soy suficiente\u201d, \u201cVan a juzgarme\u201d. Creemos que pensamos y luego sentimos, pero muchas veces sentimos y luego pensamos. La mente construye una historia coherente con el estado fisiol\u00f3gico que ya est\u00e1 ocurriendo. Si el cuerpo est\u00e1 activado, la mente buscar\u00e1 razones para justificar esa activaci\u00f3n. Y ah\u00ed es donde nos fusionamos (nos creemos a pies juntillas) la historia, convencidos de que el problema es lo que pensamos, cuando en realidad el primer movimiento fue corporal.<\/p>\n\n\n\n<p>Aqu\u00ed est\u00e1 lo pr\u00e1ctico, <strong>no luches contra lo que est\u00e1s pensando y aprende a regular tu fisiolog\u00eda. <\/strong>Respira m\u00e1s lento de lo habitual durante unos minutos. Expande la mirada y orienta tu consciencia hacia el entorno. Relaja deliberadamente la mand\u00edbula y los hombros. Mueve el cuerpo con ritmo lento. Cuando cambias el estado corporal, cambia la interpretaci\u00f3n mental. No es magia ni autoenga\u00f1o. Es neurobiolog\u00eda b\u00e1sica: el cerebro est\u00e1 leyendo continuamente se\u00f1ales del cuerpo para decidir si el mundo es seguro o peligroso. <strong>Si env\u00edas se\u00f1ales de seguridad, la mente reduce la narrativa de amenaza.<\/strong> \u00bfQui\u00e9n estar\u00eda respirando lentamente con un le\u00f3n delante? Nadie\u2026<\/p>\n\n\n\n<p>El verdadero problema no es que tu sistema se active, es que no siempre sabemos c\u00f3mo desactivarlo. Nuestro organismo est\u00e1 preparado para entrar en alerta ante el peligro y, cuando desaparece ese peligro, volver a la calma. Pero en la vida actual no hay un le\u00f3n al que sobrevivir y, una vez pasada la amenaza, despu\u00e9s descansar. Hay correos, expectativas, comparaciones y exigencias internas repetitivas y continuadas. Si no aprendemos a calmar el ciclo fisiol\u00f3gico del estr\u00e9s, la activaci\u00f3n se cronificar\u00e1 y acabaremos creyendo que esa tensi\u00f3n es \u201cnuestra personalidad\u201d. <strong>No eres una persona ansiosa en esencia<\/strong>, simplemente est\u00e1s activ\u00e1ndote de manera sostenida por las circunstancias que no paran de presentarse en tu vida diaria.<\/p>\n\n\n\n<p>Entender esto cambia tu conversaci\u00f3n interna. <strong>Dejas de luchar contra ti y empiezas a escucharte.<\/strong> Y cuando pasas de la lucha a la regulaci\u00f3n, tu sistema nervioso aprende algo nuevo: que no todo es amenaza. &nbsp;&nbsp;<\/p>\n\n\n\n<p><\/p>\n\n\n\n<p><em>Los sentimientos son la experiencia mental de los estados del cuerpo.<\/em><\/p>\n\n\n\n<p><\/p>\n\n\n\n<p>Cita de <strong><a href=\"https:\/\/www.fpa.es\/es\/premios-princesa-de-asturias\/premiados\/2005-antonio-damasio\/?texto=trayectoria\">Antonio Damasio<\/a><\/strong>, <em>El error de Descartes<\/em> (1994), Editorial Cr\u00edtica.<\/p>\n\n\n\n<p>Ilustraci\u00f3n de <strong><a href=\"https:\/\/www.instagram.com\/bobbyartistbaker\/?hl=es\">Bobby Baker<\/a><\/strong> para <em>Diary Drawings Mental Illness and Me<\/em>, de 2010.<\/p>\n\n\n\n<p><strong>Sugerencia: <a href=\"https:\/\/www.psyke.es\/en\/meditaciones\/01-breathing-meditation-spanish\/\">Meditaci\u00f3n n\u00ba 1: \u201cMeditaci\u00f3n de la Respiraci\u00f3n\u201d<\/a>.<\/strong> La respiraci\u00f3n es el ancla m\u00e1s sencilla y a la vez m\u00e1s poderosa en la pr\u00e1ctica de mindfulness. Est\u00e1 siempre disponible, no requiere nada externo y nos conecta con el momento presente de forma directa. Activa el sistema nervioso parasimp\u00e1tico, regulando el estr\u00e9s y favoreciendo estados de calma y claridad mental. Buena pr\u00e1ctica\u2026<\/p>\n\n\n\n<p><\/p>\n","protected":false},"excerpt":{"rendered":"<p>Cuando te aceleras antes de hablar en p\u00fablico, cuando sientes un nudo en el est\u00f3mago por una dif\u00edcil conversaci\u00f3n pendiente o cuando una simple no-respuesta en WhatsApp te activa un tumulto interno, no es debilidad ni inmadurez emocional, es tu biolog\u00eda que se ha puesto en acci\u00f3n. Tu organismo no distingue bien entre una amenaza [&#8230;]<\/p>\n<p><a class=\"btn btn-secondary understrap-read-more-link\" href=\"https:\/\/www.psyke.es\/en\/si-de-repente-pierdes-el-control-no-eres-tu-es-tu-cuerpo-en-reaccion\/\">Read More&#8230;<span class=\"screen-reader-text\"> from Si de repente pierdes el control, no eres t\u00fa, es tu cuerpo en reacci\u00f3n\u2026<\/span><\/a><\/p>\n","protected":false},"author":3,"featured_media":19474,"comment_status":"open","ping_status":"open","sticky":false,"template":"","format":"standard","meta":{"footnotes":""},"categories":[84,77,73,72,80,57],"tags":[189,113,100,126],"class_list":["post-19481","post","type-post","status-publish","format-standard","has-post-thumbnail","hentry","category-therapeutic-reflections-anxiety-stress","category-estres-en","category-therapeutic-reflections-mind","category-therapeutic-reflections-mind-training","category-therapeutic-reflections-thoughts","category-uncategorized","tag-estres-en","tag-meditacion-en","tag-mente-en","tag-mindfulness-en"],"yoast_head":"<!-- This site is optimized with the Yoast SEO plugin v27.4 - https:\/\/yoast.com\/product\/yoast-seo-wordpress\/ -->\n<title>Si de repente pierdes el control, no eres t\u00fa, es tu cuerpo en reacci\u00f3n\u2026 - Psyke<\/title>\n<meta name=\"description\" content=\"Si de repente pierdes el control, no eres t\u00fa, es tu cuerpo en reacci\u00f3n\u2026 no es debilidad ni inmadurez emocional, es tu biolog\u00eda en acci\u00f3n.\" \/>\n<meta name=\"robots\" content=\"index, follow, max-snippet:-1, max-image-preview:large, max-video-preview:-1\" \/>\n<link rel=\"canonical\" href=\"https:\/\/www.psyke.es\/en\/si-de-repente-pierdes-el-control-no-eres-tu-es-tu-cuerpo-en-reaccion\/\" \/>\n<meta property=\"og:locale\" content=\"en_US\" \/>\n<meta property=\"og:type\" content=\"article\" \/>\n<meta property=\"og:title\" content=\"Si de repente pierdes el control, no eres t\u00fa, es tu cuerpo en reacci\u00f3n\u2026 - Psyke\" \/>\n<meta property=\"og:description\" content=\"Si de repente pierdes el control, no eres t\u00fa, es tu cuerpo en reacci\u00f3n\u2026 no es debilidad ni inmadurez emocional, es tu biolog\u00eda en acci\u00f3n.\" \/>\n<meta property=\"og:url\" content=\"https:\/\/www.psyke.es\/en\/si-de-repente-pierdes-el-control-no-eres-tu-es-tu-cuerpo-en-reaccion\/\" \/>\n<meta property=\"og:site_name\" content=\"Psyke\" \/>\n<meta property=\"article:published_time\" content=\"2026-03-01T08:00:00+00:00\" \/>\n<meta property=\"og:image\" content=\"https:\/\/www.psyke.es\/wp-content\/uploads\/2026\/02\/IMG_4021.webp\" \/>\n\t<meta property=\"og:image:width\" content=\"508\" \/>\n\t<meta property=\"og:image:height\" content=\"664\" \/>\n\t<meta property=\"og:image:type\" content=\"image\/webp\" \/>\n<meta name=\"author\" content=\"Tha\u00efs Capella\" \/>\n<meta name=\"twitter:card\" content=\"summary_large_image\" \/>\n<meta name=\"twitter:label1\" content=\"Written by\" \/>\n\t<meta name=\"twitter:data1\" content=\"Tha\u00efs Capella\" \/>\n<script type=\"application\/ld+json\" class=\"yoast-schema-graph\">{\"@context\":\"https:\\\/\\\/schema.org\",\"@graph\":[{\"@type\":\"Article\",\"@id\":\"https:\\\/\\\/www.psyke.es\\\/en\\\/si-de-repente-pierdes-el-control-no-eres-tu-es-tu-cuerpo-en-reaccion\\\/#article\",\"isPartOf\":{\"@id\":\"https:\\\/\\\/www.psyke.es\\\/en\\\/si-de-repente-pierdes-el-control-no-eres-tu-es-tu-cuerpo-en-reaccion\\\/\"},\"author\":{\"name\":\"Tha\u00efs Capella\",\"@id\":\"https:\\\/\\\/www.psyke.es\\\/en\\\/#\\\/schema\\\/person\\\/87774a2e60512484c09407be020d551a\"},\"headline\":\"Si de repente pierdes el control, no eres t\u00fa, es tu cuerpo en reacci\u00f3n\u2026\",\"datePublished\":\"2026-03-01T08:00:00+00:00\",\"mainEntityOfPage\":{\"@id\":\"https:\\\/\\\/www.psyke.es\\\/en\\\/si-de-repente-pierdes-el-control-no-eres-tu-es-tu-cuerpo-en-reaccion\\\/\"},\"wordCount\":625,\"commentCount\":0,\"image\":{\"@id\":\"https:\\\/\\\/www.psyke.es\\\/en\\\/si-de-repente-pierdes-el-control-no-eres-tu-es-tu-cuerpo-en-reaccion\\\/#primaryimage\"},\"thumbnailUrl\":\"https:\\\/\\\/www.psyke.es\\\/wp-content\\\/uploads\\\/2026\\\/02\\\/IMG_4021.webp\",\"keywords\":[\"estr\u00e9s\",\"Meditaci\u00f3n\",\"mente\",\"mindfulness\"],\"articleSection\":[\"Anxiety and stress\",\"Estr\u00e9s\",\"Mind\",\"Mind training\",\"Thoughts\"],\"inLanguage\":\"en-US\",\"potentialAction\":[{\"@type\":\"CommentAction\",\"name\":\"Comment\",\"target\":[\"https:\\\/\\\/www.psyke.es\\\/en\\\/si-de-repente-pierdes-el-control-no-eres-tu-es-tu-cuerpo-en-reaccion\\\/#respond\"]}]},{\"@type\":\"WebPage\",\"@id\":\"https:\\\/\\\/www.psyke.es\\\/en\\\/si-de-repente-pierdes-el-control-no-eres-tu-es-tu-cuerpo-en-reaccion\\\/\",\"url\":\"https:\\\/\\\/www.psyke.es\\\/en\\\/si-de-repente-pierdes-el-control-no-eres-tu-es-tu-cuerpo-en-reaccion\\\/\",\"name\":\"Si de repente pierdes el control, no eres t\u00fa, es tu cuerpo en reacci\u00f3n\u2026 - Psyke\",\"isPartOf\":{\"@id\":\"https:\\\/\\\/www.psyke.es\\\/en\\\/#website\"},\"primaryImageOfPage\":{\"@id\":\"https:\\\/\\\/www.psyke.es\\\/en\\\/si-de-repente-pierdes-el-control-no-eres-tu-es-tu-cuerpo-en-reaccion\\\/#primaryimage\"},\"image\":{\"@id\":\"https:\\\/\\\/www.psyke.es\\\/en\\\/si-de-repente-pierdes-el-control-no-eres-tu-es-tu-cuerpo-en-reaccion\\\/#primaryimage\"},\"thumbnailUrl\":\"https:\\\/\\\/www.psyke.es\\\/wp-content\\\/uploads\\\/2026\\\/02\\\/IMG_4021.webp\",\"datePublished\":\"2026-03-01T08:00:00+00:00\",\"author\":{\"@id\":\"https:\\\/\\\/www.psyke.es\\\/en\\\/#\\\/schema\\\/person\\\/87774a2e60512484c09407be020d551a\"},\"description\":\"Si de repente pierdes el control, no eres t\u00fa, es tu cuerpo en reacci\u00f3n\u2026 no es debilidad ni inmadurez emocional, es tu biolog\u00eda en acci\u00f3n.\",\"breadcrumb\":{\"@id\":\"https:\\\/\\\/www.psyke.es\\\/en\\\/si-de-repente-pierdes-el-control-no-eres-tu-es-tu-cuerpo-en-reaccion\\\/#breadcrumb\"},\"inLanguage\":\"en-US\",\"potentialAction\":[{\"@type\":\"ReadAction\",\"target\":[\"https:\\\/\\\/www.psyke.es\\\/en\\\/si-de-repente-pierdes-el-control-no-eres-tu-es-tu-cuerpo-en-reaccion\\\/\"]}]},{\"@type\":\"ImageObject\",\"inLanguage\":\"en-US\",\"@id\":\"https:\\\/\\\/www.psyke.es\\\/en\\\/si-de-repente-pierdes-el-control-no-eres-tu-es-tu-cuerpo-en-reaccion\\\/#primaryimage\",\"url\":\"https:\\\/\\\/www.psyke.es\\\/wp-content\\\/uploads\\\/2026\\\/02\\\/IMG_4021.webp\",\"contentUrl\":\"https:\\\/\\\/www.psyke.es\\\/wp-content\\\/uploads\\\/2026\\\/02\\\/IMG_4021.webp\",\"width\":508,\"height\":664,\"caption\":\"si-de-repente-pierdes-el-control-no-eres-tu-es-tu-cuerpo-en-reaccion\"},{\"@type\":\"BreadcrumbList\",\"@id\":\"https:\\\/\\\/www.psyke.es\\\/en\\\/si-de-repente-pierdes-el-control-no-eres-tu-es-tu-cuerpo-en-reaccion\\\/#breadcrumb\",\"itemListElement\":[{\"@type\":\"ListItem\",\"position\":1,\"name\":\"Portada\",\"item\":\"https:\\\/\\\/www.psyke.es\\\/en\\\/\"},{\"@type\":\"ListItem\",\"position\":2,\"name\":\"Si de repente pierdes el control, no eres t\u00fa, es tu cuerpo en reacci\u00f3n\u2026\"}]},{\"@type\":\"WebSite\",\"@id\":\"https:\\\/\\\/www.psyke.es\\\/en\\\/#website\",\"url\":\"https:\\\/\\\/www.psyke.es\\\/en\\\/\",\"name\":\"Psyke\",\"description\":\"Centro de Psicolog\u00eda\",\"potentialAction\":[{\"@type\":\"SearchAction\",\"target\":{\"@type\":\"EntryPoint\",\"urlTemplate\":\"https:\\\/\\\/www.psyke.es\\\/en\\\/?s={search_term_string}\"},\"query-input\":{\"@type\":\"PropertyValueSpecification\",\"valueRequired\":true,\"valueName\":\"search_term_string\"}}],\"inLanguage\":\"en-US\"},{\"@type\":\"Person\",\"@id\":\"https:\\\/\\\/www.psyke.es\\\/en\\\/#\\\/schema\\\/person\\\/87774a2e60512484c09407be020d551a\",\"name\":\"Tha\u00efs Capella\",\"image\":{\"@type\":\"ImageObject\",\"inLanguage\":\"en-US\",\"@id\":\"https:\\\/\\\/secure.gravatar.com\\\/avatar\\\/71847c79c196fcb2761a3960e77f33ed0e684732f3145d9b4af037b8ed17c94c?s=96&d=mm&r=g\",\"url\":\"https:\\\/\\\/secure.gravatar.com\\\/avatar\\\/71847c79c196fcb2761a3960e77f33ed0e684732f3145d9b4af037b8ed17c94c?s=96&d=mm&r=g\",\"contentUrl\":\"https:\\\/\\\/secure.gravatar.com\\\/avatar\\\/71847c79c196fcb2761a3960e77f33ed0e684732f3145d9b4af037b8ed17c94c?s=96&d=mm&r=g\",\"caption\":\"Tha\u00efs Capella\"},\"sameAs\":[\"http:\\\/\\\/psyke.es\"]}]}<\/script>\n<!-- \/ Yoast SEO plugin. -->","yoast_head_json":{"title":"Si de repente pierdes el control, no eres t\u00fa, es tu cuerpo en reacci\u00f3n\u2026 - Psyke","description":"Si de repente pierdes el control, no eres t\u00fa, es tu cuerpo en reacci\u00f3n\u2026 no es debilidad ni inmadurez emocional, es tu biolog\u00eda en acci\u00f3n.","robots":{"index":"index","follow":"follow","max-snippet":"max-snippet:-1","max-image-preview":"max-image-preview:large","max-video-preview":"max-video-preview:-1"},"canonical":"https:\/\/www.psyke.es\/en\/si-de-repente-pierdes-el-control-no-eres-tu-es-tu-cuerpo-en-reaccion\/","og_locale":"en_US","og_type":"article","og_title":"Si de repente pierdes el control, no eres t\u00fa, es tu cuerpo en reacci\u00f3n\u2026 - Psyke","og_description":"Si de repente pierdes el control, no eres t\u00fa, es tu cuerpo en reacci\u00f3n\u2026 no es debilidad ni inmadurez emocional, es tu biolog\u00eda en acci\u00f3n.","og_url":"https:\/\/www.psyke.es\/en\/si-de-repente-pierdes-el-control-no-eres-tu-es-tu-cuerpo-en-reaccion\/","og_site_name":"Psyke","article_published_time":"2026-03-01T08:00:00+00:00","og_image":[{"width":508,"height":664,"url":"https:\/\/www.psyke.es\/wp-content\/uploads\/2026\/02\/IMG_4021.webp","type":"image\/webp"}],"author":"Tha\u00efs Capella","twitter_card":"summary_large_image","twitter_misc":{"Written by":"Tha\u00efs Capella"},"schema":{"@context":"https:\/\/schema.org","@graph":[{"@type":"Article","@id":"https:\/\/www.psyke.es\/en\/si-de-repente-pierdes-el-control-no-eres-tu-es-tu-cuerpo-en-reaccion\/#article","isPartOf":{"@id":"https:\/\/www.psyke.es\/en\/si-de-repente-pierdes-el-control-no-eres-tu-es-tu-cuerpo-en-reaccion\/"},"author":{"name":"Tha\u00efs Capella","@id":"https:\/\/www.psyke.es\/en\/#\/schema\/person\/87774a2e60512484c09407be020d551a"},"headline":"Si de repente pierdes el control, no eres t\u00fa, es tu cuerpo en reacci\u00f3n\u2026","datePublished":"2026-03-01T08:00:00+00:00","mainEntityOfPage":{"@id":"https:\/\/www.psyke.es\/en\/si-de-repente-pierdes-el-control-no-eres-tu-es-tu-cuerpo-en-reaccion\/"},"wordCount":625,"commentCount":0,"image":{"@id":"https:\/\/www.psyke.es\/en\/si-de-repente-pierdes-el-control-no-eres-tu-es-tu-cuerpo-en-reaccion\/#primaryimage"},"thumbnailUrl":"https:\/\/www.psyke.es\/wp-content\/uploads\/2026\/02\/IMG_4021.webp","keywords":["estr\u00e9s","Meditaci\u00f3n","mente","mindfulness"],"articleSection":["Anxiety and stress","Estr\u00e9s","Mind","Mind training","Thoughts"],"inLanguage":"en-US","potentialAction":[{"@type":"CommentAction","name":"Comment","target":["https:\/\/www.psyke.es\/en\/si-de-repente-pierdes-el-control-no-eres-tu-es-tu-cuerpo-en-reaccion\/#respond"]}]},{"@type":"WebPage","@id":"https:\/\/www.psyke.es\/en\/si-de-repente-pierdes-el-control-no-eres-tu-es-tu-cuerpo-en-reaccion\/","url":"https:\/\/www.psyke.es\/en\/si-de-repente-pierdes-el-control-no-eres-tu-es-tu-cuerpo-en-reaccion\/","name":"Si de repente pierdes el control, no eres t\u00fa, es tu cuerpo en reacci\u00f3n\u2026 - Psyke","isPartOf":{"@id":"https:\/\/www.psyke.es\/en\/#website"},"primaryImageOfPage":{"@id":"https:\/\/www.psyke.es\/en\/si-de-repente-pierdes-el-control-no-eres-tu-es-tu-cuerpo-en-reaccion\/#primaryimage"},"image":{"@id":"https:\/\/www.psyke.es\/en\/si-de-repente-pierdes-el-control-no-eres-tu-es-tu-cuerpo-en-reaccion\/#primaryimage"},"thumbnailUrl":"https:\/\/www.psyke.es\/wp-content\/uploads\/2026\/02\/IMG_4021.webp","datePublished":"2026-03-01T08:00:00+00:00","author":{"@id":"https:\/\/www.psyke.es\/en\/#\/schema\/person\/87774a2e60512484c09407be020d551a"},"description":"Si de repente pierdes el control, no eres t\u00fa, es tu cuerpo en reacci\u00f3n\u2026 no es debilidad ni inmadurez emocional, es tu biolog\u00eda en acci\u00f3n.","breadcrumb":{"@id":"https:\/\/www.psyke.es\/en\/si-de-repente-pierdes-el-control-no-eres-tu-es-tu-cuerpo-en-reaccion\/#breadcrumb"},"inLanguage":"en-US","potentialAction":[{"@type":"ReadAction","target":["https:\/\/www.psyke.es\/en\/si-de-repente-pierdes-el-control-no-eres-tu-es-tu-cuerpo-en-reaccion\/"]}]},{"@type":"ImageObject","inLanguage":"en-US","@id":"https:\/\/www.psyke.es\/en\/si-de-repente-pierdes-el-control-no-eres-tu-es-tu-cuerpo-en-reaccion\/#primaryimage","url":"https:\/\/www.psyke.es\/wp-content\/uploads\/2026\/02\/IMG_4021.webp","contentUrl":"https:\/\/www.psyke.es\/wp-content\/uploads\/2026\/02\/IMG_4021.webp","width":508,"height":664,"caption":"si-de-repente-pierdes-el-control-no-eres-tu-es-tu-cuerpo-en-reaccion"},{"@type":"BreadcrumbList","@id":"https:\/\/www.psyke.es\/en\/si-de-repente-pierdes-el-control-no-eres-tu-es-tu-cuerpo-en-reaccion\/#breadcrumb","itemListElement":[{"@type":"ListItem","position":1,"name":"Portada","item":"https:\/\/www.psyke.es\/en\/"},{"@type":"ListItem","position":2,"name":"Si de repente pierdes el control, no eres t\u00fa, es tu cuerpo en reacci\u00f3n\u2026"}]},{"@type":"WebSite","@id":"https:\/\/www.psyke.es\/en\/#website","url":"https:\/\/www.psyke.es\/en\/","name":"Psyke","description":"Centro de Psicolog\u00eda","potentialAction":[{"@type":"SearchAction","target":{"@type":"EntryPoint","urlTemplate":"https:\/\/www.psyke.es\/en\/?s={search_term_string}"},"query-input":{"@type":"PropertyValueSpecification","valueRequired":true,"valueName":"search_term_string"}}],"inLanguage":"en-US"},{"@type":"Person","@id":"https:\/\/www.psyke.es\/en\/#\/schema\/person\/87774a2e60512484c09407be020d551a","name":"Tha\u00efs Capella","image":{"@type":"ImageObject","inLanguage":"en-US","@id":"https:\/\/secure.gravatar.com\/avatar\/71847c79c196fcb2761a3960e77f33ed0e684732f3145d9b4af037b8ed17c94c?s=96&d=mm&r=g","url":"https:\/\/secure.gravatar.com\/avatar\/71847c79c196fcb2761a3960e77f33ed0e684732f3145d9b4af037b8ed17c94c?s=96&d=mm&r=g","contentUrl":"https:\/\/secure.gravatar.com\/avatar\/71847c79c196fcb2761a3960e77f33ed0e684732f3145d9b4af037b8ed17c94c?s=96&d=mm&r=g","caption":"Tha\u00efs Capella"},"sameAs":["http:\/\/psyke.es"]}]}},"post_mailing_queue_ids":[],"_links":{"self":[{"href":"https:\/\/www.psyke.es\/en\/wp-json\/wp\/v2\/posts\/19481","targetHints":{"allow":["GET"]}}],"collection":[{"href":"https:\/\/www.psyke.es\/en\/wp-json\/wp\/v2\/posts"}],"about":[{"href":"https:\/\/www.psyke.es\/en\/wp-json\/wp\/v2\/types\/post"}],"author":[{"embeddable":true,"href":"https:\/\/www.psyke.es\/en\/wp-json\/wp\/v2\/users\/3"}],"replies":[{"embeddable":true,"href":"https:\/\/www.psyke.es\/en\/wp-json\/wp\/v2\/comments?post=19481"}],"version-history":[{"count":0,"href":"https:\/\/www.psyke.es\/en\/wp-json\/wp\/v2\/posts\/19481\/revisions"}],"wp:featuredmedia":[{"embeddable":true,"href":"https:\/\/www.psyke.es\/en\/wp-json\/wp\/v2\/media\/19474"}],"wp:attachment":[{"href":"https:\/\/www.psyke.es\/en\/wp-json\/wp\/v2\/media?parent=19481"}],"wp:term":[{"taxonomy":"category","embeddable":true,"href":"https:\/\/www.psyke.es\/en\/wp-json\/wp\/v2\/categories?post=19481"},{"taxonomy":"post_tag","embeddable":true,"href":"https:\/\/www.psyke.es\/en\/wp-json\/wp\/v2\/tags?post=19481"}],"curies":[{"name":"wp","href":"https:\/\/api.w.org\/{rel}","templated":true}]}}