{"id":19502,"date":"2026-03-08T10:00:00","date_gmt":"2026-03-08T08:00:00","guid":{"rendered":"https:\/\/www.psyke.es\/?p=19502"},"modified":"2026-03-07T10:30:36","modified_gmt":"2026-03-07T08:30:36","slug":"si-las-mujeres-gobernaran-habria-menos-guerras","status":"publish","type":"post","link":"https:\/\/www.psyke.es\/en\/si-las-mujeres-gobernaran-habria-menos-guerras\/","title":{"rendered":"Si las mujeres gobernaran, habr\u00eda menos guerras\u2026"},"content":{"rendered":"\n<p>Esta&nbsp;frase&nbsp;hoy&nbsp;clama al cielo. Es&nbsp;de Barak Obama&nbsp;de 2014. Ante el d\u00eda de la Mujer Trabajadora me tengo que pronunciar. Tenga quien tenga raz\u00f3n,&nbsp;en la barbarie de la guerra, la vida es la vida. Y creo firmemente que, como mujeres,&nbsp;<strong>proteger la vida&nbsp;es nuestra prioridad<\/strong>. Por el momento,&nbsp;seguimos siendo&nbsp;las que traemos la vida al mundo. Un soldado que muere a causa de una guerra ha sido un beb\u00e9 el alg\u00fan momento. Ha sido cuidado, alimentado y acariciado, en el mejor de los casos (aunque, por desgracia, no siempre), y hay que tenerlo presente.&nbsp;No quiero ser generalista: no todas las mujeres son maternales y sensibles, y no todos los hombres son&nbsp;eg\u00f3ticos y&nbsp;guerreros. Pero ah\u00ed est\u00e1n las estad\u00edsticas\u2026<\/p>\n\n\n\n<p>Pongo mi esperanza en las\u00a0ni\u00f1as\u00a0que est\u00e1n\u00a0creciendo y\u00a0<strong>son las\u00a0promesas del futuro<\/strong>.\u00a0Sin\u00a0pretender\u00a0trasladarles la carga,\u00a0es posible que est\u00e9n viendo el horror en las caras de sus\u00a0padres\u00a0y\u00a0se pregunten\u00a0por qu\u00e9 est\u00e1 pasando lo que pasa.\u00a0De mayores tristemente\u00a0lo comprender\u00e1n y, esperemos, lo\u00a0intentar\u00e1n revertir\u00a0desde\u00a0sus\u00a0puestos de poder.\u00a0Pongo\u00a0tambi\u00e9n\u00a0la esperanza\u00a0en los ni\u00f1os que est\u00e1n siendo\u00a0educados \u2014en la mayor\u00eda de casos\u2014 por\u00a0<strong>padres cooperativos y m\u00e1s implicados en su crianza<\/strong>.\u00a0Padres que\u00a0cuando escuchan que han bombardeado un colegio infantil, toman perspectiva y piensan que podr\u00eda\u00a0estar ocurriendo\u00a0a sus propios hijos.\u00a0Horrible.\u00a0<strong>Esto ha de parar<\/strong>. No es el lugar que queremos habitar\u2026<\/p>\n\n\n\n<p>\u00bfY si hubiera m\u00e1s mujeres en&nbsp;puestos de poder y en&nbsp;las mesas de negociaci\u00f3n? Seg\u00fan&nbsp;<strong>ONU Mujeres<\/strong>, cuando las mujeres participan de manera significativa en procesos de paz, la probabilidad de que los acuerdos duren al menos 15 a\u00f1os&nbsp;<strong>aumenta un 35 %<\/strong>.&nbsp;No es que sean \u201cmejores\u201d las mujeres&nbsp;que los hombres, sino que introducen variables que hist\u00f3ricamente han quedado fuera de las negociaciones: el cuidado de la poblaci\u00f3n civil, la reconstrucci\u00f3n social, la educaci\u00f3n&nbsp;o la estabilidad a largo plazo.<\/p>\n\n\n\n<p>Tal vez el futuro de la paz no dependa&nbsp;solo&nbsp;de tratados, ej\u00e9rcitos o equilibrios geopol\u00edticos, sino de algo mucho m\u00e1s profundo: de&nbsp;<strong>la forma en que una sociedad protege la vida<\/strong>. Cuando una cultura respeta a sus mujeres y protege la dignidad de la vida que nace, est\u00e1 sembrando una l\u00f3gica distinta a la de la dominaci\u00f3n. Quiz\u00e1 por eso tantas investigaciones apuntan a lo mismo: donde las mujeres est\u00e1n seguras, las sociedades tambi\u00e9n lo est\u00e1n.<\/p>\n\n\n\n<p>Puede que&nbsp;la paz mundial empiece&nbsp;por&nbsp;ah\u00ed,&nbsp;por&nbsp;algo tan sencillo \u2014y tan revolucionario\u2014&nbsp;como&nbsp;<strong>aprender a proteger la vida antes que el poder<\/strong>.<\/p>\n\n\n\n<p><em>El mejor indicador de la paz de una naci\u00f3n no es su riqueza ni su nivel democr\u00e1tico, sino c\u00f3mo trata a sus mujeres<\/em><\/p>\n\n\n\n<p>Cita de\u00a0<strong><a href=\"https:\/\/vmrhudson.org\/\">Valerie M. Hudson<\/a><\/strong>\u00a0(investigadora y experta mundial en g\u00e9nero y seguridad internacional)\u00a0para su libro:\u00a0<em>Sex and the World Peace<\/em>,\u00a0de 2012.<\/p>\n\n\n\n<p>Ilustraci\u00f3n de\u00a0<strong><a href=\"https:\/\/www.aimeesicuro.com\/\">Aim\u00e9e Sicuro<\/a><\/strong>, para\u00a0el libro\u00a0<em>Bright Sky, Starry City<\/em>, de\u00a0Uma Krishnaswami,\u00a02015.<\/p>\n\n\n\n<p>Sugerencia:\u00a0<strong><a href=\"https:\/\/www.psyke.es\/en\/meditaciones\/metta-with-yourself-and-others\/\">Meditaci\u00f3n n\u00ba 7: \u201cMeditaci\u00f3n Metta con uno mismo y con los dem\u00e1s\u201d<\/a><\/strong>. Esta meditaci\u00f3n sirve para derribar los muros psicol\u00f3gicos que nos separan. Metta parte de la convicci\u00f3n de que todos estamos interconectados. Todos formamos parte de lo mismo. Nos ayuda a liberarnos de la ira y el resentimiento que solo nos enferma a nosotros. En momentos de crisis como la que estamos viviendo, a veces enviar palabras de buenas intenciones es lo \u00fanico que podemos hacer. Vale la pena intentarlo. Buena pr\u00e1ctica\u2026<\/p>\n\n\n\n<p><\/p>\n","protected":false},"excerpt":{"rendered":"<p>Esta&nbsp;frase&nbsp;hoy&nbsp;clama al cielo. Es&nbsp;de Barak Obama&nbsp;de 2014. Ante el d\u00eda de la Mujer Trabajadora me tengo que pronunciar. Tenga quien tenga raz\u00f3n,&nbsp;en la barbarie de la guerra, la vida es la vida. Y creo firmemente que, como mujeres,&nbsp;proteger la vida&nbsp;es nuestra prioridad. Por el momento,&nbsp;seguimos siendo&nbsp;las que traemos la vida al mundo. Un soldado que [&#8230;]<\/p>\n<p><a class=\"btn btn-secondary understrap-read-more-link\" href=\"https:\/\/www.psyke.es\/en\/si-las-mujeres-gobernaran-habria-menos-guerras\/\">Read More&#8230;<span class=\"screen-reader-text\"> from Si las mujeres gobernaran, habr\u00eda menos guerras\u2026<\/span><\/a><\/p>\n","protected":false},"author":3,"featured_media":19498,"comment_status":"open","ping_status":"open","sticky":false,"template":"","format":"standard","meta":{"footnotes":""},"categories":[78,83],"tags":[136,108,578,112],"class_list":["post-19502","post","type-post","status-publish","format-standard","has-post-thumbnail","hentry","category-therapeutic-reflections-emotional-education","category-therapeutic-articles-love","tag-amor-en","tag-ego-en","tag-gestion-de-conflictos","tag-inteligencia-emocional-en"],"yoast_head":"<!-- This site is optimized with the Yoast SEO plugin v27.4 - https:\/\/yoast.com\/product\/yoast-seo-wordpress\/ -->\n<title>Si las mujeres gobernaran, habr\u00eda menos guerras\u2026 - Psyke<\/title>\n<meta name=\"description\" content=\"Esta\u00a0frase\u00a0hoy\u00a0clama al cielo. Es\u00a0de Barak Obama\u00a0de 2014. Ante el d\u00eda de la Mujer Trabajadora me tengo que pronunciar\" \/>\n<meta name=\"robots\" content=\"index, follow, max-snippet:-1, max-image-preview:large, max-video-preview:-1\" \/>\n<link rel=\"canonical\" href=\"https:\/\/www.psyke.es\/en\/si-las-mujeres-gobernaran-habria-menos-guerras\/\" \/>\n<meta property=\"og:locale\" content=\"en_US\" \/>\n<meta property=\"og:type\" content=\"article\" \/>\n<meta property=\"og:title\" content=\"Si las mujeres gobernaran, habr\u00eda menos guerras\u2026 - Psyke\" \/>\n<meta property=\"og:description\" content=\"Esta\u00a0frase\u00a0hoy\u00a0clama al cielo. Es\u00a0de Barak Obama\u00a0de 2014. Ante el d\u00eda de la Mujer Trabajadora me tengo que pronunciar\" \/>\n<meta property=\"og:url\" content=\"https:\/\/www.psyke.es\/en\/si-las-mujeres-gobernaran-habria-menos-guerras\/\" \/>\n<meta property=\"og:site_name\" content=\"Psyke\" \/>\n<meta property=\"article:published_time\" content=\"2026-03-08T08:00:00+00:00\" \/>\n<meta property=\"og:image\" content=\"https:\/\/www.psyke.es\/wp-content\/uploads\/2026\/03\/IMG_4060.webp\" \/>\n\t<meta property=\"og:image:width\" content=\"600\" \/>\n\t<meta property=\"og:image:height\" content=\"744\" \/>\n\t<meta property=\"og:image:type\" content=\"image\/webp\" \/>\n<meta name=\"author\" content=\"Tha\u00efs Capella\" \/>\n<meta name=\"twitter:card\" content=\"summary_large_image\" \/>\n<meta name=\"twitter:label1\" content=\"Written by\" \/>\n\t<meta name=\"twitter:data1\" content=\"Tha\u00efs Capella\" \/>\n\t<meta name=\"twitter:label2\" content=\"Est. reading time\" \/>\n\t<meta name=\"twitter:data2\" content=\"3 minutes\" \/>\n<script type=\"application\/ld+json\" class=\"yoast-schema-graph\">{\"@context\":\"https:\\\/\\\/schema.org\",\"@graph\":[{\"@type\":\"Article\",\"@id\":\"https:\\\/\\\/www.psyke.es\\\/en\\\/si-las-mujeres-gobernaran-habria-menos-guerras\\\/#article\",\"isPartOf\":{\"@id\":\"https:\\\/\\\/www.psyke.es\\\/en\\\/si-las-mujeres-gobernaran-habria-menos-guerras\\\/\"},\"author\":{\"name\":\"Tha\u00efs Capella\",\"@id\":\"https:\\\/\\\/www.psyke.es\\\/en\\\/#\\\/schema\\\/person\\\/87774a2e60512484c09407be020d551a\"},\"headline\":\"Si las mujeres gobernaran, habr\u00eda menos guerras\u2026\",\"datePublished\":\"2026-03-08T08:00:00+00:00\",\"mainEntityOfPage\":{\"@id\":\"https:\\\/\\\/www.psyke.es\\\/en\\\/si-las-mujeres-gobernaran-habria-menos-guerras\\\/\"},\"wordCount\":651,\"commentCount\":0,\"image\":{\"@id\":\"https:\\\/\\\/www.psyke.es\\\/en\\\/si-las-mujeres-gobernaran-habria-menos-guerras\\\/#primaryimage\"},\"thumbnailUrl\":\"https:\\\/\\\/www.psyke.es\\\/wp-content\\\/uploads\\\/2026\\\/03\\\/IMG_4060.webp\",\"keywords\":[\"amor\",\"Ego\",\"gesti\u00f3n de conflictos\",\"Inteligencia emocional\"],\"articleSection\":[\"Emotion education\",\"Love\"],\"inLanguage\":\"en-US\",\"potentialAction\":[{\"@type\":\"CommentAction\",\"name\":\"Comment\",\"target\":[\"https:\\\/\\\/www.psyke.es\\\/en\\\/si-las-mujeres-gobernaran-habria-menos-guerras\\\/#respond\"]}]},{\"@type\":\"WebPage\",\"@id\":\"https:\\\/\\\/www.psyke.es\\\/en\\\/si-las-mujeres-gobernaran-habria-menos-guerras\\\/\",\"url\":\"https:\\\/\\\/www.psyke.es\\\/en\\\/si-las-mujeres-gobernaran-habria-menos-guerras\\\/\",\"name\":\"Si las mujeres gobernaran, habr\u00eda menos guerras\u2026 - Psyke\",\"isPartOf\":{\"@id\":\"https:\\\/\\\/www.psyke.es\\\/en\\\/#website\"},\"primaryImageOfPage\":{\"@id\":\"https:\\\/\\\/www.psyke.es\\\/en\\\/si-las-mujeres-gobernaran-habria-menos-guerras\\\/#primaryimage\"},\"image\":{\"@id\":\"https:\\\/\\\/www.psyke.es\\\/en\\\/si-las-mujeres-gobernaran-habria-menos-guerras\\\/#primaryimage\"},\"thumbnailUrl\":\"https:\\\/\\\/www.psyke.es\\\/wp-content\\\/uploads\\\/2026\\\/03\\\/IMG_4060.webp\",\"datePublished\":\"2026-03-08T08:00:00+00:00\",\"author\":{\"@id\":\"https:\\\/\\\/www.psyke.es\\\/en\\\/#\\\/schema\\\/person\\\/87774a2e60512484c09407be020d551a\"},\"description\":\"Esta\u00a0frase\u00a0hoy\u00a0clama al cielo. Es\u00a0de Barak Obama\u00a0de 2014. Ante el d\u00eda de la Mujer Trabajadora me tengo que pronunciar\",\"breadcrumb\":{\"@id\":\"https:\\\/\\\/www.psyke.es\\\/en\\\/si-las-mujeres-gobernaran-habria-menos-guerras\\\/#breadcrumb\"},\"inLanguage\":\"en-US\",\"potentialAction\":[{\"@type\":\"ReadAction\",\"target\":[\"https:\\\/\\\/www.psyke.es\\\/en\\\/si-las-mujeres-gobernaran-habria-menos-guerras\\\/\"]}]},{\"@type\":\"ImageObject\",\"inLanguage\":\"en-US\",\"@id\":\"https:\\\/\\\/www.psyke.es\\\/en\\\/si-las-mujeres-gobernaran-habria-menos-guerras\\\/#primaryimage\",\"url\":\"https:\\\/\\\/www.psyke.es\\\/wp-content\\\/uploads\\\/2026\\\/03\\\/IMG_4060.webp\",\"contentUrl\":\"https:\\\/\\\/www.psyke.es\\\/wp-content\\\/uploads\\\/2026\\\/03\\\/IMG_4060.webp\",\"width\":600,\"height\":744,\"caption\":\"si-las-mujeres-gobernaran-habria-menos-guerras\"},{\"@type\":\"BreadcrumbList\",\"@id\":\"https:\\\/\\\/www.psyke.es\\\/en\\\/si-las-mujeres-gobernaran-habria-menos-guerras\\\/#breadcrumb\",\"itemListElement\":[{\"@type\":\"ListItem\",\"position\":1,\"name\":\"Portada\",\"item\":\"https:\\\/\\\/www.psyke.es\\\/en\\\/\"},{\"@type\":\"ListItem\",\"position\":2,\"name\":\"Si las mujeres gobernaran, habr\u00eda menos guerras\u2026\"}]},{\"@type\":\"WebSite\",\"@id\":\"https:\\\/\\\/www.psyke.es\\\/en\\\/#website\",\"url\":\"https:\\\/\\\/www.psyke.es\\\/en\\\/\",\"name\":\"Psyke\",\"description\":\"Centro de Psicolog\u00eda\",\"potentialAction\":[{\"@type\":\"SearchAction\",\"target\":{\"@type\":\"EntryPoint\",\"urlTemplate\":\"https:\\\/\\\/www.psyke.es\\\/en\\\/?s={search_term_string}\"},\"query-input\":{\"@type\":\"PropertyValueSpecification\",\"valueRequired\":true,\"valueName\":\"search_term_string\"}}],\"inLanguage\":\"en-US\"},{\"@type\":\"Person\",\"@id\":\"https:\\\/\\\/www.psyke.es\\\/en\\\/#\\\/schema\\\/person\\\/87774a2e60512484c09407be020d551a\",\"name\":\"Tha\u00efs Capella\",\"image\":{\"@type\":\"ImageObject\",\"inLanguage\":\"en-US\",\"@id\":\"https:\\\/\\\/secure.gravatar.com\\\/avatar\\\/71847c79c196fcb2761a3960e77f33ed0e684732f3145d9b4af037b8ed17c94c?s=96&d=mm&r=g\",\"url\":\"https:\\\/\\\/secure.gravatar.com\\\/avatar\\\/71847c79c196fcb2761a3960e77f33ed0e684732f3145d9b4af037b8ed17c94c?s=96&d=mm&r=g\",\"contentUrl\":\"https:\\\/\\\/secure.gravatar.com\\\/avatar\\\/71847c79c196fcb2761a3960e77f33ed0e684732f3145d9b4af037b8ed17c94c?s=96&d=mm&r=g\",\"caption\":\"Tha\u00efs Capella\"},\"sameAs\":[\"http:\\\/\\\/psyke.es\"]}]}<\/script>\n<!-- \/ Yoast SEO plugin. -->","yoast_head_json":{"title":"Si las mujeres gobernaran, habr\u00eda menos guerras\u2026 - Psyke","description":"Esta\u00a0frase\u00a0hoy\u00a0clama al cielo. Es\u00a0de Barak Obama\u00a0de 2014. Ante el d\u00eda de la Mujer Trabajadora me tengo que pronunciar","robots":{"index":"index","follow":"follow","max-snippet":"max-snippet:-1","max-image-preview":"max-image-preview:large","max-video-preview":"max-video-preview:-1"},"canonical":"https:\/\/www.psyke.es\/en\/si-las-mujeres-gobernaran-habria-menos-guerras\/","og_locale":"en_US","og_type":"article","og_title":"Si las mujeres gobernaran, habr\u00eda menos guerras\u2026 - Psyke","og_description":"Esta\u00a0frase\u00a0hoy\u00a0clama al cielo. Es\u00a0de Barak Obama\u00a0de 2014. Ante el d\u00eda de la Mujer Trabajadora me tengo que pronunciar","og_url":"https:\/\/www.psyke.es\/en\/si-las-mujeres-gobernaran-habria-menos-guerras\/","og_site_name":"Psyke","article_published_time":"2026-03-08T08:00:00+00:00","og_image":[{"width":600,"height":744,"url":"https:\/\/www.psyke.es\/wp-content\/uploads\/2026\/03\/IMG_4060.webp","type":"image\/webp"}],"author":"Tha\u00efs Capella","twitter_card":"summary_large_image","twitter_misc":{"Written by":"Tha\u00efs Capella","Est. reading time":"3 minutes"},"schema":{"@context":"https:\/\/schema.org","@graph":[{"@type":"Article","@id":"https:\/\/www.psyke.es\/en\/si-las-mujeres-gobernaran-habria-menos-guerras\/#article","isPartOf":{"@id":"https:\/\/www.psyke.es\/en\/si-las-mujeres-gobernaran-habria-menos-guerras\/"},"author":{"name":"Tha\u00efs Capella","@id":"https:\/\/www.psyke.es\/en\/#\/schema\/person\/87774a2e60512484c09407be020d551a"},"headline":"Si las mujeres gobernaran, habr\u00eda menos guerras\u2026","datePublished":"2026-03-08T08:00:00+00:00","mainEntityOfPage":{"@id":"https:\/\/www.psyke.es\/en\/si-las-mujeres-gobernaran-habria-menos-guerras\/"},"wordCount":651,"commentCount":0,"image":{"@id":"https:\/\/www.psyke.es\/en\/si-las-mujeres-gobernaran-habria-menos-guerras\/#primaryimage"},"thumbnailUrl":"https:\/\/www.psyke.es\/wp-content\/uploads\/2026\/03\/IMG_4060.webp","keywords":["amor","Ego","gesti\u00f3n de conflictos","Inteligencia emocional"],"articleSection":["Emotion education","Love"],"inLanguage":"en-US","potentialAction":[{"@type":"CommentAction","name":"Comment","target":["https:\/\/www.psyke.es\/en\/si-las-mujeres-gobernaran-habria-menos-guerras\/#respond"]}]},{"@type":"WebPage","@id":"https:\/\/www.psyke.es\/en\/si-las-mujeres-gobernaran-habria-menos-guerras\/","url":"https:\/\/www.psyke.es\/en\/si-las-mujeres-gobernaran-habria-menos-guerras\/","name":"Si las mujeres gobernaran, habr\u00eda menos guerras\u2026 - Psyke","isPartOf":{"@id":"https:\/\/www.psyke.es\/en\/#website"},"primaryImageOfPage":{"@id":"https:\/\/www.psyke.es\/en\/si-las-mujeres-gobernaran-habria-menos-guerras\/#primaryimage"},"image":{"@id":"https:\/\/www.psyke.es\/en\/si-las-mujeres-gobernaran-habria-menos-guerras\/#primaryimage"},"thumbnailUrl":"https:\/\/www.psyke.es\/wp-content\/uploads\/2026\/03\/IMG_4060.webp","datePublished":"2026-03-08T08:00:00+00:00","author":{"@id":"https:\/\/www.psyke.es\/en\/#\/schema\/person\/87774a2e60512484c09407be020d551a"},"description":"Esta\u00a0frase\u00a0hoy\u00a0clama al cielo. Es\u00a0de Barak Obama\u00a0de 2014. Ante el d\u00eda de la Mujer Trabajadora me tengo que pronunciar","breadcrumb":{"@id":"https:\/\/www.psyke.es\/en\/si-las-mujeres-gobernaran-habria-menos-guerras\/#breadcrumb"},"inLanguage":"en-US","potentialAction":[{"@type":"ReadAction","target":["https:\/\/www.psyke.es\/en\/si-las-mujeres-gobernaran-habria-menos-guerras\/"]}]},{"@type":"ImageObject","inLanguage":"en-US","@id":"https:\/\/www.psyke.es\/en\/si-las-mujeres-gobernaran-habria-menos-guerras\/#primaryimage","url":"https:\/\/www.psyke.es\/wp-content\/uploads\/2026\/03\/IMG_4060.webp","contentUrl":"https:\/\/www.psyke.es\/wp-content\/uploads\/2026\/03\/IMG_4060.webp","width":600,"height":744,"caption":"si-las-mujeres-gobernaran-habria-menos-guerras"},{"@type":"BreadcrumbList","@id":"https:\/\/www.psyke.es\/en\/si-las-mujeres-gobernaran-habria-menos-guerras\/#breadcrumb","itemListElement":[{"@type":"ListItem","position":1,"name":"Portada","item":"https:\/\/www.psyke.es\/en\/"},{"@type":"ListItem","position":2,"name":"Si las mujeres gobernaran, habr\u00eda menos guerras\u2026"}]},{"@type":"WebSite","@id":"https:\/\/www.psyke.es\/en\/#website","url":"https:\/\/www.psyke.es\/en\/","name":"Psyke","description":"Centro de Psicolog\u00eda","potentialAction":[{"@type":"SearchAction","target":{"@type":"EntryPoint","urlTemplate":"https:\/\/www.psyke.es\/en\/?s={search_term_string}"},"query-input":{"@type":"PropertyValueSpecification","valueRequired":true,"valueName":"search_term_string"}}],"inLanguage":"en-US"},{"@type":"Person","@id":"https:\/\/www.psyke.es\/en\/#\/schema\/person\/87774a2e60512484c09407be020d551a","name":"Tha\u00efs Capella","image":{"@type":"ImageObject","inLanguage":"en-US","@id":"https:\/\/secure.gravatar.com\/avatar\/71847c79c196fcb2761a3960e77f33ed0e684732f3145d9b4af037b8ed17c94c?s=96&d=mm&r=g","url":"https:\/\/secure.gravatar.com\/avatar\/71847c79c196fcb2761a3960e77f33ed0e684732f3145d9b4af037b8ed17c94c?s=96&d=mm&r=g","contentUrl":"https:\/\/secure.gravatar.com\/avatar\/71847c79c196fcb2761a3960e77f33ed0e684732f3145d9b4af037b8ed17c94c?s=96&d=mm&r=g","caption":"Tha\u00efs Capella"},"sameAs":["http:\/\/psyke.es"]}]}},"post_mailing_queue_ids":[],"_links":{"self":[{"href":"https:\/\/www.psyke.es\/en\/wp-json\/wp\/v2\/posts\/19502","targetHints":{"allow":["GET"]}}],"collection":[{"href":"https:\/\/www.psyke.es\/en\/wp-json\/wp\/v2\/posts"}],"about":[{"href":"https:\/\/www.psyke.es\/en\/wp-json\/wp\/v2\/types\/post"}],"author":[{"embeddable":true,"href":"https:\/\/www.psyke.es\/en\/wp-json\/wp\/v2\/users\/3"}],"replies":[{"embeddable":true,"href":"https:\/\/www.psyke.es\/en\/wp-json\/wp\/v2\/comments?post=19502"}],"version-history":[{"count":0,"href":"https:\/\/www.psyke.es\/en\/wp-json\/wp\/v2\/posts\/19502\/revisions"}],"wp:featuredmedia":[{"embeddable":true,"href":"https:\/\/www.psyke.es\/en\/wp-json\/wp\/v2\/media\/19498"}],"wp:attachment":[{"href":"https:\/\/www.psyke.es\/en\/wp-json\/wp\/v2\/media?parent=19502"}],"wp:term":[{"taxonomy":"category","embeddable":true,"href":"https:\/\/www.psyke.es\/en\/wp-json\/wp\/v2\/categories?post=19502"},{"taxonomy":"post_tag","embeddable":true,"href":"https:\/\/www.psyke.es\/en\/wp-json\/wp\/v2\/tags?post=19502"}],"curies":[{"name":"wp","href":"https:\/\/api.w.org\/{rel}","templated":true}]}}