{"id":6459,"date":"2022-01-03T20:30:00","date_gmt":"2022-01-03T18:30:00","guid":{"rendered":"https:\/\/www.psyke.es\/cuando-este-mejor-vivire-mi-vida-vs-si-vivo-mi-vida-estare-mejor-2\/"},"modified":"2022-02-15T10:19:59","modified_gmt":"2022-02-15T08:19:59","slug":"cuando-este-mejor-vivire-mi-vida-vs-si-vivo-mi-vida-estare-mejor-2","status":"publish","type":"post","link":"https:\/\/www.psyke.es\/en\/cuando-este-mejor-vivire-mi-vida-vs-si-vivo-mi-vida-estare-mejor-2\/","title":{"rendered":"\u201cCuando est\u00e9 mejor, vivir\u00e9 mi vida\u201d vs \u201cSi vivo mi vida, estar\u00e9 mejor\u201d"},"content":{"rendered":"\n<p>Cuando nos encontramos de baj\u00f3n, tristes y ap\u00e1ticos, a menudo esperamos a que se nos pase el<br>bache para poder disfrutar de la vida. Sin embargo, si la desaz\u00f3n se prolonga en el tiempo, es<br>posible que nos enganchemos en nuestra propia historia funesta haciendo que empeoremos<br>todav\u00eda m\u00e1s y nos quedemos estancados sin atrevernos a salir de nuestra guarida. Nada m\u00e1s<br>lejos de lo que hay que hacer en estos casos.<\/p>\n\n\n\n<p>Intentar erradicar el malestar, y los pensamientos que inevitablemente lo acompa\u00f1an, se<br>convierte en una tarea infructuosa, sobre todo cuando puede que formen parte habitual de<br>nuestro estar en el mundo. Se trata de aprender a convivir con ellos adquiriendo una mayor<br>distancia, aportando el espacio y ligereza necesarios que logramos al adoptar la posici\u00f3n de<br>\u201ctestigo imparcial\u201d ante los pensamientos que nuestra mente elabora.<br>Por eso es tan importante aprender a meditar con Mindfulness: al meditar observamos lo que<br>nos pasa por dentro (pensamientos, emociones, sentimientos) y lo que pasa fuera de nosotros:<br>nuestro comportamiento y las consecuencias que tiene en nuestras vidas, que nos lleva a estar<br>d\u00f3nde estamos y c\u00f3mo estamos. Poco a poco vamos tomando cada vez mayor consciencia de lo<br>que nos sienta bien y lo que nos sienta mal, y anteponemos nuestra conducta al boicot que nos<br>presenta nuestra mente cuando se encuentra afligida.<br>Con la pr\u00e1ctica de Mindfulness:<br>1) nos damos cuenta de que nos estamos contando historias &#8220;para no dormir&#8221;<br>2) aprendemos a no rechazar los pensamientos ni las emociones que aparezcan, sino darles<br>espacio y observarlos con amabilidad y auto-compasi\u00f3n\u2026<br>3) aprendemos a distinguir entre los pensamientos que nos alejan de la vida que queremos<br>llevar y los pensamientos que nos conducen hacia nuestra esencia m\u00e1s aut\u00e9ntica, en coherencia<br>con nuestros valores y sentido de vida que pueden suponer un esfuerzo a corto plazo, pero que<br>nos hacen sentir bien a largo plazo\u2026.<br>El Mindfulness nos ayuda a vivir con m\u00e1s apertura, aceptaci\u00f3n y amor cada momento: con lo<br>que nos gusta y lo que no nos gusta. Sin estar siempre a la espera de ser feliz con frases como<br>\u201cser\u00e9 feliz cuando\u2026, o \u201cno puedo ser feliz porque no ha ocurrido\u2026\u201d, d\u00e1ndole la cara a lo que no<br>encaja con nuestros planes.<br>No podemos dominar lo que pensamos ni lo que sentimos, pero s\u00ed podemos elegir actuar o no<br>sobre ello.<br>Se trata de vivir para florecer, no meramente sobrevivir\u2026<br>Y es que la mariposa florece en todo su esplendor fuera de la cris\u00e1lida.<br>Abraza la vida\u2026<br>\u201cMariposa del aire,<br>qu\u00e9 hermosa eres,<br>mariposa del aire<br>dorada y verde.<br>mariposa del aire,<br>\u00a1qu\u00e9date ah\u00ed, ah\u00ed, ah\u00ed!\u2026<br>No te quieres parar,<\/p>\n\n\n\n<p>pararte no quieres.<br>Mariposa del aire<br>dorada y verde.<br>Luz de candil,<br>mariposa del aire,<br>\u00a1qu\u00e9date ah\u00ed, ah\u00ed, ah\u00ed!\u2026<br>\u00a1Qu\u00e9date ah\u00ed!<br>Mariposa, \u00bfest\u00e1s ah\u00ed?\u201d.<br>\u201cMariposa del aire\u201d \u2013Federico Garc\u00eda Lorca<br>Ilustraci\u00f3n de Johee Yoon para \u201cBeastly Verse\u201d<br>Sugerencia: Meditaci\u00f3n Suaviza, conforta y permite espacio a las emociones dif\u00edciles<br>en&nbsp;www.psyke.es&nbsp; para aprender a gestionar nuestras emociones: reconocerlas, aceptarlas y<br>dejarles estar en nosotros. Sin intentar reprimirlas ni controlarlas, ni dejarnos arrastrar por ellas.<br>Las olas son temporales, vienen y van, pero el mar es vasto y permanente y las acoge a todas.<\/p>\n","protected":false},"excerpt":{"rendered":"<p>Cuando nos encontramos de baj\u00f3n, tristes y ap\u00e1ticos, a menudo esperamos a que se nos pase elbache para poder disfrutar de la vida. Sin embargo, si la desaz\u00f3n se prolonga en el tiempo, esposible que nos enganchemos en nuestra propia historia funesta haciendo que empeoremostodav\u00eda m\u00e1s y nos quedemos estancados sin atrevernos a salir de [&#8230;]<\/p>\n<p><a class=\"btn btn-secondary understrap-read-more-link\" href=\"https:\/\/www.psyke.es\/en\/cuando-este-mejor-vivire-mi-vida-vs-si-vivo-mi-vida-estare-mejor-2\/\">Read More&#8230;<span class=\"screen-reader-text\"> from \u201cCuando est\u00e9 mejor, vivir\u00e9 mi vida\u201d vs \u201cSi vivo mi vida, estar\u00e9 mejor\u201d<\/span><\/a><\/p>\n","protected":false},"author":3,"featured_media":5985,"comment_status":"open","ping_status":"open","sticky":false,"template":"","format":"standard","meta":{"footnotes":""},"categories":[78,79],"tags":[],"class_list":["post-6459","post","type-post","status-publish","format-standard","has-post-thumbnail","hentry","category-therapeutic-reflections-emotional-education","category-therapeutic-reflections-emotions"],"yoast_head":"<!-- This site is optimized with the Yoast SEO plugin v27.4 - https:\/\/yoast.com\/product\/yoast-seo-wordpress\/ -->\n<title>\u201cCuando est\u00e9 mejor, vivir\u00e9 mi vida\u201d vs \u201cSi vivo mi vida, estar\u00e9 mejor\u201d - Psyke<\/title>\n<meta name=\"robots\" content=\"index, follow, max-snippet:-1, max-image-preview:large, max-video-preview:-1\" \/>\n<link rel=\"canonical\" href=\"https:\/\/www.psyke.es\/en\/cuando-este-mejor-vivire-mi-vida-vs-si-vivo-mi-vida-estare-mejor-2\/\" \/>\n<meta property=\"og:locale\" content=\"en_US\" \/>\n<meta property=\"og:type\" content=\"article\" \/>\n<meta property=\"og:title\" content=\"\u201cCuando est\u00e9 mejor, vivir\u00e9 mi vida\u201d vs \u201cSi vivo mi vida, estar\u00e9 mejor\u201d - Psyke\" \/>\n<meta property=\"og:description\" content=\"Cuando nos encontramos de baj\u00f3n, tristes y ap\u00e1ticos, a menudo esperamos a que se nos pase elbache para poder disfrutar de la vida. Sin embargo, si la desaz\u00f3n se prolonga en el tiempo, esposible que nos enganchemos en nuestra propia historia funesta haciendo que empeoremostodav\u00eda m\u00e1s y nos quedemos estancados sin atrevernos a salir de [...]Read More... from \u201cCuando est\u00e9 mejor, vivir\u00e9 mi vida\u201d vs \u201cSi vivo mi vida, estar\u00e9 mejor\u201d\" \/>\n<meta property=\"og:url\" content=\"https:\/\/www.psyke.es\/en\/cuando-este-mejor-vivire-mi-vida-vs-si-vivo-mi-vida-estare-mejor-2\/\" \/>\n<meta property=\"og:site_name\" content=\"Psyke\" \/>\n<meta property=\"article:published_time\" content=\"2022-01-03T18:30:00+00:00\" \/>\n<meta property=\"article:modified_time\" content=\"2022-02-15T08:19:59+00:00\" \/>\n<meta property=\"og:image\" content=\"https:\/\/www.psyke.es\/wp-content\/uploads\/2021\/12\/3.jpeg\" \/>\n\t<meta property=\"og:image:width\" content=\"600\" \/>\n\t<meta property=\"og:image:height\" content=\"351\" \/>\n\t<meta property=\"og:image:type\" content=\"image\/jpeg\" \/>\n<meta name=\"author\" content=\"Tha\u00efs Capella\" \/>\n<meta name=\"twitter:card\" content=\"summary_large_image\" \/>\n<meta name=\"twitter:label1\" content=\"Written by\" \/>\n\t<meta name=\"twitter:data1\" content=\"Tha\u00efs Capella\" \/>\n\t<meta name=\"twitter:label2\" content=\"Est. reading time\" \/>\n\t<meta name=\"twitter:data2\" content=\"3 minutes\" \/>\n<script type=\"application\/ld+json\" class=\"yoast-schema-graph\">{\"@context\":\"https:\\\/\\\/schema.org\",\"@graph\":[{\"@type\":\"Article\",\"@id\":\"https:\\\/\\\/www.psyke.es\\\/en\\\/cuando-este-mejor-vivire-mi-vida-vs-si-vivo-mi-vida-estare-mejor-2\\\/#article\",\"isPartOf\":{\"@id\":\"https:\\\/\\\/www.psyke.es\\\/en\\\/cuando-este-mejor-vivire-mi-vida-vs-si-vivo-mi-vida-estare-mejor-2\\\/\"},\"author\":{\"name\":\"Tha\u00efs Capella\",\"@id\":\"https:\\\/\\\/www.psyke.es\\\/en\\\/#\\\/schema\\\/person\\\/87774a2e60512484c09407be020d551a\"},\"headline\":\"\u201cCuando est\u00e9 mejor, vivir\u00e9 mi vida\u201d vs \u201cSi vivo mi vida, estar\u00e9 mejor\u201d\",\"datePublished\":\"2022-01-03T18:30:00+00:00\",\"dateModified\":\"2022-02-15T08:19:59+00:00\",\"mainEntityOfPage\":{\"@id\":\"https:\\\/\\\/www.psyke.es\\\/en\\\/cuando-este-mejor-vivire-mi-vida-vs-si-vivo-mi-vida-estare-mejor-2\\\/\"},\"wordCount\":551,\"commentCount\":0,\"image\":{\"@id\":\"https:\\\/\\\/www.psyke.es\\\/en\\\/cuando-este-mejor-vivire-mi-vida-vs-si-vivo-mi-vida-estare-mejor-2\\\/#primaryimage\"},\"thumbnailUrl\":\"https:\\\/\\\/www.psyke.es\\\/wp-content\\\/uploads\\\/2021\\\/12\\\/3.jpeg\",\"articleSection\":[\"Emotion education\",\"Emotions\"],\"inLanguage\":\"en-US\",\"potentialAction\":[{\"@type\":\"CommentAction\",\"name\":\"Comment\",\"target\":[\"https:\\\/\\\/www.psyke.es\\\/en\\\/cuando-este-mejor-vivire-mi-vida-vs-si-vivo-mi-vida-estare-mejor-2\\\/#respond\"]}]},{\"@type\":\"WebPage\",\"@id\":\"https:\\\/\\\/www.psyke.es\\\/en\\\/cuando-este-mejor-vivire-mi-vida-vs-si-vivo-mi-vida-estare-mejor-2\\\/\",\"url\":\"https:\\\/\\\/www.psyke.es\\\/en\\\/cuando-este-mejor-vivire-mi-vida-vs-si-vivo-mi-vida-estare-mejor-2\\\/\",\"name\":\"\u201cCuando est\u00e9 mejor, vivir\u00e9 mi vida\u201d vs \u201cSi vivo mi vida, estar\u00e9 mejor\u201d - Psyke\",\"isPartOf\":{\"@id\":\"https:\\\/\\\/www.psyke.es\\\/en\\\/#website\"},\"primaryImageOfPage\":{\"@id\":\"https:\\\/\\\/www.psyke.es\\\/en\\\/cuando-este-mejor-vivire-mi-vida-vs-si-vivo-mi-vida-estare-mejor-2\\\/#primaryimage\"},\"image\":{\"@id\":\"https:\\\/\\\/www.psyke.es\\\/en\\\/cuando-este-mejor-vivire-mi-vida-vs-si-vivo-mi-vida-estare-mejor-2\\\/#primaryimage\"},\"thumbnailUrl\":\"https:\\\/\\\/www.psyke.es\\\/wp-content\\\/uploads\\\/2021\\\/12\\\/3.jpeg\",\"datePublished\":\"2022-01-03T18:30:00+00:00\",\"dateModified\":\"2022-02-15T08:19:59+00:00\",\"author\":{\"@id\":\"https:\\\/\\\/www.psyke.es\\\/en\\\/#\\\/schema\\\/person\\\/87774a2e60512484c09407be020d551a\"},\"breadcrumb\":{\"@id\":\"https:\\\/\\\/www.psyke.es\\\/en\\\/cuando-este-mejor-vivire-mi-vida-vs-si-vivo-mi-vida-estare-mejor-2\\\/#breadcrumb\"},\"inLanguage\":\"en-US\",\"potentialAction\":[{\"@type\":\"ReadAction\",\"target\":[\"https:\\\/\\\/www.psyke.es\\\/en\\\/cuando-este-mejor-vivire-mi-vida-vs-si-vivo-mi-vida-estare-mejor-2\\\/\"]}]},{\"@type\":\"ImageObject\",\"inLanguage\":\"en-US\",\"@id\":\"https:\\\/\\\/www.psyke.es\\\/en\\\/cuando-este-mejor-vivire-mi-vida-vs-si-vivo-mi-vida-estare-mejor-2\\\/#primaryimage\",\"url\":\"https:\\\/\\\/www.psyke.es\\\/wp-content\\\/uploads\\\/2021\\\/12\\\/3.jpeg\",\"contentUrl\":\"https:\\\/\\\/www.psyke.es\\\/wp-content\\\/uploads\\\/2021\\\/12\\\/3.jpeg\",\"width\":600,\"height\":351},{\"@type\":\"BreadcrumbList\",\"@id\":\"https:\\\/\\\/www.psyke.es\\\/en\\\/cuando-este-mejor-vivire-mi-vida-vs-si-vivo-mi-vida-estare-mejor-2\\\/#breadcrumb\",\"itemListElement\":[{\"@type\":\"ListItem\",\"position\":1,\"name\":\"Portada\",\"item\":\"https:\\\/\\\/www.psyke.es\\\/en\\\/\"},{\"@type\":\"ListItem\",\"position\":2,\"name\":\"\u201cCuando est\u00e9 mejor, vivir\u00e9 mi vida\u201d vs \u201cSi vivo mi vida, estar\u00e9 mejor\u201d\"}]},{\"@type\":\"WebSite\",\"@id\":\"https:\\\/\\\/www.psyke.es\\\/en\\\/#website\",\"url\":\"https:\\\/\\\/www.psyke.es\\\/en\\\/\",\"name\":\"Psyke\",\"description\":\"Centro de Psicolog\u00eda\",\"potentialAction\":[{\"@type\":\"SearchAction\",\"target\":{\"@type\":\"EntryPoint\",\"urlTemplate\":\"https:\\\/\\\/www.psyke.es\\\/en\\\/?s={search_term_string}\"},\"query-input\":{\"@type\":\"PropertyValueSpecification\",\"valueRequired\":true,\"valueName\":\"search_term_string\"}}],\"inLanguage\":\"en-US\"},{\"@type\":\"Person\",\"@id\":\"https:\\\/\\\/www.psyke.es\\\/en\\\/#\\\/schema\\\/person\\\/87774a2e60512484c09407be020d551a\",\"name\":\"Tha\u00efs Capella\",\"image\":{\"@type\":\"ImageObject\",\"inLanguage\":\"en-US\",\"@id\":\"https:\\\/\\\/secure.gravatar.com\\\/avatar\\\/71847c79c196fcb2761a3960e77f33ed0e684732f3145d9b4af037b8ed17c94c?s=96&d=mm&r=g\",\"url\":\"https:\\\/\\\/secure.gravatar.com\\\/avatar\\\/71847c79c196fcb2761a3960e77f33ed0e684732f3145d9b4af037b8ed17c94c?s=96&d=mm&r=g\",\"contentUrl\":\"https:\\\/\\\/secure.gravatar.com\\\/avatar\\\/71847c79c196fcb2761a3960e77f33ed0e684732f3145d9b4af037b8ed17c94c?s=96&d=mm&r=g\",\"caption\":\"Tha\u00efs Capella\"},\"sameAs\":[\"http:\\\/\\\/psyke.es\"]}]}<\/script>\n<!-- \/ Yoast SEO plugin. -->","yoast_head_json":{"title":"\u201cCuando est\u00e9 mejor, vivir\u00e9 mi vida\u201d vs \u201cSi vivo mi vida, estar\u00e9 mejor\u201d - Psyke","robots":{"index":"index","follow":"follow","max-snippet":"max-snippet:-1","max-image-preview":"max-image-preview:large","max-video-preview":"max-video-preview:-1"},"canonical":"https:\/\/www.psyke.es\/en\/cuando-este-mejor-vivire-mi-vida-vs-si-vivo-mi-vida-estare-mejor-2\/","og_locale":"en_US","og_type":"article","og_title":"\u201cCuando est\u00e9 mejor, vivir\u00e9 mi vida\u201d vs \u201cSi vivo mi vida, estar\u00e9 mejor\u201d - Psyke","og_description":"Cuando nos encontramos de baj\u00f3n, tristes y ap\u00e1ticos, a menudo esperamos a que se nos pase elbache para poder disfrutar de la vida. Sin embargo, si la desaz\u00f3n se prolonga en el tiempo, esposible que nos enganchemos en nuestra propia historia funesta haciendo que empeoremostodav\u00eda m\u00e1s y nos quedemos estancados sin atrevernos a salir de [...]Read More... from \u201cCuando est\u00e9 mejor, vivir\u00e9 mi vida\u201d vs \u201cSi vivo mi vida, estar\u00e9 mejor\u201d","og_url":"https:\/\/www.psyke.es\/en\/cuando-este-mejor-vivire-mi-vida-vs-si-vivo-mi-vida-estare-mejor-2\/","og_site_name":"Psyke","article_published_time":"2022-01-03T18:30:00+00:00","article_modified_time":"2022-02-15T08:19:59+00:00","og_image":[{"width":600,"height":351,"url":"https:\/\/www.psyke.es\/wp-content\/uploads\/2021\/12\/3.jpeg","type":"image\/jpeg"}],"author":"Tha\u00efs Capella","twitter_card":"summary_large_image","twitter_misc":{"Written by":"Tha\u00efs Capella","Est. reading time":"3 minutes"},"schema":{"@context":"https:\/\/schema.org","@graph":[{"@type":"Article","@id":"https:\/\/www.psyke.es\/en\/cuando-este-mejor-vivire-mi-vida-vs-si-vivo-mi-vida-estare-mejor-2\/#article","isPartOf":{"@id":"https:\/\/www.psyke.es\/en\/cuando-este-mejor-vivire-mi-vida-vs-si-vivo-mi-vida-estare-mejor-2\/"},"author":{"name":"Tha\u00efs Capella","@id":"https:\/\/www.psyke.es\/en\/#\/schema\/person\/87774a2e60512484c09407be020d551a"},"headline":"\u201cCuando est\u00e9 mejor, vivir\u00e9 mi vida\u201d vs \u201cSi vivo mi vida, estar\u00e9 mejor\u201d","datePublished":"2022-01-03T18:30:00+00:00","dateModified":"2022-02-15T08:19:59+00:00","mainEntityOfPage":{"@id":"https:\/\/www.psyke.es\/en\/cuando-este-mejor-vivire-mi-vida-vs-si-vivo-mi-vida-estare-mejor-2\/"},"wordCount":551,"commentCount":0,"image":{"@id":"https:\/\/www.psyke.es\/en\/cuando-este-mejor-vivire-mi-vida-vs-si-vivo-mi-vida-estare-mejor-2\/#primaryimage"},"thumbnailUrl":"https:\/\/www.psyke.es\/wp-content\/uploads\/2021\/12\/3.jpeg","articleSection":["Emotion education","Emotions"],"inLanguage":"en-US","potentialAction":[{"@type":"CommentAction","name":"Comment","target":["https:\/\/www.psyke.es\/en\/cuando-este-mejor-vivire-mi-vida-vs-si-vivo-mi-vida-estare-mejor-2\/#respond"]}]},{"@type":"WebPage","@id":"https:\/\/www.psyke.es\/en\/cuando-este-mejor-vivire-mi-vida-vs-si-vivo-mi-vida-estare-mejor-2\/","url":"https:\/\/www.psyke.es\/en\/cuando-este-mejor-vivire-mi-vida-vs-si-vivo-mi-vida-estare-mejor-2\/","name":"\u201cCuando est\u00e9 mejor, vivir\u00e9 mi vida\u201d vs \u201cSi vivo mi vida, estar\u00e9 mejor\u201d - Psyke","isPartOf":{"@id":"https:\/\/www.psyke.es\/en\/#website"},"primaryImageOfPage":{"@id":"https:\/\/www.psyke.es\/en\/cuando-este-mejor-vivire-mi-vida-vs-si-vivo-mi-vida-estare-mejor-2\/#primaryimage"},"image":{"@id":"https:\/\/www.psyke.es\/en\/cuando-este-mejor-vivire-mi-vida-vs-si-vivo-mi-vida-estare-mejor-2\/#primaryimage"},"thumbnailUrl":"https:\/\/www.psyke.es\/wp-content\/uploads\/2021\/12\/3.jpeg","datePublished":"2022-01-03T18:30:00+00:00","dateModified":"2022-02-15T08:19:59+00:00","author":{"@id":"https:\/\/www.psyke.es\/en\/#\/schema\/person\/87774a2e60512484c09407be020d551a"},"breadcrumb":{"@id":"https:\/\/www.psyke.es\/en\/cuando-este-mejor-vivire-mi-vida-vs-si-vivo-mi-vida-estare-mejor-2\/#breadcrumb"},"inLanguage":"en-US","potentialAction":[{"@type":"ReadAction","target":["https:\/\/www.psyke.es\/en\/cuando-este-mejor-vivire-mi-vida-vs-si-vivo-mi-vida-estare-mejor-2\/"]}]},{"@type":"ImageObject","inLanguage":"en-US","@id":"https:\/\/www.psyke.es\/en\/cuando-este-mejor-vivire-mi-vida-vs-si-vivo-mi-vida-estare-mejor-2\/#primaryimage","url":"https:\/\/www.psyke.es\/wp-content\/uploads\/2021\/12\/3.jpeg","contentUrl":"https:\/\/www.psyke.es\/wp-content\/uploads\/2021\/12\/3.jpeg","width":600,"height":351},{"@type":"BreadcrumbList","@id":"https:\/\/www.psyke.es\/en\/cuando-este-mejor-vivire-mi-vida-vs-si-vivo-mi-vida-estare-mejor-2\/#breadcrumb","itemListElement":[{"@type":"ListItem","position":1,"name":"Portada","item":"https:\/\/www.psyke.es\/en\/"},{"@type":"ListItem","position":2,"name":"\u201cCuando est\u00e9 mejor, vivir\u00e9 mi vida\u201d vs \u201cSi vivo mi vida, estar\u00e9 mejor\u201d"}]},{"@type":"WebSite","@id":"https:\/\/www.psyke.es\/en\/#website","url":"https:\/\/www.psyke.es\/en\/","name":"Psyke","description":"Centro de Psicolog\u00eda","potentialAction":[{"@type":"SearchAction","target":{"@type":"EntryPoint","urlTemplate":"https:\/\/www.psyke.es\/en\/?s={search_term_string}"},"query-input":{"@type":"PropertyValueSpecification","valueRequired":true,"valueName":"search_term_string"}}],"inLanguage":"en-US"},{"@type":"Person","@id":"https:\/\/www.psyke.es\/en\/#\/schema\/person\/87774a2e60512484c09407be020d551a","name":"Tha\u00efs Capella","image":{"@type":"ImageObject","inLanguage":"en-US","@id":"https:\/\/secure.gravatar.com\/avatar\/71847c79c196fcb2761a3960e77f33ed0e684732f3145d9b4af037b8ed17c94c?s=96&d=mm&r=g","url":"https:\/\/secure.gravatar.com\/avatar\/71847c79c196fcb2761a3960e77f33ed0e684732f3145d9b4af037b8ed17c94c?s=96&d=mm&r=g","contentUrl":"https:\/\/secure.gravatar.com\/avatar\/71847c79c196fcb2761a3960e77f33ed0e684732f3145d9b4af037b8ed17c94c?s=96&d=mm&r=g","caption":"Tha\u00efs Capella"},"sameAs":["http:\/\/psyke.es"]}]}},"post_mailing_queue_ids":[],"_links":{"self":[{"href":"https:\/\/www.psyke.es\/en\/wp-json\/wp\/v2\/posts\/6459","targetHints":{"allow":["GET"]}}],"collection":[{"href":"https:\/\/www.psyke.es\/en\/wp-json\/wp\/v2\/posts"}],"about":[{"href":"https:\/\/www.psyke.es\/en\/wp-json\/wp\/v2\/types\/post"}],"author":[{"embeddable":true,"href":"https:\/\/www.psyke.es\/en\/wp-json\/wp\/v2\/users\/3"}],"replies":[{"embeddable":true,"href":"https:\/\/www.psyke.es\/en\/wp-json\/wp\/v2\/comments?post=6459"}],"version-history":[{"count":0,"href":"https:\/\/www.psyke.es\/en\/wp-json\/wp\/v2\/posts\/6459\/revisions"}],"wp:featuredmedia":[{"embeddable":true,"href":"https:\/\/www.psyke.es\/en\/wp-json\/wp\/v2\/media\/5985"}],"wp:attachment":[{"href":"https:\/\/www.psyke.es\/en\/wp-json\/wp\/v2\/media?parent=6459"}],"wp:term":[{"taxonomy":"category","embeddable":true,"href":"https:\/\/www.psyke.es\/en\/wp-json\/wp\/v2\/categories?post=6459"},{"taxonomy":"post_tag","embeddable":true,"href":"https:\/\/www.psyke.es\/en\/wp-json\/wp\/v2\/tags?post=6459"}],"curies":[{"name":"wp","href":"https:\/\/api.w.org\/{rel}","templated":true}]}}