{"id":6499,"date":"2021-11-23T21:31:33","date_gmt":"2021-11-23T19:31:33","guid":{"rendered":"https:\/\/www.psyke.es\/te-di-la-vida-entera-zoe-valdes\/"},"modified":"2022-02-11T14:14:58","modified_gmt":"2022-02-11T12:14:58","slug":"te-di-la-vida-entera-zoe-valdes","status":"publish","type":"post","link":"https:\/\/www.psyke.es\/en\/te-di-la-vida-entera-zoe-valdes\/","title":{"rendered":"\u201cTe di la vida entera&#8221; \u2013 Zoe Vald\u00e9s"},"content":{"rendered":"\n<p>Ser padres es una de las tareas m\u00e1s exigentes, desafiantes y estresantes que existen. Si adem\u00e1s nos obsesionamos en su desempe\u00f1o, podemos causar estragos en el ser que hemos tra\u00eddo al mundo. Est\u00e1 claro que por el mero hecho de ser los progenitores y cuidadores principales de nuestros hijos vamos a generar inevitablemente un v\u00ednculo afectivo muy estrecho. Pero hemos de tomar consciencia de no fomentar el mantenimiento de un cord\u00f3n umbilical tan estrecho que genere una vinculaci\u00f3n tan intensa e interdependiente que acabemos por fusionarnos, dando lugar a situaciones patol\u00f3gicas en el desarrollo individual del menor.&nbsp;<\/p>\n\n\n\n<p>El hijo nace completamente necesitado de amor y cuidados permanentes, pero a medida que va creciendo el papel de los padres obliga a darle el espacio necesario para que vaya adquiriendo su propia autonom\u00eda. Esta delgada l\u00ednea de cesi\u00f3n se ha de calibrar con mucho acierto. Demasiado pronto puede acabar percibi\u00e9ndose por parte del ni\u00f1o como descuido o negligencia, y demasiado tarde puede generar esa fusi\u00f3n que mina el desarrollo de la confianza e independencia necesarias para que genere su propia personalidad al margen de sus cuidadores.&nbsp;<\/p>\n\n\n\n<p>El papel de los padres demanda mucha flexibilidad\u2026<\/p>\n\n\n\n<p>Veamos el papel de una madre que levanta al hijo de la cama, le prepara el desayuno, le peina, le prepara la ropa y le lleva al cole cada ma\u00f1ana. Suena bien, \u00bfno?&#8230;excepto si el ni\u00f1o tiene 12 a\u00f1os. Los padres han de tomar consciencia de que su hijo ya no es el \u201cinv\u00e1lido\u201d de dos a\u00f1itos al que se lo han de hacer todo. Es m\u00e1s, tienen el deber de \u201cno hacer nada por \u00e9l que no pueda hacer el mismo\u201d. Asi, desde la necesidad, aprenden a elegir su ropa, a peinarse y atarse los cordones de sus zapatos (todo un hallazgo que cuando se descubren capaces, su autoestima se chuta al m\u00e1ximo). Pero la mirada de los padres se suele quedar anclada en su ni\u00f1ez\u2026como si no evolucionara hacia verlos en sus edades reales.&nbsp;<\/p>\n\n\n\n<p>Esta \u201cceguera\u201d se puede entender mejor si nos fijamos en lo que nos ocurre cuando nos miramos todos los d\u00edas en el espejo. Al ser a diario, nos vemos siempre igual, excepto cuando nos encontramos con una amiga que no hemos visto en cierto tiempo y pensamos \u201cqu\u00e9 mayor\u201d. Pues, despierta, ella est\u00e1 pensando lo mismo de ti\u2026<\/p>\n\n\n\n<p>Es muy gustoso dormir con nuestros hijos a edades en las que quiz\u00e1s ya no corresponda (hay toda una teor\u00eda sobre el co-lecho que habr\u00eda que debatir), pero ellos no se van a salir de la cama porque les encanta. Somos nosotros que hemos de renunciar deliberadamente a ese placer de abrazarnos a ellos. Y es que nuestro placer presente puede ser su condena futura. Lo mismo ocurre con los hijos que viven en casa m\u00e1s all\u00e1 del tiempo en el que deber\u00edan ser independientes. A veces las circunstancias obligan a que no puedan irse de casa, con lo que vuelve a ser el papel de los padres el comunicarles que est\u00e1n en una etapa en la que han de colaborar \u201ccomo si\u201d fueran independientes en un piso de estudiantes en los que han de compartir tareas equitativamente. Arreglar sus cuartos no es suficiente, han de colaborar con las tareas de la casa, sino estamos ense\u00f1\u00e1ndoles que \u201calguien\u201d lo har\u00e1 siempre por ellos.<\/p>\n\n\n\n<p>Muchos padres deciden \u201cpasar\u201d por no generar conflictos, pero est\u00e1n faltando a su responsabilidad que es socializar al hijo (prepararlo para vivir en sociedad).&nbsp;<\/p>\n\n\n\n<p>Algunos, a\u00fan m\u00e1s enfermizamente, pretenden que sus hijos les mantengan o les devuelvan sus esfuerzos. Craso error. De aqu\u00ed viene el t\u00edtulo de este art\u00edculo. Como te di mi vida entera, ahora espero que me devuelvas mis esfuerzos y desvelos.&nbsp;<\/p>\n\n\n\n<p>El papel de ser padres es transmisivo. Lo que yo te doy, te ense\u00f1o, te aporto, no es para que me lo devuelvas, es para que hagas lo propio con TUS hijos. Generar la expectativa de una \u201cdevoluci\u00f3n\u201d es ego\u00edsta y culpabilizadora, y todav\u00eda m\u00e1s si se ha llegado a transmitir al hijo.&nbsp;<\/p>\n\n\n\n<p>El amor incondicional hacia nuestros hijos no es sumisi\u00f3n, pero tampoco obligaci\u00f3n\u2026es el deseo de estar juntos porque nos apetece comunicar nuestras experiencias y vivencias que nos alegra compartir por el v\u00ednculo afectivo que tenemos y la alegr\u00eda que nos proporciona hacerlo.&nbsp;<\/p>\n\n\n\n<p>Qu\u00e9 dif\u00edcil es generar relaciones libres cuando el afecto entra en juego. Lo he dicho muchas veces: deber\u00edamos asistir a clases de \u201cser padres\u201d antes de tener hijos. Ser padres conscientes es imprescindible para fomentar el desarrollo saludable de nuestros hijos.<\/p>\n\n\n\n<p>El amor es necesario, pero no suficiente\u2026&nbsp;<\/p>\n\n\n\n<p><em>\u201cLa vida familiar se parece un poco a un \u201ciceberg\u201d.&nbsp; Solo se percibe una peque\u00f1a parte de la totalidad: la parte que todos pueden ver y o\u00edr. Muchas personas piensan que esa fracci\u00f3n representa la totalidad. Otras sospechan que puede existir m\u00e1s, pero no saben c\u00f3mo descubrirla\u201d &nbsp; &nbsp;<\/em><\/p>\n\n\n\n<p>Extracto de \u201cThe Satir Model: Family Therapy and Beyond\u201d que recoge el modelo de familia y reflexiones de Virgina Satir.&nbsp;<\/p>\n\n\n\n<p>Ilustraci\u00f3n de \u201cHeather has two mommies\u201d de Lesl\u00e9a Newman.&nbsp;<\/p>\n\n\n\n<p>Sugerencia: \u201c<strong>Meditaci\u00f3n del amor y las relaciones<\/strong>\u201d en <a href=\"http:\/\/www.psyke.es\">www.psyke.es<\/a>. Esta meditaci\u00f3n permite abrir nuestro coraz\u00f3n para ser conscientes del amor que recibimos de las personas que nos rodean y para saber dar ese amor a todas las personas, nos gusten o no, las conozcamos o no. Desde esta perspectiva de Humanidad compartida, cultivamos tambi\u00e9n el amor hacia nosotros mismos, conscientes de la vulnerabilidad y necesidad de afecto de todos los seres humanos.<\/p>\n","protected":false},"excerpt":{"rendered":"<p>Ser padres es una de las tareas m\u00e1s exigentes, desafiantes y estresantes que existen. Si adem\u00e1s nos obsesionamos en su desempe\u00f1o, podemos causar estragos en el ser que hemos tra\u00eddo al mundo. Est\u00e1 claro que por el mero hecho de ser los progenitores y cuidadores principales de nuestros hijos vamos a generar inevitablemente un v\u00ednculo [&#8230;]<\/p>\n<p><a class=\"btn btn-secondary understrap-read-more-link\" href=\"https:\/\/www.psyke.es\/en\/te-di-la-vida-entera-zoe-valdes\/\">Read More&#8230;<span class=\"screen-reader-text\"> from \u201cTe di la vida entera&#8221; \u2013 Zoe Vald\u00e9s<\/span><\/a><\/p>\n","protected":false},"author":3,"featured_media":5979,"comment_status":"open","ping_status":"open","sticky":false,"template":"","format":"standard","meta":{"footnotes":""},"categories":[83],"tags":[],"class_list":["post-6499","post","type-post","status-publish","format-standard","has-post-thumbnail","hentry","category-therapeutic-articles-love"],"yoast_head":"<!-- This site is optimized with the Yoast SEO plugin v27.4 - https:\/\/yoast.com\/product\/yoast-seo-wordpress\/ -->\n<title>\u201cTe di la vida entera&quot; \u2013 Zoe Vald\u00e9s - Psyke<\/title>\n<meta name=\"robots\" content=\"index, follow, max-snippet:-1, max-image-preview:large, max-video-preview:-1\" \/>\n<link rel=\"canonical\" href=\"https:\/\/www.psyke.es\/en\/te-di-la-vida-entera-zoe-valdes\/\" \/>\n<meta property=\"og:locale\" content=\"en_US\" \/>\n<meta property=\"og:type\" content=\"article\" \/>\n<meta property=\"og:title\" content=\"\u201cTe di la vida entera&quot; \u2013 Zoe Vald\u00e9s - Psyke\" \/>\n<meta property=\"og:description\" content=\"Ser padres es una de las tareas m\u00e1s exigentes, desafiantes y estresantes que existen. Si adem\u00e1s nos obsesionamos en su desempe\u00f1o, podemos causar estragos en el ser que hemos tra\u00eddo al mundo. Est\u00e1 claro que por el mero hecho de ser los progenitores y cuidadores principales de nuestros hijos vamos a generar inevitablemente un v\u00ednculo [...]Read More... from \u201cTe di la vida entera&#8221; \u2013 Zoe Vald\u00e9s\" \/>\n<meta property=\"og:url\" content=\"https:\/\/www.psyke.es\/en\/te-di-la-vida-entera-zoe-valdes\/\" \/>\n<meta property=\"og:site_name\" content=\"Psyke\" \/>\n<meta property=\"article:published_time\" content=\"2021-11-23T19:31:33+00:00\" \/>\n<meta property=\"article:modified_time\" content=\"2022-02-11T12:14:58+00:00\" \/>\n<meta property=\"og:image\" content=\"https:\/\/www.psyke.es\/wp-content\/uploads\/2021\/11\/heatherhastwomommies1.jpeg\" \/>\n\t<meta property=\"og:image:width\" content=\"600\" \/>\n\t<meta property=\"og:image:height\" content=\"613\" \/>\n\t<meta property=\"og:image:type\" content=\"image\/jpeg\" \/>\n<meta name=\"author\" content=\"Tha\u00efs Capella\" \/>\n<meta name=\"twitter:card\" content=\"summary_large_image\" \/>\n<meta name=\"twitter:label1\" content=\"Written by\" \/>\n\t<meta name=\"twitter:data1\" content=\"Tha\u00efs Capella\" \/>\n\t<meta name=\"twitter:label2\" content=\"Est. reading time\" \/>\n\t<meta name=\"twitter:data2\" content=\"4 minutes\" \/>\n<script type=\"application\/ld+json\" class=\"yoast-schema-graph\">{\"@context\":\"https:\\\/\\\/schema.org\",\"@graph\":[{\"@type\":\"Article\",\"@id\":\"https:\\\/\\\/www.psyke.es\\\/en\\\/te-di-la-vida-entera-zoe-valdes\\\/#article\",\"isPartOf\":{\"@id\":\"https:\\\/\\\/www.psyke.es\\\/en\\\/te-di-la-vida-entera-zoe-valdes\\\/\"},\"author\":{\"name\":\"Tha\u00efs Capella\",\"@id\":\"https:\\\/\\\/www.psyke.es\\\/en\\\/#\\\/schema\\\/person\\\/87774a2e60512484c09407be020d551a\"},\"headline\":\"\u201cTe di la vida entera&#8221; \u2013 Zoe Vald\u00e9s\",\"datePublished\":\"2021-11-23T19:31:33+00:00\",\"dateModified\":\"2022-02-11T12:14:58+00:00\",\"mainEntityOfPage\":{\"@id\":\"https:\\\/\\\/www.psyke.es\\\/en\\\/te-di-la-vida-entera-zoe-valdes\\\/\"},\"wordCount\":986,\"commentCount\":0,\"image\":{\"@id\":\"https:\\\/\\\/www.psyke.es\\\/en\\\/te-di-la-vida-entera-zoe-valdes\\\/#primaryimage\"},\"thumbnailUrl\":\"https:\\\/\\\/www.psyke.es\\\/wp-content\\\/uploads\\\/2021\\\/11\\\/heatherhastwomommies1.jpeg\",\"articleSection\":[\"Love\"],\"inLanguage\":\"en-US\",\"potentialAction\":[{\"@type\":\"CommentAction\",\"name\":\"Comment\",\"target\":[\"https:\\\/\\\/www.psyke.es\\\/en\\\/te-di-la-vida-entera-zoe-valdes\\\/#respond\"]}]},{\"@type\":\"WebPage\",\"@id\":\"https:\\\/\\\/www.psyke.es\\\/en\\\/te-di-la-vida-entera-zoe-valdes\\\/\",\"url\":\"https:\\\/\\\/www.psyke.es\\\/en\\\/te-di-la-vida-entera-zoe-valdes\\\/\",\"name\":\"\u201cTe di la vida entera\\\" \u2013 Zoe Vald\u00e9s - Psyke\",\"isPartOf\":{\"@id\":\"https:\\\/\\\/www.psyke.es\\\/en\\\/#website\"},\"primaryImageOfPage\":{\"@id\":\"https:\\\/\\\/www.psyke.es\\\/en\\\/te-di-la-vida-entera-zoe-valdes\\\/#primaryimage\"},\"image\":{\"@id\":\"https:\\\/\\\/www.psyke.es\\\/en\\\/te-di-la-vida-entera-zoe-valdes\\\/#primaryimage\"},\"thumbnailUrl\":\"https:\\\/\\\/www.psyke.es\\\/wp-content\\\/uploads\\\/2021\\\/11\\\/heatherhastwomommies1.jpeg\",\"datePublished\":\"2021-11-23T19:31:33+00:00\",\"dateModified\":\"2022-02-11T12:14:58+00:00\",\"author\":{\"@id\":\"https:\\\/\\\/www.psyke.es\\\/en\\\/#\\\/schema\\\/person\\\/87774a2e60512484c09407be020d551a\"},\"breadcrumb\":{\"@id\":\"https:\\\/\\\/www.psyke.es\\\/en\\\/te-di-la-vida-entera-zoe-valdes\\\/#breadcrumb\"},\"inLanguage\":\"en-US\",\"potentialAction\":[{\"@type\":\"ReadAction\",\"target\":[\"https:\\\/\\\/www.psyke.es\\\/en\\\/te-di-la-vida-entera-zoe-valdes\\\/\"]}]},{\"@type\":\"ImageObject\",\"inLanguage\":\"en-US\",\"@id\":\"https:\\\/\\\/www.psyke.es\\\/en\\\/te-di-la-vida-entera-zoe-valdes\\\/#primaryimage\",\"url\":\"https:\\\/\\\/www.psyke.es\\\/wp-content\\\/uploads\\\/2021\\\/11\\\/heatherhastwomommies1.jpeg\",\"contentUrl\":\"https:\\\/\\\/www.psyke.es\\\/wp-content\\\/uploads\\\/2021\\\/11\\\/heatherhastwomommies1.jpeg\",\"width\":600,\"height\":613},{\"@type\":\"BreadcrumbList\",\"@id\":\"https:\\\/\\\/www.psyke.es\\\/en\\\/te-di-la-vida-entera-zoe-valdes\\\/#breadcrumb\",\"itemListElement\":[{\"@type\":\"ListItem\",\"position\":1,\"name\":\"Portada\",\"item\":\"https:\\\/\\\/www.psyke.es\\\/en\\\/\"},{\"@type\":\"ListItem\",\"position\":2,\"name\":\"\u201cTe di la vida entera\u00bb \u2013 Zoe Vald\u00e9s\"}]},{\"@type\":\"WebSite\",\"@id\":\"https:\\\/\\\/www.psyke.es\\\/en\\\/#website\",\"url\":\"https:\\\/\\\/www.psyke.es\\\/en\\\/\",\"name\":\"Psyke\",\"description\":\"Centro de Psicolog\u00eda\",\"potentialAction\":[{\"@type\":\"SearchAction\",\"target\":{\"@type\":\"EntryPoint\",\"urlTemplate\":\"https:\\\/\\\/www.psyke.es\\\/en\\\/?s={search_term_string}\"},\"query-input\":{\"@type\":\"PropertyValueSpecification\",\"valueRequired\":true,\"valueName\":\"search_term_string\"}}],\"inLanguage\":\"en-US\"},{\"@type\":\"Person\",\"@id\":\"https:\\\/\\\/www.psyke.es\\\/en\\\/#\\\/schema\\\/person\\\/87774a2e60512484c09407be020d551a\",\"name\":\"Tha\u00efs Capella\",\"image\":{\"@type\":\"ImageObject\",\"inLanguage\":\"en-US\",\"@id\":\"https:\\\/\\\/secure.gravatar.com\\\/avatar\\\/71847c79c196fcb2761a3960e77f33ed0e684732f3145d9b4af037b8ed17c94c?s=96&d=mm&r=g\",\"url\":\"https:\\\/\\\/secure.gravatar.com\\\/avatar\\\/71847c79c196fcb2761a3960e77f33ed0e684732f3145d9b4af037b8ed17c94c?s=96&d=mm&r=g\",\"contentUrl\":\"https:\\\/\\\/secure.gravatar.com\\\/avatar\\\/71847c79c196fcb2761a3960e77f33ed0e684732f3145d9b4af037b8ed17c94c?s=96&d=mm&r=g\",\"caption\":\"Tha\u00efs Capella\"},\"sameAs\":[\"http:\\\/\\\/psyke.es\"]}]}<\/script>\n<!-- \/ Yoast SEO plugin. -->","yoast_head_json":{"title":"\u201cTe di la vida entera\" \u2013 Zoe Vald\u00e9s - Psyke","robots":{"index":"index","follow":"follow","max-snippet":"max-snippet:-1","max-image-preview":"max-image-preview:large","max-video-preview":"max-video-preview:-1"},"canonical":"https:\/\/www.psyke.es\/en\/te-di-la-vida-entera-zoe-valdes\/","og_locale":"en_US","og_type":"article","og_title":"\u201cTe di la vida entera\" \u2013 Zoe Vald\u00e9s - Psyke","og_description":"Ser padres es una de las tareas m\u00e1s exigentes, desafiantes y estresantes que existen. Si adem\u00e1s nos obsesionamos en su desempe\u00f1o, podemos causar estragos en el ser que hemos tra\u00eddo al mundo. Est\u00e1 claro que por el mero hecho de ser los progenitores y cuidadores principales de nuestros hijos vamos a generar inevitablemente un v\u00ednculo [...]Read More... from \u201cTe di la vida entera&#8221; \u2013 Zoe Vald\u00e9s","og_url":"https:\/\/www.psyke.es\/en\/te-di-la-vida-entera-zoe-valdes\/","og_site_name":"Psyke","article_published_time":"2021-11-23T19:31:33+00:00","article_modified_time":"2022-02-11T12:14:58+00:00","og_image":[{"width":600,"height":613,"url":"https:\/\/www.psyke.es\/wp-content\/uploads\/2021\/11\/heatherhastwomommies1.jpeg","type":"image\/jpeg"}],"author":"Tha\u00efs Capella","twitter_card":"summary_large_image","twitter_misc":{"Written by":"Tha\u00efs Capella","Est. reading time":"4 minutes"},"schema":{"@context":"https:\/\/schema.org","@graph":[{"@type":"Article","@id":"https:\/\/www.psyke.es\/en\/te-di-la-vida-entera-zoe-valdes\/#article","isPartOf":{"@id":"https:\/\/www.psyke.es\/en\/te-di-la-vida-entera-zoe-valdes\/"},"author":{"name":"Tha\u00efs Capella","@id":"https:\/\/www.psyke.es\/en\/#\/schema\/person\/87774a2e60512484c09407be020d551a"},"headline":"\u201cTe di la vida entera&#8221; \u2013 Zoe Vald\u00e9s","datePublished":"2021-11-23T19:31:33+00:00","dateModified":"2022-02-11T12:14:58+00:00","mainEntityOfPage":{"@id":"https:\/\/www.psyke.es\/en\/te-di-la-vida-entera-zoe-valdes\/"},"wordCount":986,"commentCount":0,"image":{"@id":"https:\/\/www.psyke.es\/en\/te-di-la-vida-entera-zoe-valdes\/#primaryimage"},"thumbnailUrl":"https:\/\/www.psyke.es\/wp-content\/uploads\/2021\/11\/heatherhastwomommies1.jpeg","articleSection":["Love"],"inLanguage":"en-US","potentialAction":[{"@type":"CommentAction","name":"Comment","target":["https:\/\/www.psyke.es\/en\/te-di-la-vida-entera-zoe-valdes\/#respond"]}]},{"@type":"WebPage","@id":"https:\/\/www.psyke.es\/en\/te-di-la-vida-entera-zoe-valdes\/","url":"https:\/\/www.psyke.es\/en\/te-di-la-vida-entera-zoe-valdes\/","name":"\u201cTe di la vida entera\" \u2013 Zoe Vald\u00e9s - Psyke","isPartOf":{"@id":"https:\/\/www.psyke.es\/en\/#website"},"primaryImageOfPage":{"@id":"https:\/\/www.psyke.es\/en\/te-di-la-vida-entera-zoe-valdes\/#primaryimage"},"image":{"@id":"https:\/\/www.psyke.es\/en\/te-di-la-vida-entera-zoe-valdes\/#primaryimage"},"thumbnailUrl":"https:\/\/www.psyke.es\/wp-content\/uploads\/2021\/11\/heatherhastwomommies1.jpeg","datePublished":"2021-11-23T19:31:33+00:00","dateModified":"2022-02-11T12:14:58+00:00","author":{"@id":"https:\/\/www.psyke.es\/en\/#\/schema\/person\/87774a2e60512484c09407be020d551a"},"breadcrumb":{"@id":"https:\/\/www.psyke.es\/en\/te-di-la-vida-entera-zoe-valdes\/#breadcrumb"},"inLanguage":"en-US","potentialAction":[{"@type":"ReadAction","target":["https:\/\/www.psyke.es\/en\/te-di-la-vida-entera-zoe-valdes\/"]}]},{"@type":"ImageObject","inLanguage":"en-US","@id":"https:\/\/www.psyke.es\/en\/te-di-la-vida-entera-zoe-valdes\/#primaryimage","url":"https:\/\/www.psyke.es\/wp-content\/uploads\/2021\/11\/heatherhastwomommies1.jpeg","contentUrl":"https:\/\/www.psyke.es\/wp-content\/uploads\/2021\/11\/heatherhastwomommies1.jpeg","width":600,"height":613},{"@type":"BreadcrumbList","@id":"https:\/\/www.psyke.es\/en\/te-di-la-vida-entera-zoe-valdes\/#breadcrumb","itemListElement":[{"@type":"ListItem","position":1,"name":"Portada","item":"https:\/\/www.psyke.es\/en\/"},{"@type":"ListItem","position":2,"name":"\u201cTe di la vida entera\u00bb \u2013 Zoe Vald\u00e9s"}]},{"@type":"WebSite","@id":"https:\/\/www.psyke.es\/en\/#website","url":"https:\/\/www.psyke.es\/en\/","name":"Psyke","description":"Centro de Psicolog\u00eda","potentialAction":[{"@type":"SearchAction","target":{"@type":"EntryPoint","urlTemplate":"https:\/\/www.psyke.es\/en\/?s={search_term_string}"},"query-input":{"@type":"PropertyValueSpecification","valueRequired":true,"valueName":"search_term_string"}}],"inLanguage":"en-US"},{"@type":"Person","@id":"https:\/\/www.psyke.es\/en\/#\/schema\/person\/87774a2e60512484c09407be020d551a","name":"Tha\u00efs Capella","image":{"@type":"ImageObject","inLanguage":"en-US","@id":"https:\/\/secure.gravatar.com\/avatar\/71847c79c196fcb2761a3960e77f33ed0e684732f3145d9b4af037b8ed17c94c?s=96&d=mm&r=g","url":"https:\/\/secure.gravatar.com\/avatar\/71847c79c196fcb2761a3960e77f33ed0e684732f3145d9b4af037b8ed17c94c?s=96&d=mm&r=g","contentUrl":"https:\/\/secure.gravatar.com\/avatar\/71847c79c196fcb2761a3960e77f33ed0e684732f3145d9b4af037b8ed17c94c?s=96&d=mm&r=g","caption":"Tha\u00efs Capella"},"sameAs":["http:\/\/psyke.es"]}]}},"post_mailing_queue_ids":[],"_links":{"self":[{"href":"https:\/\/www.psyke.es\/en\/wp-json\/wp\/v2\/posts\/6499","targetHints":{"allow":["GET"]}}],"collection":[{"href":"https:\/\/www.psyke.es\/en\/wp-json\/wp\/v2\/posts"}],"about":[{"href":"https:\/\/www.psyke.es\/en\/wp-json\/wp\/v2\/types\/post"}],"author":[{"embeddable":true,"href":"https:\/\/www.psyke.es\/en\/wp-json\/wp\/v2\/users\/3"}],"replies":[{"embeddable":true,"href":"https:\/\/www.psyke.es\/en\/wp-json\/wp\/v2\/comments?post=6499"}],"version-history":[{"count":0,"href":"https:\/\/www.psyke.es\/en\/wp-json\/wp\/v2\/posts\/6499\/revisions"}],"wp:featuredmedia":[{"embeddable":true,"href":"https:\/\/www.psyke.es\/en\/wp-json\/wp\/v2\/media\/5979"}],"wp:attachment":[{"href":"https:\/\/www.psyke.es\/en\/wp-json\/wp\/v2\/media?parent=6499"}],"wp:term":[{"taxonomy":"category","embeddable":true,"href":"https:\/\/www.psyke.es\/en\/wp-json\/wp\/v2\/categories?post=6499"},{"taxonomy":"post_tag","embeddable":true,"href":"https:\/\/www.psyke.es\/en\/wp-json\/wp\/v2\/tags?post=6499"}],"curies":[{"name":"wp","href":"https:\/\/api.w.org\/{rel}","templated":true}]}}