{"id":6517,"date":"2021-11-01T20:30:00","date_gmt":"2021-11-01T18:30:00","guid":{"rendered":"https:\/\/www.psyke.es\/nuestras-relaciones-con-los-demas-son-reflejo-de-las-relaciones-que-vivimos-en-nuestra-infancia-2\/"},"modified":"2022-02-11T14:22:03","modified_gmt":"2022-02-11T12:22:03","slug":"nuestras-relaciones-con-los-demas-son-reflejo-de-las-relaciones-que-vivimos-en-nuestra-infancia-2","status":"publish","type":"post","link":"https:\/\/www.psyke.es\/en\/nuestras-relaciones-con-los-demas-son-reflejo-de-las-relaciones-que-vivimos-en-nuestra-infancia-2\/","title":{"rendered":"\u201cNuestras relaciones con los dem\u00e1s son reflejo de las relaciones que vivimos en nuestra infancia\u201d"},"content":{"rendered":"\n<p>El tipo de v\u00ednculo que los padres establecen con sus hijos en los primeros a\u00f1os de vida marca c\u00f3mo se posicionar\u00e1 el ni\u00f1o\/a en sus relaciones afectivas. La \u201cteor\u00eda del apego\u201d demuestra que al a\u00f1o de vida ya se han producido interacciones suficientes como para generar una especie de previsi\u00f3n de lo que puede esperar el ni\u00f1o de sus cuidadores en cuanto a la satisfacci\u00f3n de sus necesidades.&nbsp;<\/p>\n\n\n\n<p>De entre los muchos investigadores, destaco a Mary Ainsworth que supo recrear una situaci\u00f3n experimental interesant\u00edsima que demuestra que existen patrones de apego ya desde los 12 meses.<\/p>\n\n\n\n<p>En la llamada \u201cSituaci\u00f3n Extra\u00f1a\u201d una madre y su hijo entran en una sala de espera en la que hay unos juguetes. A partir de aqu\u00ed se examinan cuatro escenarios: 1) entra una persona desconocida y se sienta en la sala 2) la madre sale de la habitaci\u00f3n dejando al hijo con la desconocida 3) la madre vuelve a entrar y sale de nuevo con la desconocida dejando al hijo solo 4) ambas regresan a la sala.<\/p>\n\n\n\n<p>Como vaticin\u00f3 Ainsworth, en la mayor\u00eda de casos los ni\u00f1os recurr\u00edan a la madre como \u201cbase segura\u201d para explorar y jugar y dejaban de hacerlo en presencia de la extra\u00f1a, sobre todo cuando sal\u00eda la madre, ya que cualquier percepci\u00f3n de amenaza le activaba conductas de proximidad y apego.<\/p>\n\n\n\n<p>Las diferentes conductas de los ni\u00f1os durante este proceso permitieron describir tres estilos de apego (que investigaciones posteriores fijaron en cuatro):<\/p>\n\n\n\n<p>1) Apego seguro (B): los ni\u00f1os se mostraban contentos cuando jugaban en presencia de la madre y les afectaba cuando se marchaba de la sala. Al regresar se alegraban y buscaban proximidad. En este patr\u00f3n saludable los ni\u00f1os saben que sus cuidadores no les van a fallar y conf\u00edan en que van a estar disponibles si los necesitan.<\/p>\n\n\n\n<p>De adultos se sienten queridos y c\u00f3modos en sus relaciones amorosas y se saben alejar de quienes les hacen da\u00f1o.<\/p>\n\n\n\n<p>2) Apego inseguro-evitativo (A): los ni\u00f1os se mostraban independientes, jugando por su cuenta sin recurrir a la madre como base segura. Cuando sal\u00eda de la habitaci\u00f3n no parec\u00eda molestarles ni se acercaban a ella cuando regresaba. Incluso cuando la madre buscaba su contacto, lo evitaban. A primera vista esta indiferencia podr\u00eda parecer saludable, pero la realidad es que estos ni\u00f1os tienen dificultades emocionales, ya que su desapego proviene de haber vivido separaciones dolorosas. En este patr\u00f3n los ni\u00f1os saben que no pueden contar con el apoyo de su madre y reaccionan a la defensiva, neg\u00e1ndose la realidad de necesitarla. De adultos reprimen sus necesidades afectivas y evitan la intimidad para no exponerse al rechazo, generando as\u00ed una especie de \u201ccoraza insensible\u201d que da a entender que no les importa demasiado los dem\u00e1s desde el punto de vista afectivo (lo que delata su tremenda carencia).<\/p>\n\n\n\n<p>3) Apego inseguro-ansioso ambivalente: estos ni\u00f1os pasaban un mal rato al marcharse la madre. Apenas jugaban en su ausencia y al regresar ten\u00edan reaciones dispares: se resist\u00edan a acercarse o bien se pegaban a ella por temor a que volviera a ser \u201cabandonado\u201d. Este estilo de apego proviene de cuidadores imprevisibles, que a veces se mostraban cari\u00f1osos y a veces indiferentes, con lo que generan en el ni\u00f1o mucha ansiedad al no saber si puede o no contar con su apoyo y presencia. De adultos son muy inseguros en sus relaciones, celosos, dependientes y con necesidad de sentirse permanentemente vinculados a su pareja. Su bienestar depender\u00e1 de la atenci\u00f3n que reciba del otro, si capta gestos de desatenci\u00f3n puede mostrarse huidizo y rechazar proximidad como defensa.&nbsp;<\/p>\n\n\n\n<p>4) Apego desorganizado: este estilo es el m\u00e1s patol\u00f3gico y apareci\u00f3 posteriormente como una mezcla de los dos patrones inseguros anteriores. Son los casos de maltrato, desprecio o negligencia excesiva que generan deficiencias graves en la confianza y seguridad (el ansioso) y en la vida emocional y la intimidad (evitativo). De adultos consideran las relaciones afectivas como amenazantes, con lo que tendr\u00e1 muchas de corta duraci\u00f3n o las evitar\u00e1n en cuanto aparece demasiada intimidad.&nbsp;<\/p>\n\n\n\n<p>Estos patrones (m\u00ednimamente expuestos) se viven en grados muy diferentes. Lo importante es tenerlos en cuenta, tanto si est\u00e1s en una relaci\u00f3n afectiva con una persona que los sufre, como si lo descubres en ti, para empezar a poner los medios terap\u00e9uticos necesarios que te ayuden a entender que eres t\u00fa, y no el otro, el que puede tener una distorsi\u00f3n en la percepci\u00f3n de su relaci\u00f3n.<\/p>\n\n\n\n<p>Demasiadas parejas se han roto fruto de la \u201cproyecci\u00f3n de sus carencias en el otro, sinti\u00e9ndose frustradas porque, desde su punto de vista, no las quieren como ellas se merecen\u201d<\/p>\n\n\n\n<p>Pero esto forma parte de otro art\u00edculo\u2026<\/p>\n\n\n\n<p>Cita final procedente del libro \u201cAmores y Desamores\u201d F\u00e9lix L\u00f3pez S\u00e1nchez<\/p>\n\n\n\n<p>Ilustraci\u00f3n de Maurice Sendak del libro \u201cLet\u2019s be enemies\u201d (Seamos enemigos) de Janice Udry<\/p>\n\n\n\n<p>Sugerencia: \u201cMeditaci\u00f3n del amor y las relaciones\u201d en&nbsp;<a href=\"https:\/\/l.facebook.com\/l.php?u=http%253A%252F%252Fwww.psyke.es%252F%253Ffbclid%253DIwAR1hwVG7YnHzKlJGKqQNs-nK1M6XMRCiom9hLVlgrNh84Src_k5G5_KiI_s&amp;h=AT2H_FglCFSZNgJE_2ZaNZt1f699Z9gEjCwEHercXJS7vsXRn_0DcLQ9t2jjSWgN5C98nT6kWPwFstYeUgVDeim-BEfuNRIA_3zQtfwJLE2YvvCTdE9LwsE1JRfaDCOjBftngYj5M9nhDrmnpUUpzMh4Rohzqsg_KVpOtFimf7TAHpLnCYOA1MBbtBmsc_JtdwNgR58AODc45bgkmbCap6locd5Ubjy-9zf2KMxH-Eqdj5bPXQRYkuiRJGwLak-d4llDxsv3Q760MVyHTZKHO6sUd35J-qt2-JILDgql65ckC-_XD7f6ZUomRDBrkjTkhGb6qV6GX_D7wRKZ3MykUYzIHWqUZbXUlf3UoUU96HTvuNKYEVbkoANBkkNh-14gFAsOBdj5c1EPw4JwFeZjurB5m0miCLDi1bOjcNE2uCIQetdieB8-uAeYiCZ6Ur04-2TIT-70GjG_jRHTY39mYcRDdP94EpAegd9IH51shsEocsF1CHQf6Lp_rVQw2dtw3BwNL6_rpggvXFhr1Kb-d61EalOgp2y6J-vNu3S_RFim7CosCamtU6vL6r7-BAT5kyizus-C_wZ08VmzkDBoQIMHLyCI039a8l49pijbJLuxGd8_oSPgTHsIpN3_0YpWFv8\">www.psyke.es.<\/a>&nbsp;Permite abrir nuestro coraz\u00f3n para ser conscientes del amor que recibimos de las personas que nos rodean y para saber dar ese amor a todas las personas, nos gusten o no, las conozcamos o no. Desde esta perspectiva de Humanidad compartida, cultivamos tambi\u00e9n el amor hacia nosotros mismos, conscientes de la vulnerabilidad y necesidad de afecto de todos los seres humanos.<\/p>\n\n\n\n<p><a href=\"https:\/\/www.facebook.com\/psyke.es\/photos\/a.832724746798297\/2127212764016149\/?type=3&amp;eid=ARAlbKdDM-JSySZ8l1FVTnWiKImDPuu01TBh3FHH1DbSFnd3x4Xtn5su3OHG6b--_l6m9d5Swtah5n8_&amp;__xts__%255B0%255D=68.ARAg8UhPKcgTbyiKJeSg3PfVCFkc79NTdkBiWjuvw1c6tfxcPgj64ySydbU1qBAbnGSKd62JAWgqcjDC-Ia6d_oThzxIMF-fELRkrhdPbn9pQ89rFewQRKcdBnThaqXUTWW-1kLhoLuf78_mhwZXN2dX9SQD7x2AZZKces3KodgPjIjFsmCIUs62sO4Pnt5Bn2_cweVvIpa36hbaJENH1ZLy4g_cNQOKzM6h2c0Zhgd0trLTEvKp2qz1DRoWUSAo2UEpE5QNNslzsnRX9AyovQFYq9ekna1237Q0kSJU8e4uSAXfifpUhieVP_Lc_xnAgcT329V2Rtn810JFnHw0CpbKZA&amp;__tn__=EEHH-R\"><br><\/a><\/p>\n","protected":false},"excerpt":{"rendered":"<p>El tipo de v\u00ednculo que los padres establecen con sus hijos en los primeros a\u00f1os de vida marca c\u00f3mo se posicionar\u00e1 el ni\u00f1o\/a en sus relaciones afectivas. La \u201cteor\u00eda del apego\u201d demuestra que al a\u00f1o de vida ya se han producido interacciones suficientes como para generar una especie de previsi\u00f3n de lo que puede esperar [&#8230;]<\/p>\n<p><a class=\"btn btn-secondary understrap-read-more-link\" href=\"https:\/\/www.psyke.es\/en\/nuestras-relaciones-con-los-demas-son-reflejo-de-las-relaciones-que-vivimos-en-nuestra-infancia-2\/\">Read More&#8230;<span class=\"screen-reader-text\"> from \u201cNuestras relaciones con los dem\u00e1s son reflejo de las relaciones que vivimos en nuestra infancia\u201d<\/span><\/a><\/p>\n","protected":false},"author":3,"featured_media":5974,"comment_status":"open","ping_status":"open","sticky":false,"template":"","format":"standard","meta":{"footnotes":""},"categories":[78,79,83,76],"tags":[],"class_list":["post-6517","post","type-post","status-publish","format-standard","has-post-thumbnail","hentry","category-therapeutic-reflections-emotional-education","category-therapeutic-reflections-emotions","category-therapeutic-articles-love","category-therapeutic-reflections-self-esteem"],"yoast_head":"<!-- This site is optimized with the Yoast SEO plugin v27.4 - https:\/\/yoast.com\/product\/yoast-seo-wordpress\/ -->\n<title>\u201cNuestras relaciones con los dem\u00e1s son reflejo de las relaciones que vivimos en nuestra infancia\u201d - Psyke<\/title>\n<meta name=\"robots\" content=\"index, follow, max-snippet:-1, max-image-preview:large, max-video-preview:-1\" \/>\n<link rel=\"canonical\" href=\"https:\/\/www.psyke.es\/en\/nuestras-relaciones-con-los-demas-son-reflejo-de-las-relaciones-que-vivimos-en-nuestra-infancia-2\/\" \/>\n<meta property=\"og:locale\" content=\"en_US\" \/>\n<meta property=\"og:type\" content=\"article\" \/>\n<meta property=\"og:title\" content=\"\u201cNuestras relaciones con los dem\u00e1s son reflejo de las relaciones que vivimos en nuestra infancia\u201d - Psyke\" \/>\n<meta property=\"og:description\" content=\"El tipo de v\u00ednculo que los padres establecen con sus hijos en los primeros a\u00f1os de vida marca c\u00f3mo se posicionar\u00e1 el ni\u00f1o\/a en sus relaciones afectivas. La \u201cteor\u00eda del apego\u201d demuestra que al a\u00f1o de vida ya se han producido interacciones suficientes como para generar una especie de previsi\u00f3n de lo que puede esperar [...]Read More... from \u201cNuestras relaciones con los dem\u00e1s son reflejo de las relaciones que vivimos en nuestra infancia\u201d\" \/>\n<meta property=\"og:url\" content=\"https:\/\/www.psyke.es\/en\/nuestras-relaciones-con-los-demas-son-reflejo-de-las-relaciones-que-vivimos-en-nuestra-infancia-2\/\" \/>\n<meta property=\"og:site_name\" content=\"Psyke\" \/>\n<meta property=\"article:published_time\" content=\"2021-11-01T18:30:00+00:00\" \/>\n<meta property=\"article:modified_time\" content=\"2022-02-11T12:22:03+00:00\" \/>\n<meta property=\"og:image\" content=\"https:\/\/www.psyke.es\/wp-content\/uploads\/2021\/10\/2.jpeg\" \/>\n\t<meta property=\"og:image:width\" content=\"500\" \/>\n\t<meta property=\"og:image:height\" content=\"592\" \/>\n\t<meta property=\"og:image:type\" content=\"image\/jpeg\" \/>\n<meta name=\"author\" content=\"Tha\u00efs Capella\" \/>\n<meta name=\"twitter:card\" content=\"summary_large_image\" \/>\n<meta name=\"twitter:label1\" content=\"Written by\" \/>\n\t<meta name=\"twitter:data1\" content=\"Tha\u00efs Capella\" \/>\n\t<meta name=\"twitter:label2\" content=\"Est. reading time\" \/>\n\t<meta name=\"twitter:data2\" content=\"4 minutes\" \/>\n<script type=\"application\/ld+json\" class=\"yoast-schema-graph\">{\"@context\":\"https:\\\/\\\/schema.org\",\"@graph\":[{\"@type\":\"Article\",\"@id\":\"https:\\\/\\\/www.psyke.es\\\/en\\\/nuestras-relaciones-con-los-demas-son-reflejo-de-las-relaciones-que-vivimos-en-nuestra-infancia-2\\\/#article\",\"isPartOf\":{\"@id\":\"https:\\\/\\\/www.psyke.es\\\/en\\\/nuestras-relaciones-con-los-demas-son-reflejo-de-las-relaciones-que-vivimos-en-nuestra-infancia-2\\\/\"},\"author\":{\"name\":\"Tha\u00efs Capella\",\"@id\":\"https:\\\/\\\/www.psyke.es\\\/en\\\/#\\\/schema\\\/person\\\/87774a2e60512484c09407be020d551a\"},\"headline\":\"\u201cNuestras relaciones con los dem\u00e1s son reflejo de las relaciones que vivimos en nuestra infancia\u201d\",\"datePublished\":\"2021-11-01T18:30:00+00:00\",\"dateModified\":\"2022-02-11T12:22:03+00:00\",\"mainEntityOfPage\":{\"@id\":\"https:\\\/\\\/www.psyke.es\\\/en\\\/nuestras-relaciones-con-los-demas-son-reflejo-de-las-relaciones-que-vivimos-en-nuestra-infancia-2\\\/\"},\"wordCount\":945,\"commentCount\":0,\"image\":{\"@id\":\"https:\\\/\\\/www.psyke.es\\\/en\\\/nuestras-relaciones-con-los-demas-son-reflejo-de-las-relaciones-que-vivimos-en-nuestra-infancia-2\\\/#primaryimage\"},\"thumbnailUrl\":\"https:\\\/\\\/www.psyke.es\\\/wp-content\\\/uploads\\\/2021\\\/10\\\/2.jpeg\",\"articleSection\":[\"Emotion education\",\"Emotions\",\"Love\",\"Self-esteem\"],\"inLanguage\":\"en-US\",\"potentialAction\":[{\"@type\":\"CommentAction\",\"name\":\"Comment\",\"target\":[\"https:\\\/\\\/www.psyke.es\\\/en\\\/nuestras-relaciones-con-los-demas-son-reflejo-de-las-relaciones-que-vivimos-en-nuestra-infancia-2\\\/#respond\"]}]},{\"@type\":\"WebPage\",\"@id\":\"https:\\\/\\\/www.psyke.es\\\/en\\\/nuestras-relaciones-con-los-demas-son-reflejo-de-las-relaciones-que-vivimos-en-nuestra-infancia-2\\\/\",\"url\":\"https:\\\/\\\/www.psyke.es\\\/en\\\/nuestras-relaciones-con-los-demas-son-reflejo-de-las-relaciones-que-vivimos-en-nuestra-infancia-2\\\/\",\"name\":\"\u201cNuestras relaciones con los dem\u00e1s son reflejo de las relaciones que vivimos en nuestra infancia\u201d - Psyke\",\"isPartOf\":{\"@id\":\"https:\\\/\\\/www.psyke.es\\\/en\\\/#website\"},\"primaryImageOfPage\":{\"@id\":\"https:\\\/\\\/www.psyke.es\\\/en\\\/nuestras-relaciones-con-los-demas-son-reflejo-de-las-relaciones-que-vivimos-en-nuestra-infancia-2\\\/#primaryimage\"},\"image\":{\"@id\":\"https:\\\/\\\/www.psyke.es\\\/en\\\/nuestras-relaciones-con-los-demas-son-reflejo-de-las-relaciones-que-vivimos-en-nuestra-infancia-2\\\/#primaryimage\"},\"thumbnailUrl\":\"https:\\\/\\\/www.psyke.es\\\/wp-content\\\/uploads\\\/2021\\\/10\\\/2.jpeg\",\"datePublished\":\"2021-11-01T18:30:00+00:00\",\"dateModified\":\"2022-02-11T12:22:03+00:00\",\"author\":{\"@id\":\"https:\\\/\\\/www.psyke.es\\\/en\\\/#\\\/schema\\\/person\\\/87774a2e60512484c09407be020d551a\"},\"breadcrumb\":{\"@id\":\"https:\\\/\\\/www.psyke.es\\\/en\\\/nuestras-relaciones-con-los-demas-son-reflejo-de-las-relaciones-que-vivimos-en-nuestra-infancia-2\\\/#breadcrumb\"},\"inLanguage\":\"en-US\",\"potentialAction\":[{\"@type\":\"ReadAction\",\"target\":[\"https:\\\/\\\/www.psyke.es\\\/en\\\/nuestras-relaciones-con-los-demas-son-reflejo-de-las-relaciones-que-vivimos-en-nuestra-infancia-2\\\/\"]}]},{\"@type\":\"ImageObject\",\"inLanguage\":\"en-US\",\"@id\":\"https:\\\/\\\/www.psyke.es\\\/en\\\/nuestras-relaciones-con-los-demas-son-reflejo-de-las-relaciones-que-vivimos-en-nuestra-infancia-2\\\/#primaryimage\",\"url\":\"https:\\\/\\\/www.psyke.es\\\/wp-content\\\/uploads\\\/2021\\\/10\\\/2.jpeg\",\"contentUrl\":\"https:\\\/\\\/www.psyke.es\\\/wp-content\\\/uploads\\\/2021\\\/10\\\/2.jpeg\",\"width\":500,\"height\":592},{\"@type\":\"BreadcrumbList\",\"@id\":\"https:\\\/\\\/www.psyke.es\\\/en\\\/nuestras-relaciones-con-los-demas-son-reflejo-de-las-relaciones-que-vivimos-en-nuestra-infancia-2\\\/#breadcrumb\",\"itemListElement\":[{\"@type\":\"ListItem\",\"position\":1,\"name\":\"Portada\",\"item\":\"https:\\\/\\\/www.psyke.es\\\/en\\\/\"},{\"@type\":\"ListItem\",\"position\":2,\"name\":\"\u201cNuestras relaciones con los dem\u00e1s son reflejo de las relaciones que vivimos en nuestra infancia\u201d\"}]},{\"@type\":\"WebSite\",\"@id\":\"https:\\\/\\\/www.psyke.es\\\/en\\\/#website\",\"url\":\"https:\\\/\\\/www.psyke.es\\\/en\\\/\",\"name\":\"Psyke\",\"description\":\"Centro de Psicolog\u00eda\",\"potentialAction\":[{\"@type\":\"SearchAction\",\"target\":{\"@type\":\"EntryPoint\",\"urlTemplate\":\"https:\\\/\\\/www.psyke.es\\\/en\\\/?s={search_term_string}\"},\"query-input\":{\"@type\":\"PropertyValueSpecification\",\"valueRequired\":true,\"valueName\":\"search_term_string\"}}],\"inLanguage\":\"en-US\"},{\"@type\":\"Person\",\"@id\":\"https:\\\/\\\/www.psyke.es\\\/en\\\/#\\\/schema\\\/person\\\/87774a2e60512484c09407be020d551a\",\"name\":\"Tha\u00efs Capella\",\"image\":{\"@type\":\"ImageObject\",\"inLanguage\":\"en-US\",\"@id\":\"https:\\\/\\\/secure.gravatar.com\\\/avatar\\\/71847c79c196fcb2761a3960e77f33ed0e684732f3145d9b4af037b8ed17c94c?s=96&d=mm&r=g\",\"url\":\"https:\\\/\\\/secure.gravatar.com\\\/avatar\\\/71847c79c196fcb2761a3960e77f33ed0e684732f3145d9b4af037b8ed17c94c?s=96&d=mm&r=g\",\"contentUrl\":\"https:\\\/\\\/secure.gravatar.com\\\/avatar\\\/71847c79c196fcb2761a3960e77f33ed0e684732f3145d9b4af037b8ed17c94c?s=96&d=mm&r=g\",\"caption\":\"Tha\u00efs Capella\"},\"sameAs\":[\"http:\\\/\\\/psyke.es\"]}]}<\/script>\n<!-- \/ Yoast SEO plugin. -->","yoast_head_json":{"title":"\u201cNuestras relaciones con los dem\u00e1s son reflejo de las relaciones que vivimos en nuestra infancia\u201d - Psyke","robots":{"index":"index","follow":"follow","max-snippet":"max-snippet:-1","max-image-preview":"max-image-preview:large","max-video-preview":"max-video-preview:-1"},"canonical":"https:\/\/www.psyke.es\/en\/nuestras-relaciones-con-los-demas-son-reflejo-de-las-relaciones-que-vivimos-en-nuestra-infancia-2\/","og_locale":"en_US","og_type":"article","og_title":"\u201cNuestras relaciones con los dem\u00e1s son reflejo de las relaciones que vivimos en nuestra infancia\u201d - Psyke","og_description":"El tipo de v\u00ednculo que los padres establecen con sus hijos en los primeros a\u00f1os de vida marca c\u00f3mo se posicionar\u00e1 el ni\u00f1o\/a en sus relaciones afectivas. La \u201cteor\u00eda del apego\u201d demuestra que al a\u00f1o de vida ya se han producido interacciones suficientes como para generar una especie de previsi\u00f3n de lo que puede esperar [...]Read More... from \u201cNuestras relaciones con los dem\u00e1s son reflejo de las relaciones que vivimos en nuestra infancia\u201d","og_url":"https:\/\/www.psyke.es\/en\/nuestras-relaciones-con-los-demas-son-reflejo-de-las-relaciones-que-vivimos-en-nuestra-infancia-2\/","og_site_name":"Psyke","article_published_time":"2021-11-01T18:30:00+00:00","article_modified_time":"2022-02-11T12:22:03+00:00","og_image":[{"width":500,"height":592,"url":"https:\/\/www.psyke.es\/wp-content\/uploads\/2021\/10\/2.jpeg","type":"image\/jpeg"}],"author":"Tha\u00efs Capella","twitter_card":"summary_large_image","twitter_misc":{"Written by":"Tha\u00efs Capella","Est. reading time":"4 minutes"},"schema":{"@context":"https:\/\/schema.org","@graph":[{"@type":"Article","@id":"https:\/\/www.psyke.es\/en\/nuestras-relaciones-con-los-demas-son-reflejo-de-las-relaciones-que-vivimos-en-nuestra-infancia-2\/#article","isPartOf":{"@id":"https:\/\/www.psyke.es\/en\/nuestras-relaciones-con-los-demas-son-reflejo-de-las-relaciones-que-vivimos-en-nuestra-infancia-2\/"},"author":{"name":"Tha\u00efs Capella","@id":"https:\/\/www.psyke.es\/en\/#\/schema\/person\/87774a2e60512484c09407be020d551a"},"headline":"\u201cNuestras relaciones con los dem\u00e1s son reflejo de las relaciones que vivimos en nuestra infancia\u201d","datePublished":"2021-11-01T18:30:00+00:00","dateModified":"2022-02-11T12:22:03+00:00","mainEntityOfPage":{"@id":"https:\/\/www.psyke.es\/en\/nuestras-relaciones-con-los-demas-son-reflejo-de-las-relaciones-que-vivimos-en-nuestra-infancia-2\/"},"wordCount":945,"commentCount":0,"image":{"@id":"https:\/\/www.psyke.es\/en\/nuestras-relaciones-con-los-demas-son-reflejo-de-las-relaciones-que-vivimos-en-nuestra-infancia-2\/#primaryimage"},"thumbnailUrl":"https:\/\/www.psyke.es\/wp-content\/uploads\/2021\/10\/2.jpeg","articleSection":["Emotion education","Emotions","Love","Self-esteem"],"inLanguage":"en-US","potentialAction":[{"@type":"CommentAction","name":"Comment","target":["https:\/\/www.psyke.es\/en\/nuestras-relaciones-con-los-demas-son-reflejo-de-las-relaciones-que-vivimos-en-nuestra-infancia-2\/#respond"]}]},{"@type":"WebPage","@id":"https:\/\/www.psyke.es\/en\/nuestras-relaciones-con-los-demas-son-reflejo-de-las-relaciones-que-vivimos-en-nuestra-infancia-2\/","url":"https:\/\/www.psyke.es\/en\/nuestras-relaciones-con-los-demas-son-reflejo-de-las-relaciones-que-vivimos-en-nuestra-infancia-2\/","name":"\u201cNuestras relaciones con los dem\u00e1s son reflejo de las relaciones que vivimos en nuestra infancia\u201d - Psyke","isPartOf":{"@id":"https:\/\/www.psyke.es\/en\/#website"},"primaryImageOfPage":{"@id":"https:\/\/www.psyke.es\/en\/nuestras-relaciones-con-los-demas-son-reflejo-de-las-relaciones-que-vivimos-en-nuestra-infancia-2\/#primaryimage"},"image":{"@id":"https:\/\/www.psyke.es\/en\/nuestras-relaciones-con-los-demas-son-reflejo-de-las-relaciones-que-vivimos-en-nuestra-infancia-2\/#primaryimage"},"thumbnailUrl":"https:\/\/www.psyke.es\/wp-content\/uploads\/2021\/10\/2.jpeg","datePublished":"2021-11-01T18:30:00+00:00","dateModified":"2022-02-11T12:22:03+00:00","author":{"@id":"https:\/\/www.psyke.es\/en\/#\/schema\/person\/87774a2e60512484c09407be020d551a"},"breadcrumb":{"@id":"https:\/\/www.psyke.es\/en\/nuestras-relaciones-con-los-demas-son-reflejo-de-las-relaciones-que-vivimos-en-nuestra-infancia-2\/#breadcrumb"},"inLanguage":"en-US","potentialAction":[{"@type":"ReadAction","target":["https:\/\/www.psyke.es\/en\/nuestras-relaciones-con-los-demas-son-reflejo-de-las-relaciones-que-vivimos-en-nuestra-infancia-2\/"]}]},{"@type":"ImageObject","inLanguage":"en-US","@id":"https:\/\/www.psyke.es\/en\/nuestras-relaciones-con-los-demas-son-reflejo-de-las-relaciones-que-vivimos-en-nuestra-infancia-2\/#primaryimage","url":"https:\/\/www.psyke.es\/wp-content\/uploads\/2021\/10\/2.jpeg","contentUrl":"https:\/\/www.psyke.es\/wp-content\/uploads\/2021\/10\/2.jpeg","width":500,"height":592},{"@type":"BreadcrumbList","@id":"https:\/\/www.psyke.es\/en\/nuestras-relaciones-con-los-demas-son-reflejo-de-las-relaciones-que-vivimos-en-nuestra-infancia-2\/#breadcrumb","itemListElement":[{"@type":"ListItem","position":1,"name":"Portada","item":"https:\/\/www.psyke.es\/en\/"},{"@type":"ListItem","position":2,"name":"\u201cNuestras relaciones con los dem\u00e1s son reflejo de las relaciones que vivimos en nuestra infancia\u201d"}]},{"@type":"WebSite","@id":"https:\/\/www.psyke.es\/en\/#website","url":"https:\/\/www.psyke.es\/en\/","name":"Psyke","description":"Centro de Psicolog\u00eda","potentialAction":[{"@type":"SearchAction","target":{"@type":"EntryPoint","urlTemplate":"https:\/\/www.psyke.es\/en\/?s={search_term_string}"},"query-input":{"@type":"PropertyValueSpecification","valueRequired":true,"valueName":"search_term_string"}}],"inLanguage":"en-US"},{"@type":"Person","@id":"https:\/\/www.psyke.es\/en\/#\/schema\/person\/87774a2e60512484c09407be020d551a","name":"Tha\u00efs Capella","image":{"@type":"ImageObject","inLanguage":"en-US","@id":"https:\/\/secure.gravatar.com\/avatar\/71847c79c196fcb2761a3960e77f33ed0e684732f3145d9b4af037b8ed17c94c?s=96&d=mm&r=g","url":"https:\/\/secure.gravatar.com\/avatar\/71847c79c196fcb2761a3960e77f33ed0e684732f3145d9b4af037b8ed17c94c?s=96&d=mm&r=g","contentUrl":"https:\/\/secure.gravatar.com\/avatar\/71847c79c196fcb2761a3960e77f33ed0e684732f3145d9b4af037b8ed17c94c?s=96&d=mm&r=g","caption":"Tha\u00efs Capella"},"sameAs":["http:\/\/psyke.es"]}]}},"post_mailing_queue_ids":[],"_links":{"self":[{"href":"https:\/\/www.psyke.es\/en\/wp-json\/wp\/v2\/posts\/6517","targetHints":{"allow":["GET"]}}],"collection":[{"href":"https:\/\/www.psyke.es\/en\/wp-json\/wp\/v2\/posts"}],"about":[{"href":"https:\/\/www.psyke.es\/en\/wp-json\/wp\/v2\/types\/post"}],"author":[{"embeddable":true,"href":"https:\/\/www.psyke.es\/en\/wp-json\/wp\/v2\/users\/3"}],"replies":[{"embeddable":true,"href":"https:\/\/www.psyke.es\/en\/wp-json\/wp\/v2\/comments?post=6517"}],"version-history":[{"count":0,"href":"https:\/\/www.psyke.es\/en\/wp-json\/wp\/v2\/posts\/6517\/revisions"}],"wp:featuredmedia":[{"embeddable":true,"href":"https:\/\/www.psyke.es\/en\/wp-json\/wp\/v2\/media\/5974"}],"wp:attachment":[{"href":"https:\/\/www.psyke.es\/en\/wp-json\/wp\/v2\/media?parent=6517"}],"wp:term":[{"taxonomy":"category","embeddable":true,"href":"https:\/\/www.psyke.es\/en\/wp-json\/wp\/v2\/categories?post=6517"},{"taxonomy":"post_tag","embeddable":true,"href":"https:\/\/www.psyke.es\/en\/wp-json\/wp\/v2\/tags?post=6517"}],"curies":[{"name":"wp","href":"https:\/\/api.w.org\/{rel}","templated":true}]}}