{"id":6560,"date":"2021-09-06T20:08:18","date_gmt":"2021-09-06T18:08:18","guid":{"rendered":"https:\/\/www.psyke.es\/yo-no-estoy-bien-tu-no-estas-bien-y-esta-bien-que-asi-sea-elizabeth-kubler-ross\/"},"modified":"2022-02-11T14:35:51","modified_gmt":"2022-02-11T12:35:51","slug":"yo-no-estoy-bien-tu-no-estas-bien-y-esta-bien-que-asi-sea-elizabeth-kubler-ross","status":"publish","type":"post","link":"https:\/\/www.psyke.es\/en\/yo-no-estoy-bien-tu-no-estas-bien-y-esta-bien-que-asi-sea-elizabeth-kubler-ross\/","title":{"rendered":"\u201cYo no estoy bien, t\u00fa no est\u00e1s bien, y est\u00e1 bien que as\u00ed sea&#8221; \u2013Elizabeth K\u00fcbler-Ross"},"content":{"rendered":"\n<p>Los buenos prop\u00f3sitos deber\u00edan hacerse a la vuelta de vacaciones con el inicio del curso escolar y la reincorporaci\u00f3n al trabajo. Despu\u00e9s de un a\u00f1o rar\u00edsimo \u2013que seguir\u00e1 si\u00e9ndolo- y dif\u00edcil para muchas personas, tras la burbuja vacacional los \u00e1nimos no son los mismos que otros a\u00f1os. Y es que hemos de reconocer que tampoco somos iguales que \u00e9ramos desde marzo de 2020. La pandemia y sus consecuencias no han sido gratis para nuestra mente, ni nuestro cuerpo, ni nuestro entorno de relaciones.<\/p>\n\n\n\n<p>El estr\u00e9s puntual -aunque dure un tiempo- muestra sus efectos cuando ya ha pasado la tormenta. Y ahora nos est\u00e1 pasando lo mismo y es peligroso que demos valor racional a nuestro posible decaimiento. Hemos pasado por un hurac\u00e1n y pretendemos estar como si no hubiera pasado nada. La propuesta que hacemos desde Psyke viene de la mano de K\u00fcbler-Ross, psiquiatra suizo-estadounidense, sabia responsable de iniciar los cuidados paliativos en el mundo gracias a entender al Ser Humano desde una perspectiva integral, sobre todo por sus necesidades emocionales. &nbsp;<\/p>\n\n\n\n<p>\u00bfQu\u00e9 hace que no estemos del todo bien en este momento?<\/p>\n\n\n\n<p>Gran parte de nuestro malestar se debe a no saber c\u00f3mo permitirnos sentirnos mal sin engancharnos a todo lo que va apareciendo en nuestra mente del tipo: es que no te sabes organizar, deber\u00edas haber cuidado m\u00e1s tu r\u00e9gimen, no has hecho lo que te hab\u00edas propuesto, y un largo etc\u00e9tera. S\u00ed, as\u00ed es y pocas personas se escapan de la reprimenda, yo incluida. Propongo abrir un espacio de comprensi\u00f3n hacia lo que ha supuesto este a\u00f1o en nuestro sistema y hacer solo aquello que es absolutamente imprescindible. Lo dem\u00e1s, ya llegar\u00e1.<\/p>\n\n\n\n<p>\u00bfY qu\u00e9 es lo imprescindible? Todo lo que no se puede demorar porque se te vendr\u00eda encima la avalancha\u2026y, sobre todo, apretar la marcha del autocuidado. Aprender c\u00f3mo, a trav\u00e9s de practicarlo, tratarnos con comprensi\u00f3n y ternura, en lugar de re\u00f1irnos porque no hemos hecho, seg\u00fan nuestras expectativas exigentes, lo suficiente. La ciencia muestra que esta aproximaci\u00f3n mejora nuestro rendimiento por dif\u00edcil que parezca. No es lo mismo hacer las cosas desde el amor que desde la ri\u00f1a. El amor aporta energ\u00eda, el castigo fulmina la motivaci\u00f3n.<\/p>\n\n\n\n<p>P\u00e5rate y date cuenta: ya tienes lo suficiente, ya eres suficiente\u2026<\/p>\n\n\n\n<p>Engancharse a deseos inalcanzables o arrepentimientos de lo ya ocurrido (como no haber aprovechado bien el tiempo) nos hunde en la miseria. Si aun as\u00ed aparece el desaz\u00f3n, dale espacio a todo lo que vaya apareciendo, permite que est\u00e9 en ti sin engancharte diciendo: \u201cesto es lo que hay en mi en este momento, y est\u00e1 bien&#8230;no me gusta, pero lo sostengo con cari\u00f1o hacia m\u00ed\u201d.<\/p>\n\n\n\n<p>Es la lucha contra t\u00ed -esa resistencia est\u00e9ril- la que m\u00e1s desgasta y duele.<\/p>\n\n\n\n<p>\u00c1brete a la libertad de poder sentir lo que se presente dentro de ti sin cuestionar tu val\u00eda\u2026<\/p>\n\n\n\n<p>\u201cRespira hasta que no necesites que nada sea diferente de c\u00f3mo ya es\u201d Leed el poema&#8230;<\/p>\n\n\n\n<p>\u201cVe con cuidado hoy, no corras, ni pienses en lo siguiente.<\/p>\n\n\n\n<p>L\u00e1nzate besos en el espejo, especialmente cuando crees que te has equivocado.<\/p>\n\n\n\n<p>Perd\u00f3nate por no cumplir con tus irracionales expectativas. Eres humana -no Dios- no seas tan arrogante.<\/p>\n\n\n\n<p>Venera el aire fresco, el agua limpia, los perros buenos.<\/p>\n\n\n\n<p>Abre una ventana aunque haga fr\u00edo afuera. Si\u00e9ntate, cierra&nbsp; los ojos. Respira.<\/p>\n\n\n\n<p>Permite que el pulso del r\u00edo te inunde las pesta\u00f1as, las yemas de los dedos, los pies desnudos.<\/p>\n\n\n\n<p>Respira hasta sentir tu grandeza, hasta que sientas la energ\u00eda del sol en tus venas.<\/p>\n\n\n\n<p>Respira hasta que no necesites que nada sea diferente de c\u00f3mo ya es\u201d.<\/p>\n\n\n\n<p>Extracto del Poema \u201cLa cura para todo\u201d (The cure of it all) de&nbsp;<a href=\"https:\/\/www.poemhunter.com\/julia-fehrenbacher\/\">Julia Fehrenbacher<\/a>.<\/p>\n\n\n\n<p>Ilustraci\u00f3n de Philip y Erin Stead para el libro \u201cLenny and Lucy\u201d, un libro sobre p\u00e9rdidas de todo tipo.<\/p>\n\n\n\n<p>Sugerencia: \u201cMeditaci\u00f3n RAIN\u201d en&nbsp;<a href=\"http:\/\/www.psyke.es\/\">www.psyke.es<\/a>. Este acr\u00f3nimo conforma los pasos de una meditaci\u00f3n que R: reconoce; A: acepta; I: investiga y N: nutre los tumultos emocionales que a menudo suceden en nuestro cuerpo. Es una poderosa herramienta que ayuda a desengancharnos de trances emocionales en los que a veces entramos y nos ense\u00f1a a volver a esa ternura y amor natural que hay dentro de todos nosotros.<\/p>\n","protected":false},"excerpt":{"rendered":"<p>Los buenos prop\u00f3sitos deber\u00edan hacerse a la vuelta de vacaciones con el inicio del curso escolar y la reincorporaci\u00f3n al trabajo. Despu\u00e9s de un a\u00f1o rar\u00edsimo \u2013que seguir\u00e1 si\u00e9ndolo- y dif\u00edcil para muchas personas, tras la burbuja vacacional los \u00e1nimos no son los mismos que otros a\u00f1os. Y es que hemos de reconocer que tampoco [&#8230;]<\/p>\n<p><a class=\"btn btn-secondary understrap-read-more-link\" href=\"https:\/\/www.psyke.es\/en\/yo-no-estoy-bien-tu-no-estas-bien-y-esta-bien-que-asi-sea-elizabeth-kubler-ross\/\">Read More&#8230;<span class=\"screen-reader-text\"> from \u201cYo no estoy bien, t\u00fa no est\u00e1s bien, y est\u00e1 bien que as\u00ed sea&#8221; \u2013Elizabeth K\u00fcbler-Ross<\/span><\/a><\/p>\n","protected":false},"author":3,"featured_media":5969,"comment_status":"open","ping_status":"open","sticky":false,"template":"","format":"standard","meta":{"footnotes":""},"categories":[78,79],"tags":[],"class_list":["post-6560","post","type-post","status-publish","format-standard","has-post-thumbnail","hentry","category-therapeutic-reflections-emotional-education","category-therapeutic-reflections-emotions"],"yoast_head":"<!-- This site is optimized with the Yoast SEO plugin v27.4 - https:\/\/yoast.com\/product\/yoast-seo-wordpress\/ -->\n<title>\u201cYo no estoy bien, t\u00fa no est\u00e1s bien, y est\u00e1 bien que as\u00ed sea&quot; \u2013Elizabeth K\u00fcbler-Ross - Psyke<\/title>\n<meta name=\"robots\" content=\"index, follow, max-snippet:-1, max-image-preview:large, max-video-preview:-1\" \/>\n<link rel=\"canonical\" href=\"https:\/\/www.psyke.es\/en\/yo-no-estoy-bien-tu-no-estas-bien-y-esta-bien-que-asi-sea-elizabeth-kubler-ross\/\" \/>\n<meta property=\"og:locale\" content=\"en_US\" \/>\n<meta property=\"og:type\" content=\"article\" \/>\n<meta property=\"og:title\" content=\"\u201cYo no estoy bien, t\u00fa no est\u00e1s bien, y est\u00e1 bien que as\u00ed sea&quot; \u2013Elizabeth K\u00fcbler-Ross - Psyke\" \/>\n<meta property=\"og:description\" content=\"Los buenos prop\u00f3sitos deber\u00edan hacerse a la vuelta de vacaciones con el inicio del curso escolar y la reincorporaci\u00f3n al trabajo. Despu\u00e9s de un a\u00f1o rar\u00edsimo \u2013que seguir\u00e1 si\u00e9ndolo- y dif\u00edcil para muchas personas, tras la burbuja vacacional los \u00e1nimos no son los mismos que otros a\u00f1os. Y es que hemos de reconocer que tampoco [...]Read More... from \u201cYo no estoy bien, t\u00fa no est\u00e1s bien, y est\u00e1 bien que as\u00ed sea&#8221; \u2013Elizabeth K\u00fcbler-Ross\" \/>\n<meta property=\"og:url\" content=\"https:\/\/www.psyke.es\/en\/yo-no-estoy-bien-tu-no-estas-bien-y-esta-bien-que-asi-sea-elizabeth-kubler-ross\/\" \/>\n<meta property=\"og:site_name\" content=\"Psyke\" \/>\n<meta property=\"article:published_time\" content=\"2021-09-06T18:08:18+00:00\" \/>\n<meta property=\"article:modified_time\" content=\"2022-02-11T12:35:51+00:00\" \/>\n<meta property=\"og:image\" content=\"https:\/\/www.psyke.es\/wp-content\/uploads\/2021\/09\/Illustration-from-Lenny-Lucy-by-Philip-C.-Stead-and-Erin-E.-Stead..jpg\" \/>\n\t<meta property=\"og:image:width\" content=\"768\" \/>\n\t<meta property=\"og:image:height\" content=\"403\" \/>\n\t<meta property=\"og:image:type\" content=\"image\/jpeg\" \/>\n<meta name=\"author\" content=\"Tha\u00efs Capella\" \/>\n<meta name=\"twitter:card\" content=\"summary_large_image\" \/>\n<meta name=\"twitter:label1\" content=\"Written by\" \/>\n\t<meta name=\"twitter:data1\" content=\"Tha\u00efs Capella\" \/>\n\t<meta name=\"twitter:label2\" content=\"Est. reading time\" \/>\n\t<meta name=\"twitter:data2\" content=\"4 minutes\" \/>\n<script type=\"application\/ld+json\" class=\"yoast-schema-graph\">{\"@context\":\"https:\\\/\\\/schema.org\",\"@graph\":[{\"@type\":\"Article\",\"@id\":\"https:\\\/\\\/www.psyke.es\\\/en\\\/yo-no-estoy-bien-tu-no-estas-bien-y-esta-bien-que-asi-sea-elizabeth-kubler-ross\\\/#article\",\"isPartOf\":{\"@id\":\"https:\\\/\\\/www.psyke.es\\\/en\\\/yo-no-estoy-bien-tu-no-estas-bien-y-esta-bien-que-asi-sea-elizabeth-kubler-ross\\\/\"},\"author\":{\"name\":\"Tha\u00efs Capella\",\"@id\":\"https:\\\/\\\/www.psyke.es\\\/en\\\/#\\\/schema\\\/person\\\/87774a2e60512484c09407be020d551a\"},\"headline\":\"\u201cYo no estoy bien, t\u00fa no est\u00e1s bien, y est\u00e1 bien que as\u00ed sea&#8221; \u2013Elizabeth K\u00fcbler-Ross\",\"datePublished\":\"2021-09-06T18:08:18+00:00\",\"dateModified\":\"2022-02-11T12:35:51+00:00\",\"mainEntityOfPage\":{\"@id\":\"https:\\\/\\\/www.psyke.es\\\/en\\\/yo-no-estoy-bien-tu-no-estas-bien-y-esta-bien-que-asi-sea-elizabeth-kubler-ross\\\/\"},\"wordCount\":772,\"commentCount\":0,\"image\":{\"@id\":\"https:\\\/\\\/www.psyke.es\\\/en\\\/yo-no-estoy-bien-tu-no-estas-bien-y-esta-bien-que-asi-sea-elizabeth-kubler-ross\\\/#primaryimage\"},\"thumbnailUrl\":\"https:\\\/\\\/www.psyke.es\\\/wp-content\\\/uploads\\\/2021\\\/09\\\/Illustration-from-Lenny-Lucy-by-Philip-C.-Stead-and-Erin-E.-Stead..jpg\",\"articleSection\":[\"Emotion education\",\"Emotions\"],\"inLanguage\":\"en-US\",\"potentialAction\":[{\"@type\":\"CommentAction\",\"name\":\"Comment\",\"target\":[\"https:\\\/\\\/www.psyke.es\\\/en\\\/yo-no-estoy-bien-tu-no-estas-bien-y-esta-bien-que-asi-sea-elizabeth-kubler-ross\\\/#respond\"]}]},{\"@type\":\"WebPage\",\"@id\":\"https:\\\/\\\/www.psyke.es\\\/en\\\/yo-no-estoy-bien-tu-no-estas-bien-y-esta-bien-que-asi-sea-elizabeth-kubler-ross\\\/\",\"url\":\"https:\\\/\\\/www.psyke.es\\\/en\\\/yo-no-estoy-bien-tu-no-estas-bien-y-esta-bien-que-asi-sea-elizabeth-kubler-ross\\\/\",\"name\":\"\u201cYo no estoy bien, t\u00fa no est\u00e1s bien, y est\u00e1 bien que as\u00ed sea\\\" \u2013Elizabeth K\u00fcbler-Ross - Psyke\",\"isPartOf\":{\"@id\":\"https:\\\/\\\/www.psyke.es\\\/en\\\/#website\"},\"primaryImageOfPage\":{\"@id\":\"https:\\\/\\\/www.psyke.es\\\/en\\\/yo-no-estoy-bien-tu-no-estas-bien-y-esta-bien-que-asi-sea-elizabeth-kubler-ross\\\/#primaryimage\"},\"image\":{\"@id\":\"https:\\\/\\\/www.psyke.es\\\/en\\\/yo-no-estoy-bien-tu-no-estas-bien-y-esta-bien-que-asi-sea-elizabeth-kubler-ross\\\/#primaryimage\"},\"thumbnailUrl\":\"https:\\\/\\\/www.psyke.es\\\/wp-content\\\/uploads\\\/2021\\\/09\\\/Illustration-from-Lenny-Lucy-by-Philip-C.-Stead-and-Erin-E.-Stead..jpg\",\"datePublished\":\"2021-09-06T18:08:18+00:00\",\"dateModified\":\"2022-02-11T12:35:51+00:00\",\"author\":{\"@id\":\"https:\\\/\\\/www.psyke.es\\\/en\\\/#\\\/schema\\\/person\\\/87774a2e60512484c09407be020d551a\"},\"breadcrumb\":{\"@id\":\"https:\\\/\\\/www.psyke.es\\\/en\\\/yo-no-estoy-bien-tu-no-estas-bien-y-esta-bien-que-asi-sea-elizabeth-kubler-ross\\\/#breadcrumb\"},\"inLanguage\":\"en-US\",\"potentialAction\":[{\"@type\":\"ReadAction\",\"target\":[\"https:\\\/\\\/www.psyke.es\\\/en\\\/yo-no-estoy-bien-tu-no-estas-bien-y-esta-bien-que-asi-sea-elizabeth-kubler-ross\\\/\"]}]},{\"@type\":\"ImageObject\",\"inLanguage\":\"en-US\",\"@id\":\"https:\\\/\\\/www.psyke.es\\\/en\\\/yo-no-estoy-bien-tu-no-estas-bien-y-esta-bien-que-asi-sea-elizabeth-kubler-ross\\\/#primaryimage\",\"url\":\"https:\\\/\\\/www.psyke.es\\\/wp-content\\\/uploads\\\/2021\\\/09\\\/Illustration-from-Lenny-Lucy-by-Philip-C.-Stead-and-Erin-E.-Stead..jpg\",\"contentUrl\":\"https:\\\/\\\/www.psyke.es\\\/wp-content\\\/uploads\\\/2021\\\/09\\\/Illustration-from-Lenny-Lucy-by-Philip-C.-Stead-and-Erin-E.-Stead..jpg\",\"width\":768,\"height\":403},{\"@type\":\"BreadcrumbList\",\"@id\":\"https:\\\/\\\/www.psyke.es\\\/en\\\/yo-no-estoy-bien-tu-no-estas-bien-y-esta-bien-que-asi-sea-elizabeth-kubler-ross\\\/#breadcrumb\",\"itemListElement\":[{\"@type\":\"ListItem\",\"position\":1,\"name\":\"Portada\",\"item\":\"https:\\\/\\\/www.psyke.es\\\/en\\\/\"},{\"@type\":\"ListItem\",\"position\":2,\"name\":\"\u201cYo no estoy bien, t\u00fa no est\u00e1s bien, y est\u00e1 bien que as\u00ed sea&#8221; \u2013Elizabeth K\u00fcbler-Ross\"}]},{\"@type\":\"WebSite\",\"@id\":\"https:\\\/\\\/www.psyke.es\\\/en\\\/#website\",\"url\":\"https:\\\/\\\/www.psyke.es\\\/en\\\/\",\"name\":\"Psyke\",\"description\":\"Centro de Psicolog\u00eda\",\"potentialAction\":[{\"@type\":\"SearchAction\",\"target\":{\"@type\":\"EntryPoint\",\"urlTemplate\":\"https:\\\/\\\/www.psyke.es\\\/en\\\/?s={search_term_string}\"},\"query-input\":{\"@type\":\"PropertyValueSpecification\",\"valueRequired\":true,\"valueName\":\"search_term_string\"}}],\"inLanguage\":\"en-US\"},{\"@type\":\"Person\",\"@id\":\"https:\\\/\\\/www.psyke.es\\\/en\\\/#\\\/schema\\\/person\\\/87774a2e60512484c09407be020d551a\",\"name\":\"Tha\u00efs Capella\",\"image\":{\"@type\":\"ImageObject\",\"inLanguage\":\"en-US\",\"@id\":\"https:\\\/\\\/secure.gravatar.com\\\/avatar\\\/71847c79c196fcb2761a3960e77f33ed0e684732f3145d9b4af037b8ed17c94c?s=96&d=mm&r=g\",\"url\":\"https:\\\/\\\/secure.gravatar.com\\\/avatar\\\/71847c79c196fcb2761a3960e77f33ed0e684732f3145d9b4af037b8ed17c94c?s=96&d=mm&r=g\",\"contentUrl\":\"https:\\\/\\\/secure.gravatar.com\\\/avatar\\\/71847c79c196fcb2761a3960e77f33ed0e684732f3145d9b4af037b8ed17c94c?s=96&d=mm&r=g\",\"caption\":\"Tha\u00efs Capella\"},\"sameAs\":[\"http:\\\/\\\/psyke.es\"]}]}<\/script>\n<!-- \/ Yoast SEO plugin. -->","yoast_head_json":{"title":"\u201cYo no estoy bien, t\u00fa no est\u00e1s bien, y est\u00e1 bien que as\u00ed sea\" \u2013Elizabeth K\u00fcbler-Ross - Psyke","robots":{"index":"index","follow":"follow","max-snippet":"max-snippet:-1","max-image-preview":"max-image-preview:large","max-video-preview":"max-video-preview:-1"},"canonical":"https:\/\/www.psyke.es\/en\/yo-no-estoy-bien-tu-no-estas-bien-y-esta-bien-que-asi-sea-elizabeth-kubler-ross\/","og_locale":"en_US","og_type":"article","og_title":"\u201cYo no estoy bien, t\u00fa no est\u00e1s bien, y est\u00e1 bien que as\u00ed sea\" \u2013Elizabeth K\u00fcbler-Ross - Psyke","og_description":"Los buenos prop\u00f3sitos deber\u00edan hacerse a la vuelta de vacaciones con el inicio del curso escolar y la reincorporaci\u00f3n al trabajo. Despu\u00e9s de un a\u00f1o rar\u00edsimo \u2013que seguir\u00e1 si\u00e9ndolo- y dif\u00edcil para muchas personas, tras la burbuja vacacional los \u00e1nimos no son los mismos que otros a\u00f1os. Y es que hemos de reconocer que tampoco [...]Read More... from \u201cYo no estoy bien, t\u00fa no est\u00e1s bien, y est\u00e1 bien que as\u00ed sea&#8221; \u2013Elizabeth K\u00fcbler-Ross","og_url":"https:\/\/www.psyke.es\/en\/yo-no-estoy-bien-tu-no-estas-bien-y-esta-bien-que-asi-sea-elizabeth-kubler-ross\/","og_site_name":"Psyke","article_published_time":"2021-09-06T18:08:18+00:00","article_modified_time":"2022-02-11T12:35:51+00:00","og_image":[{"width":768,"height":403,"url":"https:\/\/www.psyke.es\/wp-content\/uploads\/2021\/09\/Illustration-from-Lenny-Lucy-by-Philip-C.-Stead-and-Erin-E.-Stead..jpg","type":"image\/jpeg"}],"author":"Tha\u00efs Capella","twitter_card":"summary_large_image","twitter_misc":{"Written by":"Tha\u00efs Capella","Est. reading time":"4 minutes"},"schema":{"@context":"https:\/\/schema.org","@graph":[{"@type":"Article","@id":"https:\/\/www.psyke.es\/en\/yo-no-estoy-bien-tu-no-estas-bien-y-esta-bien-que-asi-sea-elizabeth-kubler-ross\/#article","isPartOf":{"@id":"https:\/\/www.psyke.es\/en\/yo-no-estoy-bien-tu-no-estas-bien-y-esta-bien-que-asi-sea-elizabeth-kubler-ross\/"},"author":{"name":"Tha\u00efs Capella","@id":"https:\/\/www.psyke.es\/en\/#\/schema\/person\/87774a2e60512484c09407be020d551a"},"headline":"\u201cYo no estoy bien, t\u00fa no est\u00e1s bien, y est\u00e1 bien que as\u00ed sea&#8221; \u2013Elizabeth K\u00fcbler-Ross","datePublished":"2021-09-06T18:08:18+00:00","dateModified":"2022-02-11T12:35:51+00:00","mainEntityOfPage":{"@id":"https:\/\/www.psyke.es\/en\/yo-no-estoy-bien-tu-no-estas-bien-y-esta-bien-que-asi-sea-elizabeth-kubler-ross\/"},"wordCount":772,"commentCount":0,"image":{"@id":"https:\/\/www.psyke.es\/en\/yo-no-estoy-bien-tu-no-estas-bien-y-esta-bien-que-asi-sea-elizabeth-kubler-ross\/#primaryimage"},"thumbnailUrl":"https:\/\/www.psyke.es\/wp-content\/uploads\/2021\/09\/Illustration-from-Lenny-Lucy-by-Philip-C.-Stead-and-Erin-E.-Stead..jpg","articleSection":["Emotion education","Emotions"],"inLanguage":"en-US","potentialAction":[{"@type":"CommentAction","name":"Comment","target":["https:\/\/www.psyke.es\/en\/yo-no-estoy-bien-tu-no-estas-bien-y-esta-bien-que-asi-sea-elizabeth-kubler-ross\/#respond"]}]},{"@type":"WebPage","@id":"https:\/\/www.psyke.es\/en\/yo-no-estoy-bien-tu-no-estas-bien-y-esta-bien-que-asi-sea-elizabeth-kubler-ross\/","url":"https:\/\/www.psyke.es\/en\/yo-no-estoy-bien-tu-no-estas-bien-y-esta-bien-que-asi-sea-elizabeth-kubler-ross\/","name":"\u201cYo no estoy bien, t\u00fa no est\u00e1s bien, y est\u00e1 bien que as\u00ed sea\" \u2013Elizabeth K\u00fcbler-Ross - Psyke","isPartOf":{"@id":"https:\/\/www.psyke.es\/en\/#website"},"primaryImageOfPage":{"@id":"https:\/\/www.psyke.es\/en\/yo-no-estoy-bien-tu-no-estas-bien-y-esta-bien-que-asi-sea-elizabeth-kubler-ross\/#primaryimage"},"image":{"@id":"https:\/\/www.psyke.es\/en\/yo-no-estoy-bien-tu-no-estas-bien-y-esta-bien-que-asi-sea-elizabeth-kubler-ross\/#primaryimage"},"thumbnailUrl":"https:\/\/www.psyke.es\/wp-content\/uploads\/2021\/09\/Illustration-from-Lenny-Lucy-by-Philip-C.-Stead-and-Erin-E.-Stead..jpg","datePublished":"2021-09-06T18:08:18+00:00","dateModified":"2022-02-11T12:35:51+00:00","author":{"@id":"https:\/\/www.psyke.es\/en\/#\/schema\/person\/87774a2e60512484c09407be020d551a"},"breadcrumb":{"@id":"https:\/\/www.psyke.es\/en\/yo-no-estoy-bien-tu-no-estas-bien-y-esta-bien-que-asi-sea-elizabeth-kubler-ross\/#breadcrumb"},"inLanguage":"en-US","potentialAction":[{"@type":"ReadAction","target":["https:\/\/www.psyke.es\/en\/yo-no-estoy-bien-tu-no-estas-bien-y-esta-bien-que-asi-sea-elizabeth-kubler-ross\/"]}]},{"@type":"ImageObject","inLanguage":"en-US","@id":"https:\/\/www.psyke.es\/en\/yo-no-estoy-bien-tu-no-estas-bien-y-esta-bien-que-asi-sea-elizabeth-kubler-ross\/#primaryimage","url":"https:\/\/www.psyke.es\/wp-content\/uploads\/2021\/09\/Illustration-from-Lenny-Lucy-by-Philip-C.-Stead-and-Erin-E.-Stead..jpg","contentUrl":"https:\/\/www.psyke.es\/wp-content\/uploads\/2021\/09\/Illustration-from-Lenny-Lucy-by-Philip-C.-Stead-and-Erin-E.-Stead..jpg","width":768,"height":403},{"@type":"BreadcrumbList","@id":"https:\/\/www.psyke.es\/en\/yo-no-estoy-bien-tu-no-estas-bien-y-esta-bien-que-asi-sea-elizabeth-kubler-ross\/#breadcrumb","itemListElement":[{"@type":"ListItem","position":1,"name":"Portada","item":"https:\/\/www.psyke.es\/en\/"},{"@type":"ListItem","position":2,"name":"\u201cYo no estoy bien, t\u00fa no est\u00e1s bien, y est\u00e1 bien que as\u00ed sea&#8221; \u2013Elizabeth K\u00fcbler-Ross"}]},{"@type":"WebSite","@id":"https:\/\/www.psyke.es\/en\/#website","url":"https:\/\/www.psyke.es\/en\/","name":"Psyke","description":"Centro de Psicolog\u00eda","potentialAction":[{"@type":"SearchAction","target":{"@type":"EntryPoint","urlTemplate":"https:\/\/www.psyke.es\/en\/?s={search_term_string}"},"query-input":{"@type":"PropertyValueSpecification","valueRequired":true,"valueName":"search_term_string"}}],"inLanguage":"en-US"},{"@type":"Person","@id":"https:\/\/www.psyke.es\/en\/#\/schema\/person\/87774a2e60512484c09407be020d551a","name":"Tha\u00efs Capella","image":{"@type":"ImageObject","inLanguage":"en-US","@id":"https:\/\/secure.gravatar.com\/avatar\/71847c79c196fcb2761a3960e77f33ed0e684732f3145d9b4af037b8ed17c94c?s=96&d=mm&r=g","url":"https:\/\/secure.gravatar.com\/avatar\/71847c79c196fcb2761a3960e77f33ed0e684732f3145d9b4af037b8ed17c94c?s=96&d=mm&r=g","contentUrl":"https:\/\/secure.gravatar.com\/avatar\/71847c79c196fcb2761a3960e77f33ed0e684732f3145d9b4af037b8ed17c94c?s=96&d=mm&r=g","caption":"Tha\u00efs Capella"},"sameAs":["http:\/\/psyke.es"]}]}},"post_mailing_queue_ids":[],"_links":{"self":[{"href":"https:\/\/www.psyke.es\/en\/wp-json\/wp\/v2\/posts\/6560","targetHints":{"allow":["GET"]}}],"collection":[{"href":"https:\/\/www.psyke.es\/en\/wp-json\/wp\/v2\/posts"}],"about":[{"href":"https:\/\/www.psyke.es\/en\/wp-json\/wp\/v2\/types\/post"}],"author":[{"embeddable":true,"href":"https:\/\/www.psyke.es\/en\/wp-json\/wp\/v2\/users\/3"}],"replies":[{"embeddable":true,"href":"https:\/\/www.psyke.es\/en\/wp-json\/wp\/v2\/comments?post=6560"}],"version-history":[{"count":0,"href":"https:\/\/www.psyke.es\/en\/wp-json\/wp\/v2\/posts\/6560\/revisions"}],"wp:featuredmedia":[{"embeddable":true,"href":"https:\/\/www.psyke.es\/en\/wp-json\/wp\/v2\/media\/5969"}],"wp:attachment":[{"href":"https:\/\/www.psyke.es\/en\/wp-json\/wp\/v2\/media?parent=6560"}],"wp:term":[{"taxonomy":"category","embeddable":true,"href":"https:\/\/www.psyke.es\/en\/wp-json\/wp\/v2\/categories?post=6560"},{"taxonomy":"post_tag","embeddable":true,"href":"https:\/\/www.psyke.es\/en\/wp-json\/wp\/v2\/tags?post=6560"}],"curies":[{"name":"wp","href":"https:\/\/api.w.org\/{rel}","templated":true}]}}