{"id":6563,"date":"2021-08-30T19:04:36","date_gmt":"2021-08-30T17:04:36","guid":{"rendered":"https:\/\/www.psyke.es\/la-asombrosa-potencia-de-la-gratitud-2\/"},"modified":"2022-02-11T14:37:18","modified_gmt":"2022-02-11T12:37:18","slug":"la-asombrosa-potencia-de-la-gratitud-2","status":"publish","type":"post","link":"https:\/\/www.psyke.es\/en\/la-asombrosa-potencia-de-la-gratitud-2\/","title":{"rendered":"\u201cLa asombrosa potencia de la Gratitud\u201d"},"content":{"rendered":"\n<p>Aunque podamos sentir plenitud al ver una puesta de sol o a un grupo de ni\u00f1os riendo abiertamente, en general no estamos dise\u00f1ados para saber parar y mirar con ojos de asombro todo lo que la naturaleza nos regala cada d\u00eda. La habituaci\u00f3n, esa capacidad de adaptaci\u00f3n que tanto necesita el ser humano para sobrevivir como especie, tiene su reverso: tambi\u00e9n nos adaptamos a lo bello, y lo damos por sentado, por regalado.<\/p>\n\n\n\n<p>Abrirnos a la gratitud requiere pr\u00e1ctica e intencionalidad: saborear lo que graciosamente se nos es dado ha de entrenarse, la necesidad de supervivencia hace que nuestro cerebro funcione con sesgo negativo, no sesgo agradecido\u2026<\/p>\n\n\n\n<p>La gratitud es el ant\u00eddoto a la queja: nos quejamos de que no tenemos suerte, de que el azar positivo no cae nunca en nuestra puerta. Este pensamiento cierra la mirada a todo lo negativo que \u201cno\u201d ocurre: \u00bfNo ser\u00e1 que cada d\u00eda es un milagro pero no estamos entrenados a verlo?<\/p>\n\n\n\n<p>Hacemos una analog\u00eda con la respiraci\u00f3n:<br>INSPIRAMOS: tomamos y agradecemos del mundo<br>ESPIRAMOS: damos, devolvemos al mundo lo que recibimos<\/p>\n\n\n\n<p>La gratitud es una \u201cemoci\u00f3n elevada\u201d que va muy unida a la generosidad. Cuando la sentimos, hay una sensaci\u00f3n de conexi\u00f3n interior con algo m\u00e1s grande que nosotros. Una sensaci\u00f3n de abundancia que nos lleva a sentir la necesidad de ser generosos.<\/p>\n\n\n\n<p>Para poder sentir gratitud aut\u00e9ntica, hemos de dejar de lado al ego, que siempre es exigente, y abrirnos a la humildad de lo que es, sin pretender que las cosas sean como nos gustar\u00eda que fueran.<br>La gratitud es una de las actitudes centrales que fomentamos deliberadamente cuando practicamos Mindfulness: aprendemos a saborear la experiencia y tambi\u00e9n a expresarla, dos pasos imprescindibles para captar toda su potencia.<\/p>\n\n\n\n<p>Desde este blog \u201cLunes Mindful en Psyke\u201d, quisiera expresar mi agradecimiento hacia el privilegio que la vida me ha dado de poder vivir mi vocaci\u00f3n y contar con personas tan excepcionales que me acompa\u00f1an en este camino de constante aprendizaje y descubrimiento.<br>Todos los estudios de investigaci\u00f3n sobre la gratitud correlacionan positivamente con el bienestar psicol\u00f3gico. Los \u00faltimos publicados, aconsejan recordar que somos mortales. Aunque suene duro, es un est\u00edmulo muy poderoso para saber agradecer la vida misma\u2026<\/p>\n\n\n\n<p>GRATITUD, de Oliver Sacks<br>\u201cEn los \u00faltimos d\u00edas he sido capaz de ver mi vida desde una gran altura, como si fuera un paisaje, y con una percepci\u00f3n cada vez m\u00e1s profunda de que todas sus partes est\u00e1n conectadas (\u2026) me siento intensamente vivo, y quiero y espero, en el tiempo que me queda, estrechar mis amistades, despedirme de aquellos que amo, escribir m\u00e1s, viajar si tengo fuerzas y ser capaz de comprender y conocer m\u00e1s y mejor. Para ello har\u00e1 falta audacia, claridad y llamar a las cosas por su nombre; intentar\u00e9 saldar cuentas con el mundo. Pero tambi\u00e9n habr\u00e1 tiempo para divertirse (e incluso para hacer un poco el tonto). De repente veo las cosas con claridad y perspectiva. No queda tiempo para lo superfluo (\u2026). No voy a fingir que no estoy asustado. Pero mi sentimiento predominante es el de gratitud. He amado y he sido amado; he recibido mucho y he dado algo a cambio; he le\u00eddo y viajado, he pensado y escrito. He mantenido un di\u00e1logo con el mundo. Por encima de todo, he sido un ser sintiente, un animal pensante en este hermoso planeta, y eso, en s\u00ed mismo, ha sido ya un enorme privilegio y una aventura\u201d.<\/p>\n\n\n\n<p>Del cuarteto de ensayos titulado \u201cGratitud\u201d de Oliver Sacks (1933-2015), escritos en los \u00faltimos a\u00f1os de su vida, extraigo este p\u00e1rrafo del ensayo \u201cDe mi propia vida\u201d en el que el autor expresaba su inmenso sentimiento de gratitud por haber tenido una existencia plena, tanto en el plano vital como en el intelectual.<br>Ilustraci\u00f3n para \u201cBig Questions from Little People, and Simple Answers from Great Minds\u201d, de Gemma Elwin Harris. (Grandes preguntas de gente peque\u00f1a y respuestas sencillas de grandes mentes). Parte de los beneficios se donar\u00e1n a Save the Children.<\/p>\n\n\n\n<p>Sugerencia: \u201cMeditaci\u00f3n de la gratitud\u201d nos ayuda a abrir nuestro coraz\u00f3n y saber ver todo lo que nos rodea y que pasa la mayor\u00eda de veces inadvertido. Empezamos por sentir ya agradecimiento por la propia sensaci\u00f3n de respirar, que es vida pura, y aprendemos a ampliar nuestra mirada para percibir todo lo que la vida nos regala.<\/p>\n","protected":false},"excerpt":{"rendered":"<p>Aunque podamos sentir plenitud al ver una puesta de sol o a un grupo de ni\u00f1os riendo abiertamente, en general no estamos dise\u00f1ados para saber parar y mirar con ojos de asombro todo lo que la naturaleza nos regala cada d\u00eda. La habituaci\u00f3n, esa capacidad de adaptaci\u00f3n que tanto necesita el ser humano para sobrevivir [&#8230;]<\/p>\n<p><a class=\"btn btn-secondary understrap-read-more-link\" href=\"https:\/\/www.psyke.es\/en\/la-asombrosa-potencia-de-la-gratitud-2\/\">Read More&#8230;<span class=\"screen-reader-text\"> from \u201cLa asombrosa potencia de la Gratitud\u201d<\/span><\/a><\/p>\n","protected":false},"author":3,"featured_media":5968,"comment_status":"open","ping_status":"open","sticky":false,"template":"","format":"standard","meta":{"footnotes":""},"categories":[78,79],"tags":[],"class_list":["post-6563","post","type-post","status-publish","format-standard","has-post-thumbnail","hentry","category-therapeutic-reflections-emotional-education","category-therapeutic-reflections-emotions"],"yoast_head":"<!-- This site is optimized with the Yoast SEO plugin v27.4 - https:\/\/yoast.com\/product\/yoast-seo-wordpress\/ -->\n<title>\u201cLa asombrosa potencia de la Gratitud\u201d - Psyke<\/title>\n<meta name=\"robots\" content=\"index, follow, max-snippet:-1, max-image-preview:large, max-video-preview:-1\" \/>\n<link rel=\"canonical\" href=\"https:\/\/www.psyke.es\/en\/la-asombrosa-potencia-de-la-gratitud-2\/\" \/>\n<meta property=\"og:locale\" content=\"en_US\" \/>\n<meta property=\"og:type\" content=\"article\" \/>\n<meta property=\"og:title\" content=\"\u201cLa asombrosa potencia de la Gratitud\u201d - Psyke\" \/>\n<meta property=\"og:description\" content=\"Aunque podamos sentir plenitud al ver una puesta de sol o a un grupo de ni\u00f1os riendo abiertamente, en general no estamos dise\u00f1ados para saber parar y mirar con ojos de asombro todo lo que la naturaleza nos regala cada d\u00eda. La habituaci\u00f3n, esa capacidad de adaptaci\u00f3n que tanto necesita el ser humano para sobrevivir [...]Read More... from \u201cLa asombrosa potencia de la Gratitud\u201d\" \/>\n<meta property=\"og:url\" content=\"https:\/\/www.psyke.es\/en\/la-asombrosa-potencia-de-la-gratitud-2\/\" \/>\n<meta property=\"og:site_name\" content=\"Psyke\" \/>\n<meta property=\"article:published_time\" content=\"2021-08-30T17:04:36+00:00\" \/>\n<meta property=\"article:modified_time\" content=\"2022-02-11T12:37:18+00:00\" \/>\n<meta property=\"og:image\" content=\"https:\/\/www.psyke.es\/wp-content\/uploads\/2021\/08\/gratitude.png\" \/>\n\t<meta property=\"og:image:width\" content=\"679\" \/>\n\t<meta property=\"og:image:height\" content=\"395\" \/>\n\t<meta property=\"og:image:type\" content=\"image\/png\" \/>\n<meta name=\"author\" content=\"Tha\u00efs Capella\" \/>\n<meta name=\"twitter:card\" content=\"summary_large_image\" \/>\n<meta name=\"twitter:label1\" content=\"Written by\" \/>\n\t<meta name=\"twitter:data1\" content=\"Tha\u00efs Capella\" \/>\n\t<meta name=\"twitter:label2\" content=\"Est. reading time\" \/>\n\t<meta name=\"twitter:data2\" content=\"4 minutes\" \/>\n<script type=\"application\/ld+json\" class=\"yoast-schema-graph\">{\"@context\":\"https:\\\/\\\/schema.org\",\"@graph\":[{\"@type\":\"Article\",\"@id\":\"https:\\\/\\\/www.psyke.es\\\/en\\\/la-asombrosa-potencia-de-la-gratitud-2\\\/#article\",\"isPartOf\":{\"@id\":\"https:\\\/\\\/www.psyke.es\\\/en\\\/la-asombrosa-potencia-de-la-gratitud-2\\\/\"},\"author\":{\"name\":\"Tha\u00efs Capella\",\"@id\":\"https:\\\/\\\/www.psyke.es\\\/en\\\/#\\\/schema\\\/person\\\/87774a2e60512484c09407be020d551a\"},\"headline\":\"\u201cLa asombrosa potencia de la Gratitud\u201d\",\"datePublished\":\"2021-08-30T17:04:36+00:00\",\"dateModified\":\"2022-02-11T12:37:18+00:00\",\"mainEntityOfPage\":{\"@id\":\"https:\\\/\\\/www.psyke.es\\\/en\\\/la-asombrosa-potencia-de-la-gratitud-2\\\/\"},\"wordCount\":763,\"commentCount\":0,\"image\":{\"@id\":\"https:\\\/\\\/www.psyke.es\\\/en\\\/la-asombrosa-potencia-de-la-gratitud-2\\\/#primaryimage\"},\"thumbnailUrl\":\"https:\\\/\\\/www.psyke.es\\\/wp-content\\\/uploads\\\/2021\\\/08\\\/gratitude.png\",\"articleSection\":[\"Emotion education\",\"Emotions\"],\"inLanguage\":\"en-US\",\"potentialAction\":[{\"@type\":\"CommentAction\",\"name\":\"Comment\",\"target\":[\"https:\\\/\\\/www.psyke.es\\\/en\\\/la-asombrosa-potencia-de-la-gratitud-2\\\/#respond\"]}]},{\"@type\":\"WebPage\",\"@id\":\"https:\\\/\\\/www.psyke.es\\\/en\\\/la-asombrosa-potencia-de-la-gratitud-2\\\/\",\"url\":\"https:\\\/\\\/www.psyke.es\\\/en\\\/la-asombrosa-potencia-de-la-gratitud-2\\\/\",\"name\":\"\u201cLa asombrosa potencia de la Gratitud\u201d - Psyke\",\"isPartOf\":{\"@id\":\"https:\\\/\\\/www.psyke.es\\\/en\\\/#website\"},\"primaryImageOfPage\":{\"@id\":\"https:\\\/\\\/www.psyke.es\\\/en\\\/la-asombrosa-potencia-de-la-gratitud-2\\\/#primaryimage\"},\"image\":{\"@id\":\"https:\\\/\\\/www.psyke.es\\\/en\\\/la-asombrosa-potencia-de-la-gratitud-2\\\/#primaryimage\"},\"thumbnailUrl\":\"https:\\\/\\\/www.psyke.es\\\/wp-content\\\/uploads\\\/2021\\\/08\\\/gratitude.png\",\"datePublished\":\"2021-08-30T17:04:36+00:00\",\"dateModified\":\"2022-02-11T12:37:18+00:00\",\"author\":{\"@id\":\"https:\\\/\\\/www.psyke.es\\\/en\\\/#\\\/schema\\\/person\\\/87774a2e60512484c09407be020d551a\"},\"breadcrumb\":{\"@id\":\"https:\\\/\\\/www.psyke.es\\\/en\\\/la-asombrosa-potencia-de-la-gratitud-2\\\/#breadcrumb\"},\"inLanguage\":\"en-US\",\"potentialAction\":[{\"@type\":\"ReadAction\",\"target\":[\"https:\\\/\\\/www.psyke.es\\\/en\\\/la-asombrosa-potencia-de-la-gratitud-2\\\/\"]}]},{\"@type\":\"ImageObject\",\"inLanguage\":\"en-US\",\"@id\":\"https:\\\/\\\/www.psyke.es\\\/en\\\/la-asombrosa-potencia-de-la-gratitud-2\\\/#primaryimage\",\"url\":\"https:\\\/\\\/www.psyke.es\\\/wp-content\\\/uploads\\\/2021\\\/08\\\/gratitude.png\",\"contentUrl\":\"https:\\\/\\\/www.psyke.es\\\/wp-content\\\/uploads\\\/2021\\\/08\\\/gratitude.png\",\"width\":679,\"height\":395},{\"@type\":\"BreadcrumbList\",\"@id\":\"https:\\\/\\\/www.psyke.es\\\/en\\\/la-asombrosa-potencia-de-la-gratitud-2\\\/#breadcrumb\",\"itemListElement\":[{\"@type\":\"ListItem\",\"position\":1,\"name\":\"Portada\",\"item\":\"https:\\\/\\\/www.psyke.es\\\/en\\\/\"},{\"@type\":\"ListItem\",\"position\":2,\"name\":\"\u201cLa asombrosa potencia de la Gratitud\u201d\"}]},{\"@type\":\"WebSite\",\"@id\":\"https:\\\/\\\/www.psyke.es\\\/en\\\/#website\",\"url\":\"https:\\\/\\\/www.psyke.es\\\/en\\\/\",\"name\":\"Psyke\",\"description\":\"Centro de Psicolog\u00eda\",\"potentialAction\":[{\"@type\":\"SearchAction\",\"target\":{\"@type\":\"EntryPoint\",\"urlTemplate\":\"https:\\\/\\\/www.psyke.es\\\/en\\\/?s={search_term_string}\"},\"query-input\":{\"@type\":\"PropertyValueSpecification\",\"valueRequired\":true,\"valueName\":\"search_term_string\"}}],\"inLanguage\":\"en-US\"},{\"@type\":\"Person\",\"@id\":\"https:\\\/\\\/www.psyke.es\\\/en\\\/#\\\/schema\\\/person\\\/87774a2e60512484c09407be020d551a\",\"name\":\"Tha\u00efs Capella\",\"image\":{\"@type\":\"ImageObject\",\"inLanguage\":\"en-US\",\"@id\":\"https:\\\/\\\/secure.gravatar.com\\\/avatar\\\/71847c79c196fcb2761a3960e77f33ed0e684732f3145d9b4af037b8ed17c94c?s=96&d=mm&r=g\",\"url\":\"https:\\\/\\\/secure.gravatar.com\\\/avatar\\\/71847c79c196fcb2761a3960e77f33ed0e684732f3145d9b4af037b8ed17c94c?s=96&d=mm&r=g\",\"contentUrl\":\"https:\\\/\\\/secure.gravatar.com\\\/avatar\\\/71847c79c196fcb2761a3960e77f33ed0e684732f3145d9b4af037b8ed17c94c?s=96&d=mm&r=g\",\"caption\":\"Tha\u00efs Capella\"},\"sameAs\":[\"http:\\\/\\\/psyke.es\"]}]}<\/script>\n<!-- \/ Yoast SEO plugin. -->","yoast_head_json":{"title":"\u201cLa asombrosa potencia de la Gratitud\u201d - Psyke","robots":{"index":"index","follow":"follow","max-snippet":"max-snippet:-1","max-image-preview":"max-image-preview:large","max-video-preview":"max-video-preview:-1"},"canonical":"https:\/\/www.psyke.es\/en\/la-asombrosa-potencia-de-la-gratitud-2\/","og_locale":"en_US","og_type":"article","og_title":"\u201cLa asombrosa potencia de la Gratitud\u201d - Psyke","og_description":"Aunque podamos sentir plenitud al ver una puesta de sol o a un grupo de ni\u00f1os riendo abiertamente, en general no estamos dise\u00f1ados para saber parar y mirar con ojos de asombro todo lo que la naturaleza nos regala cada d\u00eda. La habituaci\u00f3n, esa capacidad de adaptaci\u00f3n que tanto necesita el ser humano para sobrevivir [...]Read More... from \u201cLa asombrosa potencia de la Gratitud\u201d","og_url":"https:\/\/www.psyke.es\/en\/la-asombrosa-potencia-de-la-gratitud-2\/","og_site_name":"Psyke","article_published_time":"2021-08-30T17:04:36+00:00","article_modified_time":"2022-02-11T12:37:18+00:00","og_image":[{"width":679,"height":395,"url":"https:\/\/www.psyke.es\/wp-content\/uploads\/2021\/08\/gratitude.png","type":"image\/png"}],"author":"Tha\u00efs Capella","twitter_card":"summary_large_image","twitter_misc":{"Written by":"Tha\u00efs Capella","Est. reading time":"4 minutes"},"schema":{"@context":"https:\/\/schema.org","@graph":[{"@type":"Article","@id":"https:\/\/www.psyke.es\/en\/la-asombrosa-potencia-de-la-gratitud-2\/#article","isPartOf":{"@id":"https:\/\/www.psyke.es\/en\/la-asombrosa-potencia-de-la-gratitud-2\/"},"author":{"name":"Tha\u00efs Capella","@id":"https:\/\/www.psyke.es\/en\/#\/schema\/person\/87774a2e60512484c09407be020d551a"},"headline":"\u201cLa asombrosa potencia de la Gratitud\u201d","datePublished":"2021-08-30T17:04:36+00:00","dateModified":"2022-02-11T12:37:18+00:00","mainEntityOfPage":{"@id":"https:\/\/www.psyke.es\/en\/la-asombrosa-potencia-de-la-gratitud-2\/"},"wordCount":763,"commentCount":0,"image":{"@id":"https:\/\/www.psyke.es\/en\/la-asombrosa-potencia-de-la-gratitud-2\/#primaryimage"},"thumbnailUrl":"https:\/\/www.psyke.es\/wp-content\/uploads\/2021\/08\/gratitude.png","articleSection":["Emotion education","Emotions"],"inLanguage":"en-US","potentialAction":[{"@type":"CommentAction","name":"Comment","target":["https:\/\/www.psyke.es\/en\/la-asombrosa-potencia-de-la-gratitud-2\/#respond"]}]},{"@type":"WebPage","@id":"https:\/\/www.psyke.es\/en\/la-asombrosa-potencia-de-la-gratitud-2\/","url":"https:\/\/www.psyke.es\/en\/la-asombrosa-potencia-de-la-gratitud-2\/","name":"\u201cLa asombrosa potencia de la Gratitud\u201d - Psyke","isPartOf":{"@id":"https:\/\/www.psyke.es\/en\/#website"},"primaryImageOfPage":{"@id":"https:\/\/www.psyke.es\/en\/la-asombrosa-potencia-de-la-gratitud-2\/#primaryimage"},"image":{"@id":"https:\/\/www.psyke.es\/en\/la-asombrosa-potencia-de-la-gratitud-2\/#primaryimage"},"thumbnailUrl":"https:\/\/www.psyke.es\/wp-content\/uploads\/2021\/08\/gratitude.png","datePublished":"2021-08-30T17:04:36+00:00","dateModified":"2022-02-11T12:37:18+00:00","author":{"@id":"https:\/\/www.psyke.es\/en\/#\/schema\/person\/87774a2e60512484c09407be020d551a"},"breadcrumb":{"@id":"https:\/\/www.psyke.es\/en\/la-asombrosa-potencia-de-la-gratitud-2\/#breadcrumb"},"inLanguage":"en-US","potentialAction":[{"@type":"ReadAction","target":["https:\/\/www.psyke.es\/en\/la-asombrosa-potencia-de-la-gratitud-2\/"]}]},{"@type":"ImageObject","inLanguage":"en-US","@id":"https:\/\/www.psyke.es\/en\/la-asombrosa-potencia-de-la-gratitud-2\/#primaryimage","url":"https:\/\/www.psyke.es\/wp-content\/uploads\/2021\/08\/gratitude.png","contentUrl":"https:\/\/www.psyke.es\/wp-content\/uploads\/2021\/08\/gratitude.png","width":679,"height":395},{"@type":"BreadcrumbList","@id":"https:\/\/www.psyke.es\/en\/la-asombrosa-potencia-de-la-gratitud-2\/#breadcrumb","itemListElement":[{"@type":"ListItem","position":1,"name":"Portada","item":"https:\/\/www.psyke.es\/en\/"},{"@type":"ListItem","position":2,"name":"\u201cLa asombrosa potencia de la Gratitud\u201d"}]},{"@type":"WebSite","@id":"https:\/\/www.psyke.es\/en\/#website","url":"https:\/\/www.psyke.es\/en\/","name":"Psyke","description":"Centro de Psicolog\u00eda","potentialAction":[{"@type":"SearchAction","target":{"@type":"EntryPoint","urlTemplate":"https:\/\/www.psyke.es\/en\/?s={search_term_string}"},"query-input":{"@type":"PropertyValueSpecification","valueRequired":true,"valueName":"search_term_string"}}],"inLanguage":"en-US"},{"@type":"Person","@id":"https:\/\/www.psyke.es\/en\/#\/schema\/person\/87774a2e60512484c09407be020d551a","name":"Tha\u00efs Capella","image":{"@type":"ImageObject","inLanguage":"en-US","@id":"https:\/\/secure.gravatar.com\/avatar\/71847c79c196fcb2761a3960e77f33ed0e684732f3145d9b4af037b8ed17c94c?s=96&d=mm&r=g","url":"https:\/\/secure.gravatar.com\/avatar\/71847c79c196fcb2761a3960e77f33ed0e684732f3145d9b4af037b8ed17c94c?s=96&d=mm&r=g","contentUrl":"https:\/\/secure.gravatar.com\/avatar\/71847c79c196fcb2761a3960e77f33ed0e684732f3145d9b4af037b8ed17c94c?s=96&d=mm&r=g","caption":"Tha\u00efs Capella"},"sameAs":["http:\/\/psyke.es"]}]}},"post_mailing_queue_ids":[],"_links":{"self":[{"href":"https:\/\/www.psyke.es\/en\/wp-json\/wp\/v2\/posts\/6563","targetHints":{"allow":["GET"]}}],"collection":[{"href":"https:\/\/www.psyke.es\/en\/wp-json\/wp\/v2\/posts"}],"about":[{"href":"https:\/\/www.psyke.es\/en\/wp-json\/wp\/v2\/types\/post"}],"author":[{"embeddable":true,"href":"https:\/\/www.psyke.es\/en\/wp-json\/wp\/v2\/users\/3"}],"replies":[{"embeddable":true,"href":"https:\/\/www.psyke.es\/en\/wp-json\/wp\/v2\/comments?post=6563"}],"version-history":[{"count":0,"href":"https:\/\/www.psyke.es\/en\/wp-json\/wp\/v2\/posts\/6563\/revisions"}],"wp:featuredmedia":[{"embeddable":true,"href":"https:\/\/www.psyke.es\/en\/wp-json\/wp\/v2\/media\/5968"}],"wp:attachment":[{"href":"https:\/\/www.psyke.es\/en\/wp-json\/wp\/v2\/media?parent=6563"}],"wp:term":[{"taxonomy":"category","embeddable":true,"href":"https:\/\/www.psyke.es\/en\/wp-json\/wp\/v2\/categories?post=6563"},{"taxonomy":"post_tag","embeddable":true,"href":"https:\/\/www.psyke.es\/en\/wp-json\/wp\/v2\/tags?post=6563"}],"curies":[{"name":"wp","href":"https:\/\/api.w.org\/{rel}","templated":true}]}}