{"id":6965,"date":"2020-11-30T17:08:58","date_gmt":"2020-11-30T17:08:58","guid":{"rendered":"https:\/\/www.psyke.es\/es-mas-saludable-ser-natural-que-positivo\/"},"modified":"2022-02-18T12:45:44","modified_gmt":"2022-02-18T10:45:44","slug":"es-mas-saludable-ser-natural-que-positivo","status":"publish","type":"post","link":"https:\/\/www.psyke.es\/en\/es-mas-saludable-ser-natural-que-positivo\/","title":{"rendered":"Es m\u00e1s saludable ser natural que positivo"},"content":{"rendered":"<p>La obsesi\u00f3n por mantener el tipo, el buen humor y la cabeza alta a pesar de los azotes que nos pega la vida se puede volver en nuestra contra. Las autoafirmaciones auto-motivacionales pueden chutarte de energ\u00eda en un momento determinado, pero tambi\u00e9n pueden hundirte por aplicarlas en momentos en los que simplemente no toca.<\/p>\n<p>Yo llamo \u201cpsicolog\u00eda positiva baratera\u201d al tipo de autoayuda forzada que pretende proporcionarte energ\u00eda cuando tienes las bater\u00edas completamente descargadas.<\/p>\n<p>Afirmaciones artificiales como: \u201ct\u00fa puedes\u201d, \u201ceres el mejor\u201d, \u201cpiensa en el \u00e9xito y lo lograr\u00e1s\u201d, se desinflan en cuanto chocan contra el muro de la realidad que siempre se impone.<\/p>\n<p>\u00bfY despu\u00e9s del fiasco qu\u00e9?<br \/>\n\u00bfc\u00f3mo somos capaces de levantarnos de la ca\u00edda con el a\u00f1adido peso de la verg\u00fcenza y la humillaci\u00f3n?<\/p>\n<p>Occidente est\u00e1 inmersa en una cultura competitiva, paralizada por el miedo al fracaso. Se compite hasta con la felicidad, mostrando sonrisas estiradas bajo unos ojos inundados por la tristeza. Al menos ahora las mascarillas solo nos dejan ver los ojos, mucho m\u00e1s sinceros y coherentes con el contexto real.<\/p>\n<p>Esta forzada falsedad conlleva un precio demasiado alto: el cuerpo y el alma se resienten\u2026<\/p>\n<p>El culto al optimismo exacerbado obliga a desechar el des\u00e1nimo y todo lo negativo, como si no existiera. Eso ni es natural ni es real.<\/p>\n<p>\u00bfQui\u00e9n ha dicho que tenemos que estar motivados para emprender una acci\u00f3n? \u00bfEs que no podemos desempe\u00f1arla aunque sintamos pereza, por ejemplo? De hecho, cuando consigamos hacerla nos podremos felicitar por la proeza de vencer esa pereza inicial, lo que nos traer\u00e1 todav\u00eda mayor satisfacci\u00f3n.<\/p>\n<p>La Terapia de Aceptaci\u00f3n (acogemos todas las voces internas en contra de lo que queremos hacer) y Compromiso (andamos con todas ellas, sin rechazarlas ni menospreciarlas, hacia lo que tanto valoramos), va en este sentido.<\/p>\n<p>Se llama \u201cabrazar\u201d con apertura, curiosidad y sin juicio todo lo que aparece dentro de nosotros con compasi\u00f3n. Sin intentar que sea diferente a lo que es\u2026<\/p>\n<p>Gana as\u00ed la autenticidad externa y la coherencia interna, casi nada\u2026<\/p>\n<p>\u201cLa investigaci\u00f3n apunta hacia un enfoque alternativo (a la felicidad): \u2018un camino negativo\u2019 hacia la felicidad que implica adoptar una postura radicalmente diferente con respecto a aquello que la mayor\u00eda de nosotros intenta evitar. Implica aprender a disfrutar de la incertidumbre, aceptar la inseguridad y familiarizarse con el fracaso. Los datos parecen mostrar que para poder ser verdaderamente felices, es posible que debamos estar dispuestos a experimentar m\u00e1s emociones negativas o, como m\u00ednimo, no huir tanto de ellas.<\/p>\n<p>Extracto de una entrevista a Oliver Burkeman en \u201cThe Guardian\u201d<br \/>\nImagen de \u201cEl ant\u00eddoto: Felicidad para las personas que no pueden soportar el pensamiento positivo\u201d, de Oliver Burkeman.<\/p>\n","protected":false},"excerpt":{"rendered":"<p>La obsesi\u00f3n por mantener el tipo, el buen humor y la cabeza alta a pesar de los azotes que nos pega la vida se puede volver en nuestra contra. Las autoafirmaciones auto-motivacionales pueden chutarte de energ\u00eda en un momento determinado, pero tambi\u00e9n pueden hundirte por aplicarlas en momentos en los que simplemente no toca. Yo [&#8230;]<\/p>\n<p><a class=\"btn btn-secondary understrap-read-more-link\" href=\"https:\/\/www.psyke.es\/en\/es-mas-saludable-ser-natural-que-positivo\/\">Read More&#8230;<span class=\"screen-reader-text\"> from Es m\u00e1s saludable ser natural que positivo<\/span><\/a><\/p>\n","protected":false},"author":3,"featured_media":5700,"comment_status":"open","ping_status":"open","sticky":false,"template":"","format":"standard","meta":{"footnotes":""},"categories":[79],"tags":[],"class_list":["post-6965","post","type-post","status-publish","format-standard","has-post-thumbnail","hentry","category-therapeutic-reflections-emotions"],"yoast_head":"<!-- This site is optimized with the Yoast SEO plugin v27.4 - https:\/\/yoast.com\/product\/yoast-seo-wordpress\/ -->\n<title>Es m\u00e1s saludable ser natural que positivo<\/title>\n<meta name=\"description\" content=\"La obsesi\u00f3n por mantener el buen humor y la cabeza alta a pesar de los azotes que nos pega la vida se puede volver en nuestra contra.\" \/>\n<meta name=\"robots\" content=\"index, follow, max-snippet:-1, max-image-preview:large, max-video-preview:-1\" \/>\n<link rel=\"canonical\" href=\"https:\/\/www.psyke.es\/en\/es-mas-saludable-ser-natural-que-positivo\/\" \/>\n<meta property=\"og:locale\" content=\"en_US\" \/>\n<meta property=\"og:type\" content=\"article\" \/>\n<meta property=\"og:title\" content=\"Es m\u00e1s saludable ser natural que positivo\" \/>\n<meta property=\"og:description\" content=\"La obsesi\u00f3n por mantener el buen humor y la cabeza alta a pesar de los azotes que nos pega la vida se puede volver en nuestra contra.\" \/>\n<meta property=\"og:url\" content=\"https:\/\/www.psyke.es\/en\/es-mas-saludable-ser-natural-que-positivo\/\" \/>\n<meta property=\"og:site_name\" content=\"Psyke\" \/>\n<meta property=\"article:published_time\" content=\"2020-11-30T17:08:58+00:00\" \/>\n<meta property=\"article:modified_time\" content=\"2022-02-18T10:45:44+00:00\" \/>\n<meta property=\"og:image\" content=\"https:\/\/www.psyke.es\/wp-content\/uploads\/facebook_posts\/128518383_4487371931333542_2758726603520733679_n_4487371921333543.png\" \/>\n\t<meta property=\"og:image:width\" content=\"1024\" \/>\n\t<meta property=\"og:image:height\" content=\"491\" \/>\n\t<meta property=\"og:image:type\" content=\"image\/png\" \/>\n<meta name=\"author\" content=\"Tha\u00efs Capella\" \/>\n<meta name=\"twitter:card\" content=\"summary_large_image\" \/>\n<meta name=\"twitter:label1\" content=\"Written by\" \/>\n\t<meta name=\"twitter:data1\" content=\"Tha\u00efs Capella\" \/>\n\t<meta name=\"twitter:label2\" content=\"Est. reading time\" \/>\n\t<meta name=\"twitter:data2\" content=\"2 minutes\" \/>\n<script type=\"application\/ld+json\" class=\"yoast-schema-graph\">{\"@context\":\"https:\\\/\\\/schema.org\",\"@graph\":[{\"@type\":\"Article\",\"@id\":\"https:\\\/\\\/www.psyke.es\\\/en\\\/es-mas-saludable-ser-natural-que-positivo\\\/#article\",\"isPartOf\":{\"@id\":\"https:\\\/\\\/www.psyke.es\\\/en\\\/es-mas-saludable-ser-natural-que-positivo\\\/\"},\"author\":{\"name\":\"Tha\u00efs Capella\",\"@id\":\"https:\\\/\\\/www.psyke.es\\\/en\\\/#\\\/schema\\\/person\\\/87774a2e60512484c09407be020d551a\"},\"headline\":\"Es m\u00e1s saludable ser natural que positivo\",\"datePublished\":\"2020-11-30T17:08:58+00:00\",\"dateModified\":\"2022-02-18T10:45:44+00:00\",\"mainEntityOfPage\":{\"@id\":\"https:\\\/\\\/www.psyke.es\\\/en\\\/es-mas-saludable-ser-natural-que-positivo\\\/\"},\"wordCount\":475,\"commentCount\":0,\"image\":{\"@id\":\"https:\\\/\\\/www.psyke.es\\\/en\\\/es-mas-saludable-ser-natural-que-positivo\\\/#primaryimage\"},\"thumbnailUrl\":\"https:\\\/\\\/www.psyke.es\\\/wp-content\\\/uploads\\\/facebook_posts\\\/128518383_4487371931333542_2758726603520733679_n_4487371921333543.png\",\"articleSection\":[\"Emotions\"],\"inLanguage\":\"en-US\",\"potentialAction\":[{\"@type\":\"CommentAction\",\"name\":\"Comment\",\"target\":[\"https:\\\/\\\/www.psyke.es\\\/en\\\/es-mas-saludable-ser-natural-que-positivo\\\/#respond\"]}]},{\"@type\":\"WebPage\",\"@id\":\"https:\\\/\\\/www.psyke.es\\\/en\\\/es-mas-saludable-ser-natural-que-positivo\\\/\",\"url\":\"https:\\\/\\\/www.psyke.es\\\/en\\\/es-mas-saludable-ser-natural-que-positivo\\\/\",\"name\":\"Es m\u00e1s saludable ser natural que positivo\",\"isPartOf\":{\"@id\":\"https:\\\/\\\/www.psyke.es\\\/en\\\/#website\"},\"primaryImageOfPage\":{\"@id\":\"https:\\\/\\\/www.psyke.es\\\/en\\\/es-mas-saludable-ser-natural-que-positivo\\\/#primaryimage\"},\"image\":{\"@id\":\"https:\\\/\\\/www.psyke.es\\\/en\\\/es-mas-saludable-ser-natural-que-positivo\\\/#primaryimage\"},\"thumbnailUrl\":\"https:\\\/\\\/www.psyke.es\\\/wp-content\\\/uploads\\\/facebook_posts\\\/128518383_4487371931333542_2758726603520733679_n_4487371921333543.png\",\"datePublished\":\"2020-11-30T17:08:58+00:00\",\"dateModified\":\"2022-02-18T10:45:44+00:00\",\"author\":{\"@id\":\"https:\\\/\\\/www.psyke.es\\\/en\\\/#\\\/schema\\\/person\\\/87774a2e60512484c09407be020d551a\"},\"description\":\"La obsesi\u00f3n por mantener el buen humor y la cabeza alta a pesar de los azotes que nos pega la vida se puede volver en nuestra contra.\",\"breadcrumb\":{\"@id\":\"https:\\\/\\\/www.psyke.es\\\/en\\\/es-mas-saludable-ser-natural-que-positivo\\\/#breadcrumb\"},\"inLanguage\":\"en-US\",\"potentialAction\":[{\"@type\":\"ReadAction\",\"target\":[\"https:\\\/\\\/www.psyke.es\\\/en\\\/es-mas-saludable-ser-natural-que-positivo\\\/\"]}]},{\"@type\":\"ImageObject\",\"inLanguage\":\"en-US\",\"@id\":\"https:\\\/\\\/www.psyke.es\\\/en\\\/es-mas-saludable-ser-natural-que-positivo\\\/#primaryimage\",\"url\":\"https:\\\/\\\/www.psyke.es\\\/wp-content\\\/uploads\\\/facebook_posts\\\/128518383_4487371931333542_2758726603520733679_n_4487371921333543.png\",\"contentUrl\":\"https:\\\/\\\/www.psyke.es\\\/wp-content\\\/uploads\\\/facebook_posts\\\/128518383_4487371931333542_2758726603520733679_n_4487371921333543.png\",\"width\":1024,\"height\":491},{\"@type\":\"BreadcrumbList\",\"@id\":\"https:\\\/\\\/www.psyke.es\\\/en\\\/es-mas-saludable-ser-natural-que-positivo\\\/#breadcrumb\",\"itemListElement\":[{\"@type\":\"ListItem\",\"position\":1,\"name\":\"Portada\",\"item\":\"https:\\\/\\\/www.psyke.es\\\/en\\\/\"},{\"@type\":\"ListItem\",\"position\":2,\"name\":\"Es m\u00e1s saludable ser natural que positivo\"}]},{\"@type\":\"WebSite\",\"@id\":\"https:\\\/\\\/www.psyke.es\\\/en\\\/#website\",\"url\":\"https:\\\/\\\/www.psyke.es\\\/en\\\/\",\"name\":\"Psyke\",\"description\":\"Centro de Psicolog\u00eda\",\"potentialAction\":[{\"@type\":\"SearchAction\",\"target\":{\"@type\":\"EntryPoint\",\"urlTemplate\":\"https:\\\/\\\/www.psyke.es\\\/en\\\/?s={search_term_string}\"},\"query-input\":{\"@type\":\"PropertyValueSpecification\",\"valueRequired\":true,\"valueName\":\"search_term_string\"}}],\"inLanguage\":\"en-US\"},{\"@type\":\"Person\",\"@id\":\"https:\\\/\\\/www.psyke.es\\\/en\\\/#\\\/schema\\\/person\\\/87774a2e60512484c09407be020d551a\",\"name\":\"Tha\u00efs Capella\",\"image\":{\"@type\":\"ImageObject\",\"inLanguage\":\"en-US\",\"@id\":\"https:\\\/\\\/secure.gravatar.com\\\/avatar\\\/71847c79c196fcb2761a3960e77f33ed0e684732f3145d9b4af037b8ed17c94c?s=96&d=mm&r=g\",\"url\":\"https:\\\/\\\/secure.gravatar.com\\\/avatar\\\/71847c79c196fcb2761a3960e77f33ed0e684732f3145d9b4af037b8ed17c94c?s=96&d=mm&r=g\",\"contentUrl\":\"https:\\\/\\\/secure.gravatar.com\\\/avatar\\\/71847c79c196fcb2761a3960e77f33ed0e684732f3145d9b4af037b8ed17c94c?s=96&d=mm&r=g\",\"caption\":\"Tha\u00efs Capella\"},\"sameAs\":[\"http:\\\/\\\/psyke.es\"]}]}<\/script>\n<!-- \/ Yoast SEO plugin. -->","yoast_head_json":{"title":"Es m\u00e1s saludable ser natural que positivo","description":"La obsesi\u00f3n por mantener el buen humor y la cabeza alta a pesar de los azotes que nos pega la vida se puede volver en nuestra contra.","robots":{"index":"index","follow":"follow","max-snippet":"max-snippet:-1","max-image-preview":"max-image-preview:large","max-video-preview":"max-video-preview:-1"},"canonical":"https:\/\/www.psyke.es\/en\/es-mas-saludable-ser-natural-que-positivo\/","og_locale":"en_US","og_type":"article","og_title":"Es m\u00e1s saludable ser natural que positivo","og_description":"La obsesi\u00f3n por mantener el buen humor y la cabeza alta a pesar de los azotes que nos pega la vida se puede volver en nuestra contra.","og_url":"https:\/\/www.psyke.es\/en\/es-mas-saludable-ser-natural-que-positivo\/","og_site_name":"Psyke","article_published_time":"2020-11-30T17:08:58+00:00","article_modified_time":"2022-02-18T10:45:44+00:00","og_image":[{"width":1024,"height":491,"url":"https:\/\/www.psyke.es\/wp-content\/uploads\/facebook_posts\/128518383_4487371931333542_2758726603520733679_n_4487371921333543.png","type":"image\/png"}],"author":"Tha\u00efs Capella","twitter_card":"summary_large_image","twitter_misc":{"Written by":"Tha\u00efs Capella","Est. reading time":"2 minutes"},"schema":{"@context":"https:\/\/schema.org","@graph":[{"@type":"Article","@id":"https:\/\/www.psyke.es\/en\/es-mas-saludable-ser-natural-que-positivo\/#article","isPartOf":{"@id":"https:\/\/www.psyke.es\/en\/es-mas-saludable-ser-natural-que-positivo\/"},"author":{"name":"Tha\u00efs Capella","@id":"https:\/\/www.psyke.es\/en\/#\/schema\/person\/87774a2e60512484c09407be020d551a"},"headline":"Es m\u00e1s saludable ser natural que positivo","datePublished":"2020-11-30T17:08:58+00:00","dateModified":"2022-02-18T10:45:44+00:00","mainEntityOfPage":{"@id":"https:\/\/www.psyke.es\/en\/es-mas-saludable-ser-natural-que-positivo\/"},"wordCount":475,"commentCount":0,"image":{"@id":"https:\/\/www.psyke.es\/en\/es-mas-saludable-ser-natural-que-positivo\/#primaryimage"},"thumbnailUrl":"https:\/\/www.psyke.es\/wp-content\/uploads\/facebook_posts\/128518383_4487371931333542_2758726603520733679_n_4487371921333543.png","articleSection":["Emotions"],"inLanguage":"en-US","potentialAction":[{"@type":"CommentAction","name":"Comment","target":["https:\/\/www.psyke.es\/en\/es-mas-saludable-ser-natural-que-positivo\/#respond"]}]},{"@type":"WebPage","@id":"https:\/\/www.psyke.es\/en\/es-mas-saludable-ser-natural-que-positivo\/","url":"https:\/\/www.psyke.es\/en\/es-mas-saludable-ser-natural-que-positivo\/","name":"Es m\u00e1s saludable ser natural que positivo","isPartOf":{"@id":"https:\/\/www.psyke.es\/en\/#website"},"primaryImageOfPage":{"@id":"https:\/\/www.psyke.es\/en\/es-mas-saludable-ser-natural-que-positivo\/#primaryimage"},"image":{"@id":"https:\/\/www.psyke.es\/en\/es-mas-saludable-ser-natural-que-positivo\/#primaryimage"},"thumbnailUrl":"https:\/\/www.psyke.es\/wp-content\/uploads\/facebook_posts\/128518383_4487371931333542_2758726603520733679_n_4487371921333543.png","datePublished":"2020-11-30T17:08:58+00:00","dateModified":"2022-02-18T10:45:44+00:00","author":{"@id":"https:\/\/www.psyke.es\/en\/#\/schema\/person\/87774a2e60512484c09407be020d551a"},"description":"La obsesi\u00f3n por mantener el buen humor y la cabeza alta a pesar de los azotes que nos pega la vida se puede volver en nuestra contra.","breadcrumb":{"@id":"https:\/\/www.psyke.es\/en\/es-mas-saludable-ser-natural-que-positivo\/#breadcrumb"},"inLanguage":"en-US","potentialAction":[{"@type":"ReadAction","target":["https:\/\/www.psyke.es\/en\/es-mas-saludable-ser-natural-que-positivo\/"]}]},{"@type":"ImageObject","inLanguage":"en-US","@id":"https:\/\/www.psyke.es\/en\/es-mas-saludable-ser-natural-que-positivo\/#primaryimage","url":"https:\/\/www.psyke.es\/wp-content\/uploads\/facebook_posts\/128518383_4487371931333542_2758726603520733679_n_4487371921333543.png","contentUrl":"https:\/\/www.psyke.es\/wp-content\/uploads\/facebook_posts\/128518383_4487371931333542_2758726603520733679_n_4487371921333543.png","width":1024,"height":491},{"@type":"BreadcrumbList","@id":"https:\/\/www.psyke.es\/en\/es-mas-saludable-ser-natural-que-positivo\/#breadcrumb","itemListElement":[{"@type":"ListItem","position":1,"name":"Portada","item":"https:\/\/www.psyke.es\/en\/"},{"@type":"ListItem","position":2,"name":"Es m\u00e1s saludable ser natural que positivo"}]},{"@type":"WebSite","@id":"https:\/\/www.psyke.es\/en\/#website","url":"https:\/\/www.psyke.es\/en\/","name":"Psyke","description":"Centro de Psicolog\u00eda","potentialAction":[{"@type":"SearchAction","target":{"@type":"EntryPoint","urlTemplate":"https:\/\/www.psyke.es\/en\/?s={search_term_string}"},"query-input":{"@type":"PropertyValueSpecification","valueRequired":true,"valueName":"search_term_string"}}],"inLanguage":"en-US"},{"@type":"Person","@id":"https:\/\/www.psyke.es\/en\/#\/schema\/person\/87774a2e60512484c09407be020d551a","name":"Tha\u00efs Capella","image":{"@type":"ImageObject","inLanguage":"en-US","@id":"https:\/\/secure.gravatar.com\/avatar\/71847c79c196fcb2761a3960e77f33ed0e684732f3145d9b4af037b8ed17c94c?s=96&d=mm&r=g","url":"https:\/\/secure.gravatar.com\/avatar\/71847c79c196fcb2761a3960e77f33ed0e684732f3145d9b4af037b8ed17c94c?s=96&d=mm&r=g","contentUrl":"https:\/\/secure.gravatar.com\/avatar\/71847c79c196fcb2761a3960e77f33ed0e684732f3145d9b4af037b8ed17c94c?s=96&d=mm&r=g","caption":"Tha\u00efs Capella"},"sameAs":["http:\/\/psyke.es"]}]}},"post_mailing_queue_ids":[],"_links":{"self":[{"href":"https:\/\/www.psyke.es\/en\/wp-json\/wp\/v2\/posts\/6965","targetHints":{"allow":["GET"]}}],"collection":[{"href":"https:\/\/www.psyke.es\/en\/wp-json\/wp\/v2\/posts"}],"about":[{"href":"https:\/\/www.psyke.es\/en\/wp-json\/wp\/v2\/types\/post"}],"author":[{"embeddable":true,"href":"https:\/\/www.psyke.es\/en\/wp-json\/wp\/v2\/users\/3"}],"replies":[{"embeddable":true,"href":"https:\/\/www.psyke.es\/en\/wp-json\/wp\/v2\/comments?post=6965"}],"version-history":[{"count":0,"href":"https:\/\/www.psyke.es\/en\/wp-json\/wp\/v2\/posts\/6965\/revisions"}],"wp:featuredmedia":[{"embeddable":true,"href":"https:\/\/www.psyke.es\/en\/wp-json\/wp\/v2\/media\/5700"}],"wp:attachment":[{"href":"https:\/\/www.psyke.es\/en\/wp-json\/wp\/v2\/media?parent=6965"}],"wp:term":[{"taxonomy":"category","embeddable":true,"href":"https:\/\/www.psyke.es\/en\/wp-json\/wp\/v2\/categories?post=6965"},{"taxonomy":"post_tag","embeddable":true,"href":"https:\/\/www.psyke.es\/en\/wp-json\/wp\/v2\/tags?post=6965"}],"curies":[{"name":"wp","href":"https:\/\/api.w.org\/{rel}","templated":true}]}}