{"id":6977,"date":"2020-11-02T14:07:47","date_gmt":"2020-11-02T14:07:47","guid":{"rendered":"https:\/\/www.psyke.es\/la-estabilidad-mental-y-emocional-deberian-ser-los-objetivos-fundamentales-de-la-educacion-presente-y-futura\/"},"modified":"2022-02-18T12:53:15","modified_gmt":"2022-02-18T10:53:15","slug":"la-estabilidad-mental-y-emocional-deberian-ser-los-objetivos-fundamentales-de-la-educacion-presente-y-futura","status":"publish","type":"post","link":"https:\/\/www.psyke.es\/en\/la-estabilidad-mental-y-emocional-deberian-ser-los-objetivos-fundamentales-de-la-educacion-presente-y-futura\/","title":{"rendered":"\u201cla estabilidad mental y emocional deber\u00edan ser los objetivos fundamentales de la educaci\u00f3n presente y futura\u201d \u2013Yuval Noah Harari"},"content":{"rendered":"<p>Ante los cambios que estamos experimentando y el aumento exponencial en avances revolucionarios como la Inteligencia Artificial, el brillante pensador Harari recomienda invertir en salud mental por encima de todo y en todas las edades.<\/p>\n<p>Quiz\u00e1s no sepamos todav\u00eda qu\u00e9 habilidades particulares pueda necesitar nuestra juventud para avanzar profesionalmente, pero s\u00ed sabemos que -a nivel personal- la estabilidad mental ser\u00e1 crucial para abordar los movimientos cada vez m\u00e1s inesperados y vertiginosos.<\/p>\n<p>\u201cNuestros hijos tendr\u00e1n que saber reinventarse con mucha flexibilidad ante los cambios que se avecinan. Antiguamente uno constru\u00eda su identidad en base a construcciones fuertes y estables. Ahora los j\u00f3venes han de aprender a montar sus casas como tiendas de campa\u00f1a que pueden recoger y transportar en muy poco tiempo. Es posible que no sepan ad\u00f3nde tengan que mudarse, pero lo cierto es que se tendr\u00e1n que mudar\u201d.<\/p>\n<p>Ante lo que se vislumbra, el mejor legado que podemos dejarle a nuestros hijos es procurar que sepan calmar su mente y regular su mundo emocional. Sabiendo que el organismo que m\u00e1s sobrevive es el que m\u00e1s se adapta, desde Psyke no postulamos solo por la supervivencia, sino por la creatividad de la que puede ser capaz un ser humano si aprende a estar en calma a la vez que inmerso en medio de un hurac\u00e1n.<\/p>\n<p>Cuando practicamos la meditaci\u00f3n \u201cmindfulness\u201d vamos condicionando nuestra atenci\u00f3n para estar cada vez m\u00e1s en el presente y en lo que estamos experimentando momento a momento. De pronto, sin que se busque a prop\u00f3sito, muchas personas experimentan un \u201cclick\u201d, un viraje -gracias a la sabia consciencia- y descubren una especie de aceptaci\u00f3n adaptativa: \u201cesto es lo que hay, aqu\u00ed y ahora\u201d. Sueltan los mandos y eligen acoger lo que hay plenamente.<\/p>\n<p>\u00a1Ojo! no hablamos de resignaci\u00f3n, ni dejar de luchar por lo que est\u00e1 en nuestras manos cambiar. Es una aceptaci\u00f3n activa. Como siempre, hay que saber diferenciar\u2026<\/p>\n<p>Siendo agn\u00f3stica, extraigo una frase conocida de la Biblia: \u201ccon estos bueyes hemos de arar\u201d: uno est\u00e1 tuerto y el otro cojo, pero no hay m\u00e1s, y delante de ti est\u00e1 todo el campo para sembrar el cultivo\u2026puedes patalear y desgastarte o ponerte a arar para poder recoger tu siembra\u2026<\/p>\n<p>Esto que se escribe tan f\u00e1cilmente requiere consciencia, dedicaci\u00f3n y entrenamiento. No estamos hechos para aceptar lo que no nos gusta&#8230;<\/p>\n<p>Apelo a las comunidades que prioricen cursos psicoeducativos que fomenten el equilibrio emocional con Programas de Reducci\u00f3n de Estr\u00e9s Basado en Mindfulness (MBSR), avalados emp\u00edricamente\u2026.<\/p>\n<p>La salud mental universal lo demanda\u2026<\/p>\n<p>\u201ccreo que solo he dedicado cerca de un 10 por cien de mis energ\u00edas a escribir, el otro 90 por cien lo he dedicado a intentar mantener mi cabeza fuera del agua\u201d<\/p>\n<p>Extracto de una entrevista a la escritora norteamericana Anne Porter, ganadora del Premio Pulitzer de 1966 (nominada tres veces para el Premio Nobel de Literatura).<br \/>\nIlustraci\u00f3n: autoretrato de Lewis Carroll, autor de Alicia en el Pa\u00eds de las Maravillas.<\/p>\n","protected":false},"excerpt":{"rendered":"<p>Ante los cambios que estamos experimentando y el aumento exponencial en avances revolucionarios como la Inteligencia Artificial, el brillante pensador Harari recomienda invertir en salud mental por encima de todo y en todas las edades. Quiz\u00e1s no sepamos todav\u00eda qu\u00e9 habilidades particulares pueda necesitar nuestra juventud para avanzar profesionalmente, pero s\u00ed sabemos que -a nivel [&#8230;]<\/p>\n<p><a class=\"btn btn-secondary understrap-read-more-link\" href=\"https:\/\/www.psyke.es\/en\/la-estabilidad-mental-y-emocional-deberian-ser-los-objetivos-fundamentales-de-la-educacion-presente-y-futura\/\">Read More&#8230;<span class=\"screen-reader-text\"> from \u201cla estabilidad mental y emocional deber\u00edan ser los objetivos fundamentales de la educaci\u00f3n presente y futura\u201d \u2013Yuval Noah Harari<\/span><\/a><\/p>\n","protected":false},"author":3,"featured_media":5704,"comment_status":"open","ping_status":"open","sticky":false,"template":"","format":"standard","meta":{"footnotes":""},"categories":[78],"tags":[],"class_list":["post-6977","post","type-post","status-publish","format-standard","has-post-thumbnail","hentry","category-therapeutic-reflections-emotional-education"],"yoast_head":"<!-- This site is optimized with the Yoast SEO plugin v27.4 - https:\/\/yoast.com\/product\/yoast-seo-wordpress\/ -->\n<title>\u201cla estabilidad mental y emocional deber\u00edan ser los objetivos fundamentales de la educaci\u00f3n presente y futura\u201d \u2013Yuval Noah Harari<\/title>\n<meta name=\"description\" content=\"Ante los cambios que estamos experimentando y el aumento exponencial en avances revolucionarios como la Inteligencia Artificial\" \/>\n<meta name=\"robots\" content=\"index, follow, max-snippet:-1, max-image-preview:large, max-video-preview:-1\" \/>\n<link rel=\"canonical\" href=\"https:\/\/www.psyke.es\/en\/la-estabilidad-mental-y-emocional-deberian-ser-los-objetivos-fundamentales-de-la-educacion-presente-y-futura\/\" \/>\n<meta property=\"og:locale\" content=\"en_US\" \/>\n<meta property=\"og:type\" content=\"article\" \/>\n<meta property=\"og:title\" content=\"\u201cla estabilidad mental y emocional deber\u00edan ser los objetivos fundamentales de la educaci\u00f3n presente y futura\u201d \u2013Yuval Noah Harari\" \/>\n<meta property=\"og:description\" content=\"Ante los cambios que estamos experimentando y el aumento exponencial en avances revolucionarios como la Inteligencia Artificial\" \/>\n<meta property=\"og:url\" content=\"https:\/\/www.psyke.es\/en\/la-estabilidad-mental-y-emocional-deberian-ser-los-objetivos-fundamentales-de-la-educacion-presente-y-futura\/\" \/>\n<meta property=\"og:site_name\" content=\"Psyke\" \/>\n<meta property=\"article:published_time\" content=\"2020-11-02T14:07:47+00:00\" \/>\n<meta property=\"article:modified_time\" content=\"2022-02-18T10:53:15+00:00\" \/>\n<meta property=\"og:image\" content=\"https:\/\/www.psyke.es\/wp-content\/uploads\/facebook_posts\/123580023_4365475810189822_5800520730982380793_n_4365475803523156.jpg\" \/>\n\t<meta property=\"og:image:width\" content=\"500\" \/>\n\t<meta property=\"og:image:height\" content=\"565\" \/>\n\t<meta property=\"og:image:type\" content=\"image\/jpeg\" \/>\n<meta name=\"author\" content=\"Tha\u00efs Capella\" \/>\n<meta name=\"twitter:card\" content=\"summary_large_image\" \/>\n<meta name=\"twitter:label1\" content=\"Written by\" \/>\n\t<meta name=\"twitter:data1\" content=\"Tha\u00efs Capella\" \/>\n\t<meta name=\"twitter:label2\" content=\"Est. reading time\" \/>\n\t<meta name=\"twitter:data2\" content=\"3 minutes\" \/>\n<script type=\"application\/ld+json\" class=\"yoast-schema-graph\">{\"@context\":\"https:\\\/\\\/schema.org\",\"@graph\":[{\"@type\":\"Article\",\"@id\":\"https:\\\/\\\/www.psyke.es\\\/en\\\/la-estabilidad-mental-y-emocional-deberian-ser-los-objetivos-fundamentales-de-la-educacion-presente-y-futura\\\/#article\",\"isPartOf\":{\"@id\":\"https:\\\/\\\/www.psyke.es\\\/en\\\/la-estabilidad-mental-y-emocional-deberian-ser-los-objetivos-fundamentales-de-la-educacion-presente-y-futura\\\/\"},\"author\":{\"name\":\"Tha\u00efs Capella\",\"@id\":\"https:\\\/\\\/www.psyke.es\\\/en\\\/#\\\/schema\\\/person\\\/87774a2e60512484c09407be020d551a\"},\"headline\":\"\u201cla estabilidad mental y emocional deber\u00edan ser los objetivos fundamentales de la educaci\u00f3n presente y futura\u201d \u2013Yuval Noah Harari\",\"datePublished\":\"2020-11-02T14:07:47+00:00\",\"dateModified\":\"2022-02-18T10:53:15+00:00\",\"mainEntityOfPage\":{\"@id\":\"https:\\\/\\\/www.psyke.es\\\/en\\\/la-estabilidad-mental-y-emocional-deberian-ser-los-objetivos-fundamentales-de-la-educacion-presente-y-futura\\\/\"},\"wordCount\":534,\"commentCount\":0,\"image\":{\"@id\":\"https:\\\/\\\/www.psyke.es\\\/en\\\/la-estabilidad-mental-y-emocional-deberian-ser-los-objetivos-fundamentales-de-la-educacion-presente-y-futura\\\/#primaryimage\"},\"thumbnailUrl\":\"https:\\\/\\\/www.psyke.es\\\/wp-content\\\/uploads\\\/facebook_posts\\\/123580023_4365475810189822_5800520730982380793_n_4365475803523156.jpg\",\"articleSection\":[\"Emotion education\"],\"inLanguage\":\"en-US\",\"potentialAction\":[{\"@type\":\"CommentAction\",\"name\":\"Comment\",\"target\":[\"https:\\\/\\\/www.psyke.es\\\/en\\\/la-estabilidad-mental-y-emocional-deberian-ser-los-objetivos-fundamentales-de-la-educacion-presente-y-futura\\\/#respond\"]}]},{\"@type\":\"WebPage\",\"@id\":\"https:\\\/\\\/www.psyke.es\\\/en\\\/la-estabilidad-mental-y-emocional-deberian-ser-los-objetivos-fundamentales-de-la-educacion-presente-y-futura\\\/\",\"url\":\"https:\\\/\\\/www.psyke.es\\\/en\\\/la-estabilidad-mental-y-emocional-deberian-ser-los-objetivos-fundamentales-de-la-educacion-presente-y-futura\\\/\",\"name\":\"\u201cla estabilidad mental y emocional deber\u00edan ser los objetivos fundamentales de la educaci\u00f3n presente y futura\u201d \u2013Yuval Noah Harari\",\"isPartOf\":{\"@id\":\"https:\\\/\\\/www.psyke.es\\\/en\\\/#website\"},\"primaryImageOfPage\":{\"@id\":\"https:\\\/\\\/www.psyke.es\\\/en\\\/la-estabilidad-mental-y-emocional-deberian-ser-los-objetivos-fundamentales-de-la-educacion-presente-y-futura\\\/#primaryimage\"},\"image\":{\"@id\":\"https:\\\/\\\/www.psyke.es\\\/en\\\/la-estabilidad-mental-y-emocional-deberian-ser-los-objetivos-fundamentales-de-la-educacion-presente-y-futura\\\/#primaryimage\"},\"thumbnailUrl\":\"https:\\\/\\\/www.psyke.es\\\/wp-content\\\/uploads\\\/facebook_posts\\\/123580023_4365475810189822_5800520730982380793_n_4365475803523156.jpg\",\"datePublished\":\"2020-11-02T14:07:47+00:00\",\"dateModified\":\"2022-02-18T10:53:15+00:00\",\"author\":{\"@id\":\"https:\\\/\\\/www.psyke.es\\\/en\\\/#\\\/schema\\\/person\\\/87774a2e60512484c09407be020d551a\"},\"description\":\"Ante los cambios que estamos experimentando y el aumento exponencial en avances revolucionarios como la Inteligencia Artificial\",\"breadcrumb\":{\"@id\":\"https:\\\/\\\/www.psyke.es\\\/en\\\/la-estabilidad-mental-y-emocional-deberian-ser-los-objetivos-fundamentales-de-la-educacion-presente-y-futura\\\/#breadcrumb\"},\"inLanguage\":\"en-US\",\"potentialAction\":[{\"@type\":\"ReadAction\",\"target\":[\"https:\\\/\\\/www.psyke.es\\\/en\\\/la-estabilidad-mental-y-emocional-deberian-ser-los-objetivos-fundamentales-de-la-educacion-presente-y-futura\\\/\"]}]},{\"@type\":\"ImageObject\",\"inLanguage\":\"en-US\",\"@id\":\"https:\\\/\\\/www.psyke.es\\\/en\\\/la-estabilidad-mental-y-emocional-deberian-ser-los-objetivos-fundamentales-de-la-educacion-presente-y-futura\\\/#primaryimage\",\"url\":\"https:\\\/\\\/www.psyke.es\\\/wp-content\\\/uploads\\\/facebook_posts\\\/123580023_4365475810189822_5800520730982380793_n_4365475803523156.jpg\",\"contentUrl\":\"https:\\\/\\\/www.psyke.es\\\/wp-content\\\/uploads\\\/facebook_posts\\\/123580023_4365475810189822_5800520730982380793_n_4365475803523156.jpg\",\"width\":500,\"height\":565},{\"@type\":\"BreadcrumbList\",\"@id\":\"https:\\\/\\\/www.psyke.es\\\/en\\\/la-estabilidad-mental-y-emocional-deberian-ser-los-objetivos-fundamentales-de-la-educacion-presente-y-futura\\\/#breadcrumb\",\"itemListElement\":[{\"@type\":\"ListItem\",\"position\":1,\"name\":\"Portada\",\"item\":\"https:\\\/\\\/www.psyke.es\\\/en\\\/\"},{\"@type\":\"ListItem\",\"position\":2,\"name\":\"\u201cla estabilidad mental y emocional deber\u00edan ser los objetivos fundamentales de la educaci\u00f3n presente y futura\u201d \u2013Yuval Noah Harari\"}]},{\"@type\":\"WebSite\",\"@id\":\"https:\\\/\\\/www.psyke.es\\\/en\\\/#website\",\"url\":\"https:\\\/\\\/www.psyke.es\\\/en\\\/\",\"name\":\"Psyke\",\"description\":\"Centro de Psicolog\u00eda\",\"potentialAction\":[{\"@type\":\"SearchAction\",\"target\":{\"@type\":\"EntryPoint\",\"urlTemplate\":\"https:\\\/\\\/www.psyke.es\\\/en\\\/?s={search_term_string}\"},\"query-input\":{\"@type\":\"PropertyValueSpecification\",\"valueRequired\":true,\"valueName\":\"search_term_string\"}}],\"inLanguage\":\"en-US\"},{\"@type\":\"Person\",\"@id\":\"https:\\\/\\\/www.psyke.es\\\/en\\\/#\\\/schema\\\/person\\\/87774a2e60512484c09407be020d551a\",\"name\":\"Tha\u00efs Capella\",\"image\":{\"@type\":\"ImageObject\",\"inLanguage\":\"en-US\",\"@id\":\"https:\\\/\\\/secure.gravatar.com\\\/avatar\\\/71847c79c196fcb2761a3960e77f33ed0e684732f3145d9b4af037b8ed17c94c?s=96&d=mm&r=g\",\"url\":\"https:\\\/\\\/secure.gravatar.com\\\/avatar\\\/71847c79c196fcb2761a3960e77f33ed0e684732f3145d9b4af037b8ed17c94c?s=96&d=mm&r=g\",\"contentUrl\":\"https:\\\/\\\/secure.gravatar.com\\\/avatar\\\/71847c79c196fcb2761a3960e77f33ed0e684732f3145d9b4af037b8ed17c94c?s=96&d=mm&r=g\",\"caption\":\"Tha\u00efs Capella\"},\"sameAs\":[\"http:\\\/\\\/psyke.es\"]}]}<\/script>\n<!-- \/ Yoast SEO plugin. -->","yoast_head_json":{"title":"\u201cla estabilidad mental y emocional deber\u00edan ser los objetivos fundamentales de la educaci\u00f3n presente y futura\u201d \u2013Yuval Noah Harari","description":"Ante los cambios que estamos experimentando y el aumento exponencial en avances revolucionarios como la Inteligencia Artificial","robots":{"index":"index","follow":"follow","max-snippet":"max-snippet:-1","max-image-preview":"max-image-preview:large","max-video-preview":"max-video-preview:-1"},"canonical":"https:\/\/www.psyke.es\/en\/la-estabilidad-mental-y-emocional-deberian-ser-los-objetivos-fundamentales-de-la-educacion-presente-y-futura\/","og_locale":"en_US","og_type":"article","og_title":"\u201cla estabilidad mental y emocional deber\u00edan ser los objetivos fundamentales de la educaci\u00f3n presente y futura\u201d \u2013Yuval Noah Harari","og_description":"Ante los cambios que estamos experimentando y el aumento exponencial en avances revolucionarios como la Inteligencia Artificial","og_url":"https:\/\/www.psyke.es\/en\/la-estabilidad-mental-y-emocional-deberian-ser-los-objetivos-fundamentales-de-la-educacion-presente-y-futura\/","og_site_name":"Psyke","article_published_time":"2020-11-02T14:07:47+00:00","article_modified_time":"2022-02-18T10:53:15+00:00","og_image":[{"width":500,"height":565,"url":"https:\/\/www.psyke.es\/wp-content\/uploads\/facebook_posts\/123580023_4365475810189822_5800520730982380793_n_4365475803523156.jpg","type":"image\/jpeg"}],"author":"Tha\u00efs Capella","twitter_card":"summary_large_image","twitter_misc":{"Written by":"Tha\u00efs Capella","Est. reading time":"3 minutes"},"schema":{"@context":"https:\/\/schema.org","@graph":[{"@type":"Article","@id":"https:\/\/www.psyke.es\/en\/la-estabilidad-mental-y-emocional-deberian-ser-los-objetivos-fundamentales-de-la-educacion-presente-y-futura\/#article","isPartOf":{"@id":"https:\/\/www.psyke.es\/en\/la-estabilidad-mental-y-emocional-deberian-ser-los-objetivos-fundamentales-de-la-educacion-presente-y-futura\/"},"author":{"name":"Tha\u00efs Capella","@id":"https:\/\/www.psyke.es\/en\/#\/schema\/person\/87774a2e60512484c09407be020d551a"},"headline":"\u201cla estabilidad mental y emocional deber\u00edan ser los objetivos fundamentales de la educaci\u00f3n presente y futura\u201d \u2013Yuval Noah Harari","datePublished":"2020-11-02T14:07:47+00:00","dateModified":"2022-02-18T10:53:15+00:00","mainEntityOfPage":{"@id":"https:\/\/www.psyke.es\/en\/la-estabilidad-mental-y-emocional-deberian-ser-los-objetivos-fundamentales-de-la-educacion-presente-y-futura\/"},"wordCount":534,"commentCount":0,"image":{"@id":"https:\/\/www.psyke.es\/en\/la-estabilidad-mental-y-emocional-deberian-ser-los-objetivos-fundamentales-de-la-educacion-presente-y-futura\/#primaryimage"},"thumbnailUrl":"https:\/\/www.psyke.es\/wp-content\/uploads\/facebook_posts\/123580023_4365475810189822_5800520730982380793_n_4365475803523156.jpg","articleSection":["Emotion education"],"inLanguage":"en-US","potentialAction":[{"@type":"CommentAction","name":"Comment","target":["https:\/\/www.psyke.es\/en\/la-estabilidad-mental-y-emocional-deberian-ser-los-objetivos-fundamentales-de-la-educacion-presente-y-futura\/#respond"]}]},{"@type":"WebPage","@id":"https:\/\/www.psyke.es\/en\/la-estabilidad-mental-y-emocional-deberian-ser-los-objetivos-fundamentales-de-la-educacion-presente-y-futura\/","url":"https:\/\/www.psyke.es\/en\/la-estabilidad-mental-y-emocional-deberian-ser-los-objetivos-fundamentales-de-la-educacion-presente-y-futura\/","name":"\u201cla estabilidad mental y emocional deber\u00edan ser los objetivos fundamentales de la educaci\u00f3n presente y futura\u201d \u2013Yuval Noah Harari","isPartOf":{"@id":"https:\/\/www.psyke.es\/en\/#website"},"primaryImageOfPage":{"@id":"https:\/\/www.psyke.es\/en\/la-estabilidad-mental-y-emocional-deberian-ser-los-objetivos-fundamentales-de-la-educacion-presente-y-futura\/#primaryimage"},"image":{"@id":"https:\/\/www.psyke.es\/en\/la-estabilidad-mental-y-emocional-deberian-ser-los-objetivos-fundamentales-de-la-educacion-presente-y-futura\/#primaryimage"},"thumbnailUrl":"https:\/\/www.psyke.es\/wp-content\/uploads\/facebook_posts\/123580023_4365475810189822_5800520730982380793_n_4365475803523156.jpg","datePublished":"2020-11-02T14:07:47+00:00","dateModified":"2022-02-18T10:53:15+00:00","author":{"@id":"https:\/\/www.psyke.es\/en\/#\/schema\/person\/87774a2e60512484c09407be020d551a"},"description":"Ante los cambios que estamos experimentando y el aumento exponencial en avances revolucionarios como la Inteligencia Artificial","breadcrumb":{"@id":"https:\/\/www.psyke.es\/en\/la-estabilidad-mental-y-emocional-deberian-ser-los-objetivos-fundamentales-de-la-educacion-presente-y-futura\/#breadcrumb"},"inLanguage":"en-US","potentialAction":[{"@type":"ReadAction","target":["https:\/\/www.psyke.es\/en\/la-estabilidad-mental-y-emocional-deberian-ser-los-objetivos-fundamentales-de-la-educacion-presente-y-futura\/"]}]},{"@type":"ImageObject","inLanguage":"en-US","@id":"https:\/\/www.psyke.es\/en\/la-estabilidad-mental-y-emocional-deberian-ser-los-objetivos-fundamentales-de-la-educacion-presente-y-futura\/#primaryimage","url":"https:\/\/www.psyke.es\/wp-content\/uploads\/facebook_posts\/123580023_4365475810189822_5800520730982380793_n_4365475803523156.jpg","contentUrl":"https:\/\/www.psyke.es\/wp-content\/uploads\/facebook_posts\/123580023_4365475810189822_5800520730982380793_n_4365475803523156.jpg","width":500,"height":565},{"@type":"BreadcrumbList","@id":"https:\/\/www.psyke.es\/en\/la-estabilidad-mental-y-emocional-deberian-ser-los-objetivos-fundamentales-de-la-educacion-presente-y-futura\/#breadcrumb","itemListElement":[{"@type":"ListItem","position":1,"name":"Portada","item":"https:\/\/www.psyke.es\/en\/"},{"@type":"ListItem","position":2,"name":"\u201cla estabilidad mental y emocional deber\u00edan ser los objetivos fundamentales de la educaci\u00f3n presente y futura\u201d \u2013Yuval Noah Harari"}]},{"@type":"WebSite","@id":"https:\/\/www.psyke.es\/en\/#website","url":"https:\/\/www.psyke.es\/en\/","name":"Psyke","description":"Centro de Psicolog\u00eda","potentialAction":[{"@type":"SearchAction","target":{"@type":"EntryPoint","urlTemplate":"https:\/\/www.psyke.es\/en\/?s={search_term_string}"},"query-input":{"@type":"PropertyValueSpecification","valueRequired":true,"valueName":"search_term_string"}}],"inLanguage":"en-US"},{"@type":"Person","@id":"https:\/\/www.psyke.es\/en\/#\/schema\/person\/87774a2e60512484c09407be020d551a","name":"Tha\u00efs Capella","image":{"@type":"ImageObject","inLanguage":"en-US","@id":"https:\/\/secure.gravatar.com\/avatar\/71847c79c196fcb2761a3960e77f33ed0e684732f3145d9b4af037b8ed17c94c?s=96&d=mm&r=g","url":"https:\/\/secure.gravatar.com\/avatar\/71847c79c196fcb2761a3960e77f33ed0e684732f3145d9b4af037b8ed17c94c?s=96&d=mm&r=g","contentUrl":"https:\/\/secure.gravatar.com\/avatar\/71847c79c196fcb2761a3960e77f33ed0e684732f3145d9b4af037b8ed17c94c?s=96&d=mm&r=g","caption":"Tha\u00efs Capella"},"sameAs":["http:\/\/psyke.es"]}]}},"post_mailing_queue_ids":[],"_links":{"self":[{"href":"https:\/\/www.psyke.es\/en\/wp-json\/wp\/v2\/posts\/6977","targetHints":{"allow":["GET"]}}],"collection":[{"href":"https:\/\/www.psyke.es\/en\/wp-json\/wp\/v2\/posts"}],"about":[{"href":"https:\/\/www.psyke.es\/en\/wp-json\/wp\/v2\/types\/post"}],"author":[{"embeddable":true,"href":"https:\/\/www.psyke.es\/en\/wp-json\/wp\/v2\/users\/3"}],"replies":[{"embeddable":true,"href":"https:\/\/www.psyke.es\/en\/wp-json\/wp\/v2\/comments?post=6977"}],"version-history":[{"count":0,"href":"https:\/\/www.psyke.es\/en\/wp-json\/wp\/v2\/posts\/6977\/revisions"}],"wp:featuredmedia":[{"embeddable":true,"href":"https:\/\/www.psyke.es\/en\/wp-json\/wp\/v2\/media\/5704"}],"wp:attachment":[{"href":"https:\/\/www.psyke.es\/en\/wp-json\/wp\/v2\/media?parent=6977"}],"wp:term":[{"taxonomy":"category","embeddable":true,"href":"https:\/\/www.psyke.es\/en\/wp-json\/wp\/v2\/categories?post=6977"},{"taxonomy":"post_tag","embeddable":true,"href":"https:\/\/www.psyke.es\/en\/wp-json\/wp\/v2\/tags?post=6977"}],"curies":[{"name":"wp","href":"https:\/\/api.w.org\/{rel}","templated":true}]}}