{"id":7038,"date":"2020-06-08T13:32:37","date_gmt":"2020-06-08T13:32:37","guid":{"rendered":"https:\/\/www.psyke.es\/cuanto-se-sufre-por-no-querer-sufrir\/"},"modified":"2022-02-18T13:48:22","modified_gmt":"2022-02-18T11:48:22","slug":"cuanto-se-sufre-por-no-querer-sufrir","status":"publish","type":"post","link":"https:\/\/www.psyke.es\/en\/cuanto-se-sufre-por-no-querer-sufrir\/","title":{"rendered":"Cu\u00e1nto se sufre por no querer sufrir"},"content":{"rendered":"<p>Cada ser humano alberga dentro de s\u00ed sufrimientos acumulados desde la infancia. Nuestra psique va desarrollando estrategias \u2013la mayor\u00eda inconscientes- que protegen nuestras heridas m\u00e1s profundas para que nadie nos las vuelva a tocar. Vamos generando as\u00ed mecanismos defensivos que pueden ser convenientes, porque nos resguardan de posibles ataques externos pero, muchas veces, perjudiciales, porque nos separan de los dem\u00e1s.<\/p>\n<p>Esta t\u00e1ctica casi autom\u00e1tica va forjando como dos partes dentro de nosotros: una parte \u201cocultadora\u201d que nos esconde el da\u00f1o para que no nos duela (nuestro ni\u00f1a\/o herido), y otra parte \u201cprotectora\u201d que impide que alguien se acerque peligrosamente y reabra nuestras llagas. Si no procuramos hacer consciente lo inconsciente, iremos creando barreras cada vez m\u00e1s extremas que dificultar\u00e1n nuestras relaciones interpersonales. Lo que nace como un escudo protector, acaba convirti\u00e9ndose en nuestro peor enemigo, ya que magnifica la alerta y la desconfianza, generando todo tipo de creencias err\u00f3neas, percepciones distorsionadas, asunciones inexactas o patrones de pensamientos obsesivos.<\/p>\n<p>Estas dicotom\u00edas internas pueden visibilizarse externamente en personas que se posicionan de entrada \u201ca la defensiva\u201d cuando todav\u00eda no has abierto la boca. Se nota sobre todo cuando una tardanza m\u00e1s de lo habitual, o una llamada que no has hecho cuando tocaba, o una conducta aparentemente incoherente, posicionan a estas personas \u201cdolidas en el alma\u201d y las incapacitan para realizar una \u201casunci\u00f3n generosa\u201d y otorgarte el beneficio de la duda. Para clarificar: ante la sospecha casi siempre piensan mal\u2026<\/p>\n<p>Solo el dolor extremo es capaz de crear este tipo de protecci\u00f3n extrema que te defiende aun cuando no sea necesario. El resultado son comportamientos tan abrasivos que expulsan hasta las relaciones m\u00e1s \u00edntimas, generando a los m\u00e1s dolientes todav\u00eda m\u00e1s dolor. En definitiva, el patr\u00f3n se fragua poco a poco y la percepci\u00f3n de amenaza constante echa mano de la estrategia m\u00e1s da\u00f1ina: el bloqueo emocional que encierra nuestro coraz\u00f3n en una jaula dorada bajo siete llaves.<\/p>\n<p>Y hace falta mucho coraje para ir abriendo los cerrojos e ir despoj\u00e1ndonos de cada una de ellas.<\/p>\n<p>D\u00e9monos cuenta: se sufre m\u00e1s teniendo el coraz\u00f3n cautivo que abierto al amor.<\/p>\n<p>Yo decido correr el riesgo y dejar el m\u00edo al aire libre. Cuando lo da\u00f1en, que lo har\u00e1n, lo sanar\u00e9 a su vez con su misma energ\u00eda amorosa.<\/p>\n<p>El amor no es lo m\u00e1s importante, es lo \u00fanico importante<\/p>\n<p>\u201cTu mente es como un trozo de tierra sembrada con diversos tipos de semillas: de dicha, de paz, de atenci\u00f3n, de entendimiento y de amor, y tambi\u00e9n semillas de rabia, miedo, odio y olvido. Siempre est\u00e1n ah\u00ed, durmiendo debajo de la tierra de tu mente.<\/p>\n<p>Las semillas que m\u00e1s frecuentemente riegues ser\u00e1n las que con m\u00e1s fuerza crecer\u00e1n\u201d -Thich Nhat Hanh, 2006<\/p>\n<p>Vi\u00f1eta del ilustrador uruguayo Christian Orta, alias \u201cCORTA\u201d<\/p>\n","protected":false},"excerpt":{"rendered":"<p>Cada ser humano alberga dentro de s\u00ed sufrimientos acumulados desde la infancia. Nuestra psique va desarrollando estrategias \u2013la mayor\u00eda inconscientes- que protegen nuestras heridas m\u00e1s profundas para que nadie nos las vuelva a tocar. Vamos generando as\u00ed mecanismos defensivos que pueden ser convenientes, porque nos resguardan de posibles ataques externos pero, muchas veces, perjudiciales, porque [&#8230;]<\/p>\n<p><a class=\"btn btn-secondary understrap-read-more-link\" href=\"https:\/\/www.psyke.es\/en\/cuanto-se-sufre-por-no-querer-sufrir\/\">Read More&#8230;<span class=\"screen-reader-text\"> from Cu\u00e1nto se sufre por no querer sufrir<\/span><\/a><\/p>\n","protected":false},"author":3,"featured_media":5725,"comment_status":"open","ping_status":"open","sticky":false,"template":"","format":"standard","meta":{"footnotes":""},"categories":[79],"tags":[],"class_list":["post-7038","post","type-post","status-publish","format-standard","has-post-thumbnail","hentry","category-therapeutic-reflections-emotions"],"yoast_head":"<!-- This site is optimized with the Yoast SEO plugin v27.4 - https:\/\/yoast.com\/product\/yoast-seo-wordpress\/ -->\n<title>Cu\u00e1nto se sufre por no querer sufrir<\/title>\n<meta name=\"description\" content=\"Nuestra psique va desarrollando estrategias \u2013la mayor\u00eda inconscientes- que protegen nuestras heridas m\u00e1s profundas.\" \/>\n<meta name=\"robots\" content=\"index, follow, max-snippet:-1, max-image-preview:large, max-video-preview:-1\" \/>\n<link rel=\"canonical\" href=\"https:\/\/www.psyke.es\/en\/cuanto-se-sufre-por-no-querer-sufrir\/\" \/>\n<meta property=\"og:locale\" content=\"en_US\" \/>\n<meta property=\"og:type\" content=\"article\" \/>\n<meta property=\"og:title\" content=\"Cu\u00e1nto se sufre por no querer sufrir\" \/>\n<meta property=\"og:description\" content=\"Nuestra psique va desarrollando estrategias \u2013la mayor\u00eda inconscientes- que protegen nuestras heridas m\u00e1s profundas.\" \/>\n<meta property=\"og:url\" content=\"https:\/\/www.psyke.es\/en\/cuanto-se-sufre-por-no-querer-sufrir\/\" \/>\n<meta property=\"og:site_name\" content=\"Psyke\" \/>\n<meta property=\"article:published_time\" content=\"2020-06-08T13:32:37+00:00\" \/>\n<meta property=\"article:modified_time\" content=\"2022-02-18T11:48:22+00:00\" \/>\n<meta property=\"og:image\" content=\"https:\/\/www.psyke.es\/wp-content\/uploads\/facebook_posts\/103265933_3693940520676691_9193484808623575544_n_3693940514010025-2.jpg\" \/>\n\t<meta property=\"og:image:width\" content=\"720\" \/>\n\t<meta property=\"og:image:height\" content=\"720\" \/>\n\t<meta property=\"og:image:type\" content=\"image\/jpeg\" \/>\n<meta name=\"author\" content=\"Tha\u00efs Capella\" \/>\n<meta name=\"twitter:card\" content=\"summary_large_image\" \/>\n<meta name=\"twitter:label1\" content=\"Written by\" \/>\n\t<meta name=\"twitter:data1\" content=\"Tha\u00efs Capella\" \/>\n\t<meta name=\"twitter:label2\" content=\"Est. reading time\" \/>\n\t<meta name=\"twitter:data2\" content=\"2 minutes\" \/>\n<script type=\"application\/ld+json\" class=\"yoast-schema-graph\">{\"@context\":\"https:\\\/\\\/schema.org\",\"@graph\":[{\"@type\":\"Article\",\"@id\":\"https:\\\/\\\/www.psyke.es\\\/en\\\/cuanto-se-sufre-por-no-querer-sufrir\\\/#article\",\"isPartOf\":{\"@id\":\"https:\\\/\\\/www.psyke.es\\\/en\\\/cuanto-se-sufre-por-no-querer-sufrir\\\/\"},\"author\":{\"name\":\"Tha\u00efs Capella\",\"@id\":\"https:\\\/\\\/www.psyke.es\\\/en\\\/#\\\/schema\\\/person\\\/87774a2e60512484c09407be020d551a\"},\"headline\":\"Cu\u00e1nto se sufre por no querer sufrir\",\"datePublished\":\"2020-06-08T13:32:37+00:00\",\"dateModified\":\"2022-02-18T11:48:22+00:00\",\"mainEntityOfPage\":{\"@id\":\"https:\\\/\\\/www.psyke.es\\\/en\\\/cuanto-se-sufre-por-no-querer-sufrir\\\/\"},\"wordCount\":506,\"commentCount\":0,\"image\":{\"@id\":\"https:\\\/\\\/www.psyke.es\\\/en\\\/cuanto-se-sufre-por-no-querer-sufrir\\\/#primaryimage\"},\"thumbnailUrl\":\"https:\\\/\\\/www.psyke.es\\\/wp-content\\\/uploads\\\/facebook_posts\\\/103265933_3693940520676691_9193484808623575544_n_3693940514010025-2.jpg\",\"articleSection\":[\"Emotions\"],\"inLanguage\":\"en-US\",\"potentialAction\":[{\"@type\":\"CommentAction\",\"name\":\"Comment\",\"target\":[\"https:\\\/\\\/www.psyke.es\\\/en\\\/cuanto-se-sufre-por-no-querer-sufrir\\\/#respond\"]}]},{\"@type\":\"WebPage\",\"@id\":\"https:\\\/\\\/www.psyke.es\\\/en\\\/cuanto-se-sufre-por-no-querer-sufrir\\\/\",\"url\":\"https:\\\/\\\/www.psyke.es\\\/en\\\/cuanto-se-sufre-por-no-querer-sufrir\\\/\",\"name\":\"Cu\u00e1nto se sufre por no querer sufrir\",\"isPartOf\":{\"@id\":\"https:\\\/\\\/www.psyke.es\\\/en\\\/#website\"},\"primaryImageOfPage\":{\"@id\":\"https:\\\/\\\/www.psyke.es\\\/en\\\/cuanto-se-sufre-por-no-querer-sufrir\\\/#primaryimage\"},\"image\":{\"@id\":\"https:\\\/\\\/www.psyke.es\\\/en\\\/cuanto-se-sufre-por-no-querer-sufrir\\\/#primaryimage\"},\"thumbnailUrl\":\"https:\\\/\\\/www.psyke.es\\\/wp-content\\\/uploads\\\/facebook_posts\\\/103265933_3693940520676691_9193484808623575544_n_3693940514010025-2.jpg\",\"datePublished\":\"2020-06-08T13:32:37+00:00\",\"dateModified\":\"2022-02-18T11:48:22+00:00\",\"author\":{\"@id\":\"https:\\\/\\\/www.psyke.es\\\/en\\\/#\\\/schema\\\/person\\\/87774a2e60512484c09407be020d551a\"},\"description\":\"Nuestra psique va desarrollando estrategias \u2013la mayor\u00eda inconscientes- que protegen nuestras heridas m\u00e1s profundas.\",\"breadcrumb\":{\"@id\":\"https:\\\/\\\/www.psyke.es\\\/en\\\/cuanto-se-sufre-por-no-querer-sufrir\\\/#breadcrumb\"},\"inLanguage\":\"en-US\",\"potentialAction\":[{\"@type\":\"ReadAction\",\"target\":[\"https:\\\/\\\/www.psyke.es\\\/en\\\/cuanto-se-sufre-por-no-querer-sufrir\\\/\"]}]},{\"@type\":\"ImageObject\",\"inLanguage\":\"en-US\",\"@id\":\"https:\\\/\\\/www.psyke.es\\\/en\\\/cuanto-se-sufre-por-no-querer-sufrir\\\/#primaryimage\",\"url\":\"https:\\\/\\\/www.psyke.es\\\/wp-content\\\/uploads\\\/facebook_posts\\\/103265933_3693940520676691_9193484808623575544_n_3693940514010025-2.jpg\",\"contentUrl\":\"https:\\\/\\\/www.psyke.es\\\/wp-content\\\/uploads\\\/facebook_posts\\\/103265933_3693940520676691_9193484808623575544_n_3693940514010025-2.jpg\",\"width\":720,\"height\":720},{\"@type\":\"BreadcrumbList\",\"@id\":\"https:\\\/\\\/www.psyke.es\\\/en\\\/cuanto-se-sufre-por-no-querer-sufrir\\\/#breadcrumb\",\"itemListElement\":[{\"@type\":\"ListItem\",\"position\":1,\"name\":\"Portada\",\"item\":\"https:\\\/\\\/www.psyke.es\\\/en\\\/\"},{\"@type\":\"ListItem\",\"position\":2,\"name\":\"Cu\u00e1nto se sufre por no querer sufrir\"}]},{\"@type\":\"WebSite\",\"@id\":\"https:\\\/\\\/www.psyke.es\\\/en\\\/#website\",\"url\":\"https:\\\/\\\/www.psyke.es\\\/en\\\/\",\"name\":\"Psyke\",\"description\":\"Centro de Psicolog\u00eda\",\"potentialAction\":[{\"@type\":\"SearchAction\",\"target\":{\"@type\":\"EntryPoint\",\"urlTemplate\":\"https:\\\/\\\/www.psyke.es\\\/en\\\/?s={search_term_string}\"},\"query-input\":{\"@type\":\"PropertyValueSpecification\",\"valueRequired\":true,\"valueName\":\"search_term_string\"}}],\"inLanguage\":\"en-US\"},{\"@type\":\"Person\",\"@id\":\"https:\\\/\\\/www.psyke.es\\\/en\\\/#\\\/schema\\\/person\\\/87774a2e60512484c09407be020d551a\",\"name\":\"Tha\u00efs Capella\",\"image\":{\"@type\":\"ImageObject\",\"inLanguage\":\"en-US\",\"@id\":\"https:\\\/\\\/secure.gravatar.com\\\/avatar\\\/71847c79c196fcb2761a3960e77f33ed0e684732f3145d9b4af037b8ed17c94c?s=96&d=mm&r=g\",\"url\":\"https:\\\/\\\/secure.gravatar.com\\\/avatar\\\/71847c79c196fcb2761a3960e77f33ed0e684732f3145d9b4af037b8ed17c94c?s=96&d=mm&r=g\",\"contentUrl\":\"https:\\\/\\\/secure.gravatar.com\\\/avatar\\\/71847c79c196fcb2761a3960e77f33ed0e684732f3145d9b4af037b8ed17c94c?s=96&d=mm&r=g\",\"caption\":\"Tha\u00efs Capella\"},\"sameAs\":[\"http:\\\/\\\/psyke.es\"]}]}<\/script>\n<!-- \/ Yoast SEO plugin. -->","yoast_head_json":{"title":"Cu\u00e1nto se sufre por no querer sufrir","description":"Nuestra psique va desarrollando estrategias \u2013la mayor\u00eda inconscientes- que protegen nuestras heridas m\u00e1s profundas.","robots":{"index":"index","follow":"follow","max-snippet":"max-snippet:-1","max-image-preview":"max-image-preview:large","max-video-preview":"max-video-preview:-1"},"canonical":"https:\/\/www.psyke.es\/en\/cuanto-se-sufre-por-no-querer-sufrir\/","og_locale":"en_US","og_type":"article","og_title":"Cu\u00e1nto se sufre por no querer sufrir","og_description":"Nuestra psique va desarrollando estrategias \u2013la mayor\u00eda inconscientes- que protegen nuestras heridas m\u00e1s profundas.","og_url":"https:\/\/www.psyke.es\/en\/cuanto-se-sufre-por-no-querer-sufrir\/","og_site_name":"Psyke","article_published_time":"2020-06-08T13:32:37+00:00","article_modified_time":"2022-02-18T11:48:22+00:00","og_image":[{"width":720,"height":720,"url":"https:\/\/www.psyke.es\/wp-content\/uploads\/facebook_posts\/103265933_3693940520676691_9193484808623575544_n_3693940514010025-2.jpg","type":"image\/jpeg"}],"author":"Tha\u00efs Capella","twitter_card":"summary_large_image","twitter_misc":{"Written by":"Tha\u00efs Capella","Est. reading time":"2 minutes"},"schema":{"@context":"https:\/\/schema.org","@graph":[{"@type":"Article","@id":"https:\/\/www.psyke.es\/en\/cuanto-se-sufre-por-no-querer-sufrir\/#article","isPartOf":{"@id":"https:\/\/www.psyke.es\/en\/cuanto-se-sufre-por-no-querer-sufrir\/"},"author":{"name":"Tha\u00efs Capella","@id":"https:\/\/www.psyke.es\/en\/#\/schema\/person\/87774a2e60512484c09407be020d551a"},"headline":"Cu\u00e1nto se sufre por no querer sufrir","datePublished":"2020-06-08T13:32:37+00:00","dateModified":"2022-02-18T11:48:22+00:00","mainEntityOfPage":{"@id":"https:\/\/www.psyke.es\/en\/cuanto-se-sufre-por-no-querer-sufrir\/"},"wordCount":506,"commentCount":0,"image":{"@id":"https:\/\/www.psyke.es\/en\/cuanto-se-sufre-por-no-querer-sufrir\/#primaryimage"},"thumbnailUrl":"https:\/\/www.psyke.es\/wp-content\/uploads\/facebook_posts\/103265933_3693940520676691_9193484808623575544_n_3693940514010025-2.jpg","articleSection":["Emotions"],"inLanguage":"en-US","potentialAction":[{"@type":"CommentAction","name":"Comment","target":["https:\/\/www.psyke.es\/en\/cuanto-se-sufre-por-no-querer-sufrir\/#respond"]}]},{"@type":"WebPage","@id":"https:\/\/www.psyke.es\/en\/cuanto-se-sufre-por-no-querer-sufrir\/","url":"https:\/\/www.psyke.es\/en\/cuanto-se-sufre-por-no-querer-sufrir\/","name":"Cu\u00e1nto se sufre por no querer sufrir","isPartOf":{"@id":"https:\/\/www.psyke.es\/en\/#website"},"primaryImageOfPage":{"@id":"https:\/\/www.psyke.es\/en\/cuanto-se-sufre-por-no-querer-sufrir\/#primaryimage"},"image":{"@id":"https:\/\/www.psyke.es\/en\/cuanto-se-sufre-por-no-querer-sufrir\/#primaryimage"},"thumbnailUrl":"https:\/\/www.psyke.es\/wp-content\/uploads\/facebook_posts\/103265933_3693940520676691_9193484808623575544_n_3693940514010025-2.jpg","datePublished":"2020-06-08T13:32:37+00:00","dateModified":"2022-02-18T11:48:22+00:00","author":{"@id":"https:\/\/www.psyke.es\/en\/#\/schema\/person\/87774a2e60512484c09407be020d551a"},"description":"Nuestra psique va desarrollando estrategias \u2013la mayor\u00eda inconscientes- que protegen nuestras heridas m\u00e1s profundas.","breadcrumb":{"@id":"https:\/\/www.psyke.es\/en\/cuanto-se-sufre-por-no-querer-sufrir\/#breadcrumb"},"inLanguage":"en-US","potentialAction":[{"@type":"ReadAction","target":["https:\/\/www.psyke.es\/en\/cuanto-se-sufre-por-no-querer-sufrir\/"]}]},{"@type":"ImageObject","inLanguage":"en-US","@id":"https:\/\/www.psyke.es\/en\/cuanto-se-sufre-por-no-querer-sufrir\/#primaryimage","url":"https:\/\/www.psyke.es\/wp-content\/uploads\/facebook_posts\/103265933_3693940520676691_9193484808623575544_n_3693940514010025-2.jpg","contentUrl":"https:\/\/www.psyke.es\/wp-content\/uploads\/facebook_posts\/103265933_3693940520676691_9193484808623575544_n_3693940514010025-2.jpg","width":720,"height":720},{"@type":"BreadcrumbList","@id":"https:\/\/www.psyke.es\/en\/cuanto-se-sufre-por-no-querer-sufrir\/#breadcrumb","itemListElement":[{"@type":"ListItem","position":1,"name":"Portada","item":"https:\/\/www.psyke.es\/en\/"},{"@type":"ListItem","position":2,"name":"Cu\u00e1nto se sufre por no querer sufrir"}]},{"@type":"WebSite","@id":"https:\/\/www.psyke.es\/en\/#website","url":"https:\/\/www.psyke.es\/en\/","name":"Psyke","description":"Centro de Psicolog\u00eda","potentialAction":[{"@type":"SearchAction","target":{"@type":"EntryPoint","urlTemplate":"https:\/\/www.psyke.es\/en\/?s={search_term_string}"},"query-input":{"@type":"PropertyValueSpecification","valueRequired":true,"valueName":"search_term_string"}}],"inLanguage":"en-US"},{"@type":"Person","@id":"https:\/\/www.psyke.es\/en\/#\/schema\/person\/87774a2e60512484c09407be020d551a","name":"Tha\u00efs Capella","image":{"@type":"ImageObject","inLanguage":"en-US","@id":"https:\/\/secure.gravatar.com\/avatar\/71847c79c196fcb2761a3960e77f33ed0e684732f3145d9b4af037b8ed17c94c?s=96&d=mm&r=g","url":"https:\/\/secure.gravatar.com\/avatar\/71847c79c196fcb2761a3960e77f33ed0e684732f3145d9b4af037b8ed17c94c?s=96&d=mm&r=g","contentUrl":"https:\/\/secure.gravatar.com\/avatar\/71847c79c196fcb2761a3960e77f33ed0e684732f3145d9b4af037b8ed17c94c?s=96&d=mm&r=g","caption":"Tha\u00efs Capella"},"sameAs":["http:\/\/psyke.es"]}]}},"post_mailing_queue_ids":[],"_links":{"self":[{"href":"https:\/\/www.psyke.es\/en\/wp-json\/wp\/v2\/posts\/7038","targetHints":{"allow":["GET"]}}],"collection":[{"href":"https:\/\/www.psyke.es\/en\/wp-json\/wp\/v2\/posts"}],"about":[{"href":"https:\/\/www.psyke.es\/en\/wp-json\/wp\/v2\/types\/post"}],"author":[{"embeddable":true,"href":"https:\/\/www.psyke.es\/en\/wp-json\/wp\/v2\/users\/3"}],"replies":[{"embeddable":true,"href":"https:\/\/www.psyke.es\/en\/wp-json\/wp\/v2\/comments?post=7038"}],"version-history":[{"count":0,"href":"https:\/\/www.psyke.es\/en\/wp-json\/wp\/v2\/posts\/7038\/revisions"}],"wp:featuredmedia":[{"embeddable":true,"href":"https:\/\/www.psyke.es\/en\/wp-json\/wp\/v2\/media\/5725"}],"wp:attachment":[{"href":"https:\/\/www.psyke.es\/en\/wp-json\/wp\/v2\/media?parent=7038"}],"wp:term":[{"taxonomy":"category","embeddable":true,"href":"https:\/\/www.psyke.es\/en\/wp-json\/wp\/v2\/categories?post=7038"},{"taxonomy":"post_tag","embeddable":true,"href":"https:\/\/www.psyke.es\/en\/wp-json\/wp\/v2\/tags?post=7038"}],"curies":[{"name":"wp","href":"https:\/\/api.w.org\/{rel}","templated":true}]}}