{"id":7041,"date":"2020-06-01T13:35:03","date_gmt":"2020-06-01T13:35:03","guid":{"rendered":"https:\/\/www.psyke.es\/de-las-dificultades-crecen-los-milagros\/"},"modified":"2022-02-18T13:49:41","modified_gmt":"2022-02-18T11:49:41","slug":"de-las-dificultades-crecen-los-milagros","status":"publish","type":"post","link":"https:\/\/www.psyke.es\/en\/de-las-dificultades-crecen-los-milagros\/","title":{"rendered":"\u201cde las dificultades, crecen los milagros\u201d \u2013Jean de la Bruy\u00e8re"},"content":{"rendered":"<p>Se ve\u00eda venir. Despu\u00e9s de sostenernos ante las avalanchas externas de esta pandemia, empezaron los desmoronamientos internos reclamando a sus v\u00edctimas: las relaciones interpersonales. Suponen una de nuestras mayores fuentes de estr\u00e9s por necesitarlas (somos animales sociales) y, a veces, odiarlas (por la capacidad de hacernos da\u00f1o). Es evidente que esta situaci\u00f3n v\u00edrica nos ha convertido en vulnerables \u201cc\u00e9lulas sin membrana\u201d, en la que un ligero soplo de brisa nos puede producir un hurac\u00e1n visceral capaz de hacer que todos vuelen por los aires.<\/p>\n<p>La irritabilidad propia del contexto se hace patente: y qu\u00e9 dif\u00edcil es trazar la delgada l\u00ednea roja que delimita hasta d\u00f3nde te permito invadirme con tus miedos y necesidades, y hasta d\u00f3nde permites t\u00fa que te invada yo con los m\u00edos. En todas las modalidades relacionales (pareja, familia, amistades\u2026) nuestro subconsciente juega un rol principal y delicado si no indagamos dentro de \u00e9l con valent\u00eda. Y eso -por desgracia- solo suele ocurrir cuando se expresa abrupta y destructivamente en base a actitudes defensivas primitivas que emergen, cuan monstruosos fantasmas, ante nuestro propio asombro.<\/p>\n<p>Aprovechemos esta oportunidad para investigar en nuestro interior \u201c\u00bfdesde qu\u00e9 lugar estoy respondiendo a tal o cual situaci\u00f3n?\u201d \u00bfdesde mi propia frustraci\u00f3n? \u00bfdesde la envidia? \u00bfdesde el miedo a no perder tu cari\u00f1o? Nuestro organismo biol\u00f3gico hered\u00f3 estas estrategias, nos gusten o no, hace miles de a\u00f1os y, si no estamos alertas y las analizamos, su acecho puede repetirse una y otra vez, llegando a destruir relaciones preciadas y, sobre todo, necesarias para seguir conectados socialmente.<\/p>\n<p>Las personas que asisten a mis cursos saben la diferencia entre actuar desde de nuestro cerebro reptiliano primitivo (altamente competitivo) y nuestro c\u00f3rtex-prefrontal evolucionado (cooperativo). Y tambi\u00e9n saben que hemos de hacer un esfuerzo consciente para acogernos a las cualidades elevadas humanas de ese cerebro cooperativo para no dejarnos arrastrar y hacer algo de lo que luego casi siempre nos arrepentimos.<\/p>\n<p>Aclaraci\u00f3n: Es m\u00e1s f\u00e1cil decirlo que hacerlo\u2026<\/p>\n<p>Por eso aporto dos estrategias pr\u00e1cticas:<\/p>\n<p>1) imaginemos que en nuestro conflicto particular estamos convencidos de que tenemos el 100% de la raz\u00f3n. Es decir, SIEMPRE\u2026<\/p>\n<p>Empezamos por abrir \u2013con humildad relativa- una peque\u00f1a ventana de tolerancia a nuestra frustraci\u00f3n para deliberadamente auto-observarnos: vamos a asumir de entrada que solo tenemos el 97% de raz\u00f3n, con lo cual admitimos que 3% restante es \u00fanicamente nuestra responsabilidad. Desde ese escueto 3%, pregunt\u00e9monos: \u00bfQu\u00e9 estoy haciendo yo en esta relaci\u00f3n que est\u00e1 produciendo esta discordia? \u00bfEs mi \u201csobre-entregarme\u201d? \u00bfEs mi asunci\u00f3n de un compromiso impl\u00edcito que hace que el otro se crea que me debo a \u00e9l? O lo que es peor: \u00bfEs mi creencia (lo que los dem\u00e1s me han hecho creer, y yo he comprado) de que \u201cno soy suficiente\u201d que hace que me pliegue una y otra vez ante los designios de los dem\u00e1s, olvid\u00e1ndome de m\u00ed?<\/p>\n<p>2) ante situaciones de desavenencias relacionales, hemos de dejar de preguntarnos \u201cpor qu\u00e9 me pasa esto a m\u00ed\u201d, y empezar a preguntarnos \u201cpor qu\u00e9 est\u00e1 pasando esto PARA m\u00ed\u201d. Y abrirnos al aprendizaje que aporta la dificultad. Solo as\u00ed aumentamos nuestro autoconocimiento, crucial para interactuar con el entorno \u00bfsi no s\u00e9 qui\u00e9n soy, c\u00f3mo puedo relacionarme con los dem\u00e1s?<\/p>\n<p>Ya lo dec\u00eda S\u00f3crates:&#8221;Por el momento soy incapaz (\u2026) de conocerme a m\u00ed mismo. Me parece rid\u00edculo, por tanto, que el que no sabe todav\u00eda de s\u00ed mismo, se ponga a investigar sobre otras cosas antes de comprender esto&#8221;.<\/p>\n<p>Las preguntas ayudan a darte cuenta de tu patr\u00f3n. Solo as\u00ed podr\u00e1s romperlo y sanar tu coraz\u00f3n, y as\u00ed no repetirlo malsanamente para ti y para los dem\u00e1s\u2026<\/p>\n<p>Nos co-creamos a trav\u00e9s de nuestras relaciones. Todas son tremendamente esenciales para nuestra evoluci\u00f3n como personas y necesarias para forjar nuestra identidad. Por eso hay que agradecer lo que nos aportan: de compa\u00f1\u00eda, amor, crecimiento, sapiencia\u2026 poniendo en valor tambi\u00e9n lo que aportamos nosotros en los mismos t\u00e9rminos\u2026<\/p>\n<p>Lo que hayamos podido crecer en esa interacci\u00f3n depender\u00e1 exclusivamente de lo que estemos dispuestos a investigar consciente y honestamente en nuestro interior y, si es lo que corresponde, acordar que siempre es mejor para cualquier relaci\u00f3n \u201cestar BIEN que estar CONTIGO\u201d, aunque ese BIEN suponga estar lejos de t\u00ed\u2026<\/p>\n<p>Vi\u00f1eta de la ilustradora espa\u00f1ola Flavia \u00c1lvarez-Pedrosa Pruvost, m\u00e1s conocida por Flavita Banana.<\/p>\n","protected":false},"excerpt":{"rendered":"<p>Se ve\u00eda venir. Despu\u00e9s de sostenernos ante las avalanchas externas de esta pandemia, empezaron los desmoronamientos internos reclamando a sus v\u00edctimas: las relaciones interpersonales. Suponen una de nuestras mayores fuentes de estr\u00e9s por necesitarlas (somos animales sociales) y, a veces, odiarlas (por la capacidad de hacernos da\u00f1o). Es evidente que esta situaci\u00f3n v\u00edrica nos ha [&#8230;]<\/p>\n<p><a class=\"btn btn-secondary understrap-read-more-link\" href=\"https:\/\/www.psyke.es\/en\/de-las-dificultades-crecen-los-milagros\/\">Read More&#8230;<span class=\"screen-reader-text\"> from \u201cde las dificultades, crecen los milagros\u201d \u2013Jean de la Bruy\u00e8re<\/span><\/a><\/p>\n","protected":false},"author":3,"featured_media":5726,"comment_status":"open","ping_status":"open","sticky":false,"template":"","format":"standard","meta":{"footnotes":""},"categories":[81],"tags":[],"class_list":["post-7041","post","type-post","status-publish","format-standard","has-post-thumbnail","hentry","category-therapeutic-reflections-personal-growth"],"yoast_head":"<!-- This site is optimized with the Yoast SEO plugin v27.4 - https:\/\/yoast.com\/product\/yoast-seo-wordpress\/ -->\n<title>\u201cde las dificultades, crecen los milagros\u201d \u2013Jean de la Bruy\u00e8re<\/title>\n<meta name=\"description\" content=\"La irritabilidad se hace patente y qu\u00e9 dif\u00edcil es trazar la l\u00ednea roja que delimita hasta d\u00f3nde te permito invadirme con miedos y necesidades.\" \/>\n<meta name=\"robots\" content=\"index, follow, max-snippet:-1, max-image-preview:large, max-video-preview:-1\" \/>\n<link rel=\"canonical\" href=\"https:\/\/www.psyke.es\/en\/de-las-dificultades-crecen-los-milagros\/\" \/>\n<meta property=\"og:locale\" content=\"en_US\" \/>\n<meta property=\"og:type\" content=\"article\" \/>\n<meta property=\"og:title\" content=\"\u201cde las dificultades, crecen los milagros\u201d \u2013Jean de la Bruy\u00e8re\" \/>\n<meta property=\"og:description\" content=\"La irritabilidad se hace patente y qu\u00e9 dif\u00edcil es trazar la l\u00ednea roja que delimita hasta d\u00f3nde te permito invadirme con miedos y necesidades.\" \/>\n<meta property=\"og:url\" content=\"https:\/\/www.psyke.es\/en\/de-las-dificultades-crecen-los-milagros\/\" \/>\n<meta property=\"og:site_name\" content=\"Psyke\" \/>\n<meta property=\"article:published_time\" content=\"2020-06-01T13:35:03+00:00\" \/>\n<meta property=\"article:modified_time\" content=\"2022-02-18T11:49:41+00:00\" \/>\n<meta property=\"og:image\" content=\"https:\/\/www.psyke.es\/wp-content\/uploads\/facebook_posts\/101062733_3665787486825328_6246460900404887552_n_3665787480158662-2.jpg\" \/>\n\t<meta property=\"og:image:width\" content=\"480\" \/>\n\t<meta property=\"og:image:height\" content=\"352\" \/>\n\t<meta property=\"og:image:type\" content=\"image\/jpeg\" \/>\n<meta name=\"author\" content=\"Tha\u00efs Capella\" \/>\n<meta name=\"twitter:card\" content=\"summary_large_image\" \/>\n<meta name=\"twitter:label1\" content=\"Written by\" \/>\n\t<meta name=\"twitter:data1\" content=\"Tha\u00efs Capella\" \/>\n\t<meta name=\"twitter:label2\" content=\"Est. reading time\" \/>\n\t<meta name=\"twitter:data2\" content=\"4 minutes\" \/>\n<script type=\"application\/ld+json\" class=\"yoast-schema-graph\">{\"@context\":\"https:\\\/\\\/schema.org\",\"@graph\":[{\"@type\":\"Article\",\"@id\":\"https:\\\/\\\/www.psyke.es\\\/en\\\/de-las-dificultades-crecen-los-milagros\\\/#article\",\"isPartOf\":{\"@id\":\"https:\\\/\\\/www.psyke.es\\\/en\\\/de-las-dificultades-crecen-los-milagros\\\/\"},\"author\":{\"name\":\"Tha\u00efs Capella\",\"@id\":\"https:\\\/\\\/www.psyke.es\\\/en\\\/#\\\/schema\\\/person\\\/87774a2e60512484c09407be020d551a\"},\"headline\":\"\u201cde las dificultades, crecen los milagros\u201d \u2013Jean de la Bruy\u00e8re\",\"datePublished\":\"2020-06-01T13:35:03+00:00\",\"dateModified\":\"2022-02-18T11:49:41+00:00\",\"mainEntityOfPage\":{\"@id\":\"https:\\\/\\\/www.psyke.es\\\/en\\\/de-las-dificultades-crecen-los-milagros\\\/\"},\"wordCount\":769,\"commentCount\":0,\"image\":{\"@id\":\"https:\\\/\\\/www.psyke.es\\\/en\\\/de-las-dificultades-crecen-los-milagros\\\/#primaryimage\"},\"thumbnailUrl\":\"https:\\\/\\\/www.psyke.es\\\/wp-content\\\/uploads\\\/facebook_posts\\\/101062733_3665787486825328_6246460900404887552_n_3665787480158662-2.jpg\",\"articleSection\":[\"Personal Growth\"],\"inLanguage\":\"en-US\",\"potentialAction\":[{\"@type\":\"CommentAction\",\"name\":\"Comment\",\"target\":[\"https:\\\/\\\/www.psyke.es\\\/en\\\/de-las-dificultades-crecen-los-milagros\\\/#respond\"]}]},{\"@type\":\"WebPage\",\"@id\":\"https:\\\/\\\/www.psyke.es\\\/en\\\/de-las-dificultades-crecen-los-milagros\\\/\",\"url\":\"https:\\\/\\\/www.psyke.es\\\/en\\\/de-las-dificultades-crecen-los-milagros\\\/\",\"name\":\"\u201cde las dificultades, crecen los milagros\u201d \u2013Jean de la Bruy\u00e8re\",\"isPartOf\":{\"@id\":\"https:\\\/\\\/www.psyke.es\\\/en\\\/#website\"},\"primaryImageOfPage\":{\"@id\":\"https:\\\/\\\/www.psyke.es\\\/en\\\/de-las-dificultades-crecen-los-milagros\\\/#primaryimage\"},\"image\":{\"@id\":\"https:\\\/\\\/www.psyke.es\\\/en\\\/de-las-dificultades-crecen-los-milagros\\\/#primaryimage\"},\"thumbnailUrl\":\"https:\\\/\\\/www.psyke.es\\\/wp-content\\\/uploads\\\/facebook_posts\\\/101062733_3665787486825328_6246460900404887552_n_3665787480158662-2.jpg\",\"datePublished\":\"2020-06-01T13:35:03+00:00\",\"dateModified\":\"2022-02-18T11:49:41+00:00\",\"author\":{\"@id\":\"https:\\\/\\\/www.psyke.es\\\/en\\\/#\\\/schema\\\/person\\\/87774a2e60512484c09407be020d551a\"},\"description\":\"La irritabilidad se hace patente y qu\u00e9 dif\u00edcil es trazar la l\u00ednea roja que delimita hasta d\u00f3nde te permito invadirme con miedos y necesidades.\",\"breadcrumb\":{\"@id\":\"https:\\\/\\\/www.psyke.es\\\/en\\\/de-las-dificultades-crecen-los-milagros\\\/#breadcrumb\"},\"inLanguage\":\"en-US\",\"potentialAction\":[{\"@type\":\"ReadAction\",\"target\":[\"https:\\\/\\\/www.psyke.es\\\/en\\\/de-las-dificultades-crecen-los-milagros\\\/\"]}]},{\"@type\":\"ImageObject\",\"inLanguage\":\"en-US\",\"@id\":\"https:\\\/\\\/www.psyke.es\\\/en\\\/de-las-dificultades-crecen-los-milagros\\\/#primaryimage\",\"url\":\"https:\\\/\\\/www.psyke.es\\\/wp-content\\\/uploads\\\/facebook_posts\\\/101062733_3665787486825328_6246460900404887552_n_3665787480158662-2.jpg\",\"contentUrl\":\"https:\\\/\\\/www.psyke.es\\\/wp-content\\\/uploads\\\/facebook_posts\\\/101062733_3665787486825328_6246460900404887552_n_3665787480158662-2.jpg\",\"width\":480,\"height\":352},{\"@type\":\"BreadcrumbList\",\"@id\":\"https:\\\/\\\/www.psyke.es\\\/en\\\/de-las-dificultades-crecen-los-milagros\\\/#breadcrumb\",\"itemListElement\":[{\"@type\":\"ListItem\",\"position\":1,\"name\":\"Portada\",\"item\":\"https:\\\/\\\/www.psyke.es\\\/en\\\/\"},{\"@type\":\"ListItem\",\"position\":2,\"name\":\"\u201cde las dificultades, crecen los milagros\u201d \u2013Jean de la Bruy\u00e8re\"}]},{\"@type\":\"WebSite\",\"@id\":\"https:\\\/\\\/www.psyke.es\\\/en\\\/#website\",\"url\":\"https:\\\/\\\/www.psyke.es\\\/en\\\/\",\"name\":\"Psyke\",\"description\":\"Centro de Psicolog\u00eda\",\"potentialAction\":[{\"@type\":\"SearchAction\",\"target\":{\"@type\":\"EntryPoint\",\"urlTemplate\":\"https:\\\/\\\/www.psyke.es\\\/en\\\/?s={search_term_string}\"},\"query-input\":{\"@type\":\"PropertyValueSpecification\",\"valueRequired\":true,\"valueName\":\"search_term_string\"}}],\"inLanguage\":\"en-US\"},{\"@type\":\"Person\",\"@id\":\"https:\\\/\\\/www.psyke.es\\\/en\\\/#\\\/schema\\\/person\\\/87774a2e60512484c09407be020d551a\",\"name\":\"Tha\u00efs Capella\",\"image\":{\"@type\":\"ImageObject\",\"inLanguage\":\"en-US\",\"@id\":\"https:\\\/\\\/secure.gravatar.com\\\/avatar\\\/71847c79c196fcb2761a3960e77f33ed0e684732f3145d9b4af037b8ed17c94c?s=96&d=mm&r=g\",\"url\":\"https:\\\/\\\/secure.gravatar.com\\\/avatar\\\/71847c79c196fcb2761a3960e77f33ed0e684732f3145d9b4af037b8ed17c94c?s=96&d=mm&r=g\",\"contentUrl\":\"https:\\\/\\\/secure.gravatar.com\\\/avatar\\\/71847c79c196fcb2761a3960e77f33ed0e684732f3145d9b4af037b8ed17c94c?s=96&d=mm&r=g\",\"caption\":\"Tha\u00efs Capella\"},\"sameAs\":[\"http:\\\/\\\/psyke.es\"]}]}<\/script>\n<!-- \/ Yoast SEO plugin. -->","yoast_head_json":{"title":"\u201cde las dificultades, crecen los milagros\u201d \u2013Jean de la Bruy\u00e8re","description":"La irritabilidad se hace patente y qu\u00e9 dif\u00edcil es trazar la l\u00ednea roja que delimita hasta d\u00f3nde te permito invadirme con miedos y necesidades.","robots":{"index":"index","follow":"follow","max-snippet":"max-snippet:-1","max-image-preview":"max-image-preview:large","max-video-preview":"max-video-preview:-1"},"canonical":"https:\/\/www.psyke.es\/en\/de-las-dificultades-crecen-los-milagros\/","og_locale":"en_US","og_type":"article","og_title":"\u201cde las dificultades, crecen los milagros\u201d \u2013Jean de la Bruy\u00e8re","og_description":"La irritabilidad se hace patente y qu\u00e9 dif\u00edcil es trazar la l\u00ednea roja que delimita hasta d\u00f3nde te permito invadirme con miedos y necesidades.","og_url":"https:\/\/www.psyke.es\/en\/de-las-dificultades-crecen-los-milagros\/","og_site_name":"Psyke","article_published_time":"2020-06-01T13:35:03+00:00","article_modified_time":"2022-02-18T11:49:41+00:00","og_image":[{"width":480,"height":352,"url":"https:\/\/www.psyke.es\/wp-content\/uploads\/facebook_posts\/101062733_3665787486825328_6246460900404887552_n_3665787480158662-2.jpg","type":"image\/jpeg"}],"author":"Tha\u00efs Capella","twitter_card":"summary_large_image","twitter_misc":{"Written by":"Tha\u00efs Capella","Est. reading time":"4 minutes"},"schema":{"@context":"https:\/\/schema.org","@graph":[{"@type":"Article","@id":"https:\/\/www.psyke.es\/en\/de-las-dificultades-crecen-los-milagros\/#article","isPartOf":{"@id":"https:\/\/www.psyke.es\/en\/de-las-dificultades-crecen-los-milagros\/"},"author":{"name":"Tha\u00efs Capella","@id":"https:\/\/www.psyke.es\/en\/#\/schema\/person\/87774a2e60512484c09407be020d551a"},"headline":"\u201cde las dificultades, crecen los milagros\u201d \u2013Jean de la Bruy\u00e8re","datePublished":"2020-06-01T13:35:03+00:00","dateModified":"2022-02-18T11:49:41+00:00","mainEntityOfPage":{"@id":"https:\/\/www.psyke.es\/en\/de-las-dificultades-crecen-los-milagros\/"},"wordCount":769,"commentCount":0,"image":{"@id":"https:\/\/www.psyke.es\/en\/de-las-dificultades-crecen-los-milagros\/#primaryimage"},"thumbnailUrl":"https:\/\/www.psyke.es\/wp-content\/uploads\/facebook_posts\/101062733_3665787486825328_6246460900404887552_n_3665787480158662-2.jpg","articleSection":["Personal Growth"],"inLanguage":"en-US","potentialAction":[{"@type":"CommentAction","name":"Comment","target":["https:\/\/www.psyke.es\/en\/de-las-dificultades-crecen-los-milagros\/#respond"]}]},{"@type":"WebPage","@id":"https:\/\/www.psyke.es\/en\/de-las-dificultades-crecen-los-milagros\/","url":"https:\/\/www.psyke.es\/en\/de-las-dificultades-crecen-los-milagros\/","name":"\u201cde las dificultades, crecen los milagros\u201d \u2013Jean de la Bruy\u00e8re","isPartOf":{"@id":"https:\/\/www.psyke.es\/en\/#website"},"primaryImageOfPage":{"@id":"https:\/\/www.psyke.es\/en\/de-las-dificultades-crecen-los-milagros\/#primaryimage"},"image":{"@id":"https:\/\/www.psyke.es\/en\/de-las-dificultades-crecen-los-milagros\/#primaryimage"},"thumbnailUrl":"https:\/\/www.psyke.es\/wp-content\/uploads\/facebook_posts\/101062733_3665787486825328_6246460900404887552_n_3665787480158662-2.jpg","datePublished":"2020-06-01T13:35:03+00:00","dateModified":"2022-02-18T11:49:41+00:00","author":{"@id":"https:\/\/www.psyke.es\/en\/#\/schema\/person\/87774a2e60512484c09407be020d551a"},"description":"La irritabilidad se hace patente y qu\u00e9 dif\u00edcil es trazar la l\u00ednea roja que delimita hasta d\u00f3nde te permito invadirme con miedos y necesidades.","breadcrumb":{"@id":"https:\/\/www.psyke.es\/en\/de-las-dificultades-crecen-los-milagros\/#breadcrumb"},"inLanguage":"en-US","potentialAction":[{"@type":"ReadAction","target":["https:\/\/www.psyke.es\/en\/de-las-dificultades-crecen-los-milagros\/"]}]},{"@type":"ImageObject","inLanguage":"en-US","@id":"https:\/\/www.psyke.es\/en\/de-las-dificultades-crecen-los-milagros\/#primaryimage","url":"https:\/\/www.psyke.es\/wp-content\/uploads\/facebook_posts\/101062733_3665787486825328_6246460900404887552_n_3665787480158662-2.jpg","contentUrl":"https:\/\/www.psyke.es\/wp-content\/uploads\/facebook_posts\/101062733_3665787486825328_6246460900404887552_n_3665787480158662-2.jpg","width":480,"height":352},{"@type":"BreadcrumbList","@id":"https:\/\/www.psyke.es\/en\/de-las-dificultades-crecen-los-milagros\/#breadcrumb","itemListElement":[{"@type":"ListItem","position":1,"name":"Portada","item":"https:\/\/www.psyke.es\/en\/"},{"@type":"ListItem","position":2,"name":"\u201cde las dificultades, crecen los milagros\u201d \u2013Jean de la Bruy\u00e8re"}]},{"@type":"WebSite","@id":"https:\/\/www.psyke.es\/en\/#website","url":"https:\/\/www.psyke.es\/en\/","name":"Psyke","description":"Centro de Psicolog\u00eda","potentialAction":[{"@type":"SearchAction","target":{"@type":"EntryPoint","urlTemplate":"https:\/\/www.psyke.es\/en\/?s={search_term_string}"},"query-input":{"@type":"PropertyValueSpecification","valueRequired":true,"valueName":"search_term_string"}}],"inLanguage":"en-US"},{"@type":"Person","@id":"https:\/\/www.psyke.es\/en\/#\/schema\/person\/87774a2e60512484c09407be020d551a","name":"Tha\u00efs Capella","image":{"@type":"ImageObject","inLanguage":"en-US","@id":"https:\/\/secure.gravatar.com\/avatar\/71847c79c196fcb2761a3960e77f33ed0e684732f3145d9b4af037b8ed17c94c?s=96&d=mm&r=g","url":"https:\/\/secure.gravatar.com\/avatar\/71847c79c196fcb2761a3960e77f33ed0e684732f3145d9b4af037b8ed17c94c?s=96&d=mm&r=g","contentUrl":"https:\/\/secure.gravatar.com\/avatar\/71847c79c196fcb2761a3960e77f33ed0e684732f3145d9b4af037b8ed17c94c?s=96&d=mm&r=g","caption":"Tha\u00efs Capella"},"sameAs":["http:\/\/psyke.es"]}]}},"post_mailing_queue_ids":[],"_links":{"self":[{"href":"https:\/\/www.psyke.es\/en\/wp-json\/wp\/v2\/posts\/7041","targetHints":{"allow":["GET"]}}],"collection":[{"href":"https:\/\/www.psyke.es\/en\/wp-json\/wp\/v2\/posts"}],"about":[{"href":"https:\/\/www.psyke.es\/en\/wp-json\/wp\/v2\/types\/post"}],"author":[{"embeddable":true,"href":"https:\/\/www.psyke.es\/en\/wp-json\/wp\/v2\/users\/3"}],"replies":[{"embeddable":true,"href":"https:\/\/www.psyke.es\/en\/wp-json\/wp\/v2\/comments?post=7041"}],"version-history":[{"count":0,"href":"https:\/\/www.psyke.es\/en\/wp-json\/wp\/v2\/posts\/7041\/revisions"}],"wp:featuredmedia":[{"embeddable":true,"href":"https:\/\/www.psyke.es\/en\/wp-json\/wp\/v2\/media\/5726"}],"wp:attachment":[{"href":"https:\/\/www.psyke.es\/en\/wp-json\/wp\/v2\/media?parent=7041"}],"wp:term":[{"taxonomy":"category","embeddable":true,"href":"https:\/\/www.psyke.es\/en\/wp-json\/wp\/v2\/categories?post=7041"},{"taxonomy":"post_tag","embeddable":true,"href":"https:\/\/www.psyke.es\/en\/wp-json\/wp\/v2\/tags?post=7041"}],"curies":[{"name":"wp","href":"https:\/\/api.w.org\/{rel}","templated":true}]}}