{"id":7053,"date":"2020-05-04T15:05:12","date_gmt":"2020-05-04T15:05:12","guid":{"rendered":"https:\/\/www.psyke.es\/el-imperceptible-efecto-del-estres-es-nuestra-mayor-amenaza-y-lo-que-mas-nos-lleva-prematuramente-a-la-tumba\/"},"modified":"2022-02-18T13:57:27","modified_gmt":"2022-02-18T11:57:27","slug":"el-imperceptible-efecto-del-estres-es-nuestra-mayor-amenaza-y-lo-que-mas-nos-lleva-prematuramente-a-la-tumba","status":"publish","type":"post","link":"https:\/\/www.psyke.es\/en\/el-imperceptible-efecto-del-estres-es-nuestra-mayor-amenaza-y-lo-que-mas-nos-lleva-prematuramente-a-la-tumba\/","title":{"rendered":"El imperceptible efecto del estr\u00e9s es nuestra mayor amenaza, y lo que m\u00e1s nos lleva prematuramente a la tumba"},"content":{"rendered":"<p>Luchamos contra peligros manifiestos con medios externos, cuando el estr\u00e9s es lo que m\u00e1s machaca nuestro \u00fanico medio de defensa interno: el sistema inmunol\u00f3gico, que est\u00e1 constantemente luchando contra bacterias, virus, hongos y cualquier otro organismo invasor atacante. Nos defiende y protege a pesar de nuestros muchos abusos t\u00f3xicos intencionales. Si lo descuidamos, damos la bienvenida a la enfermedad, ya que el sistema se harta de nosotros, por agotamiento, y se deja vencer en la guerra, como si fuera una venganza a nuestra irresponsabilidad.<\/p>\n<p>Esta pandemia se ha topado con nuestro mejor aliado deteriorado a causa el estr\u00e9s, al haber convertido este recurso de supervivencia en un modo de vida que se ha adaptado ciegamente a excesivas demandas cotidianas.<\/p>\n<p>\u00bfQu\u00e9 es el estr\u00e9s y qu\u00e9 ocurre dentro de nosotros bajo su influencia?<br \/>\nEl estr\u00e9s es una respuesta natural de nuestro organismo biol\u00f3gico que nos saca de equilibrio ante un est\u00edmulo que amenaza nuestra existencia para poder salvarnos. El peligro puede ser real o imaginario, no importa porque el cerebro no lo \u201cve\u201d, solo registra el est\u00edmulo que percibimos y al instante desencadena una cascada de adrenalina y cortisol para afrontar esa amenaza, armados hasta las cejas con poder\u00edo hormonal para luchar, salir corriendo o paralizarnos. El cuerpo vuelve al equilibrio paulatinamente al desaparecer la amenaza (si no lo retroalimentamos mentalmente).<\/p>\n<p>Esta elecci\u00f3n fisiol\u00f3gica de todo o nada, antepone salvarnos puntualmente empleando tambi\u00e9n recursos necesarios para sanar heridas, crecer y regenerarnos por dentro. A corto plazo, es tolerable. El problema es cuando ese \u201cdesequilibrio\u201d se convierte en nuestro \u201cnuevo equilibrio\u201d, al hacernos adictos a las hormonas del estr\u00e9s que brotan de agendas imposibles o peligros inventados o magnificados por la mente, destruyendo nuestro sistema inmunol\u00f3gico.<\/p>\n<p>Tres tipos de estr\u00e9s:<br \/>\nEL ESTR\u00c9S F\u00cdSICO es cuando llevas al cuerpo f\u00edsico al l\u00edmite: te rompes una pierna, corres una marat\u00f3n o te sometes a una operaci\u00f3n, por ejemplo, el organismo atiende vigilante nuestra recuperaci\u00f3n.<br \/>\nEL ESTR\u00c9S EMOCIONAL es cuando emergen emociones como el enfado, miedo, tristeza y todas sus derivadas de forma virulenta ante todo tipo de situaciones que nos desbordan.<br \/>\nEL ESTR\u00c9S QU\u00cdMICO se produce por sustancias que generan las emociones mismas, o por medicamentos y drogas psicotr\u00f3picas (legales o ilegales) capaces de influenciar nuestro Sistema Nervioso Central para aminorar el dolor, la inflamaci\u00f3n, o el malestar an\u00edmico.<\/p>\n<p>Muchas situaciones dan lugar a los tres simult\u00e1neamente: si alguien sufre una intervenci\u00f3n quir\u00fargica (f\u00edsica), que le impide estar con su familia (emocional) y se medica para el dolor (qu\u00edmica), puede estar forzando el sistema. La intervenci\u00f3n y la medicina son inevitables en este caso, pero existen t\u00e9cnicas de regulaci\u00f3n para el estr\u00e9s emocional, minimizando el da\u00f1o al sistema.<\/p>\n<p>Un buen ant\u00eddoto es \u2013adem\u00e1s de tomar consciencia de c\u00f3mo transitamos por la vida- robustecer nuestro sistema inmunol\u00f3gico a trav\u00e9s de medidas como el Programa de Prevenci\u00f3n de Estr\u00e9s Basado en Mindfulness (MBSR), que fortalece nuestro sistema, como se ha corroborado en multitud de investigaciones a trav\u00e9s de la medici\u00f3n del marcador prote\u00ednico \u201cinmunoglobulina A (IgA)\u201d, antes y despu\u00e9s del seguimiento del programa.<\/p>\n<p>Tambi\u00e9n nos ayuda a cultivar nuestro equilibrio mental y emocional, generando un espacio de seguridad y estabilidad interior, para poder afrontar las demandas del entorno, tantas veces desafiantes&#8230;<\/p>\n<p>T\u00fa decides&#8230;<\/p>\n<p>Ilustraci\u00f3n: vi\u00f1eta de El Roto<\/p>\n","protected":false},"excerpt":{"rendered":"<p>Luchamos contra peligros manifiestos con medios externos, cuando el estr\u00e9s es lo que m\u00e1s machaca nuestro \u00fanico medio de defensa interno: el sistema inmunol\u00f3gico, que est\u00e1 constantemente luchando contra bacterias, virus, hongos y cualquier otro organismo invasor atacante. Nos defiende y protege a pesar de nuestros muchos abusos t\u00f3xicos intencionales. Si lo descuidamos, damos la [&#8230;]<\/p>\n<p><a class=\"btn btn-secondary understrap-read-more-link\" href=\"https:\/\/www.psyke.es\/en\/el-imperceptible-efecto-del-estres-es-nuestra-mayor-amenaza-y-lo-que-mas-nos-lleva-prematuramente-a-la-tumba\/\">Read More&#8230;<span class=\"screen-reader-text\"> from El imperceptible efecto del estr\u00e9s es nuestra mayor amenaza, y lo que m\u00e1s nos lleva prematuramente a la tumba<\/span><\/a><\/p>\n","protected":false},"author":3,"featured_media":5730,"comment_status":"open","ping_status":"open","sticky":false,"template":"","format":"standard","meta":{"footnotes":""},"categories":[84],"tags":[],"class_list":["post-7053","post","type-post","status-publish","format-standard","has-post-thumbnail","hentry","category-therapeutic-reflections-anxiety-stress"],"yoast_head":"<!-- This site is optimized with the Yoast SEO plugin v27.4 - https:\/\/yoast.com\/product\/yoast-seo-wordpress\/ -->\n<title>el imperceptible efecto del estr\u00e9s es nuestra mayor amenaza, y lo que m\u00e1s nos lleva prematuramente a la tumba<\/title>\n<meta name=\"description\" content=\"Luchamos contra peligros manifiestos, cuando el estr\u00e9s es lo que m\u00e1s machaca nuestro \u00fanico medio de defensa interno: el sistema inmunol\u00f3gico.\" \/>\n<meta name=\"robots\" content=\"index, follow, max-snippet:-1, max-image-preview:large, max-video-preview:-1\" \/>\n<link rel=\"canonical\" href=\"https:\/\/www.psyke.es\/en\/el-imperceptible-efecto-del-estres-es-nuestra-mayor-amenaza-y-lo-que-mas-nos-lleva-prematuramente-a-la-tumba\/\" \/>\n<meta property=\"og:locale\" content=\"en_US\" \/>\n<meta property=\"og:type\" content=\"article\" \/>\n<meta property=\"og:title\" content=\"el imperceptible efecto del estr\u00e9s es nuestra mayor amenaza, y lo que m\u00e1s nos lleva prematuramente a la tumba\" \/>\n<meta property=\"og:description\" content=\"Luchamos contra peligros manifiestos, cuando el estr\u00e9s es lo que m\u00e1s machaca nuestro \u00fanico medio de defensa interno: el sistema inmunol\u00f3gico.\" \/>\n<meta property=\"og:url\" content=\"https:\/\/www.psyke.es\/en\/el-imperceptible-efecto-del-estres-es-nuestra-mayor-amenaza-y-lo-que-mas-nos-lleva-prematuramente-a-la-tumba\/\" \/>\n<meta property=\"og:site_name\" content=\"Psyke\" \/>\n<meta property=\"article:published_time\" content=\"2020-05-04T15:05:12+00:00\" \/>\n<meta property=\"article:modified_time\" content=\"2022-02-18T11:57:27+00:00\" \/>\n<meta property=\"og:image\" content=\"https:\/\/www.psyke.es\/wp-content\/uploads\/facebook_posts\/95444033_3555594304511314_6998933174889742336_n_3555594271177984-2.jpg\" \/>\n\t<meta property=\"og:image:width\" content=\"444\" \/>\n\t<meta property=\"og:image:height\" content=\"310\" \/>\n\t<meta property=\"og:image:type\" content=\"image\/jpeg\" \/>\n<meta name=\"author\" content=\"Tha\u00efs Capella\" \/>\n<meta name=\"twitter:card\" content=\"summary_large_image\" \/>\n<meta name=\"twitter:label1\" content=\"Written by\" \/>\n\t<meta name=\"twitter:data1\" content=\"Tha\u00efs Capella\" \/>\n\t<meta name=\"twitter:label2\" content=\"Est. reading time\" \/>\n\t<meta name=\"twitter:data2\" content=\"3 minutes\" \/>\n<script type=\"application\/ld+json\" class=\"yoast-schema-graph\">{\"@context\":\"https:\\\/\\\/schema.org\",\"@graph\":[{\"@type\":\"Article\",\"@id\":\"https:\\\/\\\/www.psyke.es\\\/en\\\/el-imperceptible-efecto-del-estres-es-nuestra-mayor-amenaza-y-lo-que-mas-nos-lleva-prematuramente-a-la-tumba\\\/#article\",\"isPartOf\":{\"@id\":\"https:\\\/\\\/www.psyke.es\\\/en\\\/el-imperceptible-efecto-del-estres-es-nuestra-mayor-amenaza-y-lo-que-mas-nos-lleva-prematuramente-a-la-tumba\\\/\"},\"author\":{\"name\":\"Tha\u00efs Capella\",\"@id\":\"https:\\\/\\\/www.psyke.es\\\/en\\\/#\\\/schema\\\/person\\\/87774a2e60512484c09407be020d551a\"},\"headline\":\"El imperceptible efecto del estr\u00e9s es nuestra mayor amenaza, y lo que m\u00e1s nos lleva prematuramente a la tumba\",\"datePublished\":\"2020-05-04T15:05:12+00:00\",\"dateModified\":\"2022-02-18T11:57:27+00:00\",\"mainEntityOfPage\":{\"@id\":\"https:\\\/\\\/www.psyke.es\\\/en\\\/el-imperceptible-efecto-del-estres-es-nuestra-mayor-amenaza-y-lo-que-mas-nos-lleva-prematuramente-a-la-tumba\\\/\"},\"wordCount\":617,\"commentCount\":0,\"image\":{\"@id\":\"https:\\\/\\\/www.psyke.es\\\/en\\\/el-imperceptible-efecto-del-estres-es-nuestra-mayor-amenaza-y-lo-que-mas-nos-lleva-prematuramente-a-la-tumba\\\/#primaryimage\"},\"thumbnailUrl\":\"https:\\\/\\\/www.psyke.es\\\/wp-content\\\/uploads\\\/facebook_posts\\\/95444033_3555594304511314_6998933174889742336_n_3555594271177984-2.jpg\",\"articleSection\":[\"Anxiety and stress\"],\"inLanguage\":\"en-US\",\"potentialAction\":[{\"@type\":\"CommentAction\",\"name\":\"Comment\",\"target\":[\"https:\\\/\\\/www.psyke.es\\\/en\\\/el-imperceptible-efecto-del-estres-es-nuestra-mayor-amenaza-y-lo-que-mas-nos-lleva-prematuramente-a-la-tumba\\\/#respond\"]}]},{\"@type\":\"WebPage\",\"@id\":\"https:\\\/\\\/www.psyke.es\\\/en\\\/el-imperceptible-efecto-del-estres-es-nuestra-mayor-amenaza-y-lo-que-mas-nos-lleva-prematuramente-a-la-tumba\\\/\",\"url\":\"https:\\\/\\\/www.psyke.es\\\/en\\\/el-imperceptible-efecto-del-estres-es-nuestra-mayor-amenaza-y-lo-que-mas-nos-lleva-prematuramente-a-la-tumba\\\/\",\"name\":\"el imperceptible efecto del estr\u00e9s es nuestra mayor amenaza, y lo que m\u00e1s nos lleva prematuramente a la tumba\",\"isPartOf\":{\"@id\":\"https:\\\/\\\/www.psyke.es\\\/en\\\/#website\"},\"primaryImageOfPage\":{\"@id\":\"https:\\\/\\\/www.psyke.es\\\/en\\\/el-imperceptible-efecto-del-estres-es-nuestra-mayor-amenaza-y-lo-que-mas-nos-lleva-prematuramente-a-la-tumba\\\/#primaryimage\"},\"image\":{\"@id\":\"https:\\\/\\\/www.psyke.es\\\/en\\\/el-imperceptible-efecto-del-estres-es-nuestra-mayor-amenaza-y-lo-que-mas-nos-lleva-prematuramente-a-la-tumba\\\/#primaryimage\"},\"thumbnailUrl\":\"https:\\\/\\\/www.psyke.es\\\/wp-content\\\/uploads\\\/facebook_posts\\\/95444033_3555594304511314_6998933174889742336_n_3555594271177984-2.jpg\",\"datePublished\":\"2020-05-04T15:05:12+00:00\",\"dateModified\":\"2022-02-18T11:57:27+00:00\",\"author\":{\"@id\":\"https:\\\/\\\/www.psyke.es\\\/en\\\/#\\\/schema\\\/person\\\/87774a2e60512484c09407be020d551a\"},\"description\":\"Luchamos contra peligros manifiestos, cuando el estr\u00e9s es lo que m\u00e1s machaca nuestro \u00fanico medio de defensa interno: el sistema inmunol\u00f3gico.\",\"breadcrumb\":{\"@id\":\"https:\\\/\\\/www.psyke.es\\\/en\\\/el-imperceptible-efecto-del-estres-es-nuestra-mayor-amenaza-y-lo-que-mas-nos-lleva-prematuramente-a-la-tumba\\\/#breadcrumb\"},\"inLanguage\":\"en-US\",\"potentialAction\":[{\"@type\":\"ReadAction\",\"target\":[\"https:\\\/\\\/www.psyke.es\\\/en\\\/el-imperceptible-efecto-del-estres-es-nuestra-mayor-amenaza-y-lo-que-mas-nos-lleva-prematuramente-a-la-tumba\\\/\"]}]},{\"@type\":\"ImageObject\",\"inLanguage\":\"en-US\",\"@id\":\"https:\\\/\\\/www.psyke.es\\\/en\\\/el-imperceptible-efecto-del-estres-es-nuestra-mayor-amenaza-y-lo-que-mas-nos-lleva-prematuramente-a-la-tumba\\\/#primaryimage\",\"url\":\"https:\\\/\\\/www.psyke.es\\\/wp-content\\\/uploads\\\/facebook_posts\\\/95444033_3555594304511314_6998933174889742336_n_3555594271177984-2.jpg\",\"contentUrl\":\"https:\\\/\\\/www.psyke.es\\\/wp-content\\\/uploads\\\/facebook_posts\\\/95444033_3555594304511314_6998933174889742336_n_3555594271177984-2.jpg\",\"width\":444,\"height\":310},{\"@type\":\"BreadcrumbList\",\"@id\":\"https:\\\/\\\/www.psyke.es\\\/en\\\/el-imperceptible-efecto-del-estres-es-nuestra-mayor-amenaza-y-lo-que-mas-nos-lleva-prematuramente-a-la-tumba\\\/#breadcrumb\",\"itemListElement\":[{\"@type\":\"ListItem\",\"position\":1,\"name\":\"Portada\",\"item\":\"https:\\\/\\\/www.psyke.es\\\/en\\\/\"},{\"@type\":\"ListItem\",\"position\":2,\"name\":\"El imperceptible efecto del estr\u00e9s es nuestra mayor amenaza, y lo que m\u00e1s nos lleva prematuramente a la tumba\"}]},{\"@type\":\"WebSite\",\"@id\":\"https:\\\/\\\/www.psyke.es\\\/en\\\/#website\",\"url\":\"https:\\\/\\\/www.psyke.es\\\/en\\\/\",\"name\":\"Psyke\",\"description\":\"Centro de Psicolog\u00eda\",\"potentialAction\":[{\"@type\":\"SearchAction\",\"target\":{\"@type\":\"EntryPoint\",\"urlTemplate\":\"https:\\\/\\\/www.psyke.es\\\/en\\\/?s={search_term_string}\"},\"query-input\":{\"@type\":\"PropertyValueSpecification\",\"valueRequired\":true,\"valueName\":\"search_term_string\"}}],\"inLanguage\":\"en-US\"},{\"@type\":\"Person\",\"@id\":\"https:\\\/\\\/www.psyke.es\\\/en\\\/#\\\/schema\\\/person\\\/87774a2e60512484c09407be020d551a\",\"name\":\"Tha\u00efs Capella\",\"image\":{\"@type\":\"ImageObject\",\"inLanguage\":\"en-US\",\"@id\":\"https:\\\/\\\/secure.gravatar.com\\\/avatar\\\/71847c79c196fcb2761a3960e77f33ed0e684732f3145d9b4af037b8ed17c94c?s=96&d=mm&r=g\",\"url\":\"https:\\\/\\\/secure.gravatar.com\\\/avatar\\\/71847c79c196fcb2761a3960e77f33ed0e684732f3145d9b4af037b8ed17c94c?s=96&d=mm&r=g\",\"contentUrl\":\"https:\\\/\\\/secure.gravatar.com\\\/avatar\\\/71847c79c196fcb2761a3960e77f33ed0e684732f3145d9b4af037b8ed17c94c?s=96&d=mm&r=g\",\"caption\":\"Tha\u00efs Capella\"},\"sameAs\":[\"http:\\\/\\\/psyke.es\"]}]}<\/script>\n<!-- \/ Yoast SEO plugin. -->","yoast_head_json":{"title":"el imperceptible efecto del estr\u00e9s es nuestra mayor amenaza, y lo que m\u00e1s nos lleva prematuramente a la tumba","description":"Luchamos contra peligros manifiestos, cuando el estr\u00e9s es lo que m\u00e1s machaca nuestro \u00fanico medio de defensa interno: el sistema inmunol\u00f3gico.","robots":{"index":"index","follow":"follow","max-snippet":"max-snippet:-1","max-image-preview":"max-image-preview:large","max-video-preview":"max-video-preview:-1"},"canonical":"https:\/\/www.psyke.es\/en\/el-imperceptible-efecto-del-estres-es-nuestra-mayor-amenaza-y-lo-que-mas-nos-lleva-prematuramente-a-la-tumba\/","og_locale":"en_US","og_type":"article","og_title":"el imperceptible efecto del estr\u00e9s es nuestra mayor amenaza, y lo que m\u00e1s nos lleva prematuramente a la tumba","og_description":"Luchamos contra peligros manifiestos, cuando el estr\u00e9s es lo que m\u00e1s machaca nuestro \u00fanico medio de defensa interno: el sistema inmunol\u00f3gico.","og_url":"https:\/\/www.psyke.es\/en\/el-imperceptible-efecto-del-estres-es-nuestra-mayor-amenaza-y-lo-que-mas-nos-lleva-prematuramente-a-la-tumba\/","og_site_name":"Psyke","article_published_time":"2020-05-04T15:05:12+00:00","article_modified_time":"2022-02-18T11:57:27+00:00","og_image":[{"width":444,"height":310,"url":"https:\/\/www.psyke.es\/wp-content\/uploads\/facebook_posts\/95444033_3555594304511314_6998933174889742336_n_3555594271177984-2.jpg","type":"image\/jpeg"}],"author":"Tha\u00efs Capella","twitter_card":"summary_large_image","twitter_misc":{"Written by":"Tha\u00efs Capella","Est. reading time":"3 minutes"},"schema":{"@context":"https:\/\/schema.org","@graph":[{"@type":"Article","@id":"https:\/\/www.psyke.es\/en\/el-imperceptible-efecto-del-estres-es-nuestra-mayor-amenaza-y-lo-que-mas-nos-lleva-prematuramente-a-la-tumba\/#article","isPartOf":{"@id":"https:\/\/www.psyke.es\/en\/el-imperceptible-efecto-del-estres-es-nuestra-mayor-amenaza-y-lo-que-mas-nos-lleva-prematuramente-a-la-tumba\/"},"author":{"name":"Tha\u00efs Capella","@id":"https:\/\/www.psyke.es\/en\/#\/schema\/person\/87774a2e60512484c09407be020d551a"},"headline":"El imperceptible efecto del estr\u00e9s es nuestra mayor amenaza, y lo que m\u00e1s nos lleva prematuramente a la tumba","datePublished":"2020-05-04T15:05:12+00:00","dateModified":"2022-02-18T11:57:27+00:00","mainEntityOfPage":{"@id":"https:\/\/www.psyke.es\/en\/el-imperceptible-efecto-del-estres-es-nuestra-mayor-amenaza-y-lo-que-mas-nos-lleva-prematuramente-a-la-tumba\/"},"wordCount":617,"commentCount":0,"image":{"@id":"https:\/\/www.psyke.es\/en\/el-imperceptible-efecto-del-estres-es-nuestra-mayor-amenaza-y-lo-que-mas-nos-lleva-prematuramente-a-la-tumba\/#primaryimage"},"thumbnailUrl":"https:\/\/www.psyke.es\/wp-content\/uploads\/facebook_posts\/95444033_3555594304511314_6998933174889742336_n_3555594271177984-2.jpg","articleSection":["Anxiety and stress"],"inLanguage":"en-US","potentialAction":[{"@type":"CommentAction","name":"Comment","target":["https:\/\/www.psyke.es\/en\/el-imperceptible-efecto-del-estres-es-nuestra-mayor-amenaza-y-lo-que-mas-nos-lleva-prematuramente-a-la-tumba\/#respond"]}]},{"@type":"WebPage","@id":"https:\/\/www.psyke.es\/en\/el-imperceptible-efecto-del-estres-es-nuestra-mayor-amenaza-y-lo-que-mas-nos-lleva-prematuramente-a-la-tumba\/","url":"https:\/\/www.psyke.es\/en\/el-imperceptible-efecto-del-estres-es-nuestra-mayor-amenaza-y-lo-que-mas-nos-lleva-prematuramente-a-la-tumba\/","name":"el imperceptible efecto del estr\u00e9s es nuestra mayor amenaza, y lo que m\u00e1s nos lleva prematuramente a la tumba","isPartOf":{"@id":"https:\/\/www.psyke.es\/en\/#website"},"primaryImageOfPage":{"@id":"https:\/\/www.psyke.es\/en\/el-imperceptible-efecto-del-estres-es-nuestra-mayor-amenaza-y-lo-que-mas-nos-lleva-prematuramente-a-la-tumba\/#primaryimage"},"image":{"@id":"https:\/\/www.psyke.es\/en\/el-imperceptible-efecto-del-estres-es-nuestra-mayor-amenaza-y-lo-que-mas-nos-lleva-prematuramente-a-la-tumba\/#primaryimage"},"thumbnailUrl":"https:\/\/www.psyke.es\/wp-content\/uploads\/facebook_posts\/95444033_3555594304511314_6998933174889742336_n_3555594271177984-2.jpg","datePublished":"2020-05-04T15:05:12+00:00","dateModified":"2022-02-18T11:57:27+00:00","author":{"@id":"https:\/\/www.psyke.es\/en\/#\/schema\/person\/87774a2e60512484c09407be020d551a"},"description":"Luchamos contra peligros manifiestos, cuando el estr\u00e9s es lo que m\u00e1s machaca nuestro \u00fanico medio de defensa interno: el sistema inmunol\u00f3gico.","breadcrumb":{"@id":"https:\/\/www.psyke.es\/en\/el-imperceptible-efecto-del-estres-es-nuestra-mayor-amenaza-y-lo-que-mas-nos-lleva-prematuramente-a-la-tumba\/#breadcrumb"},"inLanguage":"en-US","potentialAction":[{"@type":"ReadAction","target":["https:\/\/www.psyke.es\/en\/el-imperceptible-efecto-del-estres-es-nuestra-mayor-amenaza-y-lo-que-mas-nos-lleva-prematuramente-a-la-tumba\/"]}]},{"@type":"ImageObject","inLanguage":"en-US","@id":"https:\/\/www.psyke.es\/en\/el-imperceptible-efecto-del-estres-es-nuestra-mayor-amenaza-y-lo-que-mas-nos-lleva-prematuramente-a-la-tumba\/#primaryimage","url":"https:\/\/www.psyke.es\/wp-content\/uploads\/facebook_posts\/95444033_3555594304511314_6998933174889742336_n_3555594271177984-2.jpg","contentUrl":"https:\/\/www.psyke.es\/wp-content\/uploads\/facebook_posts\/95444033_3555594304511314_6998933174889742336_n_3555594271177984-2.jpg","width":444,"height":310},{"@type":"BreadcrumbList","@id":"https:\/\/www.psyke.es\/en\/el-imperceptible-efecto-del-estres-es-nuestra-mayor-amenaza-y-lo-que-mas-nos-lleva-prematuramente-a-la-tumba\/#breadcrumb","itemListElement":[{"@type":"ListItem","position":1,"name":"Portada","item":"https:\/\/www.psyke.es\/en\/"},{"@type":"ListItem","position":2,"name":"El imperceptible efecto del estr\u00e9s es nuestra mayor amenaza, y lo que m\u00e1s nos lleva prematuramente a la tumba"}]},{"@type":"WebSite","@id":"https:\/\/www.psyke.es\/en\/#website","url":"https:\/\/www.psyke.es\/en\/","name":"Psyke","description":"Centro de Psicolog\u00eda","potentialAction":[{"@type":"SearchAction","target":{"@type":"EntryPoint","urlTemplate":"https:\/\/www.psyke.es\/en\/?s={search_term_string}"},"query-input":{"@type":"PropertyValueSpecification","valueRequired":true,"valueName":"search_term_string"}}],"inLanguage":"en-US"},{"@type":"Person","@id":"https:\/\/www.psyke.es\/en\/#\/schema\/person\/87774a2e60512484c09407be020d551a","name":"Tha\u00efs Capella","image":{"@type":"ImageObject","inLanguage":"en-US","@id":"https:\/\/secure.gravatar.com\/avatar\/71847c79c196fcb2761a3960e77f33ed0e684732f3145d9b4af037b8ed17c94c?s=96&d=mm&r=g","url":"https:\/\/secure.gravatar.com\/avatar\/71847c79c196fcb2761a3960e77f33ed0e684732f3145d9b4af037b8ed17c94c?s=96&d=mm&r=g","contentUrl":"https:\/\/secure.gravatar.com\/avatar\/71847c79c196fcb2761a3960e77f33ed0e684732f3145d9b4af037b8ed17c94c?s=96&d=mm&r=g","caption":"Tha\u00efs Capella"},"sameAs":["http:\/\/psyke.es"]}]}},"post_mailing_queue_ids":[],"_links":{"self":[{"href":"https:\/\/www.psyke.es\/en\/wp-json\/wp\/v2\/posts\/7053","targetHints":{"allow":["GET"]}}],"collection":[{"href":"https:\/\/www.psyke.es\/en\/wp-json\/wp\/v2\/posts"}],"about":[{"href":"https:\/\/www.psyke.es\/en\/wp-json\/wp\/v2\/types\/post"}],"author":[{"embeddable":true,"href":"https:\/\/www.psyke.es\/en\/wp-json\/wp\/v2\/users\/3"}],"replies":[{"embeddable":true,"href":"https:\/\/www.psyke.es\/en\/wp-json\/wp\/v2\/comments?post=7053"}],"version-history":[{"count":0,"href":"https:\/\/www.psyke.es\/en\/wp-json\/wp\/v2\/posts\/7053\/revisions"}],"wp:featuredmedia":[{"embeddable":true,"href":"https:\/\/www.psyke.es\/en\/wp-json\/wp\/v2\/media\/5730"}],"wp:attachment":[{"href":"https:\/\/www.psyke.es\/en\/wp-json\/wp\/v2\/media?parent=7053"}],"wp:term":[{"taxonomy":"category","embeddable":true,"href":"https:\/\/www.psyke.es\/en\/wp-json\/wp\/v2\/categories?post=7053"},{"taxonomy":"post_tag","embeddable":true,"href":"https:\/\/www.psyke.es\/en\/wp-json\/wp\/v2\/tags?post=7053"}],"curies":[{"name":"wp","href":"https:\/\/api.w.org\/{rel}","templated":true}]}}