{"id":7093,"date":"2020-02-03T13:45:13","date_gmt":"2020-02-03T13:45:13","guid":{"rendered":"https:\/\/www.psyke.es\/salta-y-aparecera-la-red\/"},"modified":"2022-02-18T14:38:46","modified_gmt":"2022-02-18T12:38:46","slug":"salta-y-aparecera-la-red","status":"publish","type":"post","link":"https:\/\/www.psyke.es\/en\/salta-y-aparecera-la-red\/","title":{"rendered":"\u201cSalta y aparecer\u00e1 la red\u201d. \u2013John Burroughs"},"content":{"rendered":"<p>Que el miedo nos alerta y nos paraliza en nuestra vida cotidiana, cuando la mayor\u00eda de veces no toca, es una evidencia. Se supone que el miedo es una emoci\u00f3n que nos tiene que proteger, siendo su principal funci\u00f3n asegurarse de que no vamos a exponernos existencialmente (jug\u00e1ndonos la propia existencia, me refiero) ante peligros amenazantes. Y lo consigue.<\/p>\n<p>Si tenemos muchos, viviremos una vida limitada a lo seguro y conocido. No sabremos nunca lo que hay \u201cal otro lado\u201d del muro por no atrevernos a mirar, no sea que aparezca un drag\u00f3n inimaginable que nos engulla.<\/p>\n<p>El coraje ha de presentarse en escena para poder sobrepasar esos miedos. Ya sabemos que no hay valent\u00eda si no se encuentra con el miedo de cara y lo vence (aun teniendo miedo, ojo, precisamente por eso se llama coraje). La cuesti\u00f3n es que \u00a1c\u00f3mo vamos a poder desmentir nuestras barreras afianzadas por nuestra historia de vida si no nos atrevemos a saltar \u201cal otro lado\u201d?<\/p>\n<p>Hay tantos ejemplos de vida que nos recuerdan que es posible, que hemos de hacer un ejercicio de torpeza consciente para no verlos:<\/p>\n<p>Cre\u00eda que nunca podr\u00eda nadar, y nado\u2026<br \/>\nCre\u00eda que no sab\u00eda pintar, y pinto\u2026<br \/>\nSiempre pens\u00e9 que no sabr\u00eda ser feliz sin estar acompa\u00f1ada, y ahora venero mi libertad\u2026<br \/>\nNunca pens\u00e9 que me volver\u00eda a enamorar, y me he enamorado\u2026<\/p>\n<p>Proponernos \u201clanzarnos sin miedo\u201d es una imbecilidad. Pues justo es el miedo lo que nos ha frenado.<br \/>\nHemos de tirarnos al agua con miedo para poder aprender a nadar. Si esperamos a no tenerlo \u00a1\u00a1nunca aprenderemos!!<\/p>\n<p>Por cierto, la red aparece porque la llevamos puesta. Son nuestros propios recursos, pero no lo sabemos\u2026<\/p>\n<p>De Burroughs es tambi\u00e9n esta cita de cierre: \u201cun ser humano puede desmotivarse muchas veces, pero no sentir\u00e1 el verdadero fracaso hasta que empiece a culpar a los dem\u00e1s y deje de intentarlo\u201d<\/p>\n<p>Ilustraci\u00f3n de Lisa Congdon para el libro \u201cWhatever You Are, Be a Good One\u201d<\/p>\n","protected":false},"excerpt":{"rendered":"<p>Que el miedo nos alerta y nos paraliza en nuestra vida cotidiana, cuando la mayor\u00eda de veces no toca, es una evidencia. Se supone que el miedo es una emoci\u00f3n que nos tiene que proteger, siendo su principal funci\u00f3n asegurarse de que no vamos a exponernos existencialmente (jug\u00e1ndonos la propia existencia, me refiero) ante peligros [&#8230;]<\/p>\n<p><a class=\"btn btn-secondary understrap-read-more-link\" href=\"https:\/\/www.psyke.es\/en\/salta-y-aparecera-la-red\/\">Read More&#8230;<span class=\"screen-reader-text\"> from \u201cSalta y aparecer\u00e1 la red\u201d. \u2013John Burroughs<\/span><\/a><\/p>\n","protected":false},"author":3,"featured_media":5743,"comment_status":"open","ping_status":"open","sticky":false,"template":"","format":"standard","meta":{"footnotes":""},"categories":[79],"tags":[],"class_list":["post-7093","post","type-post","status-publish","format-standard","has-post-thumbnail","hentry","category-therapeutic-reflections-emotions"],"yoast_head":"<!-- This site is optimized with the Yoast SEO plugin v27.4 - https:\/\/yoast.com\/product\/yoast-seo-wordpress\/ -->\n<title>\u201cSalta y aparecer\u00e1 la red\u201d. \u2013John Burroughs<\/title>\n<meta name=\"description\" content=\"Que el miedo nos alerta y nos paraliza en nuestra vida cotidiana, cuando la mayor\u00eda de veces no toca, es una evidencia.\" \/>\n<meta name=\"robots\" content=\"index, follow, max-snippet:-1, max-image-preview:large, max-video-preview:-1\" \/>\n<link rel=\"canonical\" href=\"https:\/\/www.psyke.es\/en\/salta-y-aparecera-la-red\/\" \/>\n<meta property=\"og:locale\" content=\"en_US\" \/>\n<meta property=\"og:type\" content=\"article\" \/>\n<meta property=\"og:title\" content=\"\u201cSalta y aparecer\u00e1 la red\u201d. \u2013John Burroughs\" \/>\n<meta property=\"og:description\" content=\"Que el miedo nos alerta y nos paraliza en nuestra vida cotidiana, cuando la mayor\u00eda de veces no toca, es una evidencia.\" \/>\n<meta property=\"og:url\" content=\"https:\/\/www.psyke.es\/en\/salta-y-aparecera-la-red\/\" \/>\n<meta property=\"og:site_name\" content=\"Psyke\" \/>\n<meta property=\"article:published_time\" content=\"2020-02-03T13:45:13+00:00\" \/>\n<meta property=\"article:modified_time\" content=\"2022-02-18T12:38:46+00:00\" \/>\n<meta property=\"og:image\" content=\"https:\/\/www.psyke.es\/wp-content\/uploads\/facebook_posts\/83507409_3254383027965778_8027623038222598144_n_3254383024632445-2.jpg\" \/>\n\t<meta property=\"og:image:width\" content=\"500\" \/>\n\t<meta property=\"og:image:height\" content=\"500\" \/>\n\t<meta property=\"og:image:type\" content=\"image\/jpeg\" \/>\n<meta name=\"author\" content=\"Tha\u00efs Capella\" \/>\n<meta name=\"twitter:card\" content=\"summary_large_image\" \/>\n<meta name=\"twitter:label1\" content=\"Written by\" \/>\n\t<meta name=\"twitter:data1\" content=\"Tha\u00efs Capella\" \/>\n\t<meta name=\"twitter:label2\" content=\"Est. reading time\" \/>\n\t<meta name=\"twitter:data2\" content=\"2 minutes\" \/>\n<script type=\"application\/ld+json\" class=\"yoast-schema-graph\">{\"@context\":\"https:\\\/\\\/schema.org\",\"@graph\":[{\"@type\":\"Article\",\"@id\":\"https:\\\/\\\/www.psyke.es\\\/en\\\/salta-y-aparecera-la-red\\\/#article\",\"isPartOf\":{\"@id\":\"https:\\\/\\\/www.psyke.es\\\/en\\\/salta-y-aparecera-la-red\\\/\"},\"author\":{\"name\":\"Tha\u00efs Capella\",\"@id\":\"https:\\\/\\\/www.psyke.es\\\/en\\\/#\\\/schema\\\/person\\\/87774a2e60512484c09407be020d551a\"},\"headline\":\"\u201cSalta y aparecer\u00e1 la red\u201d. \u2013John Burroughs\",\"datePublished\":\"2020-02-03T13:45:13+00:00\",\"dateModified\":\"2022-02-18T12:38:46+00:00\",\"mainEntityOfPage\":{\"@id\":\"https:\\\/\\\/www.psyke.es\\\/en\\\/salta-y-aparecera-la-red\\\/\"},\"wordCount\":351,\"commentCount\":0,\"image\":{\"@id\":\"https:\\\/\\\/www.psyke.es\\\/en\\\/salta-y-aparecera-la-red\\\/#primaryimage\"},\"thumbnailUrl\":\"https:\\\/\\\/www.psyke.es\\\/wp-content\\\/uploads\\\/facebook_posts\\\/83507409_3254383027965778_8027623038222598144_n_3254383024632445-2.jpg\",\"articleSection\":[\"Emotions\"],\"inLanguage\":\"en-US\",\"potentialAction\":[{\"@type\":\"CommentAction\",\"name\":\"Comment\",\"target\":[\"https:\\\/\\\/www.psyke.es\\\/en\\\/salta-y-aparecera-la-red\\\/#respond\"]}]},{\"@type\":\"WebPage\",\"@id\":\"https:\\\/\\\/www.psyke.es\\\/en\\\/salta-y-aparecera-la-red\\\/\",\"url\":\"https:\\\/\\\/www.psyke.es\\\/en\\\/salta-y-aparecera-la-red\\\/\",\"name\":\"\u201cSalta y aparecer\u00e1 la red\u201d. \u2013John Burroughs\",\"isPartOf\":{\"@id\":\"https:\\\/\\\/www.psyke.es\\\/en\\\/#website\"},\"primaryImageOfPage\":{\"@id\":\"https:\\\/\\\/www.psyke.es\\\/en\\\/salta-y-aparecera-la-red\\\/#primaryimage\"},\"image\":{\"@id\":\"https:\\\/\\\/www.psyke.es\\\/en\\\/salta-y-aparecera-la-red\\\/#primaryimage\"},\"thumbnailUrl\":\"https:\\\/\\\/www.psyke.es\\\/wp-content\\\/uploads\\\/facebook_posts\\\/83507409_3254383027965778_8027623038222598144_n_3254383024632445-2.jpg\",\"datePublished\":\"2020-02-03T13:45:13+00:00\",\"dateModified\":\"2022-02-18T12:38:46+00:00\",\"author\":{\"@id\":\"https:\\\/\\\/www.psyke.es\\\/en\\\/#\\\/schema\\\/person\\\/87774a2e60512484c09407be020d551a\"},\"description\":\"Que el miedo nos alerta y nos paraliza en nuestra vida cotidiana, cuando la mayor\u00eda de veces no toca, es una evidencia.\",\"breadcrumb\":{\"@id\":\"https:\\\/\\\/www.psyke.es\\\/en\\\/salta-y-aparecera-la-red\\\/#breadcrumb\"},\"inLanguage\":\"en-US\",\"potentialAction\":[{\"@type\":\"ReadAction\",\"target\":[\"https:\\\/\\\/www.psyke.es\\\/en\\\/salta-y-aparecera-la-red\\\/\"]}]},{\"@type\":\"ImageObject\",\"inLanguage\":\"en-US\",\"@id\":\"https:\\\/\\\/www.psyke.es\\\/en\\\/salta-y-aparecera-la-red\\\/#primaryimage\",\"url\":\"https:\\\/\\\/www.psyke.es\\\/wp-content\\\/uploads\\\/facebook_posts\\\/83507409_3254383027965778_8027623038222598144_n_3254383024632445-2.jpg\",\"contentUrl\":\"https:\\\/\\\/www.psyke.es\\\/wp-content\\\/uploads\\\/facebook_posts\\\/83507409_3254383027965778_8027623038222598144_n_3254383024632445-2.jpg\",\"width\":500,\"height\":500},{\"@type\":\"BreadcrumbList\",\"@id\":\"https:\\\/\\\/www.psyke.es\\\/en\\\/salta-y-aparecera-la-red\\\/#breadcrumb\",\"itemListElement\":[{\"@type\":\"ListItem\",\"position\":1,\"name\":\"Portada\",\"item\":\"https:\\\/\\\/www.psyke.es\\\/en\\\/\"},{\"@type\":\"ListItem\",\"position\":2,\"name\":\"\u201cSalta y aparecer\u00e1 la red\u201d. \u2013John Burroughs\"}]},{\"@type\":\"WebSite\",\"@id\":\"https:\\\/\\\/www.psyke.es\\\/en\\\/#website\",\"url\":\"https:\\\/\\\/www.psyke.es\\\/en\\\/\",\"name\":\"Psyke\",\"description\":\"Centro de Psicolog\u00eda\",\"potentialAction\":[{\"@type\":\"SearchAction\",\"target\":{\"@type\":\"EntryPoint\",\"urlTemplate\":\"https:\\\/\\\/www.psyke.es\\\/en\\\/?s={search_term_string}\"},\"query-input\":{\"@type\":\"PropertyValueSpecification\",\"valueRequired\":true,\"valueName\":\"search_term_string\"}}],\"inLanguage\":\"en-US\"},{\"@type\":\"Person\",\"@id\":\"https:\\\/\\\/www.psyke.es\\\/en\\\/#\\\/schema\\\/person\\\/87774a2e60512484c09407be020d551a\",\"name\":\"Tha\u00efs Capella\",\"image\":{\"@type\":\"ImageObject\",\"inLanguage\":\"en-US\",\"@id\":\"https:\\\/\\\/secure.gravatar.com\\\/avatar\\\/71847c79c196fcb2761a3960e77f33ed0e684732f3145d9b4af037b8ed17c94c?s=96&d=mm&r=g\",\"url\":\"https:\\\/\\\/secure.gravatar.com\\\/avatar\\\/71847c79c196fcb2761a3960e77f33ed0e684732f3145d9b4af037b8ed17c94c?s=96&d=mm&r=g\",\"contentUrl\":\"https:\\\/\\\/secure.gravatar.com\\\/avatar\\\/71847c79c196fcb2761a3960e77f33ed0e684732f3145d9b4af037b8ed17c94c?s=96&d=mm&r=g\",\"caption\":\"Tha\u00efs Capella\"},\"sameAs\":[\"http:\\\/\\\/psyke.es\"]}]}<\/script>\n<!-- \/ Yoast SEO plugin. -->","yoast_head_json":{"title":"\u201cSalta y aparecer\u00e1 la red\u201d. \u2013John Burroughs","description":"Que el miedo nos alerta y nos paraliza en nuestra vida cotidiana, cuando la mayor\u00eda de veces no toca, es una evidencia.","robots":{"index":"index","follow":"follow","max-snippet":"max-snippet:-1","max-image-preview":"max-image-preview:large","max-video-preview":"max-video-preview:-1"},"canonical":"https:\/\/www.psyke.es\/en\/salta-y-aparecera-la-red\/","og_locale":"en_US","og_type":"article","og_title":"\u201cSalta y aparecer\u00e1 la red\u201d. \u2013John Burroughs","og_description":"Que el miedo nos alerta y nos paraliza en nuestra vida cotidiana, cuando la mayor\u00eda de veces no toca, es una evidencia.","og_url":"https:\/\/www.psyke.es\/en\/salta-y-aparecera-la-red\/","og_site_name":"Psyke","article_published_time":"2020-02-03T13:45:13+00:00","article_modified_time":"2022-02-18T12:38:46+00:00","og_image":[{"width":500,"height":500,"url":"https:\/\/www.psyke.es\/wp-content\/uploads\/facebook_posts\/83507409_3254383027965778_8027623038222598144_n_3254383024632445-2.jpg","type":"image\/jpeg"}],"author":"Tha\u00efs Capella","twitter_card":"summary_large_image","twitter_misc":{"Written by":"Tha\u00efs Capella","Est. reading time":"2 minutes"},"schema":{"@context":"https:\/\/schema.org","@graph":[{"@type":"Article","@id":"https:\/\/www.psyke.es\/en\/salta-y-aparecera-la-red\/#article","isPartOf":{"@id":"https:\/\/www.psyke.es\/en\/salta-y-aparecera-la-red\/"},"author":{"name":"Tha\u00efs Capella","@id":"https:\/\/www.psyke.es\/en\/#\/schema\/person\/87774a2e60512484c09407be020d551a"},"headline":"\u201cSalta y aparecer\u00e1 la red\u201d. \u2013John Burroughs","datePublished":"2020-02-03T13:45:13+00:00","dateModified":"2022-02-18T12:38:46+00:00","mainEntityOfPage":{"@id":"https:\/\/www.psyke.es\/en\/salta-y-aparecera-la-red\/"},"wordCount":351,"commentCount":0,"image":{"@id":"https:\/\/www.psyke.es\/en\/salta-y-aparecera-la-red\/#primaryimage"},"thumbnailUrl":"https:\/\/www.psyke.es\/wp-content\/uploads\/facebook_posts\/83507409_3254383027965778_8027623038222598144_n_3254383024632445-2.jpg","articleSection":["Emotions"],"inLanguage":"en-US","potentialAction":[{"@type":"CommentAction","name":"Comment","target":["https:\/\/www.psyke.es\/en\/salta-y-aparecera-la-red\/#respond"]}]},{"@type":"WebPage","@id":"https:\/\/www.psyke.es\/en\/salta-y-aparecera-la-red\/","url":"https:\/\/www.psyke.es\/en\/salta-y-aparecera-la-red\/","name":"\u201cSalta y aparecer\u00e1 la red\u201d. \u2013John Burroughs","isPartOf":{"@id":"https:\/\/www.psyke.es\/en\/#website"},"primaryImageOfPage":{"@id":"https:\/\/www.psyke.es\/en\/salta-y-aparecera-la-red\/#primaryimage"},"image":{"@id":"https:\/\/www.psyke.es\/en\/salta-y-aparecera-la-red\/#primaryimage"},"thumbnailUrl":"https:\/\/www.psyke.es\/wp-content\/uploads\/facebook_posts\/83507409_3254383027965778_8027623038222598144_n_3254383024632445-2.jpg","datePublished":"2020-02-03T13:45:13+00:00","dateModified":"2022-02-18T12:38:46+00:00","author":{"@id":"https:\/\/www.psyke.es\/en\/#\/schema\/person\/87774a2e60512484c09407be020d551a"},"description":"Que el miedo nos alerta y nos paraliza en nuestra vida cotidiana, cuando la mayor\u00eda de veces no toca, es una evidencia.","breadcrumb":{"@id":"https:\/\/www.psyke.es\/en\/salta-y-aparecera-la-red\/#breadcrumb"},"inLanguage":"en-US","potentialAction":[{"@type":"ReadAction","target":["https:\/\/www.psyke.es\/en\/salta-y-aparecera-la-red\/"]}]},{"@type":"ImageObject","inLanguage":"en-US","@id":"https:\/\/www.psyke.es\/en\/salta-y-aparecera-la-red\/#primaryimage","url":"https:\/\/www.psyke.es\/wp-content\/uploads\/facebook_posts\/83507409_3254383027965778_8027623038222598144_n_3254383024632445-2.jpg","contentUrl":"https:\/\/www.psyke.es\/wp-content\/uploads\/facebook_posts\/83507409_3254383027965778_8027623038222598144_n_3254383024632445-2.jpg","width":500,"height":500},{"@type":"BreadcrumbList","@id":"https:\/\/www.psyke.es\/en\/salta-y-aparecera-la-red\/#breadcrumb","itemListElement":[{"@type":"ListItem","position":1,"name":"Portada","item":"https:\/\/www.psyke.es\/en\/"},{"@type":"ListItem","position":2,"name":"\u201cSalta y aparecer\u00e1 la red\u201d. \u2013John Burroughs"}]},{"@type":"WebSite","@id":"https:\/\/www.psyke.es\/en\/#website","url":"https:\/\/www.psyke.es\/en\/","name":"Psyke","description":"Centro de Psicolog\u00eda","potentialAction":[{"@type":"SearchAction","target":{"@type":"EntryPoint","urlTemplate":"https:\/\/www.psyke.es\/en\/?s={search_term_string}"},"query-input":{"@type":"PropertyValueSpecification","valueRequired":true,"valueName":"search_term_string"}}],"inLanguage":"en-US"},{"@type":"Person","@id":"https:\/\/www.psyke.es\/en\/#\/schema\/person\/87774a2e60512484c09407be020d551a","name":"Tha\u00efs Capella","image":{"@type":"ImageObject","inLanguage":"en-US","@id":"https:\/\/secure.gravatar.com\/avatar\/71847c79c196fcb2761a3960e77f33ed0e684732f3145d9b4af037b8ed17c94c?s=96&d=mm&r=g","url":"https:\/\/secure.gravatar.com\/avatar\/71847c79c196fcb2761a3960e77f33ed0e684732f3145d9b4af037b8ed17c94c?s=96&d=mm&r=g","contentUrl":"https:\/\/secure.gravatar.com\/avatar\/71847c79c196fcb2761a3960e77f33ed0e684732f3145d9b4af037b8ed17c94c?s=96&d=mm&r=g","caption":"Tha\u00efs Capella"},"sameAs":["http:\/\/psyke.es"]}]}},"post_mailing_queue_ids":[],"_links":{"self":[{"href":"https:\/\/www.psyke.es\/en\/wp-json\/wp\/v2\/posts\/7093","targetHints":{"allow":["GET"]}}],"collection":[{"href":"https:\/\/www.psyke.es\/en\/wp-json\/wp\/v2\/posts"}],"about":[{"href":"https:\/\/www.psyke.es\/en\/wp-json\/wp\/v2\/types\/post"}],"author":[{"embeddable":true,"href":"https:\/\/www.psyke.es\/en\/wp-json\/wp\/v2\/users\/3"}],"replies":[{"embeddable":true,"href":"https:\/\/www.psyke.es\/en\/wp-json\/wp\/v2\/comments?post=7093"}],"version-history":[{"count":0,"href":"https:\/\/www.psyke.es\/en\/wp-json\/wp\/v2\/posts\/7093\/revisions"}],"wp:featuredmedia":[{"embeddable":true,"href":"https:\/\/www.psyke.es\/en\/wp-json\/wp\/v2\/media\/5743"}],"wp:attachment":[{"href":"https:\/\/www.psyke.es\/en\/wp-json\/wp\/v2\/media?parent=7093"}],"wp:term":[{"taxonomy":"category","embeddable":true,"href":"https:\/\/www.psyke.es\/en\/wp-json\/wp\/v2\/categories?post=7093"},{"taxonomy":"post_tag","embeddable":true,"href":"https:\/\/www.psyke.es\/en\/wp-json\/wp\/v2\/tags?post=7093"}],"curies":[{"name":"wp","href":"https:\/\/api.w.org\/{rel}","templated":true}]}}