{"id":7111,"date":"2019-12-23T13:45:42","date_gmt":"2019-12-23T13:45:42","guid":{"rendered":"https:\/\/www.psyke.es\/vivir-una-vida-plena-a-veces-requiere-saltar-a-la-arena-sin-coraza-asi-se-forja-el-caracter-y-la-valentia\/"},"modified":"2022-02-18T14:52:22","modified_gmt":"2022-02-18T12:52:22","slug":"vivir-una-vida-plena-a-veces-requiere-saltar-a-la-arena-sin-coraza-asi-se-forja-el-caracter-y-la-valentia","status":"publish","type":"post","link":"https:\/\/www.psyke.es\/en\/vivir-una-vida-plena-a-veces-requiere-saltar-a-la-arena-sin-coraza-asi-se-forja-el-caracter-y-la-valentia\/","title":{"rendered":"Vivir una vida plena a veces requiere saltar a la arena sin coraza: as\u00ed se forja el car\u00e1cter y la valent\u00eda"},"content":{"rendered":"<p>Achicarse ante las aristas que se nos presentan, hace que nos encojamos y fomentemos todav\u00eda m\u00e1s el temor. No se trata de lanzarse sin miedo, eso es imposible, precisamente es la presencia del miedo lo que fortalece el coraje. Se trata de aceptar y acoger la vulnerabilidad que siendo humano siempre est\u00e1 presente \u2013aun en los grandes valientes- y afrontar el desaf\u00edo, soltando el resultado de tu acci\u00f3n.<\/p>\n<p>Si en este empe\u00f1o caemos, hemos de aprender a levantarnos y reconocernos nuestra heroica haza\u00f1a (y no re\u00f1irnos -como parece ser lo habitual- si no lo hemos conseguido). Si no adquirimos la habilidad de rebotar despu\u00e9s de las ca\u00eddas, los disgustos, las equivocaciones\u2026dedicaremos mucho tiempo \u2013demasiado en esta corta vida- a intentar no volver a caer. Con el consiguiente precio alt\u00edsimo de no vivir\u2026<\/p>\n<p>Aprender a andar o ir en bicicleta conlleva caerse varias veces. Nadie duda de lograr estas destrezas a base de coscorrones.<\/p>\n<p>\u00bfPero y vivir TU vida en arreglo a tus necesidades y valores?<\/p>\n<p>El miedo que surge casi siempre es de fuera: asumir el rechazo de los dem\u00e1s y las cr\u00edticas facilonas de los que, por cierto, casi nunca se exponen, pone a prueba nuestra perseverancia.<\/p>\n<p>Llevar el pesado escudo protector siempre a cuestas nos hunde en la tierra y acaba aletargando nuestros pasos\u2026<\/p>\n<p>Enhorabuena a las personas decididas a emprender juntas los nuevos talleres dedicados al desarrollo de una autoestima saludable que iniciamos este invierno 2020 en Psyke.<\/p>\n<p>Para que nadie se pueda llegar a arrepentir cuando sea demasiado tarde\u2026<\/p>\n","protected":false},"excerpt":{"rendered":"<p>Achicarse ante las aristas que se nos presentan, hace que nos encojamos y fomentemos todav\u00eda m\u00e1s el temor. No se trata de lanzarse sin miedo, eso es imposible, precisamente es la presencia del miedo lo que fortalece el coraje. Se trata de aceptar y acoger la vulnerabilidad que siendo humano siempre est\u00e1 presente \u2013aun en [&#8230;]<\/p>\n<p><a class=\"btn btn-secondary understrap-read-more-link\" href=\"https:\/\/www.psyke.es\/en\/vivir-una-vida-plena-a-veces-requiere-saltar-a-la-arena-sin-coraza-asi-se-forja-el-caracter-y-la-valentia\/\">Read More&#8230;<span class=\"screen-reader-text\"> from Vivir una vida plena a veces requiere saltar a la arena sin coraza: as\u00ed se forja el car\u00e1cter y la valent\u00eda<\/span><\/a><\/p>\n","protected":false},"author":3,"featured_media":5749,"comment_status":"open","ping_status":"open","sticky":false,"template":"","format":"standard","meta":{"footnotes":""},"categories":[79],"tags":[],"class_list":["post-7111","post","type-post","status-publish","format-standard","has-post-thumbnail","hentry","category-therapeutic-reflections-emotions"],"yoast_head":"<!-- This site is optimized with the Yoast SEO plugin v27.4 - https:\/\/yoast.com\/product\/yoast-seo-wordpress\/ -->\n<title>Vivir una vida plena a veces requiere saltar a la arena sin coraza: as\u00ed se forja el car\u00e1cter y la valent\u00eda<\/title>\n<meta name=\"description\" content=\"Achicarse ante las aristas que se nos presentan, hace que nos encojamos y fomentemos todav\u00eda m\u00e1s el temor.\" \/>\n<meta name=\"robots\" content=\"index, follow, max-snippet:-1, max-image-preview:large, max-video-preview:-1\" \/>\n<link rel=\"canonical\" href=\"https:\/\/www.psyke.es\/en\/vivir-una-vida-plena-a-veces-requiere-saltar-a-la-arena-sin-coraza-asi-se-forja-el-caracter-y-la-valentia\/\" \/>\n<meta property=\"og:locale\" content=\"en_US\" \/>\n<meta property=\"og:type\" content=\"article\" \/>\n<meta property=\"og:title\" content=\"Vivir una vida plena a veces requiere saltar a la arena sin coraza: as\u00ed se forja el car\u00e1cter y la valent\u00eda\" \/>\n<meta property=\"og:description\" content=\"Achicarse ante las aristas que se nos presentan, hace que nos encojamos y fomentemos todav\u00eda m\u00e1s el temor.\" \/>\n<meta property=\"og:url\" content=\"https:\/\/www.psyke.es\/en\/vivir-una-vida-plena-a-veces-requiere-saltar-a-la-arena-sin-coraza-asi-se-forja-el-caracter-y-la-valentia\/\" \/>\n<meta property=\"og:site_name\" content=\"Psyke\" \/>\n<meta property=\"article:published_time\" content=\"2019-12-23T13:45:42+00:00\" \/>\n<meta property=\"article:modified_time\" content=\"2022-02-18T12:52:22+00:00\" \/>\n<meta property=\"og:image\" content=\"https:\/\/www.psyke.es\/wp-content\/uploads\/facebook_posts\/80461152_3128522760551806_136372616171618304_n_3128522747218474-2.jpg\" \/>\n\t<meta property=\"og:image:width\" content=\"480\" \/>\n\t<meta property=\"og:image:height\" content=\"480\" \/>\n\t<meta property=\"og:image:type\" content=\"image\/jpeg\" \/>\n<meta name=\"author\" content=\"Tha\u00efs Capella\" \/>\n<meta name=\"twitter:card\" content=\"summary_large_image\" \/>\n<meta name=\"twitter:label1\" content=\"Written by\" \/>\n\t<meta name=\"twitter:data1\" content=\"Tha\u00efs Capella\" \/>\n\t<meta name=\"twitter:label2\" content=\"Est. reading time\" \/>\n\t<meta name=\"twitter:data2\" content=\"2 minutes\" \/>\n<script type=\"application\/ld+json\" class=\"yoast-schema-graph\">{\"@context\":\"https:\\\/\\\/schema.org\",\"@graph\":[{\"@type\":\"Article\",\"@id\":\"https:\\\/\\\/www.psyke.es\\\/en\\\/vivir-una-vida-plena-a-veces-requiere-saltar-a-la-arena-sin-coraza-asi-se-forja-el-caracter-y-la-valentia\\\/#article\",\"isPartOf\":{\"@id\":\"https:\\\/\\\/www.psyke.es\\\/en\\\/vivir-una-vida-plena-a-veces-requiere-saltar-a-la-arena-sin-coraza-asi-se-forja-el-caracter-y-la-valentia\\\/\"},\"author\":{\"name\":\"Tha\u00efs Capella\",\"@id\":\"https:\\\/\\\/www.psyke.es\\\/en\\\/#\\\/schema\\\/person\\\/87774a2e60512484c09407be020d551a\"},\"headline\":\"Vivir una vida plena a veces requiere saltar a la arena sin coraza: as\u00ed se forja el car\u00e1cter y la valent\u00eda\",\"datePublished\":\"2019-12-23T13:45:42+00:00\",\"dateModified\":\"2022-02-18T12:52:22+00:00\",\"mainEntityOfPage\":{\"@id\":\"https:\\\/\\\/www.psyke.es\\\/en\\\/vivir-una-vida-plena-a-veces-requiere-saltar-a-la-arena-sin-coraza-asi-se-forja-el-caracter-y-la-valentia\\\/\"},\"wordCount\":288,\"commentCount\":0,\"image\":{\"@id\":\"https:\\\/\\\/www.psyke.es\\\/en\\\/vivir-una-vida-plena-a-veces-requiere-saltar-a-la-arena-sin-coraza-asi-se-forja-el-caracter-y-la-valentia\\\/#primaryimage\"},\"thumbnailUrl\":\"https:\\\/\\\/www.psyke.es\\\/wp-content\\\/uploads\\\/facebook_posts\\\/80461152_3128522760551806_136372616171618304_n_3128522747218474-2.jpg\",\"articleSection\":[\"Emotions\"],\"inLanguage\":\"en-US\",\"potentialAction\":[{\"@type\":\"CommentAction\",\"name\":\"Comment\",\"target\":[\"https:\\\/\\\/www.psyke.es\\\/en\\\/vivir-una-vida-plena-a-veces-requiere-saltar-a-la-arena-sin-coraza-asi-se-forja-el-caracter-y-la-valentia\\\/#respond\"]}]},{\"@type\":\"WebPage\",\"@id\":\"https:\\\/\\\/www.psyke.es\\\/en\\\/vivir-una-vida-plena-a-veces-requiere-saltar-a-la-arena-sin-coraza-asi-se-forja-el-caracter-y-la-valentia\\\/\",\"url\":\"https:\\\/\\\/www.psyke.es\\\/en\\\/vivir-una-vida-plena-a-veces-requiere-saltar-a-la-arena-sin-coraza-asi-se-forja-el-caracter-y-la-valentia\\\/\",\"name\":\"Vivir una vida plena a veces requiere saltar a la arena sin coraza: as\u00ed se forja el car\u00e1cter y la valent\u00eda\",\"isPartOf\":{\"@id\":\"https:\\\/\\\/www.psyke.es\\\/en\\\/#website\"},\"primaryImageOfPage\":{\"@id\":\"https:\\\/\\\/www.psyke.es\\\/en\\\/vivir-una-vida-plena-a-veces-requiere-saltar-a-la-arena-sin-coraza-asi-se-forja-el-caracter-y-la-valentia\\\/#primaryimage\"},\"image\":{\"@id\":\"https:\\\/\\\/www.psyke.es\\\/en\\\/vivir-una-vida-plena-a-veces-requiere-saltar-a-la-arena-sin-coraza-asi-se-forja-el-caracter-y-la-valentia\\\/#primaryimage\"},\"thumbnailUrl\":\"https:\\\/\\\/www.psyke.es\\\/wp-content\\\/uploads\\\/facebook_posts\\\/80461152_3128522760551806_136372616171618304_n_3128522747218474-2.jpg\",\"datePublished\":\"2019-12-23T13:45:42+00:00\",\"dateModified\":\"2022-02-18T12:52:22+00:00\",\"author\":{\"@id\":\"https:\\\/\\\/www.psyke.es\\\/en\\\/#\\\/schema\\\/person\\\/87774a2e60512484c09407be020d551a\"},\"description\":\"Achicarse ante las aristas que se nos presentan, hace que nos encojamos y fomentemos todav\u00eda m\u00e1s el temor.\",\"breadcrumb\":{\"@id\":\"https:\\\/\\\/www.psyke.es\\\/en\\\/vivir-una-vida-plena-a-veces-requiere-saltar-a-la-arena-sin-coraza-asi-se-forja-el-caracter-y-la-valentia\\\/#breadcrumb\"},\"inLanguage\":\"en-US\",\"potentialAction\":[{\"@type\":\"ReadAction\",\"target\":[\"https:\\\/\\\/www.psyke.es\\\/en\\\/vivir-una-vida-plena-a-veces-requiere-saltar-a-la-arena-sin-coraza-asi-se-forja-el-caracter-y-la-valentia\\\/\"]}]},{\"@type\":\"ImageObject\",\"inLanguage\":\"en-US\",\"@id\":\"https:\\\/\\\/www.psyke.es\\\/en\\\/vivir-una-vida-plena-a-veces-requiere-saltar-a-la-arena-sin-coraza-asi-se-forja-el-caracter-y-la-valentia\\\/#primaryimage\",\"url\":\"https:\\\/\\\/www.psyke.es\\\/wp-content\\\/uploads\\\/facebook_posts\\\/80461152_3128522760551806_136372616171618304_n_3128522747218474-2.jpg\",\"contentUrl\":\"https:\\\/\\\/www.psyke.es\\\/wp-content\\\/uploads\\\/facebook_posts\\\/80461152_3128522760551806_136372616171618304_n_3128522747218474-2.jpg\",\"width\":480,\"height\":480},{\"@type\":\"BreadcrumbList\",\"@id\":\"https:\\\/\\\/www.psyke.es\\\/en\\\/vivir-una-vida-plena-a-veces-requiere-saltar-a-la-arena-sin-coraza-asi-se-forja-el-caracter-y-la-valentia\\\/#breadcrumb\",\"itemListElement\":[{\"@type\":\"ListItem\",\"position\":1,\"name\":\"Portada\",\"item\":\"https:\\\/\\\/www.psyke.es\\\/en\\\/\"},{\"@type\":\"ListItem\",\"position\":2,\"name\":\"Vivir una vida plena a veces requiere saltar a la arena sin coraza: as\u00ed se forja el car\u00e1cter y la valent\u00eda\"}]},{\"@type\":\"WebSite\",\"@id\":\"https:\\\/\\\/www.psyke.es\\\/en\\\/#website\",\"url\":\"https:\\\/\\\/www.psyke.es\\\/en\\\/\",\"name\":\"Psyke\",\"description\":\"Centro de Psicolog\u00eda\",\"potentialAction\":[{\"@type\":\"SearchAction\",\"target\":{\"@type\":\"EntryPoint\",\"urlTemplate\":\"https:\\\/\\\/www.psyke.es\\\/en\\\/?s={search_term_string}\"},\"query-input\":{\"@type\":\"PropertyValueSpecification\",\"valueRequired\":true,\"valueName\":\"search_term_string\"}}],\"inLanguage\":\"en-US\"},{\"@type\":\"Person\",\"@id\":\"https:\\\/\\\/www.psyke.es\\\/en\\\/#\\\/schema\\\/person\\\/87774a2e60512484c09407be020d551a\",\"name\":\"Tha\u00efs Capella\",\"image\":{\"@type\":\"ImageObject\",\"inLanguage\":\"en-US\",\"@id\":\"https:\\\/\\\/secure.gravatar.com\\\/avatar\\\/71847c79c196fcb2761a3960e77f33ed0e684732f3145d9b4af037b8ed17c94c?s=96&d=mm&r=g\",\"url\":\"https:\\\/\\\/secure.gravatar.com\\\/avatar\\\/71847c79c196fcb2761a3960e77f33ed0e684732f3145d9b4af037b8ed17c94c?s=96&d=mm&r=g\",\"contentUrl\":\"https:\\\/\\\/secure.gravatar.com\\\/avatar\\\/71847c79c196fcb2761a3960e77f33ed0e684732f3145d9b4af037b8ed17c94c?s=96&d=mm&r=g\",\"caption\":\"Tha\u00efs Capella\"},\"sameAs\":[\"http:\\\/\\\/psyke.es\"]}]}<\/script>\n<!-- \/ Yoast SEO plugin. -->","yoast_head_json":{"title":"Vivir una vida plena a veces requiere saltar a la arena sin coraza: as\u00ed se forja el car\u00e1cter y la valent\u00eda","description":"Achicarse ante las aristas que se nos presentan, hace que nos encojamos y fomentemos todav\u00eda m\u00e1s el temor.","robots":{"index":"index","follow":"follow","max-snippet":"max-snippet:-1","max-image-preview":"max-image-preview:large","max-video-preview":"max-video-preview:-1"},"canonical":"https:\/\/www.psyke.es\/en\/vivir-una-vida-plena-a-veces-requiere-saltar-a-la-arena-sin-coraza-asi-se-forja-el-caracter-y-la-valentia\/","og_locale":"en_US","og_type":"article","og_title":"Vivir una vida plena a veces requiere saltar a la arena sin coraza: as\u00ed se forja el car\u00e1cter y la valent\u00eda","og_description":"Achicarse ante las aristas que se nos presentan, hace que nos encojamos y fomentemos todav\u00eda m\u00e1s el temor.","og_url":"https:\/\/www.psyke.es\/en\/vivir-una-vida-plena-a-veces-requiere-saltar-a-la-arena-sin-coraza-asi-se-forja-el-caracter-y-la-valentia\/","og_site_name":"Psyke","article_published_time":"2019-12-23T13:45:42+00:00","article_modified_time":"2022-02-18T12:52:22+00:00","og_image":[{"width":480,"height":480,"url":"https:\/\/www.psyke.es\/wp-content\/uploads\/facebook_posts\/80461152_3128522760551806_136372616171618304_n_3128522747218474-2.jpg","type":"image\/jpeg"}],"author":"Tha\u00efs Capella","twitter_card":"summary_large_image","twitter_misc":{"Written by":"Tha\u00efs Capella","Est. reading time":"2 minutes"},"schema":{"@context":"https:\/\/schema.org","@graph":[{"@type":"Article","@id":"https:\/\/www.psyke.es\/en\/vivir-una-vida-plena-a-veces-requiere-saltar-a-la-arena-sin-coraza-asi-se-forja-el-caracter-y-la-valentia\/#article","isPartOf":{"@id":"https:\/\/www.psyke.es\/en\/vivir-una-vida-plena-a-veces-requiere-saltar-a-la-arena-sin-coraza-asi-se-forja-el-caracter-y-la-valentia\/"},"author":{"name":"Tha\u00efs Capella","@id":"https:\/\/www.psyke.es\/en\/#\/schema\/person\/87774a2e60512484c09407be020d551a"},"headline":"Vivir una vida plena a veces requiere saltar a la arena sin coraza: as\u00ed se forja el car\u00e1cter y la valent\u00eda","datePublished":"2019-12-23T13:45:42+00:00","dateModified":"2022-02-18T12:52:22+00:00","mainEntityOfPage":{"@id":"https:\/\/www.psyke.es\/en\/vivir-una-vida-plena-a-veces-requiere-saltar-a-la-arena-sin-coraza-asi-se-forja-el-caracter-y-la-valentia\/"},"wordCount":288,"commentCount":0,"image":{"@id":"https:\/\/www.psyke.es\/en\/vivir-una-vida-plena-a-veces-requiere-saltar-a-la-arena-sin-coraza-asi-se-forja-el-caracter-y-la-valentia\/#primaryimage"},"thumbnailUrl":"https:\/\/www.psyke.es\/wp-content\/uploads\/facebook_posts\/80461152_3128522760551806_136372616171618304_n_3128522747218474-2.jpg","articleSection":["Emotions"],"inLanguage":"en-US","potentialAction":[{"@type":"CommentAction","name":"Comment","target":["https:\/\/www.psyke.es\/en\/vivir-una-vida-plena-a-veces-requiere-saltar-a-la-arena-sin-coraza-asi-se-forja-el-caracter-y-la-valentia\/#respond"]}]},{"@type":"WebPage","@id":"https:\/\/www.psyke.es\/en\/vivir-una-vida-plena-a-veces-requiere-saltar-a-la-arena-sin-coraza-asi-se-forja-el-caracter-y-la-valentia\/","url":"https:\/\/www.psyke.es\/en\/vivir-una-vida-plena-a-veces-requiere-saltar-a-la-arena-sin-coraza-asi-se-forja-el-caracter-y-la-valentia\/","name":"Vivir una vida plena a veces requiere saltar a la arena sin coraza: as\u00ed se forja el car\u00e1cter y la valent\u00eda","isPartOf":{"@id":"https:\/\/www.psyke.es\/en\/#website"},"primaryImageOfPage":{"@id":"https:\/\/www.psyke.es\/en\/vivir-una-vida-plena-a-veces-requiere-saltar-a-la-arena-sin-coraza-asi-se-forja-el-caracter-y-la-valentia\/#primaryimage"},"image":{"@id":"https:\/\/www.psyke.es\/en\/vivir-una-vida-plena-a-veces-requiere-saltar-a-la-arena-sin-coraza-asi-se-forja-el-caracter-y-la-valentia\/#primaryimage"},"thumbnailUrl":"https:\/\/www.psyke.es\/wp-content\/uploads\/facebook_posts\/80461152_3128522760551806_136372616171618304_n_3128522747218474-2.jpg","datePublished":"2019-12-23T13:45:42+00:00","dateModified":"2022-02-18T12:52:22+00:00","author":{"@id":"https:\/\/www.psyke.es\/en\/#\/schema\/person\/87774a2e60512484c09407be020d551a"},"description":"Achicarse ante las aristas que se nos presentan, hace que nos encojamos y fomentemos todav\u00eda m\u00e1s el temor.","breadcrumb":{"@id":"https:\/\/www.psyke.es\/en\/vivir-una-vida-plena-a-veces-requiere-saltar-a-la-arena-sin-coraza-asi-se-forja-el-caracter-y-la-valentia\/#breadcrumb"},"inLanguage":"en-US","potentialAction":[{"@type":"ReadAction","target":["https:\/\/www.psyke.es\/en\/vivir-una-vida-plena-a-veces-requiere-saltar-a-la-arena-sin-coraza-asi-se-forja-el-caracter-y-la-valentia\/"]}]},{"@type":"ImageObject","inLanguage":"en-US","@id":"https:\/\/www.psyke.es\/en\/vivir-una-vida-plena-a-veces-requiere-saltar-a-la-arena-sin-coraza-asi-se-forja-el-caracter-y-la-valentia\/#primaryimage","url":"https:\/\/www.psyke.es\/wp-content\/uploads\/facebook_posts\/80461152_3128522760551806_136372616171618304_n_3128522747218474-2.jpg","contentUrl":"https:\/\/www.psyke.es\/wp-content\/uploads\/facebook_posts\/80461152_3128522760551806_136372616171618304_n_3128522747218474-2.jpg","width":480,"height":480},{"@type":"BreadcrumbList","@id":"https:\/\/www.psyke.es\/en\/vivir-una-vida-plena-a-veces-requiere-saltar-a-la-arena-sin-coraza-asi-se-forja-el-caracter-y-la-valentia\/#breadcrumb","itemListElement":[{"@type":"ListItem","position":1,"name":"Portada","item":"https:\/\/www.psyke.es\/en\/"},{"@type":"ListItem","position":2,"name":"Vivir una vida plena a veces requiere saltar a la arena sin coraza: as\u00ed se forja el car\u00e1cter y la valent\u00eda"}]},{"@type":"WebSite","@id":"https:\/\/www.psyke.es\/en\/#website","url":"https:\/\/www.psyke.es\/en\/","name":"Psyke","description":"Centro de Psicolog\u00eda","potentialAction":[{"@type":"SearchAction","target":{"@type":"EntryPoint","urlTemplate":"https:\/\/www.psyke.es\/en\/?s={search_term_string}"},"query-input":{"@type":"PropertyValueSpecification","valueRequired":true,"valueName":"search_term_string"}}],"inLanguage":"en-US"},{"@type":"Person","@id":"https:\/\/www.psyke.es\/en\/#\/schema\/person\/87774a2e60512484c09407be020d551a","name":"Tha\u00efs Capella","image":{"@type":"ImageObject","inLanguage":"en-US","@id":"https:\/\/secure.gravatar.com\/avatar\/71847c79c196fcb2761a3960e77f33ed0e684732f3145d9b4af037b8ed17c94c?s=96&d=mm&r=g","url":"https:\/\/secure.gravatar.com\/avatar\/71847c79c196fcb2761a3960e77f33ed0e684732f3145d9b4af037b8ed17c94c?s=96&d=mm&r=g","contentUrl":"https:\/\/secure.gravatar.com\/avatar\/71847c79c196fcb2761a3960e77f33ed0e684732f3145d9b4af037b8ed17c94c?s=96&d=mm&r=g","caption":"Tha\u00efs Capella"},"sameAs":["http:\/\/psyke.es"]}]}},"post_mailing_queue_ids":[],"_links":{"self":[{"href":"https:\/\/www.psyke.es\/en\/wp-json\/wp\/v2\/posts\/7111","targetHints":{"allow":["GET"]}}],"collection":[{"href":"https:\/\/www.psyke.es\/en\/wp-json\/wp\/v2\/posts"}],"about":[{"href":"https:\/\/www.psyke.es\/en\/wp-json\/wp\/v2\/types\/post"}],"author":[{"embeddable":true,"href":"https:\/\/www.psyke.es\/en\/wp-json\/wp\/v2\/users\/3"}],"replies":[{"embeddable":true,"href":"https:\/\/www.psyke.es\/en\/wp-json\/wp\/v2\/comments?post=7111"}],"version-history":[{"count":0,"href":"https:\/\/www.psyke.es\/en\/wp-json\/wp\/v2\/posts\/7111\/revisions"}],"wp:featuredmedia":[{"embeddable":true,"href":"https:\/\/www.psyke.es\/en\/wp-json\/wp\/v2\/media\/5749"}],"wp:attachment":[{"href":"https:\/\/www.psyke.es\/en\/wp-json\/wp\/v2\/media?parent=7111"}],"wp:term":[{"taxonomy":"category","embeddable":true,"href":"https:\/\/www.psyke.es\/en\/wp-json\/wp\/v2\/categories?post=7111"},{"taxonomy":"post_tag","embeddable":true,"href":"https:\/\/www.psyke.es\/en\/wp-json\/wp\/v2\/tags?post=7111"}],"curies":[{"name":"wp","href":"https:\/\/api.w.org\/{rel}","templated":true}]}}