{"id":7120,"date":"2019-11-18T13:15:11","date_gmt":"2019-11-18T13:15:11","guid":{"rendered":"https:\/\/www.psyke.es\/cuando-ya-no-podemos-cambiar-una-situacion-dada-la-vida-nos-desafia-a-cambiarnos-a-nosotros-mismos\/"},"modified":"2022-02-18T14:58:24","modified_gmt":"2022-02-18T12:58:24","slug":"cuando-ya-no-podemos-cambiar-una-situacion-dada-la-vida-nos-desafia-a-cambiarnos-a-nosotros-mismos","status":"publish","type":"post","link":"https:\/\/www.psyke.es\/en\/cuando-ya-no-podemos-cambiar-una-situacion-dada-la-vida-nos-desafia-a-cambiarnos-a-nosotros-mismos\/","title":{"rendered":"\u201cCuando ya no podemos cambiar una situaci\u00f3n dada, la vida nos desaf\u00eda a cambiarnos a nosotros mismos\u201d \u2013 Viktor E. Frankl"},"content":{"rendered":"<p>Y es una oportunidad de oro que no deber\u00edamos desaprovechar. Siempre es m\u00e1s c\u00f3modo insistir en que el otro haga el cambio, dejando pasar un tren que posibilita un avance en nuestra evoluci\u00f3n personal. La capacidad de adaptaci\u00f3n y reajuste ante el abanico de diversidades que nos reta la vida nos aporta la \u201cflexibilidad\u201d necesaria para fluir sin bandazos muchas veces est\u00e9riles.<\/p>\n<p>No estamos hablando aqu\u00ed de las atrocidades que hay que denunciar ni los derechos que hay que defender a toda costa. Hablamos de aquellas situaciones que nos enfrentan a nosotros mismos y a nuestra c\u00f3moda resignaci\u00f3n de \u201cyo soy as\u00ed y no voy a cambiar\u201d. Desde que se descubri\u00f3 la neuroplasticidad, se acabaron las excusas\u2026<\/p>\n<p>Ser\u00eda recomendable observar los obst\u00e1culos que aparecen en nuestro camino como se\u00f1ales rojas, como un espejo en el que mirarnos y cuestionarnos \u00bfqu\u00e9 me demanda esta situaci\u00f3n ahora? Claro, eso requiere despertar y abrir nuestra conciencia con mucha humildad y curiosidad. Ante estas invitaciones al cambio tenemos solo dos opciones: achicarnos hasta que pase el vendaval, o ponernos a prueba y crecer en la experiencia misma (aunque no nos salga bien, exponernos ya es un gran avance).<\/p>\n<p>Los obst\u00e1culos pueden ser emocionales (miedo-ansiedad), en cuyo caso aceptamos lo que estamos sintiendo y avanzamos en l\u00ednea con nuestros valores, aquello que es importante para nosotros; o cognitivos (pensamientos que intentan asustarnos y decirnos que no somos capaces), aqu\u00ed cabe aplicar la de-fusi\u00f3n que aprendemos en los cursos de Mindfulness. Esos pensamientos son tan solo formaciones mentales limitantes que aparecer\u00e1n siempre que salgamos de nuestra zona de confort.<\/p>\n<p>Es muy dif\u00edcil cambiar para el voluntarioso, ya que requiere perseverancia, constancia y mucha energ\u00eda, pero es posible si se empe\u00f1a, como se ha demostrado en multitud de casos. Imaginad el que no quiere cambiar y se siente feliz por haberse conocido. No perdamos el tiempo.<\/p>\n<p>Lo interesante es descubrir (gracias a teor\u00eda sist\u00e9mica) que cuando uno cambia suele ocurrir que los que lo rodean no tienen m\u00e1s remedio que adaptarse -y, por tanto, cambiar- o irse\u2026<\/p>\n<p>Ilustraci\u00f3n: @72kilos<\/p>\n","protected":false},"excerpt":{"rendered":"<p>Y es una oportunidad de oro que no deber\u00edamos desaprovechar. Siempre es m\u00e1s c\u00f3modo insistir en que el otro haga el cambio, dejando pasar un tren que posibilita un avance en nuestra evoluci\u00f3n personal. La capacidad de adaptaci\u00f3n y reajuste ante el abanico de diversidades que nos reta la vida nos aporta la \u201cflexibilidad\u201d necesaria [&#8230;]<\/p>\n<p><a class=\"btn btn-secondary understrap-read-more-link\" href=\"https:\/\/www.psyke.es\/en\/cuando-ya-no-podemos-cambiar-una-situacion-dada-la-vida-nos-desafia-a-cambiarnos-a-nosotros-mismos\/\">Read More&#8230;<span class=\"screen-reader-text\"> from \u201cCuando ya no podemos cambiar una situaci\u00f3n dada, la vida nos desaf\u00eda a cambiarnos a nosotros mismos\u201d \u2013 Viktor E. Frankl<\/span><\/a><\/p>\n","protected":false},"author":3,"featured_media":5754,"comment_status":"open","ping_status":"open","sticky":false,"template":"","format":"standard","meta":{"footnotes":""},"categories":[81],"tags":[],"class_list":["post-7120","post","type-post","status-publish","format-standard","has-post-thumbnail","hentry","category-therapeutic-reflections-personal-growth"],"yoast_head":"<!-- This site is optimized with the Yoast SEO plugin v27.4 - https:\/\/yoast.com\/product\/yoast-seo-wordpress\/ -->\n<title>\u201cCuando ya no podemos cambiar una situaci\u00f3n dada, la vida nos desaf\u00eda a cambiarnos a nosotros mismos\u201d \u2013 Viktor E. Frankl<\/title>\n<meta name=\"description\" content=\"Siempre es m\u00e1s c\u00f3modo insistir en que el otro haga el cambio, dejando pasar un tren que posibilita un avance en nuestra evoluci\u00f3n personal.\" \/>\n<meta name=\"robots\" content=\"index, follow, max-snippet:-1, max-image-preview:large, max-video-preview:-1\" \/>\n<link rel=\"canonical\" href=\"https:\/\/www.psyke.es\/en\/cuando-ya-no-podemos-cambiar-una-situacion-dada-la-vida-nos-desafia-a-cambiarnos-a-nosotros-mismos\/\" \/>\n<meta property=\"og:locale\" content=\"en_US\" \/>\n<meta property=\"og:type\" content=\"article\" \/>\n<meta property=\"og:title\" content=\"\u201cCuando ya no podemos cambiar una situaci\u00f3n dada, la vida nos desaf\u00eda a cambiarnos a nosotros mismos\u201d \u2013 Viktor E. Frankl\" \/>\n<meta property=\"og:description\" content=\"Siempre es m\u00e1s c\u00f3modo insistir en que el otro haga el cambio, dejando pasar un tren que posibilita un avance en nuestra evoluci\u00f3n personal.\" \/>\n<meta property=\"og:url\" content=\"https:\/\/www.psyke.es\/en\/cuando-ya-no-podemos-cambiar-una-situacion-dada-la-vida-nos-desafia-a-cambiarnos-a-nosotros-mismos\/\" \/>\n<meta property=\"og:site_name\" content=\"Psyke\" \/>\n<meta property=\"article:published_time\" content=\"2019-11-18T13:15:11+00:00\" \/>\n<meta property=\"article:modified_time\" content=\"2022-02-18T12:58:24+00:00\" \/>\n<meta property=\"og:image\" content=\"https:\/\/www.psyke.es\/wp-content\/uploads\/facebook_posts\/73225739_3015189121885171_5052271739405336576_n_3015189111885172-2.jpg\" \/>\n\t<meta property=\"og:image:width\" content=\"1080\" \/>\n\t<meta property=\"og:image:height\" content=\"1080\" \/>\n\t<meta property=\"og:image:type\" content=\"image\/jpeg\" \/>\n<meta name=\"author\" content=\"Tha\u00efs Capella\" \/>\n<meta name=\"twitter:card\" content=\"summary_large_image\" \/>\n<meta name=\"twitter:label1\" content=\"Written by\" \/>\n\t<meta name=\"twitter:data1\" content=\"Tha\u00efs Capella\" \/>\n\t<meta name=\"twitter:label2\" content=\"Est. reading time\" \/>\n\t<meta name=\"twitter:data2\" content=\"2 minutes\" \/>\n<script type=\"application\/ld+json\" class=\"yoast-schema-graph\">{\"@context\":\"https:\\\/\\\/schema.org\",\"@graph\":[{\"@type\":\"Article\",\"@id\":\"https:\\\/\\\/www.psyke.es\\\/en\\\/cuando-ya-no-podemos-cambiar-una-situacion-dada-la-vida-nos-desafia-a-cambiarnos-a-nosotros-mismos\\\/#article\",\"isPartOf\":{\"@id\":\"https:\\\/\\\/www.psyke.es\\\/en\\\/cuando-ya-no-podemos-cambiar-una-situacion-dada-la-vida-nos-desafia-a-cambiarnos-a-nosotros-mismos\\\/\"},\"author\":{\"name\":\"Tha\u00efs Capella\",\"@id\":\"https:\\\/\\\/www.psyke.es\\\/en\\\/#\\\/schema\\\/person\\\/87774a2e60512484c09407be020d551a\"},\"headline\":\"\u201cCuando ya no podemos cambiar una situaci\u00f3n dada, la vida nos desaf\u00eda a cambiarnos a nosotros mismos\u201d \u2013 Viktor E. Frankl\",\"datePublished\":\"2019-11-18T13:15:11+00:00\",\"dateModified\":\"2022-02-18T12:58:24+00:00\",\"mainEntityOfPage\":{\"@id\":\"https:\\\/\\\/www.psyke.es\\\/en\\\/cuando-ya-no-podemos-cambiar-una-situacion-dada-la-vida-nos-desafia-a-cambiarnos-a-nosotros-mismos\\\/\"},\"wordCount\":387,\"commentCount\":0,\"image\":{\"@id\":\"https:\\\/\\\/www.psyke.es\\\/en\\\/cuando-ya-no-podemos-cambiar-una-situacion-dada-la-vida-nos-desafia-a-cambiarnos-a-nosotros-mismos\\\/#primaryimage\"},\"thumbnailUrl\":\"https:\\\/\\\/www.psyke.es\\\/wp-content\\\/uploads\\\/facebook_posts\\\/73225739_3015189121885171_5052271739405336576_n_3015189111885172-2.jpg\",\"articleSection\":[\"Personal Growth\"],\"inLanguage\":\"en-US\",\"potentialAction\":[{\"@type\":\"CommentAction\",\"name\":\"Comment\",\"target\":[\"https:\\\/\\\/www.psyke.es\\\/en\\\/cuando-ya-no-podemos-cambiar-una-situacion-dada-la-vida-nos-desafia-a-cambiarnos-a-nosotros-mismos\\\/#respond\"]}]},{\"@type\":\"WebPage\",\"@id\":\"https:\\\/\\\/www.psyke.es\\\/en\\\/cuando-ya-no-podemos-cambiar-una-situacion-dada-la-vida-nos-desafia-a-cambiarnos-a-nosotros-mismos\\\/\",\"url\":\"https:\\\/\\\/www.psyke.es\\\/en\\\/cuando-ya-no-podemos-cambiar-una-situacion-dada-la-vida-nos-desafia-a-cambiarnos-a-nosotros-mismos\\\/\",\"name\":\"\u201cCuando ya no podemos cambiar una situaci\u00f3n dada, la vida nos desaf\u00eda a cambiarnos a nosotros mismos\u201d \u2013 Viktor E. Frankl\",\"isPartOf\":{\"@id\":\"https:\\\/\\\/www.psyke.es\\\/en\\\/#website\"},\"primaryImageOfPage\":{\"@id\":\"https:\\\/\\\/www.psyke.es\\\/en\\\/cuando-ya-no-podemos-cambiar-una-situacion-dada-la-vida-nos-desafia-a-cambiarnos-a-nosotros-mismos\\\/#primaryimage\"},\"image\":{\"@id\":\"https:\\\/\\\/www.psyke.es\\\/en\\\/cuando-ya-no-podemos-cambiar-una-situacion-dada-la-vida-nos-desafia-a-cambiarnos-a-nosotros-mismos\\\/#primaryimage\"},\"thumbnailUrl\":\"https:\\\/\\\/www.psyke.es\\\/wp-content\\\/uploads\\\/facebook_posts\\\/73225739_3015189121885171_5052271739405336576_n_3015189111885172-2.jpg\",\"datePublished\":\"2019-11-18T13:15:11+00:00\",\"dateModified\":\"2022-02-18T12:58:24+00:00\",\"author\":{\"@id\":\"https:\\\/\\\/www.psyke.es\\\/en\\\/#\\\/schema\\\/person\\\/87774a2e60512484c09407be020d551a\"},\"description\":\"Siempre es m\u00e1s c\u00f3modo insistir en que el otro haga el cambio, dejando pasar un tren que posibilita un avance en nuestra evoluci\u00f3n personal.\",\"breadcrumb\":{\"@id\":\"https:\\\/\\\/www.psyke.es\\\/en\\\/cuando-ya-no-podemos-cambiar-una-situacion-dada-la-vida-nos-desafia-a-cambiarnos-a-nosotros-mismos\\\/#breadcrumb\"},\"inLanguage\":\"en-US\",\"potentialAction\":[{\"@type\":\"ReadAction\",\"target\":[\"https:\\\/\\\/www.psyke.es\\\/en\\\/cuando-ya-no-podemos-cambiar-una-situacion-dada-la-vida-nos-desafia-a-cambiarnos-a-nosotros-mismos\\\/\"]}]},{\"@type\":\"ImageObject\",\"inLanguage\":\"en-US\",\"@id\":\"https:\\\/\\\/www.psyke.es\\\/en\\\/cuando-ya-no-podemos-cambiar-una-situacion-dada-la-vida-nos-desafia-a-cambiarnos-a-nosotros-mismos\\\/#primaryimage\",\"url\":\"https:\\\/\\\/www.psyke.es\\\/wp-content\\\/uploads\\\/facebook_posts\\\/73225739_3015189121885171_5052271739405336576_n_3015189111885172-2.jpg\",\"contentUrl\":\"https:\\\/\\\/www.psyke.es\\\/wp-content\\\/uploads\\\/facebook_posts\\\/73225739_3015189121885171_5052271739405336576_n_3015189111885172-2.jpg\",\"width\":1080,\"height\":1080},{\"@type\":\"BreadcrumbList\",\"@id\":\"https:\\\/\\\/www.psyke.es\\\/en\\\/cuando-ya-no-podemos-cambiar-una-situacion-dada-la-vida-nos-desafia-a-cambiarnos-a-nosotros-mismos\\\/#breadcrumb\",\"itemListElement\":[{\"@type\":\"ListItem\",\"position\":1,\"name\":\"Portada\",\"item\":\"https:\\\/\\\/www.psyke.es\\\/en\\\/\"},{\"@type\":\"ListItem\",\"position\":2,\"name\":\"\u201cCuando ya no podemos cambiar una situaci\u00f3n dada, la vida nos desaf\u00eda a cambiarnos a nosotros mismos\u201d \u2013 Viktor E. Frankl\"}]},{\"@type\":\"WebSite\",\"@id\":\"https:\\\/\\\/www.psyke.es\\\/en\\\/#website\",\"url\":\"https:\\\/\\\/www.psyke.es\\\/en\\\/\",\"name\":\"Psyke\",\"description\":\"Centro de Psicolog\u00eda\",\"potentialAction\":[{\"@type\":\"SearchAction\",\"target\":{\"@type\":\"EntryPoint\",\"urlTemplate\":\"https:\\\/\\\/www.psyke.es\\\/en\\\/?s={search_term_string}\"},\"query-input\":{\"@type\":\"PropertyValueSpecification\",\"valueRequired\":true,\"valueName\":\"search_term_string\"}}],\"inLanguage\":\"en-US\"},{\"@type\":\"Person\",\"@id\":\"https:\\\/\\\/www.psyke.es\\\/en\\\/#\\\/schema\\\/person\\\/87774a2e60512484c09407be020d551a\",\"name\":\"Tha\u00efs Capella\",\"image\":{\"@type\":\"ImageObject\",\"inLanguage\":\"en-US\",\"@id\":\"https:\\\/\\\/secure.gravatar.com\\\/avatar\\\/71847c79c196fcb2761a3960e77f33ed0e684732f3145d9b4af037b8ed17c94c?s=96&d=mm&r=g\",\"url\":\"https:\\\/\\\/secure.gravatar.com\\\/avatar\\\/71847c79c196fcb2761a3960e77f33ed0e684732f3145d9b4af037b8ed17c94c?s=96&d=mm&r=g\",\"contentUrl\":\"https:\\\/\\\/secure.gravatar.com\\\/avatar\\\/71847c79c196fcb2761a3960e77f33ed0e684732f3145d9b4af037b8ed17c94c?s=96&d=mm&r=g\",\"caption\":\"Tha\u00efs Capella\"},\"sameAs\":[\"http:\\\/\\\/psyke.es\"]}]}<\/script>\n<!-- \/ Yoast SEO plugin. -->","yoast_head_json":{"title":"\u201cCuando ya no podemos cambiar una situaci\u00f3n dada, la vida nos desaf\u00eda a cambiarnos a nosotros mismos\u201d \u2013 Viktor E. Frankl","description":"Siempre es m\u00e1s c\u00f3modo insistir en que el otro haga el cambio, dejando pasar un tren que posibilita un avance en nuestra evoluci\u00f3n personal.","robots":{"index":"index","follow":"follow","max-snippet":"max-snippet:-1","max-image-preview":"max-image-preview:large","max-video-preview":"max-video-preview:-1"},"canonical":"https:\/\/www.psyke.es\/en\/cuando-ya-no-podemos-cambiar-una-situacion-dada-la-vida-nos-desafia-a-cambiarnos-a-nosotros-mismos\/","og_locale":"en_US","og_type":"article","og_title":"\u201cCuando ya no podemos cambiar una situaci\u00f3n dada, la vida nos desaf\u00eda a cambiarnos a nosotros mismos\u201d \u2013 Viktor E. Frankl","og_description":"Siempre es m\u00e1s c\u00f3modo insistir en que el otro haga el cambio, dejando pasar un tren que posibilita un avance en nuestra evoluci\u00f3n personal.","og_url":"https:\/\/www.psyke.es\/en\/cuando-ya-no-podemos-cambiar-una-situacion-dada-la-vida-nos-desafia-a-cambiarnos-a-nosotros-mismos\/","og_site_name":"Psyke","article_published_time":"2019-11-18T13:15:11+00:00","article_modified_time":"2022-02-18T12:58:24+00:00","og_image":[{"width":1080,"height":1080,"url":"https:\/\/www.psyke.es\/wp-content\/uploads\/facebook_posts\/73225739_3015189121885171_5052271739405336576_n_3015189111885172-2.jpg","type":"image\/jpeg"}],"author":"Tha\u00efs Capella","twitter_card":"summary_large_image","twitter_misc":{"Written by":"Tha\u00efs Capella","Est. reading time":"2 minutes"},"schema":{"@context":"https:\/\/schema.org","@graph":[{"@type":"Article","@id":"https:\/\/www.psyke.es\/en\/cuando-ya-no-podemos-cambiar-una-situacion-dada-la-vida-nos-desafia-a-cambiarnos-a-nosotros-mismos\/#article","isPartOf":{"@id":"https:\/\/www.psyke.es\/en\/cuando-ya-no-podemos-cambiar-una-situacion-dada-la-vida-nos-desafia-a-cambiarnos-a-nosotros-mismos\/"},"author":{"name":"Tha\u00efs Capella","@id":"https:\/\/www.psyke.es\/en\/#\/schema\/person\/87774a2e60512484c09407be020d551a"},"headline":"\u201cCuando ya no podemos cambiar una situaci\u00f3n dada, la vida nos desaf\u00eda a cambiarnos a nosotros mismos\u201d \u2013 Viktor E. Frankl","datePublished":"2019-11-18T13:15:11+00:00","dateModified":"2022-02-18T12:58:24+00:00","mainEntityOfPage":{"@id":"https:\/\/www.psyke.es\/en\/cuando-ya-no-podemos-cambiar-una-situacion-dada-la-vida-nos-desafia-a-cambiarnos-a-nosotros-mismos\/"},"wordCount":387,"commentCount":0,"image":{"@id":"https:\/\/www.psyke.es\/en\/cuando-ya-no-podemos-cambiar-una-situacion-dada-la-vida-nos-desafia-a-cambiarnos-a-nosotros-mismos\/#primaryimage"},"thumbnailUrl":"https:\/\/www.psyke.es\/wp-content\/uploads\/facebook_posts\/73225739_3015189121885171_5052271739405336576_n_3015189111885172-2.jpg","articleSection":["Personal Growth"],"inLanguage":"en-US","potentialAction":[{"@type":"CommentAction","name":"Comment","target":["https:\/\/www.psyke.es\/en\/cuando-ya-no-podemos-cambiar-una-situacion-dada-la-vida-nos-desafia-a-cambiarnos-a-nosotros-mismos\/#respond"]}]},{"@type":"WebPage","@id":"https:\/\/www.psyke.es\/en\/cuando-ya-no-podemos-cambiar-una-situacion-dada-la-vida-nos-desafia-a-cambiarnos-a-nosotros-mismos\/","url":"https:\/\/www.psyke.es\/en\/cuando-ya-no-podemos-cambiar-una-situacion-dada-la-vida-nos-desafia-a-cambiarnos-a-nosotros-mismos\/","name":"\u201cCuando ya no podemos cambiar una situaci\u00f3n dada, la vida nos desaf\u00eda a cambiarnos a nosotros mismos\u201d \u2013 Viktor E. Frankl","isPartOf":{"@id":"https:\/\/www.psyke.es\/en\/#website"},"primaryImageOfPage":{"@id":"https:\/\/www.psyke.es\/en\/cuando-ya-no-podemos-cambiar-una-situacion-dada-la-vida-nos-desafia-a-cambiarnos-a-nosotros-mismos\/#primaryimage"},"image":{"@id":"https:\/\/www.psyke.es\/en\/cuando-ya-no-podemos-cambiar-una-situacion-dada-la-vida-nos-desafia-a-cambiarnos-a-nosotros-mismos\/#primaryimage"},"thumbnailUrl":"https:\/\/www.psyke.es\/wp-content\/uploads\/facebook_posts\/73225739_3015189121885171_5052271739405336576_n_3015189111885172-2.jpg","datePublished":"2019-11-18T13:15:11+00:00","dateModified":"2022-02-18T12:58:24+00:00","author":{"@id":"https:\/\/www.psyke.es\/en\/#\/schema\/person\/87774a2e60512484c09407be020d551a"},"description":"Siempre es m\u00e1s c\u00f3modo insistir en que el otro haga el cambio, dejando pasar un tren que posibilita un avance en nuestra evoluci\u00f3n personal.","breadcrumb":{"@id":"https:\/\/www.psyke.es\/en\/cuando-ya-no-podemos-cambiar-una-situacion-dada-la-vida-nos-desafia-a-cambiarnos-a-nosotros-mismos\/#breadcrumb"},"inLanguage":"en-US","potentialAction":[{"@type":"ReadAction","target":["https:\/\/www.psyke.es\/en\/cuando-ya-no-podemos-cambiar-una-situacion-dada-la-vida-nos-desafia-a-cambiarnos-a-nosotros-mismos\/"]}]},{"@type":"ImageObject","inLanguage":"en-US","@id":"https:\/\/www.psyke.es\/en\/cuando-ya-no-podemos-cambiar-una-situacion-dada-la-vida-nos-desafia-a-cambiarnos-a-nosotros-mismos\/#primaryimage","url":"https:\/\/www.psyke.es\/wp-content\/uploads\/facebook_posts\/73225739_3015189121885171_5052271739405336576_n_3015189111885172-2.jpg","contentUrl":"https:\/\/www.psyke.es\/wp-content\/uploads\/facebook_posts\/73225739_3015189121885171_5052271739405336576_n_3015189111885172-2.jpg","width":1080,"height":1080},{"@type":"BreadcrumbList","@id":"https:\/\/www.psyke.es\/en\/cuando-ya-no-podemos-cambiar-una-situacion-dada-la-vida-nos-desafia-a-cambiarnos-a-nosotros-mismos\/#breadcrumb","itemListElement":[{"@type":"ListItem","position":1,"name":"Portada","item":"https:\/\/www.psyke.es\/en\/"},{"@type":"ListItem","position":2,"name":"\u201cCuando ya no podemos cambiar una situaci\u00f3n dada, la vida nos desaf\u00eda a cambiarnos a nosotros mismos\u201d \u2013 Viktor E. Frankl"}]},{"@type":"WebSite","@id":"https:\/\/www.psyke.es\/en\/#website","url":"https:\/\/www.psyke.es\/en\/","name":"Psyke","description":"Centro de Psicolog\u00eda","potentialAction":[{"@type":"SearchAction","target":{"@type":"EntryPoint","urlTemplate":"https:\/\/www.psyke.es\/en\/?s={search_term_string}"},"query-input":{"@type":"PropertyValueSpecification","valueRequired":true,"valueName":"search_term_string"}}],"inLanguage":"en-US"},{"@type":"Person","@id":"https:\/\/www.psyke.es\/en\/#\/schema\/person\/87774a2e60512484c09407be020d551a","name":"Tha\u00efs Capella","image":{"@type":"ImageObject","inLanguage":"en-US","@id":"https:\/\/secure.gravatar.com\/avatar\/71847c79c196fcb2761a3960e77f33ed0e684732f3145d9b4af037b8ed17c94c?s=96&d=mm&r=g","url":"https:\/\/secure.gravatar.com\/avatar\/71847c79c196fcb2761a3960e77f33ed0e684732f3145d9b4af037b8ed17c94c?s=96&d=mm&r=g","contentUrl":"https:\/\/secure.gravatar.com\/avatar\/71847c79c196fcb2761a3960e77f33ed0e684732f3145d9b4af037b8ed17c94c?s=96&d=mm&r=g","caption":"Tha\u00efs Capella"},"sameAs":["http:\/\/psyke.es"]}]}},"post_mailing_queue_ids":[],"_links":{"self":[{"href":"https:\/\/www.psyke.es\/en\/wp-json\/wp\/v2\/posts\/7120","targetHints":{"allow":["GET"]}}],"collection":[{"href":"https:\/\/www.psyke.es\/en\/wp-json\/wp\/v2\/posts"}],"about":[{"href":"https:\/\/www.psyke.es\/en\/wp-json\/wp\/v2\/types\/post"}],"author":[{"embeddable":true,"href":"https:\/\/www.psyke.es\/en\/wp-json\/wp\/v2\/users\/3"}],"replies":[{"embeddable":true,"href":"https:\/\/www.psyke.es\/en\/wp-json\/wp\/v2\/comments?post=7120"}],"version-history":[{"count":0,"href":"https:\/\/www.psyke.es\/en\/wp-json\/wp\/v2\/posts\/7120\/revisions"}],"wp:featuredmedia":[{"embeddable":true,"href":"https:\/\/www.psyke.es\/en\/wp-json\/wp\/v2\/media\/5754"}],"wp:attachment":[{"href":"https:\/\/www.psyke.es\/en\/wp-json\/wp\/v2\/media?parent=7120"}],"wp:term":[{"taxonomy":"category","embeddable":true,"href":"https:\/\/www.psyke.es\/en\/wp-json\/wp\/v2\/categories?post=7120"},{"taxonomy":"post_tag","embeddable":true,"href":"https:\/\/www.psyke.es\/en\/wp-json\/wp\/v2\/tags?post=7120"}],"curies":[{"name":"wp","href":"https:\/\/api.w.org\/{rel}","templated":true}]}}