{"id":7129,"date":"2019-10-28T13:35:36","date_gmt":"2019-10-28T13:35:36","guid":{"rendered":"https:\/\/www.psyke.es\/darte-cuenta-de-que-tu-mente-esta-enredada-en-pensamientos-supone-ya-un-momento-de-despertar\/"},"modified":"2022-02-18T15:06:00","modified_gmt":"2022-02-18T13:06:00","slug":"darte-cuenta-de-que-tu-mente-esta-enredada-en-pensamientos-supone-ya-un-momento-de-despertar","status":"publish","type":"post","link":"https:\/\/www.psyke.es\/en\/darte-cuenta-de-que-tu-mente-esta-enredada-en-pensamientos-supone-ya-un-momento-de-despertar\/","title":{"rendered":"Darte cuenta de que tu mente est\u00e1 enredada en pensamientos supone ya un momento de \u201cdespertar\u201d \u2013Richie Davidson"},"content":{"rendered":"<p>Vivimos la mayor parte de nuestros d\u00edas en \u201cpiloto autom\u00e1tico\u201d yendo de un lado a otro, cumpliendo con las obligaciones agendadas hasta que llega la noche y surge la pregunta \u00bfqu\u00e9 he hecho hoy? Los que hemos tenido el privilegio de adentrarnos en la pr\u00e1ctica de Mindfulness sabemos que la mente produce entre 60,000 y 70,000 pensamientos al d\u00eda, de los que antes apenas \u00e9ramos conscientes. La mayor\u00eda de estas \u201cformaciones mentales\u201d nos recuerdan situaciones pasadas o nos presentan escenarios futuros en tono \u201cdesagradable\u201d, pues sabemos que nuestra mente funciona en negativo la mayor parte del tiempo (un 80% de media) por la supervivencia, seg\u00fan recogen los manuales de psicolog\u00eda como \u201csesgo negativo\u201d.<br \/>\nLa rumiaci\u00f3n constante a la que nos somete nuestra mente pasa desapercibida porque es nuestro modo por defecto (se llama \u201cdivagar de la mente\u201d), con lo que no darnos cuenta supone en realidad \u201cestar dormido\u201d, mientras cada uno de estos pensamientos sigilosamente intrusivos van haciendo mella en nuestra salud mental y f\u00edsica (ataca a nuestro sistema inmunol\u00f3gico), montando verdaderas \u201ctragedias griegas\u201d que nos pueden acabar hundiendo si no aprendemos a \u201cdespertar\u201d y parar la chispa antes de que se forme la llama.<br \/>\nEl concepto \u201crumiaci\u00f3n\u201d proviene de animales polig\u00e1stricos como las vacas. Una vaca se puede comer un kilo de hierba y estar horas mastic\u00e1ndola y regurgit\u00e1ndola, pas\u00e1ndola de compartimento en compartimento estomacal, proporcion\u00e1ndole as\u00ed la sensaci\u00f3n de que ha comido mucho m\u00e1s. Los seres humanos le damos vueltas y vueltas mentales a las mismas situaciones, teniendo tambi\u00e9n la falsa sensaci\u00f3n de que estamos resolviendo algo, cuando no es as\u00ed. La mente que ha generado el problema no puede ser la misma que lo resuelva, dicho en palabras de Einstein: \u201cno podemos resolver problemas pensando de la misma manera que cuando los creamos\u201d.<br \/>\nLo primero que hay que hacer es aprender a darnos cuenta de la rumiaci\u00f3n, para lo que la pr\u00e1ctica de Mindfulness es imprescindible. No es lo mismo estar pensando que SABER que estamos pensando y eso es precisamente ese \u201cdespertar\u201d del que hablamos aqu\u00ed. Observamos entonces la mente y todas sus \u201cproducciones\u201d estelares con mayor objetividad. El espacio que adquirimos desde esta toma de consciencia despierta nos permite una m\u00ednima distancia necesaria para observar cualquier situaci\u00f3n dada sin engancharnos.<br \/>\nSi todo lo que ocurre en nuestra vida pasa inevitablemente por el filtro de nuestra mente, \u00bfno te parece indispensable conocerla en profundidad? \u00bfa qu\u00e9 esperas?<\/p>\n<p>llustraci\u00f3n \u201cLost in thought\u201d de Mr. Meditate<br \/>\nCita: \u201cNoticing the mind is lost is a moment of awakening\u201d del profesor de psicolog\u00eda y psiquiatr\u00eda, Richie Davidson, de la Universidad de Wisconsin-Madison, donde ha fundado y preside el Center for Healthy Minds.<\/p>\n","protected":false},"excerpt":{"rendered":"<p>Vivimos la mayor parte de nuestros d\u00edas en \u201cpiloto autom\u00e1tico\u201d yendo de un lado a otro, cumpliendo con las obligaciones agendadas hasta que llega la noche y surge la pregunta \u00bfqu\u00e9 he hecho hoy? Los que hemos tenido el privilegio de adentrarnos en la pr\u00e1ctica de Mindfulness sabemos que la mente produce entre 60,000 y [&#8230;]<\/p>\n<p><a class=\"btn btn-secondary understrap-read-more-link\" href=\"https:\/\/www.psyke.es\/en\/darte-cuenta-de-que-tu-mente-esta-enredada-en-pensamientos-supone-ya-un-momento-de-despertar\/\">Read More&#8230;<span class=\"screen-reader-text\"> from Darte cuenta de que tu mente est\u00e1 enredada en pensamientos supone ya un momento de \u201cdespertar\u201d \u2013Richie Davidson<\/span><\/a><\/p>\n","protected":false},"author":3,"featured_media":5757,"comment_status":"open","ping_status":"open","sticky":false,"template":"","format":"standard","meta":{"footnotes":""},"categories":[80],"tags":[],"class_list":["post-7129","post","type-post","status-publish","format-standard","has-post-thumbnail","hentry","category-therapeutic-reflections-thoughts"],"yoast_head":"<!-- This site is optimized with the Yoast SEO plugin v27.4 - https:\/\/yoast.com\/product\/yoast-seo-wordpress\/ -->\n<title>Darte cuenta de que tu mente est\u00e1 enredada en pensamientos supone ya un momento de \u201cdespertar\u201d \u2013Richie Davidson<\/title>\n<meta name=\"description\" content=\"Vivimos la mayor parte de nuestros d\u00edas en \u201cpiloto autom\u00e1tico\u201d yendo de un lado a otro, cumpliendo con las obligaciones agendadas.\" \/>\n<meta name=\"robots\" content=\"index, follow, max-snippet:-1, max-image-preview:large, max-video-preview:-1\" \/>\n<link rel=\"canonical\" href=\"https:\/\/www.psyke.es\/en\/darte-cuenta-de-que-tu-mente-esta-enredada-en-pensamientos-supone-ya-un-momento-de-despertar\/\" \/>\n<meta property=\"og:locale\" content=\"en_US\" \/>\n<meta property=\"og:type\" content=\"article\" \/>\n<meta property=\"og:title\" content=\"Darte cuenta de que tu mente est\u00e1 enredada en pensamientos supone ya un momento de \u201cdespertar\u201d \u2013Richie Davidson\" \/>\n<meta property=\"og:description\" content=\"Vivimos la mayor parte de nuestros d\u00edas en \u201cpiloto autom\u00e1tico\u201d yendo de un lado a otro, cumpliendo con las obligaciones agendadas.\" \/>\n<meta property=\"og:url\" content=\"https:\/\/www.psyke.es\/en\/darte-cuenta-de-que-tu-mente-esta-enredada-en-pensamientos-supone-ya-un-momento-de-despertar\/\" \/>\n<meta property=\"og:site_name\" content=\"Psyke\" \/>\n<meta property=\"article:published_time\" content=\"2019-10-28T13:35:36+00:00\" \/>\n<meta property=\"article:modified_time\" content=\"2022-02-18T13:06:00+00:00\" \/>\n<meta property=\"og:image\" content=\"https:\/\/www.psyke.es\/wp-content\/uploads\/facebook_posts\/74892993_2952119344858816_7180756260269064192_n_2952119334858817-2.jpg\" \/>\n\t<meta property=\"og:image:width\" content=\"948\" \/>\n\t<meta property=\"og:image:height\" content=\"710\" \/>\n\t<meta property=\"og:image:type\" content=\"image\/jpeg\" \/>\n<meta name=\"author\" content=\"Tha\u00efs Capella\" \/>\n<meta name=\"twitter:card\" content=\"summary_large_image\" \/>\n<meta name=\"twitter:label1\" content=\"Written by\" \/>\n\t<meta name=\"twitter:data1\" content=\"Tha\u00efs Capella\" \/>\n\t<meta name=\"twitter:label2\" content=\"Est. reading time\" \/>\n\t<meta name=\"twitter:data2\" content=\"2 minutes\" \/>\n<script type=\"application\/ld+json\" class=\"yoast-schema-graph\">{\"@context\":\"https:\\\/\\\/schema.org\",\"@graph\":[{\"@type\":\"Article\",\"@id\":\"https:\\\/\\\/www.psyke.es\\\/en\\\/darte-cuenta-de-que-tu-mente-esta-enredada-en-pensamientos-supone-ya-un-momento-de-despertar\\\/#article\",\"isPartOf\":{\"@id\":\"https:\\\/\\\/www.psyke.es\\\/en\\\/darte-cuenta-de-que-tu-mente-esta-enredada-en-pensamientos-supone-ya-un-momento-de-despertar\\\/\"},\"author\":{\"name\":\"Tha\u00efs Capella\",\"@id\":\"https:\\\/\\\/www.psyke.es\\\/en\\\/#\\\/schema\\\/person\\\/87774a2e60512484c09407be020d551a\"},\"headline\":\"Darte cuenta de que tu mente est\u00e1 enredada en pensamientos supone ya un momento de \u201cdespertar\u201d \u2013Richie Davidson\",\"datePublished\":\"2019-10-28T13:35:36+00:00\",\"dateModified\":\"2022-02-18T13:06:00+00:00\",\"mainEntityOfPage\":{\"@id\":\"https:\\\/\\\/www.psyke.es\\\/en\\\/darte-cuenta-de-que-tu-mente-esta-enredada-en-pensamientos-supone-ya-un-momento-de-despertar\\\/\"},\"wordCount\":484,\"commentCount\":0,\"image\":{\"@id\":\"https:\\\/\\\/www.psyke.es\\\/en\\\/darte-cuenta-de-que-tu-mente-esta-enredada-en-pensamientos-supone-ya-un-momento-de-despertar\\\/#primaryimage\"},\"thumbnailUrl\":\"https:\\\/\\\/www.psyke.es\\\/wp-content\\\/uploads\\\/facebook_posts\\\/74892993_2952119344858816_7180756260269064192_n_2952119334858817-2.jpg\",\"articleSection\":[\"Thoughts\"],\"inLanguage\":\"en-US\",\"potentialAction\":[{\"@type\":\"CommentAction\",\"name\":\"Comment\",\"target\":[\"https:\\\/\\\/www.psyke.es\\\/en\\\/darte-cuenta-de-que-tu-mente-esta-enredada-en-pensamientos-supone-ya-un-momento-de-despertar\\\/#respond\"]}]},{\"@type\":\"WebPage\",\"@id\":\"https:\\\/\\\/www.psyke.es\\\/en\\\/darte-cuenta-de-que-tu-mente-esta-enredada-en-pensamientos-supone-ya-un-momento-de-despertar\\\/\",\"url\":\"https:\\\/\\\/www.psyke.es\\\/en\\\/darte-cuenta-de-que-tu-mente-esta-enredada-en-pensamientos-supone-ya-un-momento-de-despertar\\\/\",\"name\":\"Darte cuenta de que tu mente est\u00e1 enredada en pensamientos supone ya un momento de \u201cdespertar\u201d \u2013Richie Davidson\",\"isPartOf\":{\"@id\":\"https:\\\/\\\/www.psyke.es\\\/en\\\/#website\"},\"primaryImageOfPage\":{\"@id\":\"https:\\\/\\\/www.psyke.es\\\/en\\\/darte-cuenta-de-que-tu-mente-esta-enredada-en-pensamientos-supone-ya-un-momento-de-despertar\\\/#primaryimage\"},\"image\":{\"@id\":\"https:\\\/\\\/www.psyke.es\\\/en\\\/darte-cuenta-de-que-tu-mente-esta-enredada-en-pensamientos-supone-ya-un-momento-de-despertar\\\/#primaryimage\"},\"thumbnailUrl\":\"https:\\\/\\\/www.psyke.es\\\/wp-content\\\/uploads\\\/facebook_posts\\\/74892993_2952119344858816_7180756260269064192_n_2952119334858817-2.jpg\",\"datePublished\":\"2019-10-28T13:35:36+00:00\",\"dateModified\":\"2022-02-18T13:06:00+00:00\",\"author\":{\"@id\":\"https:\\\/\\\/www.psyke.es\\\/en\\\/#\\\/schema\\\/person\\\/87774a2e60512484c09407be020d551a\"},\"description\":\"Vivimos la mayor parte de nuestros d\u00edas en \u201cpiloto autom\u00e1tico\u201d yendo de un lado a otro, cumpliendo con las obligaciones agendadas.\",\"breadcrumb\":{\"@id\":\"https:\\\/\\\/www.psyke.es\\\/en\\\/darte-cuenta-de-que-tu-mente-esta-enredada-en-pensamientos-supone-ya-un-momento-de-despertar\\\/#breadcrumb\"},\"inLanguage\":\"en-US\",\"potentialAction\":[{\"@type\":\"ReadAction\",\"target\":[\"https:\\\/\\\/www.psyke.es\\\/en\\\/darte-cuenta-de-que-tu-mente-esta-enredada-en-pensamientos-supone-ya-un-momento-de-despertar\\\/\"]}]},{\"@type\":\"ImageObject\",\"inLanguage\":\"en-US\",\"@id\":\"https:\\\/\\\/www.psyke.es\\\/en\\\/darte-cuenta-de-que-tu-mente-esta-enredada-en-pensamientos-supone-ya-un-momento-de-despertar\\\/#primaryimage\",\"url\":\"https:\\\/\\\/www.psyke.es\\\/wp-content\\\/uploads\\\/facebook_posts\\\/74892993_2952119344858816_7180756260269064192_n_2952119334858817-2.jpg\",\"contentUrl\":\"https:\\\/\\\/www.psyke.es\\\/wp-content\\\/uploads\\\/facebook_posts\\\/74892993_2952119344858816_7180756260269064192_n_2952119334858817-2.jpg\",\"width\":948,\"height\":710},{\"@type\":\"BreadcrumbList\",\"@id\":\"https:\\\/\\\/www.psyke.es\\\/en\\\/darte-cuenta-de-que-tu-mente-esta-enredada-en-pensamientos-supone-ya-un-momento-de-despertar\\\/#breadcrumb\",\"itemListElement\":[{\"@type\":\"ListItem\",\"position\":1,\"name\":\"Portada\",\"item\":\"https:\\\/\\\/www.psyke.es\\\/en\\\/\"},{\"@type\":\"ListItem\",\"position\":2,\"name\":\"Darte cuenta de que tu mente est\u00e1 enredada en pensamientos supone ya un momento de \u201cdespertar\u201d \u2013Richie Davidson\"}]},{\"@type\":\"WebSite\",\"@id\":\"https:\\\/\\\/www.psyke.es\\\/en\\\/#website\",\"url\":\"https:\\\/\\\/www.psyke.es\\\/en\\\/\",\"name\":\"Psyke\",\"description\":\"Centro de Psicolog\u00eda\",\"potentialAction\":[{\"@type\":\"SearchAction\",\"target\":{\"@type\":\"EntryPoint\",\"urlTemplate\":\"https:\\\/\\\/www.psyke.es\\\/en\\\/?s={search_term_string}\"},\"query-input\":{\"@type\":\"PropertyValueSpecification\",\"valueRequired\":true,\"valueName\":\"search_term_string\"}}],\"inLanguage\":\"en-US\"},{\"@type\":\"Person\",\"@id\":\"https:\\\/\\\/www.psyke.es\\\/en\\\/#\\\/schema\\\/person\\\/87774a2e60512484c09407be020d551a\",\"name\":\"Tha\u00efs Capella\",\"image\":{\"@type\":\"ImageObject\",\"inLanguage\":\"en-US\",\"@id\":\"https:\\\/\\\/secure.gravatar.com\\\/avatar\\\/71847c79c196fcb2761a3960e77f33ed0e684732f3145d9b4af037b8ed17c94c?s=96&d=mm&r=g\",\"url\":\"https:\\\/\\\/secure.gravatar.com\\\/avatar\\\/71847c79c196fcb2761a3960e77f33ed0e684732f3145d9b4af037b8ed17c94c?s=96&d=mm&r=g\",\"contentUrl\":\"https:\\\/\\\/secure.gravatar.com\\\/avatar\\\/71847c79c196fcb2761a3960e77f33ed0e684732f3145d9b4af037b8ed17c94c?s=96&d=mm&r=g\",\"caption\":\"Tha\u00efs Capella\"},\"sameAs\":[\"http:\\\/\\\/psyke.es\"]}]}<\/script>\n<!-- \/ Yoast SEO plugin. -->","yoast_head_json":{"title":"Darte cuenta de que tu mente est\u00e1 enredada en pensamientos supone ya un momento de \u201cdespertar\u201d \u2013Richie Davidson","description":"Vivimos la mayor parte de nuestros d\u00edas en \u201cpiloto autom\u00e1tico\u201d yendo de un lado a otro, cumpliendo con las obligaciones agendadas.","robots":{"index":"index","follow":"follow","max-snippet":"max-snippet:-1","max-image-preview":"max-image-preview:large","max-video-preview":"max-video-preview:-1"},"canonical":"https:\/\/www.psyke.es\/en\/darte-cuenta-de-que-tu-mente-esta-enredada-en-pensamientos-supone-ya-un-momento-de-despertar\/","og_locale":"en_US","og_type":"article","og_title":"Darte cuenta de que tu mente est\u00e1 enredada en pensamientos supone ya un momento de \u201cdespertar\u201d \u2013Richie Davidson","og_description":"Vivimos la mayor parte de nuestros d\u00edas en \u201cpiloto autom\u00e1tico\u201d yendo de un lado a otro, cumpliendo con las obligaciones agendadas.","og_url":"https:\/\/www.psyke.es\/en\/darte-cuenta-de-que-tu-mente-esta-enredada-en-pensamientos-supone-ya-un-momento-de-despertar\/","og_site_name":"Psyke","article_published_time":"2019-10-28T13:35:36+00:00","article_modified_time":"2022-02-18T13:06:00+00:00","og_image":[{"width":948,"height":710,"url":"https:\/\/www.psyke.es\/wp-content\/uploads\/facebook_posts\/74892993_2952119344858816_7180756260269064192_n_2952119334858817-2.jpg","type":"image\/jpeg"}],"author":"Tha\u00efs Capella","twitter_card":"summary_large_image","twitter_misc":{"Written by":"Tha\u00efs Capella","Est. reading time":"2 minutes"},"schema":{"@context":"https:\/\/schema.org","@graph":[{"@type":"Article","@id":"https:\/\/www.psyke.es\/en\/darte-cuenta-de-que-tu-mente-esta-enredada-en-pensamientos-supone-ya-un-momento-de-despertar\/#article","isPartOf":{"@id":"https:\/\/www.psyke.es\/en\/darte-cuenta-de-que-tu-mente-esta-enredada-en-pensamientos-supone-ya-un-momento-de-despertar\/"},"author":{"name":"Tha\u00efs Capella","@id":"https:\/\/www.psyke.es\/en\/#\/schema\/person\/87774a2e60512484c09407be020d551a"},"headline":"Darte cuenta de que tu mente est\u00e1 enredada en pensamientos supone ya un momento de \u201cdespertar\u201d \u2013Richie Davidson","datePublished":"2019-10-28T13:35:36+00:00","dateModified":"2022-02-18T13:06:00+00:00","mainEntityOfPage":{"@id":"https:\/\/www.psyke.es\/en\/darte-cuenta-de-que-tu-mente-esta-enredada-en-pensamientos-supone-ya-un-momento-de-despertar\/"},"wordCount":484,"commentCount":0,"image":{"@id":"https:\/\/www.psyke.es\/en\/darte-cuenta-de-que-tu-mente-esta-enredada-en-pensamientos-supone-ya-un-momento-de-despertar\/#primaryimage"},"thumbnailUrl":"https:\/\/www.psyke.es\/wp-content\/uploads\/facebook_posts\/74892993_2952119344858816_7180756260269064192_n_2952119334858817-2.jpg","articleSection":["Thoughts"],"inLanguage":"en-US","potentialAction":[{"@type":"CommentAction","name":"Comment","target":["https:\/\/www.psyke.es\/en\/darte-cuenta-de-que-tu-mente-esta-enredada-en-pensamientos-supone-ya-un-momento-de-despertar\/#respond"]}]},{"@type":"WebPage","@id":"https:\/\/www.psyke.es\/en\/darte-cuenta-de-que-tu-mente-esta-enredada-en-pensamientos-supone-ya-un-momento-de-despertar\/","url":"https:\/\/www.psyke.es\/en\/darte-cuenta-de-que-tu-mente-esta-enredada-en-pensamientos-supone-ya-un-momento-de-despertar\/","name":"Darte cuenta de que tu mente est\u00e1 enredada en pensamientos supone ya un momento de \u201cdespertar\u201d \u2013Richie Davidson","isPartOf":{"@id":"https:\/\/www.psyke.es\/en\/#website"},"primaryImageOfPage":{"@id":"https:\/\/www.psyke.es\/en\/darte-cuenta-de-que-tu-mente-esta-enredada-en-pensamientos-supone-ya-un-momento-de-despertar\/#primaryimage"},"image":{"@id":"https:\/\/www.psyke.es\/en\/darte-cuenta-de-que-tu-mente-esta-enredada-en-pensamientos-supone-ya-un-momento-de-despertar\/#primaryimage"},"thumbnailUrl":"https:\/\/www.psyke.es\/wp-content\/uploads\/facebook_posts\/74892993_2952119344858816_7180756260269064192_n_2952119334858817-2.jpg","datePublished":"2019-10-28T13:35:36+00:00","dateModified":"2022-02-18T13:06:00+00:00","author":{"@id":"https:\/\/www.psyke.es\/en\/#\/schema\/person\/87774a2e60512484c09407be020d551a"},"description":"Vivimos la mayor parte de nuestros d\u00edas en \u201cpiloto autom\u00e1tico\u201d yendo de un lado a otro, cumpliendo con las obligaciones agendadas.","breadcrumb":{"@id":"https:\/\/www.psyke.es\/en\/darte-cuenta-de-que-tu-mente-esta-enredada-en-pensamientos-supone-ya-un-momento-de-despertar\/#breadcrumb"},"inLanguage":"en-US","potentialAction":[{"@type":"ReadAction","target":["https:\/\/www.psyke.es\/en\/darte-cuenta-de-que-tu-mente-esta-enredada-en-pensamientos-supone-ya-un-momento-de-despertar\/"]}]},{"@type":"ImageObject","inLanguage":"en-US","@id":"https:\/\/www.psyke.es\/en\/darte-cuenta-de-que-tu-mente-esta-enredada-en-pensamientos-supone-ya-un-momento-de-despertar\/#primaryimage","url":"https:\/\/www.psyke.es\/wp-content\/uploads\/facebook_posts\/74892993_2952119344858816_7180756260269064192_n_2952119334858817-2.jpg","contentUrl":"https:\/\/www.psyke.es\/wp-content\/uploads\/facebook_posts\/74892993_2952119344858816_7180756260269064192_n_2952119334858817-2.jpg","width":948,"height":710},{"@type":"BreadcrumbList","@id":"https:\/\/www.psyke.es\/en\/darte-cuenta-de-que-tu-mente-esta-enredada-en-pensamientos-supone-ya-un-momento-de-despertar\/#breadcrumb","itemListElement":[{"@type":"ListItem","position":1,"name":"Portada","item":"https:\/\/www.psyke.es\/en\/"},{"@type":"ListItem","position":2,"name":"Darte cuenta de que tu mente est\u00e1 enredada en pensamientos supone ya un momento de \u201cdespertar\u201d \u2013Richie Davidson"}]},{"@type":"WebSite","@id":"https:\/\/www.psyke.es\/en\/#website","url":"https:\/\/www.psyke.es\/en\/","name":"Psyke","description":"Centro de Psicolog\u00eda","potentialAction":[{"@type":"SearchAction","target":{"@type":"EntryPoint","urlTemplate":"https:\/\/www.psyke.es\/en\/?s={search_term_string}"},"query-input":{"@type":"PropertyValueSpecification","valueRequired":true,"valueName":"search_term_string"}}],"inLanguage":"en-US"},{"@type":"Person","@id":"https:\/\/www.psyke.es\/en\/#\/schema\/person\/87774a2e60512484c09407be020d551a","name":"Tha\u00efs Capella","image":{"@type":"ImageObject","inLanguage":"en-US","@id":"https:\/\/secure.gravatar.com\/avatar\/71847c79c196fcb2761a3960e77f33ed0e684732f3145d9b4af037b8ed17c94c?s=96&d=mm&r=g","url":"https:\/\/secure.gravatar.com\/avatar\/71847c79c196fcb2761a3960e77f33ed0e684732f3145d9b4af037b8ed17c94c?s=96&d=mm&r=g","contentUrl":"https:\/\/secure.gravatar.com\/avatar\/71847c79c196fcb2761a3960e77f33ed0e684732f3145d9b4af037b8ed17c94c?s=96&d=mm&r=g","caption":"Tha\u00efs Capella"},"sameAs":["http:\/\/psyke.es"]}]}},"post_mailing_queue_ids":[],"_links":{"self":[{"href":"https:\/\/www.psyke.es\/en\/wp-json\/wp\/v2\/posts\/7129","targetHints":{"allow":["GET"]}}],"collection":[{"href":"https:\/\/www.psyke.es\/en\/wp-json\/wp\/v2\/posts"}],"about":[{"href":"https:\/\/www.psyke.es\/en\/wp-json\/wp\/v2\/types\/post"}],"author":[{"embeddable":true,"href":"https:\/\/www.psyke.es\/en\/wp-json\/wp\/v2\/users\/3"}],"replies":[{"embeddable":true,"href":"https:\/\/www.psyke.es\/en\/wp-json\/wp\/v2\/comments?post=7129"}],"version-history":[{"count":0,"href":"https:\/\/www.psyke.es\/en\/wp-json\/wp\/v2\/posts\/7129\/revisions"}],"wp:featuredmedia":[{"embeddable":true,"href":"https:\/\/www.psyke.es\/en\/wp-json\/wp\/v2\/media\/5757"}],"wp:attachment":[{"href":"https:\/\/www.psyke.es\/en\/wp-json\/wp\/v2\/media?parent=7129"}],"wp:term":[{"taxonomy":"category","embeddable":true,"href":"https:\/\/www.psyke.es\/en\/wp-json\/wp\/v2\/categories?post=7129"},{"taxonomy":"post_tag","embeddable":true,"href":"https:\/\/www.psyke.es\/en\/wp-json\/wp\/v2\/tags?post=7129"}],"curies":[{"name":"wp","href":"https:\/\/api.w.org\/{rel}","templated":true}]}}