{"id":7138,"date":"2019-09-30T08:04:00","date_gmt":"2019-09-30T08:04:00","guid":{"rendered":"https:\/\/www.psyke.es\/muchos-pensamientos-y-emociones-desestabilizan-y-generan-conductas-esclavizantes-darnos-cuenta-nos-hara-mas-libres\/"},"modified":"2022-02-18T15:15:02","modified_gmt":"2022-02-18T13:15:02","slug":"muchos-pensamientos-y-emociones-desestabilizan-y-generan-conductas-esclavizantes-darnos-cuenta-nos-hara-mas-libres","status":"publish","type":"post","link":"https:\/\/www.psyke.es\/en\/muchos-pensamientos-y-emociones-desestabilizan-y-generan-conductas-esclavizantes-darnos-cuenta-nos-hara-mas-libres\/","title":{"rendered":"Muchos pensamientos y emociones desestabilizan y generan conductas esclavizantes. \u00a1Darnos cuenta nos har\u00e1 m\u00e1s libres!"},"content":{"rendered":"\n<p>Todos los que ya estamos inmersos en la pr\u00e1ctica de Mindulness sabemos que su mayor potencia reside en darnos cuenta de todo lo que sucede DENTRO de nosotros que \u2013de no hacerlo- nos puede arrastrar a conductas que hacen da\u00f1o o nos da\u00f1an.<\/p>\n\n\n\n<p>Tomar conciencia de que toda situaci\u00f3n implica que nuestra percepci\u00f3n genera pensamientos, emociones y consecuentes comportamientos, siempre dirigidos a hacer algo que nos haga sentir mejor (aunque a veces ocurra lo contrario), nos ayudar\u00e1 a adquirir cada vez mayor distancia y, por tanto, m\u00e1s firmeza en nosotros mismos y LIBERTAD para elegir c\u00f3mo nos situamos.<\/p>\n\n\n\n<p>Hemos de tener especial consciencia en momentos de mucho estr\u00e9s: ya que ciertas ideas y sentimientos se repiten con frecuencia y suelen ser patrones que nos causan sufrimiento si no somos capaces de detectarlos.<\/p>\n\n\n\n<p>En situaciones especialmente conflictivas, observemos lo que ocurre DENTRO de nosotros y tengamos tambi\u00e9n en cuenta que al \u201cotro\u201d le est\u00e1 ocurriendo lo mismo:<\/p>\n\n\n\n<p>Ejemplo:<br>Cuando llego tarde al trabajo porque pillo un embotellamiento<br>\u00bfqu\u00e9 crees que PIENSA tu jefe? (pensamiento)<br>\u201cEs incre\u00edble, vuelve a llegar tarde a la reuni\u00f3n cuando sabe que le estoy esperando\u201d<br>\u00bfqu\u00e9 crees que SIENTE tu jefe? (emoci\u00f3n)<br>Va activ\u00e1ndose en contra de la situaci\u00f3n, se va preparando fisiol\u00f3gicamente para el ataque a trav\u00e9s de la emoci\u00f3n de la rabia, el enfado\u2026<br>\u00bfqu\u00e9 HACE? (comportamiento)<br>Nada m\u00e1s entrar en el despacho te dice -fruto del enfado, aunque sea \u00e9l el que m\u00e1s necesite que se celebre esa reuni\u00f3n- que se ha suspendido\u2026<\/p>\n\n\n\n<p>\u00bfy t\u00fa qu\u00e9 PIENSAS? (pensamiento)<br>\u201cQu\u00e9 dif\u00edcil es esta persona, ni siquiera ha preguntado qu\u00e9 me ha pasado\u201d\u2026<br>\u00bfqu\u00e9 SIENTES? (emoci\u00f3n)<br>Injusticia, ansiedad, hartazgo, adem\u00e1s de impotencia porque necesito el trabajo<br>\u00bfqu\u00e9 HACES? (comportamiento)<br>En cuanto entro en mi despacho, cojo el malet\u00edn y lo tiro al otro lado de la habitaci\u00f3n\u2026me meto en internet deseando encontrar otro trabajo que me libere la tensi\u00f3n (contemplar la posibilidad de marcharnos, a su vez, nos da la falsa sensaci\u00f3n de alivio, pero puede ser solo temporal) \u2026<\/p>\n\n\n\n<p>Hemos de saber que nuestra mente ve peligro potencial en todas partes: en un jefe, en un nuevo trabajo, en un embotellamiento. No suponen una amenaza para nuestra vida, pero nuestro cerebro y nuestro cuerpo reaccionan como si lo fuera&#8230;<br>CLAVE: Cuanto m\u00e1s intentemos luchar contra los pensamientos y sentimientos dif\u00edciles, m\u00e1s nos abrumar\u00e1n. Esto es lo que llamamos malestar \u201csucio\u201d, por ser un sufrimiento que le a\u00f1adimos nosotros a la situaci\u00f3n.<\/p>\n\n\n\n<p>Detectar estos posicionamientos autom\u00e1ticos y aprender a tomar distancia nos proporciona m\u00e1s espacio para movernos, porque nos posibilita poder ver mayor n\u00famero de opciones. As\u00ed nos podemos ir liberando de nuestros propios condicionamientos limitantes.<\/p>\n\n\n\n<p>Desde esa libertad, y con la mente despejada, tomemos decisones sin que las situaciones puntuales nos arrastren y nos alejen de conductas acordes a nuestos valores&#8230;<\/p>\n\n\n\n<p>Ilustraci\u00f3n de John Vernon Lord para una edici\u00f3n especial de \u201cThrough the Looking-Glass and What Alice Found There\u201d (A trav\u00e9s del espejo y lo que Alicia descubri\u00f3 all\u00ed).<\/p>\n","protected":false},"excerpt":{"rendered":"<p>Todos los que ya estamos inmersos en la pr\u00e1ctica de Mindulness sabemos que su mayor potencia reside en darnos cuenta de todo lo que sucede DENTRO de nosotros que \u2013de no hacerlo- nos puede arrastrar a conductas que hacen da\u00f1o o nos da\u00f1an. Tomar conciencia de que toda situaci\u00f3n implica que nuestra percepci\u00f3n genera pensamientos, [&#8230;]<\/p>\n<p><a class=\"btn btn-secondary understrap-read-more-link\" href=\"https:\/\/www.psyke.es\/en\/muchos-pensamientos-y-emociones-desestabilizan-y-generan-conductas-esclavizantes-darnos-cuenta-nos-hara-mas-libres\/\">Read More&#8230;<span class=\"screen-reader-text\"> from Muchos pensamientos y emociones desestabilizan y generan conductas esclavizantes. \u00a1Darnos cuenta nos har\u00e1 m\u00e1s libres!<\/span><\/a><\/p>\n","protected":false},"author":3,"featured_media":5657,"comment_status":"open","ping_status":"open","sticky":false,"template":"","format":"standard","meta":{"footnotes":""},"categories":[80],"tags":[],"class_list":["post-7138","post","type-post","status-publish","format-standard","has-post-thumbnail","hentry","category-therapeutic-reflections-thoughts"],"yoast_head":"<!-- This site is optimized with the Yoast SEO plugin v27.4 - https:\/\/yoast.com\/product\/yoast-seo-wordpress\/ -->\n<title>Muchos pensamientos y emociones desestabilizan y generan conductas esclavizantes. \u00a1Darnos cuenta nos har\u00e1 m\u00e1s libres!<\/title>\n<meta name=\"description\" content=\"Observemos lo que ocurre DENTRO de nosotros y tengamos tambi\u00e9n en cuenta que al \u201cotro\u201d le est\u00e1 ocurriendo lo mismon\" \/>\n<meta name=\"robots\" content=\"index, follow, max-snippet:-1, max-image-preview:large, max-video-preview:-1\" \/>\n<link rel=\"canonical\" href=\"https:\/\/www.psyke.es\/en\/muchos-pensamientos-y-emociones-desestabilizan-y-generan-conductas-esclavizantes-darnos-cuenta-nos-hara-mas-libres\/\" \/>\n<meta property=\"og:locale\" content=\"en_US\" \/>\n<meta property=\"og:type\" content=\"article\" \/>\n<meta property=\"og:title\" content=\"Muchos pensamientos y emociones desestabilizan y generan conductas esclavizantes. \u00a1Darnos cuenta nos har\u00e1 m\u00e1s libres!\" \/>\n<meta property=\"og:description\" content=\"Observemos lo que ocurre DENTRO de nosotros y tengamos tambi\u00e9n en cuenta que al \u201cotro\u201d le est\u00e1 ocurriendo lo mismon\" \/>\n<meta property=\"og:url\" content=\"https:\/\/www.psyke.es\/en\/muchos-pensamientos-y-emociones-desestabilizan-y-generan-conductas-esclavizantes-darnos-cuenta-nos-hara-mas-libres\/\" \/>\n<meta property=\"og:site_name\" content=\"Psyke\" \/>\n<meta property=\"article:published_time\" content=\"2019-09-30T08:04:00+00:00\" \/>\n<meta property=\"article:modified_time\" content=\"2022-02-18T13:15:02+00:00\" \/>\n<meta property=\"og:image\" content=\"https:\/\/www.psyke.es\/wp-content\/uploads\/2021\/06\/ansiedad-001.jpg\" \/>\n\t<meta property=\"og:image:width\" content=\"500\" \/>\n\t<meta property=\"og:image:height\" content=\"539\" \/>\n\t<meta property=\"og:image:type\" content=\"image\/jpeg\" \/>\n<meta name=\"author\" content=\"Tha\u00efs Capella\" \/>\n<meta name=\"twitter:card\" content=\"summary_large_image\" \/>\n<meta name=\"twitter:label1\" content=\"Written by\" \/>\n\t<meta name=\"twitter:data1\" content=\"Tha\u00efs Capella\" \/>\n\t<meta name=\"twitter:label2\" content=\"Est. reading time\" \/>\n\t<meta name=\"twitter:data2\" content=\"3 minutes\" \/>\n<script type=\"application\/ld+json\" class=\"yoast-schema-graph\">{\"@context\":\"https:\\\/\\\/schema.org\",\"@graph\":[{\"@type\":\"Article\",\"@id\":\"https:\\\/\\\/www.psyke.es\\\/en\\\/muchos-pensamientos-y-emociones-desestabilizan-y-generan-conductas-esclavizantes-darnos-cuenta-nos-hara-mas-libres\\\/#article\",\"isPartOf\":{\"@id\":\"https:\\\/\\\/www.psyke.es\\\/en\\\/muchos-pensamientos-y-emociones-desestabilizan-y-generan-conductas-esclavizantes-darnos-cuenta-nos-hara-mas-libres\\\/\"},\"author\":{\"name\":\"Tha\u00efs Capella\",\"@id\":\"https:\\\/\\\/www.psyke.es\\\/en\\\/#\\\/schema\\\/person\\\/87774a2e60512484c09407be020d551a\"},\"headline\":\"Muchos pensamientos y emociones desestabilizan y generan conductas esclavizantes. \u00a1Darnos cuenta nos har\u00e1 m\u00e1s libres!\",\"datePublished\":\"2019-09-30T08:04:00+00:00\",\"dateModified\":\"2022-02-18T13:15:02+00:00\",\"mainEntityOfPage\":{\"@id\":\"https:\\\/\\\/www.psyke.es\\\/en\\\/muchos-pensamientos-y-emociones-desestabilizan-y-generan-conductas-esclavizantes-darnos-cuenta-nos-hara-mas-libres\\\/\"},\"wordCount\":549,\"commentCount\":0,\"image\":{\"@id\":\"https:\\\/\\\/www.psyke.es\\\/en\\\/muchos-pensamientos-y-emociones-desestabilizan-y-generan-conductas-esclavizantes-darnos-cuenta-nos-hara-mas-libres\\\/#primaryimage\"},\"thumbnailUrl\":\"https:\\\/\\\/www.psyke.es\\\/wp-content\\\/uploads\\\/2021\\\/06\\\/ansiedad-001.jpg\",\"articleSection\":[\"Thoughts\"],\"inLanguage\":\"en-US\",\"potentialAction\":[{\"@type\":\"CommentAction\",\"name\":\"Comment\",\"target\":[\"https:\\\/\\\/www.psyke.es\\\/en\\\/muchos-pensamientos-y-emociones-desestabilizan-y-generan-conductas-esclavizantes-darnos-cuenta-nos-hara-mas-libres\\\/#respond\"]}]},{\"@type\":\"WebPage\",\"@id\":\"https:\\\/\\\/www.psyke.es\\\/en\\\/muchos-pensamientos-y-emociones-desestabilizan-y-generan-conductas-esclavizantes-darnos-cuenta-nos-hara-mas-libres\\\/\",\"url\":\"https:\\\/\\\/www.psyke.es\\\/en\\\/muchos-pensamientos-y-emociones-desestabilizan-y-generan-conductas-esclavizantes-darnos-cuenta-nos-hara-mas-libres\\\/\",\"name\":\"Muchos pensamientos y emociones desestabilizan y generan conductas esclavizantes. \u00a1Darnos cuenta nos har\u00e1 m\u00e1s libres!\",\"isPartOf\":{\"@id\":\"https:\\\/\\\/www.psyke.es\\\/en\\\/#website\"},\"primaryImageOfPage\":{\"@id\":\"https:\\\/\\\/www.psyke.es\\\/en\\\/muchos-pensamientos-y-emociones-desestabilizan-y-generan-conductas-esclavizantes-darnos-cuenta-nos-hara-mas-libres\\\/#primaryimage\"},\"image\":{\"@id\":\"https:\\\/\\\/www.psyke.es\\\/en\\\/muchos-pensamientos-y-emociones-desestabilizan-y-generan-conductas-esclavizantes-darnos-cuenta-nos-hara-mas-libres\\\/#primaryimage\"},\"thumbnailUrl\":\"https:\\\/\\\/www.psyke.es\\\/wp-content\\\/uploads\\\/2021\\\/06\\\/ansiedad-001.jpg\",\"datePublished\":\"2019-09-30T08:04:00+00:00\",\"dateModified\":\"2022-02-18T13:15:02+00:00\",\"author\":{\"@id\":\"https:\\\/\\\/www.psyke.es\\\/en\\\/#\\\/schema\\\/person\\\/87774a2e60512484c09407be020d551a\"},\"description\":\"Observemos lo que ocurre DENTRO de nosotros y tengamos tambi\u00e9n en cuenta que al \u201cotro\u201d le est\u00e1 ocurriendo lo mismon\",\"breadcrumb\":{\"@id\":\"https:\\\/\\\/www.psyke.es\\\/en\\\/muchos-pensamientos-y-emociones-desestabilizan-y-generan-conductas-esclavizantes-darnos-cuenta-nos-hara-mas-libres\\\/#breadcrumb\"},\"inLanguage\":\"en-US\",\"potentialAction\":[{\"@type\":\"ReadAction\",\"target\":[\"https:\\\/\\\/www.psyke.es\\\/en\\\/muchos-pensamientos-y-emociones-desestabilizan-y-generan-conductas-esclavizantes-darnos-cuenta-nos-hara-mas-libres\\\/\"]}]},{\"@type\":\"ImageObject\",\"inLanguage\":\"en-US\",\"@id\":\"https:\\\/\\\/www.psyke.es\\\/en\\\/muchos-pensamientos-y-emociones-desestabilizan-y-generan-conductas-esclavizantes-darnos-cuenta-nos-hara-mas-libres\\\/#primaryimage\",\"url\":\"https:\\\/\\\/www.psyke.es\\\/wp-content\\\/uploads\\\/2021\\\/06\\\/ansiedad-001.jpg\",\"contentUrl\":\"https:\\\/\\\/www.psyke.es\\\/wp-content\\\/uploads\\\/2021\\\/06\\\/ansiedad-001.jpg\",\"width\":500,\"height\":539},{\"@type\":\"BreadcrumbList\",\"@id\":\"https:\\\/\\\/www.psyke.es\\\/en\\\/muchos-pensamientos-y-emociones-desestabilizan-y-generan-conductas-esclavizantes-darnos-cuenta-nos-hara-mas-libres\\\/#breadcrumb\",\"itemListElement\":[{\"@type\":\"ListItem\",\"position\":1,\"name\":\"Portada\",\"item\":\"https:\\\/\\\/www.psyke.es\\\/en\\\/\"},{\"@type\":\"ListItem\",\"position\":2,\"name\":\"Muchos pensamientos y emociones desestabilizan y generan conductas esclavizantes. \u00a1Darnos cuenta nos har\u00e1 m\u00e1s libres!\"}]},{\"@type\":\"WebSite\",\"@id\":\"https:\\\/\\\/www.psyke.es\\\/en\\\/#website\",\"url\":\"https:\\\/\\\/www.psyke.es\\\/en\\\/\",\"name\":\"Psyke\",\"description\":\"Centro de Psicolog\u00eda\",\"potentialAction\":[{\"@type\":\"SearchAction\",\"target\":{\"@type\":\"EntryPoint\",\"urlTemplate\":\"https:\\\/\\\/www.psyke.es\\\/en\\\/?s={search_term_string}\"},\"query-input\":{\"@type\":\"PropertyValueSpecification\",\"valueRequired\":true,\"valueName\":\"search_term_string\"}}],\"inLanguage\":\"en-US\"},{\"@type\":\"Person\",\"@id\":\"https:\\\/\\\/www.psyke.es\\\/en\\\/#\\\/schema\\\/person\\\/87774a2e60512484c09407be020d551a\",\"name\":\"Tha\u00efs Capella\",\"image\":{\"@type\":\"ImageObject\",\"inLanguage\":\"en-US\",\"@id\":\"https:\\\/\\\/secure.gravatar.com\\\/avatar\\\/71847c79c196fcb2761a3960e77f33ed0e684732f3145d9b4af037b8ed17c94c?s=96&d=mm&r=g\",\"url\":\"https:\\\/\\\/secure.gravatar.com\\\/avatar\\\/71847c79c196fcb2761a3960e77f33ed0e684732f3145d9b4af037b8ed17c94c?s=96&d=mm&r=g\",\"contentUrl\":\"https:\\\/\\\/secure.gravatar.com\\\/avatar\\\/71847c79c196fcb2761a3960e77f33ed0e684732f3145d9b4af037b8ed17c94c?s=96&d=mm&r=g\",\"caption\":\"Tha\u00efs Capella\"},\"sameAs\":[\"http:\\\/\\\/psyke.es\"]}]}<\/script>\n<!-- \/ Yoast SEO plugin. -->","yoast_head_json":{"title":"Muchos pensamientos y emociones desestabilizan y generan conductas esclavizantes. \u00a1Darnos cuenta nos har\u00e1 m\u00e1s libres!","description":"Observemos lo que ocurre DENTRO de nosotros y tengamos tambi\u00e9n en cuenta que al \u201cotro\u201d le est\u00e1 ocurriendo lo mismon","robots":{"index":"index","follow":"follow","max-snippet":"max-snippet:-1","max-image-preview":"max-image-preview:large","max-video-preview":"max-video-preview:-1"},"canonical":"https:\/\/www.psyke.es\/en\/muchos-pensamientos-y-emociones-desestabilizan-y-generan-conductas-esclavizantes-darnos-cuenta-nos-hara-mas-libres\/","og_locale":"en_US","og_type":"article","og_title":"Muchos pensamientos y emociones desestabilizan y generan conductas esclavizantes. \u00a1Darnos cuenta nos har\u00e1 m\u00e1s libres!","og_description":"Observemos lo que ocurre DENTRO de nosotros y tengamos tambi\u00e9n en cuenta que al \u201cotro\u201d le est\u00e1 ocurriendo lo mismon","og_url":"https:\/\/www.psyke.es\/en\/muchos-pensamientos-y-emociones-desestabilizan-y-generan-conductas-esclavizantes-darnos-cuenta-nos-hara-mas-libres\/","og_site_name":"Psyke","article_published_time":"2019-09-30T08:04:00+00:00","article_modified_time":"2022-02-18T13:15:02+00:00","og_image":[{"width":500,"height":539,"url":"https:\/\/www.psyke.es\/wp-content\/uploads\/2021\/06\/ansiedad-001.jpg","type":"image\/jpeg"}],"author":"Tha\u00efs Capella","twitter_card":"summary_large_image","twitter_misc":{"Written by":"Tha\u00efs Capella","Est. reading time":"3 minutes"},"schema":{"@context":"https:\/\/schema.org","@graph":[{"@type":"Article","@id":"https:\/\/www.psyke.es\/en\/muchos-pensamientos-y-emociones-desestabilizan-y-generan-conductas-esclavizantes-darnos-cuenta-nos-hara-mas-libres\/#article","isPartOf":{"@id":"https:\/\/www.psyke.es\/en\/muchos-pensamientos-y-emociones-desestabilizan-y-generan-conductas-esclavizantes-darnos-cuenta-nos-hara-mas-libres\/"},"author":{"name":"Tha\u00efs Capella","@id":"https:\/\/www.psyke.es\/en\/#\/schema\/person\/87774a2e60512484c09407be020d551a"},"headline":"Muchos pensamientos y emociones desestabilizan y generan conductas esclavizantes. \u00a1Darnos cuenta nos har\u00e1 m\u00e1s libres!","datePublished":"2019-09-30T08:04:00+00:00","dateModified":"2022-02-18T13:15:02+00:00","mainEntityOfPage":{"@id":"https:\/\/www.psyke.es\/en\/muchos-pensamientos-y-emociones-desestabilizan-y-generan-conductas-esclavizantes-darnos-cuenta-nos-hara-mas-libres\/"},"wordCount":549,"commentCount":0,"image":{"@id":"https:\/\/www.psyke.es\/en\/muchos-pensamientos-y-emociones-desestabilizan-y-generan-conductas-esclavizantes-darnos-cuenta-nos-hara-mas-libres\/#primaryimage"},"thumbnailUrl":"https:\/\/www.psyke.es\/wp-content\/uploads\/2021\/06\/ansiedad-001.jpg","articleSection":["Thoughts"],"inLanguage":"en-US","potentialAction":[{"@type":"CommentAction","name":"Comment","target":["https:\/\/www.psyke.es\/en\/muchos-pensamientos-y-emociones-desestabilizan-y-generan-conductas-esclavizantes-darnos-cuenta-nos-hara-mas-libres\/#respond"]}]},{"@type":"WebPage","@id":"https:\/\/www.psyke.es\/en\/muchos-pensamientos-y-emociones-desestabilizan-y-generan-conductas-esclavizantes-darnos-cuenta-nos-hara-mas-libres\/","url":"https:\/\/www.psyke.es\/en\/muchos-pensamientos-y-emociones-desestabilizan-y-generan-conductas-esclavizantes-darnos-cuenta-nos-hara-mas-libres\/","name":"Muchos pensamientos y emociones desestabilizan y generan conductas esclavizantes. \u00a1Darnos cuenta nos har\u00e1 m\u00e1s libres!","isPartOf":{"@id":"https:\/\/www.psyke.es\/en\/#website"},"primaryImageOfPage":{"@id":"https:\/\/www.psyke.es\/en\/muchos-pensamientos-y-emociones-desestabilizan-y-generan-conductas-esclavizantes-darnos-cuenta-nos-hara-mas-libres\/#primaryimage"},"image":{"@id":"https:\/\/www.psyke.es\/en\/muchos-pensamientos-y-emociones-desestabilizan-y-generan-conductas-esclavizantes-darnos-cuenta-nos-hara-mas-libres\/#primaryimage"},"thumbnailUrl":"https:\/\/www.psyke.es\/wp-content\/uploads\/2021\/06\/ansiedad-001.jpg","datePublished":"2019-09-30T08:04:00+00:00","dateModified":"2022-02-18T13:15:02+00:00","author":{"@id":"https:\/\/www.psyke.es\/en\/#\/schema\/person\/87774a2e60512484c09407be020d551a"},"description":"Observemos lo que ocurre DENTRO de nosotros y tengamos tambi\u00e9n en cuenta que al \u201cotro\u201d le est\u00e1 ocurriendo lo mismon","breadcrumb":{"@id":"https:\/\/www.psyke.es\/en\/muchos-pensamientos-y-emociones-desestabilizan-y-generan-conductas-esclavizantes-darnos-cuenta-nos-hara-mas-libres\/#breadcrumb"},"inLanguage":"en-US","potentialAction":[{"@type":"ReadAction","target":["https:\/\/www.psyke.es\/en\/muchos-pensamientos-y-emociones-desestabilizan-y-generan-conductas-esclavizantes-darnos-cuenta-nos-hara-mas-libres\/"]}]},{"@type":"ImageObject","inLanguage":"en-US","@id":"https:\/\/www.psyke.es\/en\/muchos-pensamientos-y-emociones-desestabilizan-y-generan-conductas-esclavizantes-darnos-cuenta-nos-hara-mas-libres\/#primaryimage","url":"https:\/\/www.psyke.es\/wp-content\/uploads\/2021\/06\/ansiedad-001.jpg","contentUrl":"https:\/\/www.psyke.es\/wp-content\/uploads\/2021\/06\/ansiedad-001.jpg","width":500,"height":539},{"@type":"BreadcrumbList","@id":"https:\/\/www.psyke.es\/en\/muchos-pensamientos-y-emociones-desestabilizan-y-generan-conductas-esclavizantes-darnos-cuenta-nos-hara-mas-libres\/#breadcrumb","itemListElement":[{"@type":"ListItem","position":1,"name":"Portada","item":"https:\/\/www.psyke.es\/en\/"},{"@type":"ListItem","position":2,"name":"Muchos pensamientos y emociones desestabilizan y generan conductas esclavizantes. \u00a1Darnos cuenta nos har\u00e1 m\u00e1s libres!"}]},{"@type":"WebSite","@id":"https:\/\/www.psyke.es\/en\/#website","url":"https:\/\/www.psyke.es\/en\/","name":"Psyke","description":"Centro de Psicolog\u00eda","potentialAction":[{"@type":"SearchAction","target":{"@type":"EntryPoint","urlTemplate":"https:\/\/www.psyke.es\/en\/?s={search_term_string}"},"query-input":{"@type":"PropertyValueSpecification","valueRequired":true,"valueName":"search_term_string"}}],"inLanguage":"en-US"},{"@type":"Person","@id":"https:\/\/www.psyke.es\/en\/#\/schema\/person\/87774a2e60512484c09407be020d551a","name":"Tha\u00efs Capella","image":{"@type":"ImageObject","inLanguage":"en-US","@id":"https:\/\/secure.gravatar.com\/avatar\/71847c79c196fcb2761a3960e77f33ed0e684732f3145d9b4af037b8ed17c94c?s=96&d=mm&r=g","url":"https:\/\/secure.gravatar.com\/avatar\/71847c79c196fcb2761a3960e77f33ed0e684732f3145d9b4af037b8ed17c94c?s=96&d=mm&r=g","contentUrl":"https:\/\/secure.gravatar.com\/avatar\/71847c79c196fcb2761a3960e77f33ed0e684732f3145d9b4af037b8ed17c94c?s=96&d=mm&r=g","caption":"Tha\u00efs Capella"},"sameAs":["http:\/\/psyke.es"]}]}},"post_mailing_queue_ids":[],"_links":{"self":[{"href":"https:\/\/www.psyke.es\/en\/wp-json\/wp\/v2\/posts\/7138","targetHints":{"allow":["GET"]}}],"collection":[{"href":"https:\/\/www.psyke.es\/en\/wp-json\/wp\/v2\/posts"}],"about":[{"href":"https:\/\/www.psyke.es\/en\/wp-json\/wp\/v2\/types\/post"}],"author":[{"embeddable":true,"href":"https:\/\/www.psyke.es\/en\/wp-json\/wp\/v2\/users\/3"}],"replies":[{"embeddable":true,"href":"https:\/\/www.psyke.es\/en\/wp-json\/wp\/v2\/comments?post=7138"}],"version-history":[{"count":0,"href":"https:\/\/www.psyke.es\/en\/wp-json\/wp\/v2\/posts\/7138\/revisions"}],"wp:featuredmedia":[{"embeddable":true,"href":"https:\/\/www.psyke.es\/en\/wp-json\/wp\/v2\/media\/5657"}],"wp:attachment":[{"href":"https:\/\/www.psyke.es\/en\/wp-json\/wp\/v2\/media?parent=7138"}],"wp:term":[{"taxonomy":"category","embeddable":true,"href":"https:\/\/www.psyke.es\/en\/wp-json\/wp\/v2\/categories?post=7138"},{"taxonomy":"post_tag","embeddable":true,"href":"https:\/\/www.psyke.es\/en\/wp-json\/wp\/v2\/tags?post=7138"}],"curies":[{"name":"wp","href":"https:\/\/api.w.org\/{rel}","templated":true}]}}