{"id":7160,"date":"2019-08-19T15:52:39","date_gmt":"2019-08-19T15:52:39","guid":{"rendered":"https:\/\/www.psyke.es\/como-pasamos-nuestros-dias-es-por-supuesto-como-pasamos-nuestras-vidas\/"},"modified":"2022-02-21T10:04:13","modified_gmt":"2022-02-21T08:04:13","slug":"como-pasamos-nuestros-dias-es-por-supuesto-como-pasamos-nuestras-vidas","status":"publish","type":"post","link":"https:\/\/www.psyke.es\/en\/como-pasamos-nuestros-dias-es-por-supuesto-como-pasamos-nuestras-vidas\/","title":{"rendered":"\u201cC\u00f3mo pasamos nuestros d\u00edas es, por supuesto, c\u00f3mo pasamos nuestras vidas\u201d \u2013Annie Dillard"},"content":{"rendered":"<p>Ahora que algunos tenemos el privilegio de encontrarnos con el paso cambiado (el ansiado ocio vacacional), quiz\u00e1s podamos permitirnos el lujo de observar c\u00f3mo se ralentiza el tiempo y se alargan los d\u00edas. Es sorprendente ver c\u00f3mo se expanden las horas y nos da tiempo a disfrutar del d\u00eda de un modo sereno, sin buscar encajar agendas, viviendo cada momento como se presenta\u2026<\/p>\n<p>Para muchas personas, por desgracia, los d\u00edas veraniegos se hacen interminables. Habituados a la vor\u00e1gine de la actividad durante el resto del a\u00f1o, este espacio de tiempo supone un par\u00f3n vital en el que no saben qu\u00e9 hacerse. No en vano las estad\u00edsticas indican que es en verano cuando ocurren los mayores conflictos interpersonales. La mente, vac\u00eda de ocupaciones obligatorias, empieza a cavilar y puede acabar convirti\u00e9ndose en una aut\u00e9ntica tortura.<\/p>\n<p>Transitar desde el \u201chacer\u201d constante y acuciante del resto del a\u00f1o a este tan solo \u201cser\u201d no es tarea f\u00e1cil para la mayor\u00eda. Muchos acaban transformando el verano en un constante ir y venir de planes, viajes y visitas a lugares que ya ni recuerdas el nombre (\u00bfos acord\u00e1is de la pel\u00edcula \u201csi hoy es martes esto debe ser B\u00e9lgica\u201d?).<\/p>\n<p>Tanto las pr\u00e1cticas formales como las informales de Mindfulness nos ayudan a recordar los beneficios de volver una y otra vez al \u201cser\u201d, donde reina la calma mental y se minimiza el drama. Estar en el puro presente, experimentando la vida con los cinco sentidos, puede abrirnos a la reflexi\u00f3n calmada sobre nuestro posicionamiento en la vida durante \u201ctodo\u201d el a\u00f1o, los 365 preciosos d\u00edas del a\u00f1o.<\/p>\n<p>Quiz\u00e1s entonces podamos elegir no engullirlos todos de golpe y decidamos saborearlos uno a uno, deliciosamente\u2026<\/p>\n<p>\u201cPor medio de la m\u00e1quina, el tiempo se volvi\u00f3 nuestro gobernante. Solo en nuestras horas libres parece que tenemos cierta oportunidad de elegir. Sin embargo, generalmente organizamos nuestros ocios como programamos nuestro trabajo, o nos rebelamos contra la tiran\u00eda del tiempo siendo absolutamente perezosos. Al no hacer nada, excepto desobedecer las demandas del tiempo, tenemos la ilusi\u00f3n de que somos libres, cuando estamos, de hecho, solo en libertad bajo palabra fuera de la prisi\u00f3n del tiempo\u201d<br>Extracto del libro \u201cTener o Ser\u201d de Erich Fromm<br>Ilustraci\u00f3n de Andr\u00e9 Fran\u00e7ois para \u201cLittle Boy Brown\u201d de Isobel Harris<\/p>\n\n\n<p><\/p>\n","protected":false},"excerpt":{"rendered":"<p>Ahora que algunos tenemos el privilegio de encontrarnos con el paso cambiado (el ansiado ocio vacacional), quiz\u00e1s podamos permitirnos el lujo de observar c\u00f3mo se ralentiza el tiempo y se alargan los d\u00edas. Es sorprendente ver c\u00f3mo se expanden las horas y nos da tiempo a disfrutar del d\u00eda de un modo sereno, sin buscar [&#8230;]<\/p>\n<p><a class=\"btn btn-secondary understrap-read-more-link\" href=\"https:\/\/www.psyke.es\/en\/como-pasamos-nuestros-dias-es-por-supuesto-como-pasamos-nuestras-vidas\/\">Read More&#8230;<span class=\"screen-reader-text\"> from \u201cC\u00f3mo pasamos nuestros d\u00edas es, por supuesto, c\u00f3mo pasamos nuestras vidas\u201d \u2013Annie Dillard<\/span><\/a><\/p>\n","protected":false},"author":3,"featured_media":5767,"comment_status":"open","ping_status":"open","sticky":false,"template":"","format":"standard","meta":{"footnotes":""},"categories":[84],"tags":[],"class_list":["post-7160","post","type-post","status-publish","format-standard","has-post-thumbnail","hentry","category-therapeutic-reflections-anxiety-stress"],"yoast_head":"<!-- This site is optimized with the Yoast SEO plugin v27.4 - https:\/\/yoast.com\/product\/yoast-seo-wordpress\/ -->\n<title>\u201cC\u00f3mo pasamos nuestros d\u00edas es, por supuesto, c\u00f3mo pasamos nuestras vidas\u201d \u2013Annie Dillard<\/title>\n<meta name=\"description\" content=\"Ahora que algunos tenemos el privilegio de encontrarnos con el paso cambiado, quiz\u00e1s podamos observar c\u00f3mo se ralentiza el tiempo.\" \/>\n<meta name=\"robots\" content=\"index, follow, max-snippet:-1, max-image-preview:large, max-video-preview:-1\" \/>\n<link rel=\"canonical\" href=\"https:\/\/www.psyke.es\/en\/como-pasamos-nuestros-dias-es-por-supuesto-como-pasamos-nuestras-vidas\/\" \/>\n<meta property=\"og:locale\" content=\"en_US\" \/>\n<meta property=\"og:type\" content=\"article\" \/>\n<meta property=\"og:title\" content=\"\u201cC\u00f3mo pasamos nuestros d\u00edas es, por supuesto, c\u00f3mo pasamos nuestras vidas\u201d \u2013Annie Dillard\" \/>\n<meta property=\"og:description\" content=\"Ahora que algunos tenemos el privilegio de encontrarnos con el paso cambiado, quiz\u00e1s podamos observar c\u00f3mo se ralentiza el tiempo.\" \/>\n<meta property=\"og:url\" content=\"https:\/\/www.psyke.es\/en\/como-pasamos-nuestros-dias-es-por-supuesto-como-pasamos-nuestras-vidas\/\" \/>\n<meta property=\"og:site_name\" content=\"Psyke\" \/>\n<meta property=\"article:published_time\" content=\"2019-08-19T15:52:39+00:00\" \/>\n<meta property=\"article:modified_time\" content=\"2022-02-21T08:04:13+00:00\" \/>\n<meta property=\"og:image\" content=\"https:\/\/www.psyke.es\/wp-content\/uploads\/facebook_posts\/68678980_2758338547570231_1863803390266441728_n_2758338517570234-1.jpg\" \/>\n\t<meta property=\"og:image:width\" content=\"500\" \/>\n\t<meta property=\"og:image:height\" content=\"769\" \/>\n\t<meta property=\"og:image:type\" content=\"image\/jpeg\" \/>\n<meta name=\"author\" content=\"Tha\u00efs Capella\" \/>\n<meta name=\"twitter:card\" content=\"summary_large_image\" \/>\n<meta name=\"twitter:label1\" content=\"Written by\" \/>\n\t<meta name=\"twitter:data1\" content=\"Tha\u00efs Capella\" \/>\n\t<meta name=\"twitter:label2\" content=\"Est. reading time\" \/>\n\t<meta name=\"twitter:data2\" content=\"2 minutes\" \/>\n<script type=\"application\/ld+json\" class=\"yoast-schema-graph\">{\"@context\":\"https:\\\/\\\/schema.org\",\"@graph\":[{\"@type\":\"Article\",\"@id\":\"https:\\\/\\\/www.psyke.es\\\/en\\\/como-pasamos-nuestros-dias-es-por-supuesto-como-pasamos-nuestras-vidas\\\/#article\",\"isPartOf\":{\"@id\":\"https:\\\/\\\/www.psyke.es\\\/en\\\/como-pasamos-nuestros-dias-es-por-supuesto-como-pasamos-nuestras-vidas\\\/\"},\"author\":{\"name\":\"Tha\u00efs Capella\",\"@id\":\"https:\\\/\\\/www.psyke.es\\\/en\\\/#\\\/schema\\\/person\\\/87774a2e60512484c09407be020d551a\"},\"headline\":\"\u201cC\u00f3mo pasamos nuestros d\u00edas es, por supuesto, c\u00f3mo pasamos nuestras vidas\u201d \u2013Annie Dillard\",\"datePublished\":\"2019-08-19T15:52:39+00:00\",\"dateModified\":\"2022-02-21T08:04:13+00:00\",\"mainEntityOfPage\":{\"@id\":\"https:\\\/\\\/www.psyke.es\\\/en\\\/como-pasamos-nuestros-dias-es-por-supuesto-como-pasamos-nuestras-vidas\\\/\"},\"wordCount\":418,\"commentCount\":0,\"image\":{\"@id\":\"https:\\\/\\\/www.psyke.es\\\/en\\\/como-pasamos-nuestros-dias-es-por-supuesto-como-pasamos-nuestras-vidas\\\/#primaryimage\"},\"thumbnailUrl\":\"https:\\\/\\\/www.psyke.es\\\/wp-content\\\/uploads\\\/facebook_posts\\\/68678980_2758338547570231_1863803390266441728_n_2758338517570234-1.jpg\",\"articleSection\":[\"Anxiety and stress\"],\"inLanguage\":\"en-US\",\"potentialAction\":[{\"@type\":\"CommentAction\",\"name\":\"Comment\",\"target\":[\"https:\\\/\\\/www.psyke.es\\\/en\\\/como-pasamos-nuestros-dias-es-por-supuesto-como-pasamos-nuestras-vidas\\\/#respond\"]}]},{\"@type\":\"WebPage\",\"@id\":\"https:\\\/\\\/www.psyke.es\\\/en\\\/como-pasamos-nuestros-dias-es-por-supuesto-como-pasamos-nuestras-vidas\\\/\",\"url\":\"https:\\\/\\\/www.psyke.es\\\/en\\\/como-pasamos-nuestros-dias-es-por-supuesto-como-pasamos-nuestras-vidas\\\/\",\"name\":\"\u201cC\u00f3mo pasamos nuestros d\u00edas es, por supuesto, c\u00f3mo pasamos nuestras vidas\u201d \u2013Annie Dillard\",\"isPartOf\":{\"@id\":\"https:\\\/\\\/www.psyke.es\\\/en\\\/#website\"},\"primaryImageOfPage\":{\"@id\":\"https:\\\/\\\/www.psyke.es\\\/en\\\/como-pasamos-nuestros-dias-es-por-supuesto-como-pasamos-nuestras-vidas\\\/#primaryimage\"},\"image\":{\"@id\":\"https:\\\/\\\/www.psyke.es\\\/en\\\/como-pasamos-nuestros-dias-es-por-supuesto-como-pasamos-nuestras-vidas\\\/#primaryimage\"},\"thumbnailUrl\":\"https:\\\/\\\/www.psyke.es\\\/wp-content\\\/uploads\\\/facebook_posts\\\/68678980_2758338547570231_1863803390266441728_n_2758338517570234-1.jpg\",\"datePublished\":\"2019-08-19T15:52:39+00:00\",\"dateModified\":\"2022-02-21T08:04:13+00:00\",\"author\":{\"@id\":\"https:\\\/\\\/www.psyke.es\\\/en\\\/#\\\/schema\\\/person\\\/87774a2e60512484c09407be020d551a\"},\"description\":\"Ahora que algunos tenemos el privilegio de encontrarnos con el paso cambiado, quiz\u00e1s podamos observar c\u00f3mo se ralentiza el tiempo.\",\"breadcrumb\":{\"@id\":\"https:\\\/\\\/www.psyke.es\\\/en\\\/como-pasamos-nuestros-dias-es-por-supuesto-como-pasamos-nuestras-vidas\\\/#breadcrumb\"},\"inLanguage\":\"en-US\",\"potentialAction\":[{\"@type\":\"ReadAction\",\"target\":[\"https:\\\/\\\/www.psyke.es\\\/en\\\/como-pasamos-nuestros-dias-es-por-supuesto-como-pasamos-nuestras-vidas\\\/\"]}]},{\"@type\":\"ImageObject\",\"inLanguage\":\"en-US\",\"@id\":\"https:\\\/\\\/www.psyke.es\\\/en\\\/como-pasamos-nuestros-dias-es-por-supuesto-como-pasamos-nuestras-vidas\\\/#primaryimage\",\"url\":\"https:\\\/\\\/www.psyke.es\\\/wp-content\\\/uploads\\\/facebook_posts\\\/68678980_2758338547570231_1863803390266441728_n_2758338517570234-1.jpg\",\"contentUrl\":\"https:\\\/\\\/www.psyke.es\\\/wp-content\\\/uploads\\\/facebook_posts\\\/68678980_2758338547570231_1863803390266441728_n_2758338517570234-1.jpg\",\"width\":500,\"height\":769},{\"@type\":\"BreadcrumbList\",\"@id\":\"https:\\\/\\\/www.psyke.es\\\/en\\\/como-pasamos-nuestros-dias-es-por-supuesto-como-pasamos-nuestras-vidas\\\/#breadcrumb\",\"itemListElement\":[{\"@type\":\"ListItem\",\"position\":1,\"name\":\"Portada\",\"item\":\"https:\\\/\\\/www.psyke.es\\\/en\\\/\"},{\"@type\":\"ListItem\",\"position\":2,\"name\":\"\u201cC\u00f3mo pasamos nuestros d\u00edas es, por supuesto, c\u00f3mo pasamos nuestras vidas\u201d \u2013Annie Dillard\"}]},{\"@type\":\"WebSite\",\"@id\":\"https:\\\/\\\/www.psyke.es\\\/en\\\/#website\",\"url\":\"https:\\\/\\\/www.psyke.es\\\/en\\\/\",\"name\":\"Psyke\",\"description\":\"Centro de Psicolog\u00eda\",\"potentialAction\":[{\"@type\":\"SearchAction\",\"target\":{\"@type\":\"EntryPoint\",\"urlTemplate\":\"https:\\\/\\\/www.psyke.es\\\/en\\\/?s={search_term_string}\"},\"query-input\":{\"@type\":\"PropertyValueSpecification\",\"valueRequired\":true,\"valueName\":\"search_term_string\"}}],\"inLanguage\":\"en-US\"},{\"@type\":\"Person\",\"@id\":\"https:\\\/\\\/www.psyke.es\\\/en\\\/#\\\/schema\\\/person\\\/87774a2e60512484c09407be020d551a\",\"name\":\"Tha\u00efs Capella\",\"image\":{\"@type\":\"ImageObject\",\"inLanguage\":\"en-US\",\"@id\":\"https:\\\/\\\/secure.gravatar.com\\\/avatar\\\/71847c79c196fcb2761a3960e77f33ed0e684732f3145d9b4af037b8ed17c94c?s=96&d=mm&r=g\",\"url\":\"https:\\\/\\\/secure.gravatar.com\\\/avatar\\\/71847c79c196fcb2761a3960e77f33ed0e684732f3145d9b4af037b8ed17c94c?s=96&d=mm&r=g\",\"contentUrl\":\"https:\\\/\\\/secure.gravatar.com\\\/avatar\\\/71847c79c196fcb2761a3960e77f33ed0e684732f3145d9b4af037b8ed17c94c?s=96&d=mm&r=g\",\"caption\":\"Tha\u00efs Capella\"},\"sameAs\":[\"http:\\\/\\\/psyke.es\"]}]}<\/script>\n<!-- \/ Yoast SEO plugin. -->","yoast_head_json":{"title":"\u201cC\u00f3mo pasamos nuestros d\u00edas es, por supuesto, c\u00f3mo pasamos nuestras vidas\u201d \u2013Annie Dillard","description":"Ahora que algunos tenemos el privilegio de encontrarnos con el paso cambiado, quiz\u00e1s podamos observar c\u00f3mo se ralentiza el tiempo.","robots":{"index":"index","follow":"follow","max-snippet":"max-snippet:-1","max-image-preview":"max-image-preview:large","max-video-preview":"max-video-preview:-1"},"canonical":"https:\/\/www.psyke.es\/en\/como-pasamos-nuestros-dias-es-por-supuesto-como-pasamos-nuestras-vidas\/","og_locale":"en_US","og_type":"article","og_title":"\u201cC\u00f3mo pasamos nuestros d\u00edas es, por supuesto, c\u00f3mo pasamos nuestras vidas\u201d \u2013Annie Dillard","og_description":"Ahora que algunos tenemos el privilegio de encontrarnos con el paso cambiado, quiz\u00e1s podamos observar c\u00f3mo se ralentiza el tiempo.","og_url":"https:\/\/www.psyke.es\/en\/como-pasamos-nuestros-dias-es-por-supuesto-como-pasamos-nuestras-vidas\/","og_site_name":"Psyke","article_published_time":"2019-08-19T15:52:39+00:00","article_modified_time":"2022-02-21T08:04:13+00:00","og_image":[{"width":500,"height":769,"url":"https:\/\/www.psyke.es\/wp-content\/uploads\/facebook_posts\/68678980_2758338547570231_1863803390266441728_n_2758338517570234-1.jpg","type":"image\/jpeg"}],"author":"Tha\u00efs Capella","twitter_card":"summary_large_image","twitter_misc":{"Written by":"Tha\u00efs Capella","Est. reading time":"2 minutes"},"schema":{"@context":"https:\/\/schema.org","@graph":[{"@type":"Article","@id":"https:\/\/www.psyke.es\/en\/como-pasamos-nuestros-dias-es-por-supuesto-como-pasamos-nuestras-vidas\/#article","isPartOf":{"@id":"https:\/\/www.psyke.es\/en\/como-pasamos-nuestros-dias-es-por-supuesto-como-pasamos-nuestras-vidas\/"},"author":{"name":"Tha\u00efs Capella","@id":"https:\/\/www.psyke.es\/en\/#\/schema\/person\/87774a2e60512484c09407be020d551a"},"headline":"\u201cC\u00f3mo pasamos nuestros d\u00edas es, por supuesto, c\u00f3mo pasamos nuestras vidas\u201d \u2013Annie Dillard","datePublished":"2019-08-19T15:52:39+00:00","dateModified":"2022-02-21T08:04:13+00:00","mainEntityOfPage":{"@id":"https:\/\/www.psyke.es\/en\/como-pasamos-nuestros-dias-es-por-supuesto-como-pasamos-nuestras-vidas\/"},"wordCount":418,"commentCount":0,"image":{"@id":"https:\/\/www.psyke.es\/en\/como-pasamos-nuestros-dias-es-por-supuesto-como-pasamos-nuestras-vidas\/#primaryimage"},"thumbnailUrl":"https:\/\/www.psyke.es\/wp-content\/uploads\/facebook_posts\/68678980_2758338547570231_1863803390266441728_n_2758338517570234-1.jpg","articleSection":["Anxiety and stress"],"inLanguage":"en-US","potentialAction":[{"@type":"CommentAction","name":"Comment","target":["https:\/\/www.psyke.es\/en\/como-pasamos-nuestros-dias-es-por-supuesto-como-pasamos-nuestras-vidas\/#respond"]}]},{"@type":"WebPage","@id":"https:\/\/www.psyke.es\/en\/como-pasamos-nuestros-dias-es-por-supuesto-como-pasamos-nuestras-vidas\/","url":"https:\/\/www.psyke.es\/en\/como-pasamos-nuestros-dias-es-por-supuesto-como-pasamos-nuestras-vidas\/","name":"\u201cC\u00f3mo pasamos nuestros d\u00edas es, por supuesto, c\u00f3mo pasamos nuestras vidas\u201d \u2013Annie Dillard","isPartOf":{"@id":"https:\/\/www.psyke.es\/en\/#website"},"primaryImageOfPage":{"@id":"https:\/\/www.psyke.es\/en\/como-pasamos-nuestros-dias-es-por-supuesto-como-pasamos-nuestras-vidas\/#primaryimage"},"image":{"@id":"https:\/\/www.psyke.es\/en\/como-pasamos-nuestros-dias-es-por-supuesto-como-pasamos-nuestras-vidas\/#primaryimage"},"thumbnailUrl":"https:\/\/www.psyke.es\/wp-content\/uploads\/facebook_posts\/68678980_2758338547570231_1863803390266441728_n_2758338517570234-1.jpg","datePublished":"2019-08-19T15:52:39+00:00","dateModified":"2022-02-21T08:04:13+00:00","author":{"@id":"https:\/\/www.psyke.es\/en\/#\/schema\/person\/87774a2e60512484c09407be020d551a"},"description":"Ahora que algunos tenemos el privilegio de encontrarnos con el paso cambiado, quiz\u00e1s podamos observar c\u00f3mo se ralentiza el tiempo.","breadcrumb":{"@id":"https:\/\/www.psyke.es\/en\/como-pasamos-nuestros-dias-es-por-supuesto-como-pasamos-nuestras-vidas\/#breadcrumb"},"inLanguage":"en-US","potentialAction":[{"@type":"ReadAction","target":["https:\/\/www.psyke.es\/en\/como-pasamos-nuestros-dias-es-por-supuesto-como-pasamos-nuestras-vidas\/"]}]},{"@type":"ImageObject","inLanguage":"en-US","@id":"https:\/\/www.psyke.es\/en\/como-pasamos-nuestros-dias-es-por-supuesto-como-pasamos-nuestras-vidas\/#primaryimage","url":"https:\/\/www.psyke.es\/wp-content\/uploads\/facebook_posts\/68678980_2758338547570231_1863803390266441728_n_2758338517570234-1.jpg","contentUrl":"https:\/\/www.psyke.es\/wp-content\/uploads\/facebook_posts\/68678980_2758338547570231_1863803390266441728_n_2758338517570234-1.jpg","width":500,"height":769},{"@type":"BreadcrumbList","@id":"https:\/\/www.psyke.es\/en\/como-pasamos-nuestros-dias-es-por-supuesto-como-pasamos-nuestras-vidas\/#breadcrumb","itemListElement":[{"@type":"ListItem","position":1,"name":"Portada","item":"https:\/\/www.psyke.es\/en\/"},{"@type":"ListItem","position":2,"name":"\u201cC\u00f3mo pasamos nuestros d\u00edas es, por supuesto, c\u00f3mo pasamos nuestras vidas\u201d \u2013Annie Dillard"}]},{"@type":"WebSite","@id":"https:\/\/www.psyke.es\/en\/#website","url":"https:\/\/www.psyke.es\/en\/","name":"Psyke","description":"Centro de Psicolog\u00eda","potentialAction":[{"@type":"SearchAction","target":{"@type":"EntryPoint","urlTemplate":"https:\/\/www.psyke.es\/en\/?s={search_term_string}"},"query-input":{"@type":"PropertyValueSpecification","valueRequired":true,"valueName":"search_term_string"}}],"inLanguage":"en-US"},{"@type":"Person","@id":"https:\/\/www.psyke.es\/en\/#\/schema\/person\/87774a2e60512484c09407be020d551a","name":"Tha\u00efs Capella","image":{"@type":"ImageObject","inLanguage":"en-US","@id":"https:\/\/secure.gravatar.com\/avatar\/71847c79c196fcb2761a3960e77f33ed0e684732f3145d9b4af037b8ed17c94c?s=96&d=mm&r=g","url":"https:\/\/secure.gravatar.com\/avatar\/71847c79c196fcb2761a3960e77f33ed0e684732f3145d9b4af037b8ed17c94c?s=96&d=mm&r=g","contentUrl":"https:\/\/secure.gravatar.com\/avatar\/71847c79c196fcb2761a3960e77f33ed0e684732f3145d9b4af037b8ed17c94c?s=96&d=mm&r=g","caption":"Tha\u00efs Capella"},"sameAs":["http:\/\/psyke.es"]}]}},"post_mailing_queue_ids":[],"_links":{"self":[{"href":"https:\/\/www.psyke.es\/en\/wp-json\/wp\/v2\/posts\/7160","targetHints":{"allow":["GET"]}}],"collection":[{"href":"https:\/\/www.psyke.es\/en\/wp-json\/wp\/v2\/posts"}],"about":[{"href":"https:\/\/www.psyke.es\/en\/wp-json\/wp\/v2\/types\/post"}],"author":[{"embeddable":true,"href":"https:\/\/www.psyke.es\/en\/wp-json\/wp\/v2\/users\/3"}],"replies":[{"embeddable":true,"href":"https:\/\/www.psyke.es\/en\/wp-json\/wp\/v2\/comments?post=7160"}],"version-history":[{"count":0,"href":"https:\/\/www.psyke.es\/en\/wp-json\/wp\/v2\/posts\/7160\/revisions"}],"wp:featuredmedia":[{"embeddable":true,"href":"https:\/\/www.psyke.es\/en\/wp-json\/wp\/v2\/media\/5767"}],"wp:attachment":[{"href":"https:\/\/www.psyke.es\/en\/wp-json\/wp\/v2\/media?parent=7160"}],"wp:term":[{"taxonomy":"category","embeddable":true,"href":"https:\/\/www.psyke.es\/en\/wp-json\/wp\/v2\/categories?post=7160"},{"taxonomy":"post_tag","embeddable":true,"href":"https:\/\/www.psyke.es\/en\/wp-json\/wp\/v2\/tags?post=7160"}],"curies":[{"name":"wp","href":"https:\/\/api.w.org\/{rel}","templated":true}]}}