{"id":7166,"date":"2019-08-05T18:07:31","date_gmt":"2019-08-05T18:07:31","guid":{"rendered":"https:\/\/www.psyke.es\/cuanto-mas-mayor-me-hago-mas-comprendo-que-esta-bien-vivir-una-vida-que-los-demas-no-entienden\/"},"modified":"2022-02-21T10:13:30","modified_gmt":"2022-02-21T08:13:30","slug":"cuanto-mas-mayor-me-hago-mas-comprendo-que-esta-bien-vivir-una-vida-que-los-demas-no-entienden","status":"publish","type":"post","link":"https:\/\/www.psyke.es\/en\/cuanto-mas-mayor-me-hago-mas-comprendo-que-esta-bien-vivir-una-vida-que-los-demas-no-entienden\/","title":{"rendered":"Cu\u00e1nto m\u00e1s mayor me hago, m\u00e1s comprendo que est\u00e1 bien vivir una vida que los dem\u00e1s no entienden"},"content":{"rendered":"<p>El extracto que he elegido acaba con esta frase tan metaf\u00f3rica \u201cabriendo brecha en la endurecida costra de los prejuicios como un peque\u00f1o barco rompeolas\u201d, se refiere en este caso a una mujer brillante y valiente (Marie Curie), pero es extensible a cualquier ser humano que decide saltarse las normas y vivir su vida con determinaci\u00f3n.<\/p>\n<p>Para poder \u201cabrir brecha\u201d uno ha de ser consciente que va a experimentar todo tipo de emociones desagradables de sentir: la culpa, la verg\u00fcenza, la mala conciencia, el miedo (terror, dir\u00eda) de salirse del corredor tan aplaudido socialmente y tan denostado por los propios enjaulados que decidieron un d\u00eda tirar la llave de la libertad en pro de seguir \u201cla norma\u201d y as\u00ed evitar el \u201cqu\u00e9 dir\u00e1n\u201d que todos conocemos.<\/p>\n<p>Aqu\u00ed Rosa Montero nos recuerda: \u201che descubierto que la normalidad no existe; que no viene de la palabra normal, como sin\u00f3nimo de lo m\u00e1s com\u00fan, lo m\u00e1s abundante, lo m\u00e1s habitual, sino de norma, de regulaci\u00f3n y de mandato. La normalidad es un marco convencional que homogeneiza a los seres humanos, como ovejas encerradas en un aprisco pero, si miras desde lo suficientemente cerca, todos somos distintos\u201d.<\/p>\n<p>Que sepamos, solo vivimos una vida consciente: \u00bfpor qu\u00e9 alguien: padres, parejas, familiares se pueden sentir con el derecho de someterte a la vida que \u201cellos\u201d ven plausible?<br>Para los que nos quieren, la \u00fanica premisa que deber\u00eda regir es apoyarnos en nuestro desarrollo m\u00e1s aut\u00e9ntico. Por desgracia, muchas veces se acaba perdiendo a estos seres queridos por el camino\u2026<\/p>\n<p>Pero ojo: el que pierde el amor del otro por ser fiel a s\u00ed mismo, es que nunca lo tuvo&#8230;<\/p>\n<p>Cap\u00edtulo \u201cElogio de los raros\u201d (sobre la determinaci\u00f3n de Marie Curie): \u201cEs una culpabilidad socialmente inducida por atreverse a seguir sus deseos, por descuidar tus obligaciones de mujer (&#8230;). Marie sinti\u00f3 las mordeduras de todas esas culpas corrosivas y a pesar de ello continu\u00f3 su camino: era una mujer asombrosa (\u2026). Qu\u00e9 valiente y qu\u00e9 fuerte ten\u00eda que ser para hacer algo as\u00ed estando tan sola, sin modelos de referencia, sin apenas otras mujeres, abriendo brecha en la endurecida costra de los prejuicios como un peque\u00f1o barco rompeolas\u201d.<br>Extracto del libro \u201cLa rid\u00edcula idea de no volver a verte\u201d de Rosa Montero<\/p>\n\n\n<p><\/p>\n","protected":false},"excerpt":{"rendered":"<p>El extracto que he elegido acaba con esta frase tan metaf\u00f3rica \u201cabriendo brecha en la endurecida costra de los prejuicios como un peque\u00f1o barco rompeolas\u201d, se refiere en este caso a una mujer brillante y valiente (Marie Curie), pero es extensible a cualquier ser humano que decide saltarse las normas y vivir su vida con [&#8230;]<\/p>\n<p><a class=\"btn btn-secondary understrap-read-more-link\" href=\"https:\/\/www.psyke.es\/en\/cuanto-mas-mayor-me-hago-mas-comprendo-que-esta-bien-vivir-una-vida-que-los-demas-no-entienden\/\">Read More&#8230;<span class=\"screen-reader-text\"> from Cu\u00e1nto m\u00e1s mayor me hago, m\u00e1s comprendo que est\u00e1 bien vivir una vida que los dem\u00e1s no entienden<\/span><\/a><\/p>\n","protected":false},"author":3,"featured_media":5769,"comment_status":"open","ping_status":"open","sticky":false,"template":"","format":"standard","meta":{"footnotes":""},"categories":[78],"tags":[],"class_list":["post-7166","post","type-post","status-publish","format-standard","has-post-thumbnail","hentry","category-therapeutic-reflections-emotional-education"],"yoast_head":"<!-- This site is optimized with the Yoast SEO plugin v27.4 - https:\/\/yoast.com\/product\/yoast-seo-wordpress\/ -->\n<title>Cu\u00e1nto m\u00e1s mayor me hago, m\u00e1s comprendo que est\u00e1 bien vivir una vida que los dem\u00e1s no entienden<\/title>\n<meta name=\"description\" content=\"El extracto acaba con esta frase tan metaf\u00f3rica \u201cabriendo brecha en la endurecida costra de los prejuicios como un peque\u00f1o barco rompeolas\u201d.\" \/>\n<meta name=\"robots\" content=\"index, follow, max-snippet:-1, max-image-preview:large, max-video-preview:-1\" \/>\n<link rel=\"canonical\" href=\"https:\/\/www.psyke.es\/en\/cuanto-mas-mayor-me-hago-mas-comprendo-que-esta-bien-vivir-una-vida-que-los-demas-no-entienden\/\" \/>\n<meta property=\"og:locale\" content=\"en_US\" \/>\n<meta property=\"og:type\" content=\"article\" \/>\n<meta property=\"og:title\" content=\"Cu\u00e1nto m\u00e1s mayor me hago, m\u00e1s comprendo que est\u00e1 bien vivir una vida que los dem\u00e1s no entienden\" \/>\n<meta property=\"og:description\" content=\"El extracto acaba con esta frase tan metaf\u00f3rica \u201cabriendo brecha en la endurecida costra de los prejuicios como un peque\u00f1o barco rompeolas\u201d.\" \/>\n<meta property=\"og:url\" content=\"https:\/\/www.psyke.es\/en\/cuanto-mas-mayor-me-hago-mas-comprendo-que-esta-bien-vivir-una-vida-que-los-demas-no-entienden\/\" \/>\n<meta property=\"og:site_name\" content=\"Psyke\" \/>\n<meta property=\"article:published_time\" content=\"2019-08-05T18:07:31+00:00\" \/>\n<meta property=\"article:modified_time\" content=\"2022-02-21T08:13:30+00:00\" \/>\n<meta property=\"og:image\" content=\"https:\/\/www.psyke.es\/wp-content\/uploads\/facebook_posts\/67632224_2722530537817699_326017932213616640_n_2722530527817700-2.jpg\" \/>\n\t<meta property=\"og:image:width\" content=\"937\" \/>\n\t<meta property=\"og:image:height\" content=\"1171\" \/>\n\t<meta property=\"og:image:type\" content=\"image\/jpeg\" \/>\n<meta name=\"author\" content=\"Tha\u00efs Capella\" \/>\n<meta name=\"twitter:card\" content=\"summary_large_image\" \/>\n<meta name=\"twitter:label1\" content=\"Written by\" \/>\n\t<meta name=\"twitter:data1\" content=\"Tha\u00efs Capella\" \/>\n\t<meta name=\"twitter:label2\" content=\"Est. reading time\" \/>\n\t<meta name=\"twitter:data2\" content=\"2 minutes\" \/>\n<script type=\"application\/ld+json\" class=\"yoast-schema-graph\">{\"@context\":\"https:\\\/\\\/schema.org\",\"@graph\":[{\"@type\":\"Article\",\"@id\":\"https:\\\/\\\/www.psyke.es\\\/en\\\/cuanto-mas-mayor-me-hago-mas-comprendo-que-esta-bien-vivir-una-vida-que-los-demas-no-entienden\\\/#article\",\"isPartOf\":{\"@id\":\"https:\\\/\\\/www.psyke.es\\\/en\\\/cuanto-mas-mayor-me-hago-mas-comprendo-que-esta-bien-vivir-una-vida-que-los-demas-no-entienden\\\/\"},\"author\":{\"name\":\"Tha\u00efs Capella\",\"@id\":\"https:\\\/\\\/www.psyke.es\\\/en\\\/#\\\/schema\\\/person\\\/87774a2e60512484c09407be020d551a\"},\"headline\":\"Cu\u00e1nto m\u00e1s mayor me hago, m\u00e1s comprendo que est\u00e1 bien vivir una vida que los dem\u00e1s no entienden\",\"datePublished\":\"2019-08-05T18:07:31+00:00\",\"dateModified\":\"2022-02-21T08:13:30+00:00\",\"mainEntityOfPage\":{\"@id\":\"https:\\\/\\\/www.psyke.es\\\/en\\\/cuanto-mas-mayor-me-hago-mas-comprendo-que-esta-bien-vivir-una-vida-que-los-demas-no-entienden\\\/\"},\"wordCount\":416,\"commentCount\":0,\"image\":{\"@id\":\"https:\\\/\\\/www.psyke.es\\\/en\\\/cuanto-mas-mayor-me-hago-mas-comprendo-que-esta-bien-vivir-una-vida-que-los-demas-no-entienden\\\/#primaryimage\"},\"thumbnailUrl\":\"https:\\\/\\\/www.psyke.es\\\/wp-content\\\/uploads\\\/facebook_posts\\\/67632224_2722530537817699_326017932213616640_n_2722530527817700-2.jpg\",\"articleSection\":[\"Emotion education\"],\"inLanguage\":\"en-US\",\"potentialAction\":[{\"@type\":\"CommentAction\",\"name\":\"Comment\",\"target\":[\"https:\\\/\\\/www.psyke.es\\\/en\\\/cuanto-mas-mayor-me-hago-mas-comprendo-que-esta-bien-vivir-una-vida-que-los-demas-no-entienden\\\/#respond\"]}]},{\"@type\":\"WebPage\",\"@id\":\"https:\\\/\\\/www.psyke.es\\\/en\\\/cuanto-mas-mayor-me-hago-mas-comprendo-que-esta-bien-vivir-una-vida-que-los-demas-no-entienden\\\/\",\"url\":\"https:\\\/\\\/www.psyke.es\\\/en\\\/cuanto-mas-mayor-me-hago-mas-comprendo-que-esta-bien-vivir-una-vida-que-los-demas-no-entienden\\\/\",\"name\":\"Cu\u00e1nto m\u00e1s mayor me hago, m\u00e1s comprendo que est\u00e1 bien vivir una vida que los dem\u00e1s no entienden\",\"isPartOf\":{\"@id\":\"https:\\\/\\\/www.psyke.es\\\/en\\\/#website\"},\"primaryImageOfPage\":{\"@id\":\"https:\\\/\\\/www.psyke.es\\\/en\\\/cuanto-mas-mayor-me-hago-mas-comprendo-que-esta-bien-vivir-una-vida-que-los-demas-no-entienden\\\/#primaryimage\"},\"image\":{\"@id\":\"https:\\\/\\\/www.psyke.es\\\/en\\\/cuanto-mas-mayor-me-hago-mas-comprendo-que-esta-bien-vivir-una-vida-que-los-demas-no-entienden\\\/#primaryimage\"},\"thumbnailUrl\":\"https:\\\/\\\/www.psyke.es\\\/wp-content\\\/uploads\\\/facebook_posts\\\/67632224_2722530537817699_326017932213616640_n_2722530527817700-2.jpg\",\"datePublished\":\"2019-08-05T18:07:31+00:00\",\"dateModified\":\"2022-02-21T08:13:30+00:00\",\"author\":{\"@id\":\"https:\\\/\\\/www.psyke.es\\\/en\\\/#\\\/schema\\\/person\\\/87774a2e60512484c09407be020d551a\"},\"description\":\"El extracto acaba con esta frase tan metaf\u00f3rica \u201cabriendo brecha en la endurecida costra de los prejuicios como un peque\u00f1o barco rompeolas\u201d.\",\"breadcrumb\":{\"@id\":\"https:\\\/\\\/www.psyke.es\\\/en\\\/cuanto-mas-mayor-me-hago-mas-comprendo-que-esta-bien-vivir-una-vida-que-los-demas-no-entienden\\\/#breadcrumb\"},\"inLanguage\":\"en-US\",\"potentialAction\":[{\"@type\":\"ReadAction\",\"target\":[\"https:\\\/\\\/www.psyke.es\\\/en\\\/cuanto-mas-mayor-me-hago-mas-comprendo-que-esta-bien-vivir-una-vida-que-los-demas-no-entienden\\\/\"]}]},{\"@type\":\"ImageObject\",\"inLanguage\":\"en-US\",\"@id\":\"https:\\\/\\\/www.psyke.es\\\/en\\\/cuanto-mas-mayor-me-hago-mas-comprendo-que-esta-bien-vivir-una-vida-que-los-demas-no-entienden\\\/#primaryimage\",\"url\":\"https:\\\/\\\/www.psyke.es\\\/wp-content\\\/uploads\\\/facebook_posts\\\/67632224_2722530537817699_326017932213616640_n_2722530527817700-2.jpg\",\"contentUrl\":\"https:\\\/\\\/www.psyke.es\\\/wp-content\\\/uploads\\\/facebook_posts\\\/67632224_2722530537817699_326017932213616640_n_2722530527817700-2.jpg\",\"width\":937,\"height\":1171},{\"@type\":\"BreadcrumbList\",\"@id\":\"https:\\\/\\\/www.psyke.es\\\/en\\\/cuanto-mas-mayor-me-hago-mas-comprendo-que-esta-bien-vivir-una-vida-que-los-demas-no-entienden\\\/#breadcrumb\",\"itemListElement\":[{\"@type\":\"ListItem\",\"position\":1,\"name\":\"Portada\",\"item\":\"https:\\\/\\\/www.psyke.es\\\/en\\\/\"},{\"@type\":\"ListItem\",\"position\":2,\"name\":\"Cu\u00e1nto m\u00e1s mayor me hago, m\u00e1s comprendo que est\u00e1 bien vivir una vida que los dem\u00e1s no entienden\"}]},{\"@type\":\"WebSite\",\"@id\":\"https:\\\/\\\/www.psyke.es\\\/en\\\/#website\",\"url\":\"https:\\\/\\\/www.psyke.es\\\/en\\\/\",\"name\":\"Psyke\",\"description\":\"Centro de Psicolog\u00eda\",\"potentialAction\":[{\"@type\":\"SearchAction\",\"target\":{\"@type\":\"EntryPoint\",\"urlTemplate\":\"https:\\\/\\\/www.psyke.es\\\/en\\\/?s={search_term_string}\"},\"query-input\":{\"@type\":\"PropertyValueSpecification\",\"valueRequired\":true,\"valueName\":\"search_term_string\"}}],\"inLanguage\":\"en-US\"},{\"@type\":\"Person\",\"@id\":\"https:\\\/\\\/www.psyke.es\\\/en\\\/#\\\/schema\\\/person\\\/87774a2e60512484c09407be020d551a\",\"name\":\"Tha\u00efs Capella\",\"image\":{\"@type\":\"ImageObject\",\"inLanguage\":\"en-US\",\"@id\":\"https:\\\/\\\/secure.gravatar.com\\\/avatar\\\/71847c79c196fcb2761a3960e77f33ed0e684732f3145d9b4af037b8ed17c94c?s=96&d=mm&r=g\",\"url\":\"https:\\\/\\\/secure.gravatar.com\\\/avatar\\\/71847c79c196fcb2761a3960e77f33ed0e684732f3145d9b4af037b8ed17c94c?s=96&d=mm&r=g\",\"contentUrl\":\"https:\\\/\\\/secure.gravatar.com\\\/avatar\\\/71847c79c196fcb2761a3960e77f33ed0e684732f3145d9b4af037b8ed17c94c?s=96&d=mm&r=g\",\"caption\":\"Tha\u00efs Capella\"},\"sameAs\":[\"http:\\\/\\\/psyke.es\"]}]}<\/script>\n<!-- \/ Yoast SEO plugin. -->","yoast_head_json":{"title":"Cu\u00e1nto m\u00e1s mayor me hago, m\u00e1s comprendo que est\u00e1 bien vivir una vida que los dem\u00e1s no entienden","description":"El extracto acaba con esta frase tan metaf\u00f3rica \u201cabriendo brecha en la endurecida costra de los prejuicios como un peque\u00f1o barco rompeolas\u201d.","robots":{"index":"index","follow":"follow","max-snippet":"max-snippet:-1","max-image-preview":"max-image-preview:large","max-video-preview":"max-video-preview:-1"},"canonical":"https:\/\/www.psyke.es\/en\/cuanto-mas-mayor-me-hago-mas-comprendo-que-esta-bien-vivir-una-vida-que-los-demas-no-entienden\/","og_locale":"en_US","og_type":"article","og_title":"Cu\u00e1nto m\u00e1s mayor me hago, m\u00e1s comprendo que est\u00e1 bien vivir una vida que los dem\u00e1s no entienden","og_description":"El extracto acaba con esta frase tan metaf\u00f3rica \u201cabriendo brecha en la endurecida costra de los prejuicios como un peque\u00f1o barco rompeolas\u201d.","og_url":"https:\/\/www.psyke.es\/en\/cuanto-mas-mayor-me-hago-mas-comprendo-que-esta-bien-vivir-una-vida-que-los-demas-no-entienden\/","og_site_name":"Psyke","article_published_time":"2019-08-05T18:07:31+00:00","article_modified_time":"2022-02-21T08:13:30+00:00","og_image":[{"width":937,"height":1171,"url":"https:\/\/www.psyke.es\/wp-content\/uploads\/facebook_posts\/67632224_2722530537817699_326017932213616640_n_2722530527817700-2.jpg","type":"image\/jpeg"}],"author":"Tha\u00efs Capella","twitter_card":"summary_large_image","twitter_misc":{"Written by":"Tha\u00efs Capella","Est. reading time":"2 minutes"},"schema":{"@context":"https:\/\/schema.org","@graph":[{"@type":"Article","@id":"https:\/\/www.psyke.es\/en\/cuanto-mas-mayor-me-hago-mas-comprendo-que-esta-bien-vivir-una-vida-que-los-demas-no-entienden\/#article","isPartOf":{"@id":"https:\/\/www.psyke.es\/en\/cuanto-mas-mayor-me-hago-mas-comprendo-que-esta-bien-vivir-una-vida-que-los-demas-no-entienden\/"},"author":{"name":"Tha\u00efs Capella","@id":"https:\/\/www.psyke.es\/en\/#\/schema\/person\/87774a2e60512484c09407be020d551a"},"headline":"Cu\u00e1nto m\u00e1s mayor me hago, m\u00e1s comprendo que est\u00e1 bien vivir una vida que los dem\u00e1s no entienden","datePublished":"2019-08-05T18:07:31+00:00","dateModified":"2022-02-21T08:13:30+00:00","mainEntityOfPage":{"@id":"https:\/\/www.psyke.es\/en\/cuanto-mas-mayor-me-hago-mas-comprendo-que-esta-bien-vivir-una-vida-que-los-demas-no-entienden\/"},"wordCount":416,"commentCount":0,"image":{"@id":"https:\/\/www.psyke.es\/en\/cuanto-mas-mayor-me-hago-mas-comprendo-que-esta-bien-vivir-una-vida-que-los-demas-no-entienden\/#primaryimage"},"thumbnailUrl":"https:\/\/www.psyke.es\/wp-content\/uploads\/facebook_posts\/67632224_2722530537817699_326017932213616640_n_2722530527817700-2.jpg","articleSection":["Emotion education"],"inLanguage":"en-US","potentialAction":[{"@type":"CommentAction","name":"Comment","target":["https:\/\/www.psyke.es\/en\/cuanto-mas-mayor-me-hago-mas-comprendo-que-esta-bien-vivir-una-vida-que-los-demas-no-entienden\/#respond"]}]},{"@type":"WebPage","@id":"https:\/\/www.psyke.es\/en\/cuanto-mas-mayor-me-hago-mas-comprendo-que-esta-bien-vivir-una-vida-que-los-demas-no-entienden\/","url":"https:\/\/www.psyke.es\/en\/cuanto-mas-mayor-me-hago-mas-comprendo-que-esta-bien-vivir-una-vida-que-los-demas-no-entienden\/","name":"Cu\u00e1nto m\u00e1s mayor me hago, m\u00e1s comprendo que est\u00e1 bien vivir una vida que los dem\u00e1s no entienden","isPartOf":{"@id":"https:\/\/www.psyke.es\/en\/#website"},"primaryImageOfPage":{"@id":"https:\/\/www.psyke.es\/en\/cuanto-mas-mayor-me-hago-mas-comprendo-que-esta-bien-vivir-una-vida-que-los-demas-no-entienden\/#primaryimage"},"image":{"@id":"https:\/\/www.psyke.es\/en\/cuanto-mas-mayor-me-hago-mas-comprendo-que-esta-bien-vivir-una-vida-que-los-demas-no-entienden\/#primaryimage"},"thumbnailUrl":"https:\/\/www.psyke.es\/wp-content\/uploads\/facebook_posts\/67632224_2722530537817699_326017932213616640_n_2722530527817700-2.jpg","datePublished":"2019-08-05T18:07:31+00:00","dateModified":"2022-02-21T08:13:30+00:00","author":{"@id":"https:\/\/www.psyke.es\/en\/#\/schema\/person\/87774a2e60512484c09407be020d551a"},"description":"El extracto acaba con esta frase tan metaf\u00f3rica \u201cabriendo brecha en la endurecida costra de los prejuicios como un peque\u00f1o barco rompeolas\u201d.","breadcrumb":{"@id":"https:\/\/www.psyke.es\/en\/cuanto-mas-mayor-me-hago-mas-comprendo-que-esta-bien-vivir-una-vida-que-los-demas-no-entienden\/#breadcrumb"},"inLanguage":"en-US","potentialAction":[{"@type":"ReadAction","target":["https:\/\/www.psyke.es\/en\/cuanto-mas-mayor-me-hago-mas-comprendo-que-esta-bien-vivir-una-vida-que-los-demas-no-entienden\/"]}]},{"@type":"ImageObject","inLanguage":"en-US","@id":"https:\/\/www.psyke.es\/en\/cuanto-mas-mayor-me-hago-mas-comprendo-que-esta-bien-vivir-una-vida-que-los-demas-no-entienden\/#primaryimage","url":"https:\/\/www.psyke.es\/wp-content\/uploads\/facebook_posts\/67632224_2722530537817699_326017932213616640_n_2722530527817700-2.jpg","contentUrl":"https:\/\/www.psyke.es\/wp-content\/uploads\/facebook_posts\/67632224_2722530537817699_326017932213616640_n_2722530527817700-2.jpg","width":937,"height":1171},{"@type":"BreadcrumbList","@id":"https:\/\/www.psyke.es\/en\/cuanto-mas-mayor-me-hago-mas-comprendo-que-esta-bien-vivir-una-vida-que-los-demas-no-entienden\/#breadcrumb","itemListElement":[{"@type":"ListItem","position":1,"name":"Portada","item":"https:\/\/www.psyke.es\/en\/"},{"@type":"ListItem","position":2,"name":"Cu\u00e1nto m\u00e1s mayor me hago, m\u00e1s comprendo que est\u00e1 bien vivir una vida que los dem\u00e1s no entienden"}]},{"@type":"WebSite","@id":"https:\/\/www.psyke.es\/en\/#website","url":"https:\/\/www.psyke.es\/en\/","name":"Psyke","description":"Centro de Psicolog\u00eda","potentialAction":[{"@type":"SearchAction","target":{"@type":"EntryPoint","urlTemplate":"https:\/\/www.psyke.es\/en\/?s={search_term_string}"},"query-input":{"@type":"PropertyValueSpecification","valueRequired":true,"valueName":"search_term_string"}}],"inLanguage":"en-US"},{"@type":"Person","@id":"https:\/\/www.psyke.es\/en\/#\/schema\/person\/87774a2e60512484c09407be020d551a","name":"Tha\u00efs Capella","image":{"@type":"ImageObject","inLanguage":"en-US","@id":"https:\/\/secure.gravatar.com\/avatar\/71847c79c196fcb2761a3960e77f33ed0e684732f3145d9b4af037b8ed17c94c?s=96&d=mm&r=g","url":"https:\/\/secure.gravatar.com\/avatar\/71847c79c196fcb2761a3960e77f33ed0e684732f3145d9b4af037b8ed17c94c?s=96&d=mm&r=g","contentUrl":"https:\/\/secure.gravatar.com\/avatar\/71847c79c196fcb2761a3960e77f33ed0e684732f3145d9b4af037b8ed17c94c?s=96&d=mm&r=g","caption":"Tha\u00efs Capella"},"sameAs":["http:\/\/psyke.es"]}]}},"post_mailing_queue_ids":[],"_links":{"self":[{"href":"https:\/\/www.psyke.es\/en\/wp-json\/wp\/v2\/posts\/7166","targetHints":{"allow":["GET"]}}],"collection":[{"href":"https:\/\/www.psyke.es\/en\/wp-json\/wp\/v2\/posts"}],"about":[{"href":"https:\/\/www.psyke.es\/en\/wp-json\/wp\/v2\/types\/post"}],"author":[{"embeddable":true,"href":"https:\/\/www.psyke.es\/en\/wp-json\/wp\/v2\/users\/3"}],"replies":[{"embeddable":true,"href":"https:\/\/www.psyke.es\/en\/wp-json\/wp\/v2\/comments?post=7166"}],"version-history":[{"count":0,"href":"https:\/\/www.psyke.es\/en\/wp-json\/wp\/v2\/posts\/7166\/revisions"}],"wp:featuredmedia":[{"embeddable":true,"href":"https:\/\/www.psyke.es\/en\/wp-json\/wp\/v2\/media\/5769"}],"wp:attachment":[{"href":"https:\/\/www.psyke.es\/en\/wp-json\/wp\/v2\/media?parent=7166"}],"wp:term":[{"taxonomy":"category","embeddable":true,"href":"https:\/\/www.psyke.es\/en\/wp-json\/wp\/v2\/categories?post=7166"},{"taxonomy":"post_tag","embeddable":true,"href":"https:\/\/www.psyke.es\/en\/wp-json\/wp\/v2\/tags?post=7166"}],"curies":[{"name":"wp","href":"https:\/\/api.w.org\/{rel}","templated":true}]}}