{"id":7172,"date":"2019-07-15T17:00:41","date_gmt":"2019-07-15T17:00:41","guid":{"rendered":"https:\/\/www.psyke.es\/el-antidoto-contra-la-critica-lo-que-juzgas-tan-duramente-te-revela-tu-yo-mas-profundo-y-te-puede-delatar\/"},"modified":"2022-02-21T10:16:52","modified_gmt":"2022-02-21T08:16:52","slug":"el-antidoto-contra-la-critica-lo-que-juzgas-tan-duramente-te-revela-tu-yo-mas-profundo-y-te-puede-delatar","status":"publish","type":"post","link":"https:\/\/www.psyke.es\/en\/el-antidoto-contra-la-critica-lo-que-juzgas-tan-duramente-te-revela-tu-yo-mas-profundo-y-te-puede-delatar\/","title":{"rendered":"El ant\u00eddoto contra la cr\u00edtica (II): \u201clo que juzgas tan duramente te revela tu yo m\u00e1s profundo y te puede delatar\u201d"},"content":{"rendered":"<p>El psiquiatra suizo Carl G. Jung, fue quiz\u00e1s la persona que m\u00e1s profundiz\u00f3 en la psique humana. Este m\u00e9dico, psic\u00f3logo y ensayista eminente nos habl\u00f3 de lo que \u00e9l denominaba \u201cel arquetipo de la sombra\u201d, que representa \u201cel lado oscuro\u201d de nuestra personalidad.<\/p>\n<p>Seg\u00fan Jung, nuestra psique se compone de dos partes: una consciente (que equivale m\u00e1s o menos al 5%), y otra inconsciente compuesta a su vez por dos partes: el consciente personal, que contiene elementos reprimidos provenientes de nuestras experiencias de vida individuales; y el consciente colectivo, que contiene instintos y arquetipos que son comunes a todos los seres humanos por nuestra historia y cultura. Esta parte inconsciente influye en nuestros pensamientos, emociones y comportamientos y, sobre todo, \u00a1\u00a1gobierna el 95% de nuestras vidas!!<\/p>\n<p>Dec\u00eda Jung \u201cla verdadera terapia comienza con la investigaci\u00f3n de la \u00abhistoria personal secreta\u00bb de cada paciente, para hacer consciente lo inconsciente. El problema es que para muchos es dif\u00edcil y hasta doloroso descubrir esa parte oculta que no nos gusta: los celos, la envidia, la avaricia, el resentimiento\u2026<\/p>\n<p>Y para convivir en sociedad, ocultamos todav\u00eda m\u00e1s esta \u201csombra\u201d haci\u00e9ndola imperceptible\u2026<\/p>\n<p>Hasta que de pronto ocurre una circunstancia que hace que estallemos (casi siempre bajo situaciones estresantes). Sale a la vista p\u00fablica una faceta nuestra irreconocible ante nuestros propios ojos \u2013pues nos hab\u00edamos mostrado estables y correctos hasta el momento- que nos sorprende y nos preocupa y entristece.<\/p>\n<p>Estas \u201cfiltraciones\u201d de nuestro inconsciente son una tremenda oportunidad para aumentar nuestro autoconocimiento: base imprescindible de nuestro equilibrio vital, pues este comportamiento se ajusta mucho m\u00e1s a nuestro ser m\u00e1s real.<\/p>\n<p>LA GRAN VERDAD: Si no acogemos y aceptamos las emociones que no nos gustan de nosotros mismos ocultas en esta sombra, vamos a culpar al otro de sentirlas. \u201cMe has provocado, me has indignado, me has hecho sentir\u2026\u201d<\/p>\n<p>Sin embargo, si acabas identific\u00e1ndote con el defensor social de la justicia, te sentir\u00e1s tan lejos de tus propias miserias que justificar\u00e1s cualquier censura y cr\u00edtica abierta hacia el otro que te mantenga en tu posici\u00f3n de correcci\u00f3n, de buenismo, frente a los dem\u00e1s.<\/p>\n<p>La sombra siempre busca manifestarse. Cuanto m\u00e1s intentes huir de ella, m\u00e1s intensamente aparecer\u00e1 y te llevar\u00e1 a culpar al otro. Jung asumi\u00f3 su sombra de tal forma que cuando se sent\u00eda culpable y vengativo, no sent\u00eda verg\u00fcenza por ello y, por tanto, no culpaba a su entorno de sus sentimientos.<\/p>\n<p>La pr\u00e1ctica continuada de Mindfulness expande nuestra conciencia para poder descubrir nuestras defensas ocultas y aceptarlas con auto-compasi\u00f3n: reconoci\u00e9ndolas, acept\u00e1ndolas y apropi\u00e1ndonos de ellas para ser personas \u00edntegras, cada vez m\u00e1s aut\u00e9nticas y firmes.<\/p>\n<p>Ilustraci\u00f3n de Margaret Cook de \u201cHojas de Hierba\u201d de Walt Whitman (1913)<\/p>\n","protected":false},"excerpt":{"rendered":"<p>El psiquiatra suizo Carl G. Jung, fue quiz\u00e1s la persona que m\u00e1s profundiz\u00f3 en la psique humana. Este m\u00e9dico, psic\u00f3logo y ensayista eminente nos habl\u00f3 de lo que \u00e9l denominaba \u201cel arquetipo de la sombra\u201d, que representa \u201cel lado oscuro\u201d de nuestra personalidad. Seg\u00fan Jung, nuestra psique se compone de dos partes: una consciente (que [&#8230;]<\/p>\n<p><a class=\"btn btn-secondary understrap-read-more-link\" href=\"https:\/\/www.psyke.es\/en\/el-antidoto-contra-la-critica-lo-que-juzgas-tan-duramente-te-revela-tu-yo-mas-profundo-y-te-puede-delatar\/\">Read More&#8230;<span class=\"screen-reader-text\"> from El ant\u00eddoto contra la cr\u00edtica (II): \u201clo que juzgas tan duramente te revela tu yo m\u00e1s profundo y te puede delatar\u201d<\/span><\/a><\/p>\n","protected":false},"author":3,"featured_media":5772,"comment_status":"open","ping_status":"open","sticky":false,"template":"","format":"standard","meta":{"footnotes":""},"categories":[80],"tags":[],"class_list":["post-7172","post","type-post","status-publish","format-standard","has-post-thumbnail","hentry","category-therapeutic-reflections-thoughts"],"yoast_head":"<!-- This site is optimized with the Yoast SEO plugin v27.4 - https:\/\/yoast.com\/product\/yoast-seo-wordpress\/ -->\n<title>El ant\u00eddoto contra la cr\u00edtica (II): \u201clo que juzgas tan duramente te revela tu yo m\u00e1s profundo y te puede delatar\u201d<\/title>\n<meta name=\"description\" content=\"Nuestra psique se compone de dos partes: consciente e inconsciente compuesta por dos partes: el consciente personal y el consciente colectivo\" \/>\n<meta name=\"robots\" content=\"index, follow, max-snippet:-1, max-image-preview:large, max-video-preview:-1\" \/>\n<link rel=\"canonical\" href=\"https:\/\/www.psyke.es\/en\/el-antidoto-contra-la-critica-lo-que-juzgas-tan-duramente-te-revela-tu-yo-mas-profundo-y-te-puede-delatar\/\" \/>\n<meta property=\"og:locale\" content=\"en_US\" \/>\n<meta property=\"og:type\" content=\"article\" \/>\n<meta property=\"og:title\" content=\"El ant\u00eddoto contra la cr\u00edtica (II): \u201clo que juzgas tan duramente te revela tu yo m\u00e1s profundo y te puede delatar\u201d\" \/>\n<meta property=\"og:description\" content=\"Nuestra psique se compone de dos partes: consciente e inconsciente compuesta por dos partes: el consciente personal y el consciente colectivo\" \/>\n<meta property=\"og:url\" content=\"https:\/\/www.psyke.es\/en\/el-antidoto-contra-la-critica-lo-que-juzgas-tan-duramente-te-revela-tu-yo-mas-profundo-y-te-puede-delatar\/\" \/>\n<meta property=\"og:site_name\" content=\"Psyke\" \/>\n<meta property=\"article:published_time\" content=\"2019-07-15T17:00:41+00:00\" \/>\n<meta property=\"article:modified_time\" content=\"2022-02-21T08:16:52+00:00\" \/>\n<meta property=\"og:image\" content=\"https:\/\/www.psyke.es\/wp-content\/uploads\/facebook_posts\/66776725_2668586179878802_8699796939148886016_n_2668586163212137-1.jpg\" \/>\n\t<meta property=\"og:image:width\" content=\"1200\" \/>\n\t<meta property=\"og:image:height\" content=\"955\" \/>\n\t<meta property=\"og:image:type\" content=\"image\/jpeg\" \/>\n<meta name=\"author\" content=\"Tha\u00efs Capella\" \/>\n<meta name=\"twitter:card\" content=\"summary_large_image\" \/>\n<meta name=\"twitter:label1\" content=\"Written by\" \/>\n\t<meta name=\"twitter:data1\" content=\"Tha\u00efs Capella\" \/>\n\t<meta name=\"twitter:label2\" content=\"Est. reading time\" \/>\n\t<meta name=\"twitter:data2\" content=\"2 minutes\" \/>\n<script type=\"application\/ld+json\" class=\"yoast-schema-graph\">{\"@context\":\"https:\\\/\\\/schema.org\",\"@graph\":[{\"@type\":\"Article\",\"@id\":\"https:\\\/\\\/www.psyke.es\\\/en\\\/el-antidoto-contra-la-critica-lo-que-juzgas-tan-duramente-te-revela-tu-yo-mas-profundo-y-te-puede-delatar\\\/#article\",\"isPartOf\":{\"@id\":\"https:\\\/\\\/www.psyke.es\\\/en\\\/el-antidoto-contra-la-critica-lo-que-juzgas-tan-duramente-te-revela-tu-yo-mas-profundo-y-te-puede-delatar\\\/\"},\"author\":{\"name\":\"Tha\u00efs Capella\",\"@id\":\"https:\\\/\\\/www.psyke.es\\\/en\\\/#\\\/schema\\\/person\\\/87774a2e60512484c09407be020d551a\"},\"headline\":\"El ant\u00eddoto contra la cr\u00edtica (II): \u201clo que juzgas tan duramente te revela tu yo m\u00e1s profundo y te puede delatar\u201d\",\"datePublished\":\"2019-07-15T17:00:41+00:00\",\"dateModified\":\"2022-02-21T08:16:52+00:00\",\"mainEntityOfPage\":{\"@id\":\"https:\\\/\\\/www.psyke.es\\\/en\\\/el-antidoto-contra-la-critica-lo-que-juzgas-tan-duramente-te-revela-tu-yo-mas-profundo-y-te-puede-delatar\\\/\"},\"wordCount\":501,\"commentCount\":0,\"image\":{\"@id\":\"https:\\\/\\\/www.psyke.es\\\/en\\\/el-antidoto-contra-la-critica-lo-que-juzgas-tan-duramente-te-revela-tu-yo-mas-profundo-y-te-puede-delatar\\\/#primaryimage\"},\"thumbnailUrl\":\"https:\\\/\\\/www.psyke.es\\\/wp-content\\\/uploads\\\/facebook_posts\\\/66776725_2668586179878802_8699796939148886016_n_2668586163212137-1.jpg\",\"articleSection\":[\"Thoughts\"],\"inLanguage\":\"en-US\",\"potentialAction\":[{\"@type\":\"CommentAction\",\"name\":\"Comment\",\"target\":[\"https:\\\/\\\/www.psyke.es\\\/en\\\/el-antidoto-contra-la-critica-lo-que-juzgas-tan-duramente-te-revela-tu-yo-mas-profundo-y-te-puede-delatar\\\/#respond\"]}]},{\"@type\":\"WebPage\",\"@id\":\"https:\\\/\\\/www.psyke.es\\\/en\\\/el-antidoto-contra-la-critica-lo-que-juzgas-tan-duramente-te-revela-tu-yo-mas-profundo-y-te-puede-delatar\\\/\",\"url\":\"https:\\\/\\\/www.psyke.es\\\/en\\\/el-antidoto-contra-la-critica-lo-que-juzgas-tan-duramente-te-revela-tu-yo-mas-profundo-y-te-puede-delatar\\\/\",\"name\":\"El ant\u00eddoto contra la cr\u00edtica (II): \u201clo que juzgas tan duramente te revela tu yo m\u00e1s profundo y te puede delatar\u201d\",\"isPartOf\":{\"@id\":\"https:\\\/\\\/www.psyke.es\\\/en\\\/#website\"},\"primaryImageOfPage\":{\"@id\":\"https:\\\/\\\/www.psyke.es\\\/en\\\/el-antidoto-contra-la-critica-lo-que-juzgas-tan-duramente-te-revela-tu-yo-mas-profundo-y-te-puede-delatar\\\/#primaryimage\"},\"image\":{\"@id\":\"https:\\\/\\\/www.psyke.es\\\/en\\\/el-antidoto-contra-la-critica-lo-que-juzgas-tan-duramente-te-revela-tu-yo-mas-profundo-y-te-puede-delatar\\\/#primaryimage\"},\"thumbnailUrl\":\"https:\\\/\\\/www.psyke.es\\\/wp-content\\\/uploads\\\/facebook_posts\\\/66776725_2668586179878802_8699796939148886016_n_2668586163212137-1.jpg\",\"datePublished\":\"2019-07-15T17:00:41+00:00\",\"dateModified\":\"2022-02-21T08:16:52+00:00\",\"author\":{\"@id\":\"https:\\\/\\\/www.psyke.es\\\/en\\\/#\\\/schema\\\/person\\\/87774a2e60512484c09407be020d551a\"},\"description\":\"Nuestra psique se compone de dos partes: consciente e inconsciente compuesta por dos partes: el consciente personal y el consciente colectivo\",\"breadcrumb\":{\"@id\":\"https:\\\/\\\/www.psyke.es\\\/en\\\/el-antidoto-contra-la-critica-lo-que-juzgas-tan-duramente-te-revela-tu-yo-mas-profundo-y-te-puede-delatar\\\/#breadcrumb\"},\"inLanguage\":\"en-US\",\"potentialAction\":[{\"@type\":\"ReadAction\",\"target\":[\"https:\\\/\\\/www.psyke.es\\\/en\\\/el-antidoto-contra-la-critica-lo-que-juzgas-tan-duramente-te-revela-tu-yo-mas-profundo-y-te-puede-delatar\\\/\"]}]},{\"@type\":\"ImageObject\",\"inLanguage\":\"en-US\",\"@id\":\"https:\\\/\\\/www.psyke.es\\\/en\\\/el-antidoto-contra-la-critica-lo-que-juzgas-tan-duramente-te-revela-tu-yo-mas-profundo-y-te-puede-delatar\\\/#primaryimage\",\"url\":\"https:\\\/\\\/www.psyke.es\\\/wp-content\\\/uploads\\\/facebook_posts\\\/66776725_2668586179878802_8699796939148886016_n_2668586163212137-1.jpg\",\"contentUrl\":\"https:\\\/\\\/www.psyke.es\\\/wp-content\\\/uploads\\\/facebook_posts\\\/66776725_2668586179878802_8699796939148886016_n_2668586163212137-1.jpg\",\"width\":1200,\"height\":955},{\"@type\":\"BreadcrumbList\",\"@id\":\"https:\\\/\\\/www.psyke.es\\\/en\\\/el-antidoto-contra-la-critica-lo-que-juzgas-tan-duramente-te-revela-tu-yo-mas-profundo-y-te-puede-delatar\\\/#breadcrumb\",\"itemListElement\":[{\"@type\":\"ListItem\",\"position\":1,\"name\":\"Portada\",\"item\":\"https:\\\/\\\/www.psyke.es\\\/en\\\/\"},{\"@type\":\"ListItem\",\"position\":2,\"name\":\"El ant\u00eddoto contra la cr\u00edtica (II): \u201clo que juzgas tan duramente te revela tu yo m\u00e1s profundo y te puede delatar\u201d\"}]},{\"@type\":\"WebSite\",\"@id\":\"https:\\\/\\\/www.psyke.es\\\/en\\\/#website\",\"url\":\"https:\\\/\\\/www.psyke.es\\\/en\\\/\",\"name\":\"Psyke\",\"description\":\"Centro de Psicolog\u00eda\",\"potentialAction\":[{\"@type\":\"SearchAction\",\"target\":{\"@type\":\"EntryPoint\",\"urlTemplate\":\"https:\\\/\\\/www.psyke.es\\\/en\\\/?s={search_term_string}\"},\"query-input\":{\"@type\":\"PropertyValueSpecification\",\"valueRequired\":true,\"valueName\":\"search_term_string\"}}],\"inLanguage\":\"en-US\"},{\"@type\":\"Person\",\"@id\":\"https:\\\/\\\/www.psyke.es\\\/en\\\/#\\\/schema\\\/person\\\/87774a2e60512484c09407be020d551a\",\"name\":\"Tha\u00efs Capella\",\"image\":{\"@type\":\"ImageObject\",\"inLanguage\":\"en-US\",\"@id\":\"https:\\\/\\\/secure.gravatar.com\\\/avatar\\\/71847c79c196fcb2761a3960e77f33ed0e684732f3145d9b4af037b8ed17c94c?s=96&d=mm&r=g\",\"url\":\"https:\\\/\\\/secure.gravatar.com\\\/avatar\\\/71847c79c196fcb2761a3960e77f33ed0e684732f3145d9b4af037b8ed17c94c?s=96&d=mm&r=g\",\"contentUrl\":\"https:\\\/\\\/secure.gravatar.com\\\/avatar\\\/71847c79c196fcb2761a3960e77f33ed0e684732f3145d9b4af037b8ed17c94c?s=96&d=mm&r=g\",\"caption\":\"Tha\u00efs Capella\"},\"sameAs\":[\"http:\\\/\\\/psyke.es\"]}]}<\/script>\n<!-- \/ Yoast SEO plugin. -->","yoast_head_json":{"title":"El ant\u00eddoto contra la cr\u00edtica (II): \u201clo que juzgas tan duramente te revela tu yo m\u00e1s profundo y te puede delatar\u201d","description":"Nuestra psique se compone de dos partes: consciente e inconsciente compuesta por dos partes: el consciente personal y el consciente colectivo","robots":{"index":"index","follow":"follow","max-snippet":"max-snippet:-1","max-image-preview":"max-image-preview:large","max-video-preview":"max-video-preview:-1"},"canonical":"https:\/\/www.psyke.es\/en\/el-antidoto-contra-la-critica-lo-que-juzgas-tan-duramente-te-revela-tu-yo-mas-profundo-y-te-puede-delatar\/","og_locale":"en_US","og_type":"article","og_title":"El ant\u00eddoto contra la cr\u00edtica (II): \u201clo que juzgas tan duramente te revela tu yo m\u00e1s profundo y te puede delatar\u201d","og_description":"Nuestra psique se compone de dos partes: consciente e inconsciente compuesta por dos partes: el consciente personal y el consciente colectivo","og_url":"https:\/\/www.psyke.es\/en\/el-antidoto-contra-la-critica-lo-que-juzgas-tan-duramente-te-revela-tu-yo-mas-profundo-y-te-puede-delatar\/","og_site_name":"Psyke","article_published_time":"2019-07-15T17:00:41+00:00","article_modified_time":"2022-02-21T08:16:52+00:00","og_image":[{"width":1200,"height":955,"url":"https:\/\/www.psyke.es\/wp-content\/uploads\/facebook_posts\/66776725_2668586179878802_8699796939148886016_n_2668586163212137-1.jpg","type":"image\/jpeg"}],"author":"Tha\u00efs Capella","twitter_card":"summary_large_image","twitter_misc":{"Written by":"Tha\u00efs Capella","Est. reading time":"2 minutes"},"schema":{"@context":"https:\/\/schema.org","@graph":[{"@type":"Article","@id":"https:\/\/www.psyke.es\/en\/el-antidoto-contra-la-critica-lo-que-juzgas-tan-duramente-te-revela-tu-yo-mas-profundo-y-te-puede-delatar\/#article","isPartOf":{"@id":"https:\/\/www.psyke.es\/en\/el-antidoto-contra-la-critica-lo-que-juzgas-tan-duramente-te-revela-tu-yo-mas-profundo-y-te-puede-delatar\/"},"author":{"name":"Tha\u00efs Capella","@id":"https:\/\/www.psyke.es\/en\/#\/schema\/person\/87774a2e60512484c09407be020d551a"},"headline":"El ant\u00eddoto contra la cr\u00edtica (II): \u201clo que juzgas tan duramente te revela tu yo m\u00e1s profundo y te puede delatar\u201d","datePublished":"2019-07-15T17:00:41+00:00","dateModified":"2022-02-21T08:16:52+00:00","mainEntityOfPage":{"@id":"https:\/\/www.psyke.es\/en\/el-antidoto-contra-la-critica-lo-que-juzgas-tan-duramente-te-revela-tu-yo-mas-profundo-y-te-puede-delatar\/"},"wordCount":501,"commentCount":0,"image":{"@id":"https:\/\/www.psyke.es\/en\/el-antidoto-contra-la-critica-lo-que-juzgas-tan-duramente-te-revela-tu-yo-mas-profundo-y-te-puede-delatar\/#primaryimage"},"thumbnailUrl":"https:\/\/www.psyke.es\/wp-content\/uploads\/facebook_posts\/66776725_2668586179878802_8699796939148886016_n_2668586163212137-1.jpg","articleSection":["Thoughts"],"inLanguage":"en-US","potentialAction":[{"@type":"CommentAction","name":"Comment","target":["https:\/\/www.psyke.es\/en\/el-antidoto-contra-la-critica-lo-que-juzgas-tan-duramente-te-revela-tu-yo-mas-profundo-y-te-puede-delatar\/#respond"]}]},{"@type":"WebPage","@id":"https:\/\/www.psyke.es\/en\/el-antidoto-contra-la-critica-lo-que-juzgas-tan-duramente-te-revela-tu-yo-mas-profundo-y-te-puede-delatar\/","url":"https:\/\/www.psyke.es\/en\/el-antidoto-contra-la-critica-lo-que-juzgas-tan-duramente-te-revela-tu-yo-mas-profundo-y-te-puede-delatar\/","name":"El ant\u00eddoto contra la cr\u00edtica (II): \u201clo que juzgas tan duramente te revela tu yo m\u00e1s profundo y te puede delatar\u201d","isPartOf":{"@id":"https:\/\/www.psyke.es\/en\/#website"},"primaryImageOfPage":{"@id":"https:\/\/www.psyke.es\/en\/el-antidoto-contra-la-critica-lo-que-juzgas-tan-duramente-te-revela-tu-yo-mas-profundo-y-te-puede-delatar\/#primaryimage"},"image":{"@id":"https:\/\/www.psyke.es\/en\/el-antidoto-contra-la-critica-lo-que-juzgas-tan-duramente-te-revela-tu-yo-mas-profundo-y-te-puede-delatar\/#primaryimage"},"thumbnailUrl":"https:\/\/www.psyke.es\/wp-content\/uploads\/facebook_posts\/66776725_2668586179878802_8699796939148886016_n_2668586163212137-1.jpg","datePublished":"2019-07-15T17:00:41+00:00","dateModified":"2022-02-21T08:16:52+00:00","author":{"@id":"https:\/\/www.psyke.es\/en\/#\/schema\/person\/87774a2e60512484c09407be020d551a"},"description":"Nuestra psique se compone de dos partes: consciente e inconsciente compuesta por dos partes: el consciente personal y el consciente colectivo","breadcrumb":{"@id":"https:\/\/www.psyke.es\/en\/el-antidoto-contra-la-critica-lo-que-juzgas-tan-duramente-te-revela-tu-yo-mas-profundo-y-te-puede-delatar\/#breadcrumb"},"inLanguage":"en-US","potentialAction":[{"@type":"ReadAction","target":["https:\/\/www.psyke.es\/en\/el-antidoto-contra-la-critica-lo-que-juzgas-tan-duramente-te-revela-tu-yo-mas-profundo-y-te-puede-delatar\/"]}]},{"@type":"ImageObject","inLanguage":"en-US","@id":"https:\/\/www.psyke.es\/en\/el-antidoto-contra-la-critica-lo-que-juzgas-tan-duramente-te-revela-tu-yo-mas-profundo-y-te-puede-delatar\/#primaryimage","url":"https:\/\/www.psyke.es\/wp-content\/uploads\/facebook_posts\/66776725_2668586179878802_8699796939148886016_n_2668586163212137-1.jpg","contentUrl":"https:\/\/www.psyke.es\/wp-content\/uploads\/facebook_posts\/66776725_2668586179878802_8699796939148886016_n_2668586163212137-1.jpg","width":1200,"height":955},{"@type":"BreadcrumbList","@id":"https:\/\/www.psyke.es\/en\/el-antidoto-contra-la-critica-lo-que-juzgas-tan-duramente-te-revela-tu-yo-mas-profundo-y-te-puede-delatar\/#breadcrumb","itemListElement":[{"@type":"ListItem","position":1,"name":"Portada","item":"https:\/\/www.psyke.es\/en\/"},{"@type":"ListItem","position":2,"name":"El ant\u00eddoto contra la cr\u00edtica (II): \u201clo que juzgas tan duramente te revela tu yo m\u00e1s profundo y te puede delatar\u201d"}]},{"@type":"WebSite","@id":"https:\/\/www.psyke.es\/en\/#website","url":"https:\/\/www.psyke.es\/en\/","name":"Psyke","description":"Centro de Psicolog\u00eda","potentialAction":[{"@type":"SearchAction","target":{"@type":"EntryPoint","urlTemplate":"https:\/\/www.psyke.es\/en\/?s={search_term_string}"},"query-input":{"@type":"PropertyValueSpecification","valueRequired":true,"valueName":"search_term_string"}}],"inLanguage":"en-US"},{"@type":"Person","@id":"https:\/\/www.psyke.es\/en\/#\/schema\/person\/87774a2e60512484c09407be020d551a","name":"Tha\u00efs Capella","image":{"@type":"ImageObject","inLanguage":"en-US","@id":"https:\/\/secure.gravatar.com\/avatar\/71847c79c196fcb2761a3960e77f33ed0e684732f3145d9b4af037b8ed17c94c?s=96&d=mm&r=g","url":"https:\/\/secure.gravatar.com\/avatar\/71847c79c196fcb2761a3960e77f33ed0e684732f3145d9b4af037b8ed17c94c?s=96&d=mm&r=g","contentUrl":"https:\/\/secure.gravatar.com\/avatar\/71847c79c196fcb2761a3960e77f33ed0e684732f3145d9b4af037b8ed17c94c?s=96&d=mm&r=g","caption":"Tha\u00efs Capella"},"sameAs":["http:\/\/psyke.es"]}]}},"post_mailing_queue_ids":[],"_links":{"self":[{"href":"https:\/\/www.psyke.es\/en\/wp-json\/wp\/v2\/posts\/7172","targetHints":{"allow":["GET"]}}],"collection":[{"href":"https:\/\/www.psyke.es\/en\/wp-json\/wp\/v2\/posts"}],"about":[{"href":"https:\/\/www.psyke.es\/en\/wp-json\/wp\/v2\/types\/post"}],"author":[{"embeddable":true,"href":"https:\/\/www.psyke.es\/en\/wp-json\/wp\/v2\/users\/3"}],"replies":[{"embeddable":true,"href":"https:\/\/www.psyke.es\/en\/wp-json\/wp\/v2\/comments?post=7172"}],"version-history":[{"count":0,"href":"https:\/\/www.psyke.es\/en\/wp-json\/wp\/v2\/posts\/7172\/revisions"}],"wp:featuredmedia":[{"embeddable":true,"href":"https:\/\/www.psyke.es\/en\/wp-json\/wp\/v2\/media\/5772"}],"wp:attachment":[{"href":"https:\/\/www.psyke.es\/en\/wp-json\/wp\/v2\/media?parent=7172"}],"wp:term":[{"taxonomy":"category","embeddable":true,"href":"https:\/\/www.psyke.es\/en\/wp-json\/wp\/v2\/categories?post=7172"},{"taxonomy":"post_tag","embeddable":true,"href":"https:\/\/www.psyke.es\/en\/wp-json\/wp\/v2\/tags?post=7172"}],"curies":[{"name":"wp","href":"https:\/\/api.w.org\/{rel}","templated":true}]}}