{"id":7175,"date":"2019-07-08T09:53:50","date_gmt":"2019-07-08T09:53:50","guid":{"rendered":"https:\/\/www.psyke.es\/el-antidoto-contra-la-critica-yo-podria-ser-tu\/"},"modified":"2022-02-21T10:18:50","modified_gmt":"2022-02-21T08:18:50","slug":"el-antidoto-contra-la-critica-yo-podria-ser-tu","status":"publish","type":"post","link":"https:\/\/www.psyke.es\/en\/el-antidoto-contra-la-critica-yo-podria-ser-tu\/","title":{"rendered":"El ant\u00eddoto contra la cr\u00edtica (I): \u201cYO podr\u00eda ser T\u00da\u201d"},"content":{"rendered":"<p>Escuch\u00e9 a Paul Gilbert (fundador de la Terapia Focalizada en la Compasi\u00f3n (CFT), decir en una conferencia \u201csi yo hubiera nacido en un entorno de delincuentes, tendr\u00eda mucha m\u00e1s probabilidad de serlo. He nacido en un entorno m\u00e9dico en Inglaterra y ahora soy un psic\u00f3logo ingl\u00e9s, pero podr\u00eda haber sido cualquier persona\u201d.<\/p>\n<p>Muchos no somos capaces de darnos cuenta de que las personas hacemos -dadas nuestras circunstancias- lo que podemos. Y que si lo pudi\u00e9ramos hacer de otra forma, lo har\u00edamos. Y \u201cel otro\u201d, tambi\u00e9n.<br \/>\nPero empecemos por nosotros mismos: recordad una situaci\u00f3n en vuestras vidas de la que os arrepent\u00eds y que os hubiera gustado hacer de manera diferente. Si os transport\u00e1is con total honestidad a ese momento, en ese contexto, con el conocimiento y la experiencia de ese mismo instante, os dar\u00e9is cuenta de que lo hicisteis as\u00ed porque fue lo que pudisteis -o quisisteis- hacer, dir\u00edan muchos\u2026pero es igual, porque la volici\u00f3n tambi\u00e9n estaba determinada por tu \u201cTU\u201d del momento.<\/p>\n<p>Ahora no se vale ir hacia atr\u00e1s y re\u00f1irnos (eso se llama maltrato psicol\u00f3gico), porque entonces no ten\u00edamos el conocimiento ni los recursos que tenemos ahora.<\/p>\n<p>Cuando criticamos o juzgamos al otro pues, hemos de darnos cuenta de que parten de la misma premisa: aunque lo hagan \u201cmal\u201d a nuestros ojos, no lo pueden hacer de otra manera. Si nos apropi\u00e1ramos de su estilo familiar, sus vivencias, sus circunstancias y, sobre todo, sus carencias, estar\u00edamos haciendo lo mismo, porque no ser\u00edamos nosotros, sino ellos.<\/p>\n<p>Muchos preguntan \u00bfeso quiere decir que tenemos que justificar todos los actos?<\/p>\n<p>No, por supuesto. Una cosa es \u201centender el por qu\u00e9\u201d y otra distinta es justificar. No est\u00e1 en nuestra mano hacer justicia. Para eso est\u00e1 esa palabra que est\u00e1 en desuso en la educaci\u00f3n actual: las CONSECUENCIAS.<\/p>\n<p>Para casos graves est\u00e1n las penas objetivas: las fianzas, las multas, la c\u00e1rcel&#8230;<br \/>\nY para la mayor\u00eda de los dem\u00e1s casos relacionales hay consecuencias incluso m\u00e1s dolorosas: el confinamiento social, el aislamiento, la soledad, el desamor, la tristeza y una gran confusi\u00f3n, que muchas veces viene de la propia impotencia de no saber hacerlo de otra manera.<\/p>\n<p>Bocanadas de \u201cjusticia\u201d que cada uno tendr\u00e1 que gestionar como pueda.<\/p>\n<p>Con mucha suerte -y es lo que se aspira desde el trabajo terap\u00e9utico- alg\u00fan d\u00eda podr\u00e1 hasta llegar a alegrarse de la situaci\u00f3n adversa dado el tremendo aprendizaje que supone y que le puede cambiar \u2013literalmente- la vida, para bien\u2026<\/p>\n","protected":false},"excerpt":{"rendered":"<p>Escuch\u00e9 a Paul Gilbert (fundador de la Terapia Focalizada en la Compasi\u00f3n (CFT), decir en una conferencia \u201csi yo hubiera nacido en un entorno de delincuentes, tendr\u00eda mucha m\u00e1s probabilidad de serlo. He nacido en un entorno m\u00e9dico en Inglaterra y ahora soy un psic\u00f3logo ingl\u00e9s, pero podr\u00eda haber sido cualquier persona\u201d. Muchos no somos [&#8230;]<\/p>\n<p><a class=\"btn btn-secondary understrap-read-more-link\" href=\"https:\/\/www.psyke.es\/en\/el-antidoto-contra-la-critica-yo-podria-ser-tu\/\">Read More&#8230;<span class=\"screen-reader-text\"> from El ant\u00eddoto contra la cr\u00edtica (I): \u201cYO podr\u00eda ser T\u00da\u201d<\/span><\/a><\/p>\n","protected":false},"author":3,"featured_media":5773,"comment_status":"open","ping_status":"open","sticky":false,"template":"","format":"standard","meta":{"footnotes":""},"categories":[80],"tags":[],"class_list":["post-7175","post","type-post","status-publish","format-standard","has-post-thumbnail","hentry","category-therapeutic-reflections-thoughts"],"yoast_head":"<!-- This site is optimized with the Yoast SEO plugin v27.4 - https:\/\/yoast.com\/product\/yoast-seo-wordpress\/ -->\n<title>El ant\u00eddoto contra la cr\u00edtica (I): \u201cYO podr\u00eda ser T\u00da\u201d<\/title>\n<meta name=\"description\" content=\"Muchos no somos capaces de darnos cuenta de que las personas hacemos -dadas nuestras circunstancias- lo que podemos.\" \/>\n<meta name=\"robots\" content=\"index, follow, max-snippet:-1, max-image-preview:large, max-video-preview:-1\" \/>\n<link rel=\"canonical\" href=\"https:\/\/www.psyke.es\/en\/el-antidoto-contra-la-critica-yo-podria-ser-tu\/\" \/>\n<meta property=\"og:locale\" content=\"en_US\" \/>\n<meta property=\"og:type\" content=\"article\" \/>\n<meta property=\"og:title\" content=\"El ant\u00eddoto contra la cr\u00edtica (I): \u201cYO podr\u00eda ser T\u00da\u201d\" \/>\n<meta property=\"og:description\" content=\"Muchos no somos capaces de darnos cuenta de que las personas hacemos -dadas nuestras circunstancias- lo que podemos.\" \/>\n<meta property=\"og:url\" content=\"https:\/\/www.psyke.es\/en\/el-antidoto-contra-la-critica-yo-podria-ser-tu\/\" \/>\n<meta property=\"og:site_name\" content=\"Psyke\" \/>\n<meta property=\"article:published_time\" content=\"2019-07-08T09:53:50+00:00\" \/>\n<meta property=\"article:modified_time\" content=\"2022-02-21T08:18:50+00:00\" \/>\n<meta property=\"og:image\" content=\"https:\/\/www.psyke.es\/wp-content\/uploads\/facebook_posts\/66181704_2649945451742875_2870269911693787136_n_2649945445076209-2.jpg\" \/>\n\t<meta property=\"og:image:width\" content=\"495\" \/>\n\t<meta property=\"og:image:height\" content=\"500\" \/>\n\t<meta property=\"og:image:type\" content=\"image\/jpeg\" \/>\n<meta name=\"author\" content=\"Tha\u00efs Capella\" \/>\n<meta name=\"twitter:card\" content=\"summary_large_image\" \/>\n<meta name=\"twitter:label1\" content=\"Written by\" \/>\n\t<meta name=\"twitter:data1\" content=\"Tha\u00efs Capella\" \/>\n\t<meta name=\"twitter:label2\" content=\"Est. reading time\" \/>\n\t<meta name=\"twitter:data2\" content=\"2 minutes\" \/>\n<script type=\"application\/ld+json\" class=\"yoast-schema-graph\">{\"@context\":\"https:\\\/\\\/schema.org\",\"@graph\":[{\"@type\":\"Article\",\"@id\":\"https:\\\/\\\/www.psyke.es\\\/en\\\/el-antidoto-contra-la-critica-yo-podria-ser-tu\\\/#article\",\"isPartOf\":{\"@id\":\"https:\\\/\\\/www.psyke.es\\\/en\\\/el-antidoto-contra-la-critica-yo-podria-ser-tu\\\/\"},\"author\":{\"name\":\"Tha\u00efs Capella\",\"@id\":\"https:\\\/\\\/www.psyke.es\\\/en\\\/#\\\/schema\\\/person\\\/87774a2e60512484c09407be020d551a\"},\"headline\":\"El ant\u00eddoto contra la cr\u00edtica (I): \u201cYO podr\u00eda ser T\u00da\u201d\",\"datePublished\":\"2019-07-08T09:53:50+00:00\",\"dateModified\":\"2022-02-21T08:18:50+00:00\",\"mainEntityOfPage\":{\"@id\":\"https:\\\/\\\/www.psyke.es\\\/en\\\/el-antidoto-contra-la-critica-yo-podria-ser-tu\\\/\"},\"wordCount\":453,\"commentCount\":0,\"image\":{\"@id\":\"https:\\\/\\\/www.psyke.es\\\/en\\\/el-antidoto-contra-la-critica-yo-podria-ser-tu\\\/#primaryimage\"},\"thumbnailUrl\":\"https:\\\/\\\/www.psyke.es\\\/wp-content\\\/uploads\\\/facebook_posts\\\/66181704_2649945451742875_2870269911693787136_n_2649945445076209-2.jpg\",\"articleSection\":[\"Thoughts\"],\"inLanguage\":\"en-US\",\"potentialAction\":[{\"@type\":\"CommentAction\",\"name\":\"Comment\",\"target\":[\"https:\\\/\\\/www.psyke.es\\\/en\\\/el-antidoto-contra-la-critica-yo-podria-ser-tu\\\/#respond\"]}]},{\"@type\":\"WebPage\",\"@id\":\"https:\\\/\\\/www.psyke.es\\\/en\\\/el-antidoto-contra-la-critica-yo-podria-ser-tu\\\/\",\"url\":\"https:\\\/\\\/www.psyke.es\\\/en\\\/el-antidoto-contra-la-critica-yo-podria-ser-tu\\\/\",\"name\":\"El ant\u00eddoto contra la cr\u00edtica (I): \u201cYO podr\u00eda ser T\u00da\u201d\",\"isPartOf\":{\"@id\":\"https:\\\/\\\/www.psyke.es\\\/en\\\/#website\"},\"primaryImageOfPage\":{\"@id\":\"https:\\\/\\\/www.psyke.es\\\/en\\\/el-antidoto-contra-la-critica-yo-podria-ser-tu\\\/#primaryimage\"},\"image\":{\"@id\":\"https:\\\/\\\/www.psyke.es\\\/en\\\/el-antidoto-contra-la-critica-yo-podria-ser-tu\\\/#primaryimage\"},\"thumbnailUrl\":\"https:\\\/\\\/www.psyke.es\\\/wp-content\\\/uploads\\\/facebook_posts\\\/66181704_2649945451742875_2870269911693787136_n_2649945445076209-2.jpg\",\"datePublished\":\"2019-07-08T09:53:50+00:00\",\"dateModified\":\"2022-02-21T08:18:50+00:00\",\"author\":{\"@id\":\"https:\\\/\\\/www.psyke.es\\\/en\\\/#\\\/schema\\\/person\\\/87774a2e60512484c09407be020d551a\"},\"description\":\"Muchos no somos capaces de darnos cuenta de que las personas hacemos -dadas nuestras circunstancias- lo que podemos.\",\"breadcrumb\":{\"@id\":\"https:\\\/\\\/www.psyke.es\\\/en\\\/el-antidoto-contra-la-critica-yo-podria-ser-tu\\\/#breadcrumb\"},\"inLanguage\":\"en-US\",\"potentialAction\":[{\"@type\":\"ReadAction\",\"target\":[\"https:\\\/\\\/www.psyke.es\\\/en\\\/el-antidoto-contra-la-critica-yo-podria-ser-tu\\\/\"]}]},{\"@type\":\"ImageObject\",\"inLanguage\":\"en-US\",\"@id\":\"https:\\\/\\\/www.psyke.es\\\/en\\\/el-antidoto-contra-la-critica-yo-podria-ser-tu\\\/#primaryimage\",\"url\":\"https:\\\/\\\/www.psyke.es\\\/wp-content\\\/uploads\\\/facebook_posts\\\/66181704_2649945451742875_2870269911693787136_n_2649945445076209-2.jpg\",\"contentUrl\":\"https:\\\/\\\/www.psyke.es\\\/wp-content\\\/uploads\\\/facebook_posts\\\/66181704_2649945451742875_2870269911693787136_n_2649945445076209-2.jpg\",\"width\":495,\"height\":500},{\"@type\":\"BreadcrumbList\",\"@id\":\"https:\\\/\\\/www.psyke.es\\\/en\\\/el-antidoto-contra-la-critica-yo-podria-ser-tu\\\/#breadcrumb\",\"itemListElement\":[{\"@type\":\"ListItem\",\"position\":1,\"name\":\"Portada\",\"item\":\"https:\\\/\\\/www.psyke.es\\\/en\\\/\"},{\"@type\":\"ListItem\",\"position\":2,\"name\":\"El ant\u00eddoto contra la cr\u00edtica (I): \u201cYO podr\u00eda ser T\u00da\u201d\"}]},{\"@type\":\"WebSite\",\"@id\":\"https:\\\/\\\/www.psyke.es\\\/en\\\/#website\",\"url\":\"https:\\\/\\\/www.psyke.es\\\/en\\\/\",\"name\":\"Psyke\",\"description\":\"Centro de Psicolog\u00eda\",\"potentialAction\":[{\"@type\":\"SearchAction\",\"target\":{\"@type\":\"EntryPoint\",\"urlTemplate\":\"https:\\\/\\\/www.psyke.es\\\/en\\\/?s={search_term_string}\"},\"query-input\":{\"@type\":\"PropertyValueSpecification\",\"valueRequired\":true,\"valueName\":\"search_term_string\"}}],\"inLanguage\":\"en-US\"},{\"@type\":\"Person\",\"@id\":\"https:\\\/\\\/www.psyke.es\\\/en\\\/#\\\/schema\\\/person\\\/87774a2e60512484c09407be020d551a\",\"name\":\"Tha\u00efs Capella\",\"image\":{\"@type\":\"ImageObject\",\"inLanguage\":\"en-US\",\"@id\":\"https:\\\/\\\/secure.gravatar.com\\\/avatar\\\/71847c79c196fcb2761a3960e77f33ed0e684732f3145d9b4af037b8ed17c94c?s=96&d=mm&r=g\",\"url\":\"https:\\\/\\\/secure.gravatar.com\\\/avatar\\\/71847c79c196fcb2761a3960e77f33ed0e684732f3145d9b4af037b8ed17c94c?s=96&d=mm&r=g\",\"contentUrl\":\"https:\\\/\\\/secure.gravatar.com\\\/avatar\\\/71847c79c196fcb2761a3960e77f33ed0e684732f3145d9b4af037b8ed17c94c?s=96&d=mm&r=g\",\"caption\":\"Tha\u00efs Capella\"},\"sameAs\":[\"http:\\\/\\\/psyke.es\"]}]}<\/script>\n<!-- \/ Yoast SEO plugin. -->","yoast_head_json":{"title":"El ant\u00eddoto contra la cr\u00edtica (I): \u201cYO podr\u00eda ser T\u00da\u201d","description":"Muchos no somos capaces de darnos cuenta de que las personas hacemos -dadas nuestras circunstancias- lo que podemos.","robots":{"index":"index","follow":"follow","max-snippet":"max-snippet:-1","max-image-preview":"max-image-preview:large","max-video-preview":"max-video-preview:-1"},"canonical":"https:\/\/www.psyke.es\/en\/el-antidoto-contra-la-critica-yo-podria-ser-tu\/","og_locale":"en_US","og_type":"article","og_title":"El ant\u00eddoto contra la cr\u00edtica (I): \u201cYO podr\u00eda ser T\u00da\u201d","og_description":"Muchos no somos capaces de darnos cuenta de que las personas hacemos -dadas nuestras circunstancias- lo que podemos.","og_url":"https:\/\/www.psyke.es\/en\/el-antidoto-contra-la-critica-yo-podria-ser-tu\/","og_site_name":"Psyke","article_published_time":"2019-07-08T09:53:50+00:00","article_modified_time":"2022-02-21T08:18:50+00:00","og_image":[{"width":495,"height":500,"url":"https:\/\/www.psyke.es\/wp-content\/uploads\/facebook_posts\/66181704_2649945451742875_2870269911693787136_n_2649945445076209-2.jpg","type":"image\/jpeg"}],"author":"Tha\u00efs Capella","twitter_card":"summary_large_image","twitter_misc":{"Written by":"Tha\u00efs Capella","Est. reading time":"2 minutes"},"schema":{"@context":"https:\/\/schema.org","@graph":[{"@type":"Article","@id":"https:\/\/www.psyke.es\/en\/el-antidoto-contra-la-critica-yo-podria-ser-tu\/#article","isPartOf":{"@id":"https:\/\/www.psyke.es\/en\/el-antidoto-contra-la-critica-yo-podria-ser-tu\/"},"author":{"name":"Tha\u00efs Capella","@id":"https:\/\/www.psyke.es\/en\/#\/schema\/person\/87774a2e60512484c09407be020d551a"},"headline":"El ant\u00eddoto contra la cr\u00edtica (I): \u201cYO podr\u00eda ser T\u00da\u201d","datePublished":"2019-07-08T09:53:50+00:00","dateModified":"2022-02-21T08:18:50+00:00","mainEntityOfPage":{"@id":"https:\/\/www.psyke.es\/en\/el-antidoto-contra-la-critica-yo-podria-ser-tu\/"},"wordCount":453,"commentCount":0,"image":{"@id":"https:\/\/www.psyke.es\/en\/el-antidoto-contra-la-critica-yo-podria-ser-tu\/#primaryimage"},"thumbnailUrl":"https:\/\/www.psyke.es\/wp-content\/uploads\/facebook_posts\/66181704_2649945451742875_2870269911693787136_n_2649945445076209-2.jpg","articleSection":["Thoughts"],"inLanguage":"en-US","potentialAction":[{"@type":"CommentAction","name":"Comment","target":["https:\/\/www.psyke.es\/en\/el-antidoto-contra-la-critica-yo-podria-ser-tu\/#respond"]}]},{"@type":"WebPage","@id":"https:\/\/www.psyke.es\/en\/el-antidoto-contra-la-critica-yo-podria-ser-tu\/","url":"https:\/\/www.psyke.es\/en\/el-antidoto-contra-la-critica-yo-podria-ser-tu\/","name":"El ant\u00eddoto contra la cr\u00edtica (I): \u201cYO podr\u00eda ser T\u00da\u201d","isPartOf":{"@id":"https:\/\/www.psyke.es\/en\/#website"},"primaryImageOfPage":{"@id":"https:\/\/www.psyke.es\/en\/el-antidoto-contra-la-critica-yo-podria-ser-tu\/#primaryimage"},"image":{"@id":"https:\/\/www.psyke.es\/en\/el-antidoto-contra-la-critica-yo-podria-ser-tu\/#primaryimage"},"thumbnailUrl":"https:\/\/www.psyke.es\/wp-content\/uploads\/facebook_posts\/66181704_2649945451742875_2870269911693787136_n_2649945445076209-2.jpg","datePublished":"2019-07-08T09:53:50+00:00","dateModified":"2022-02-21T08:18:50+00:00","author":{"@id":"https:\/\/www.psyke.es\/en\/#\/schema\/person\/87774a2e60512484c09407be020d551a"},"description":"Muchos no somos capaces de darnos cuenta de que las personas hacemos -dadas nuestras circunstancias- lo que podemos.","breadcrumb":{"@id":"https:\/\/www.psyke.es\/en\/el-antidoto-contra-la-critica-yo-podria-ser-tu\/#breadcrumb"},"inLanguage":"en-US","potentialAction":[{"@type":"ReadAction","target":["https:\/\/www.psyke.es\/en\/el-antidoto-contra-la-critica-yo-podria-ser-tu\/"]}]},{"@type":"ImageObject","inLanguage":"en-US","@id":"https:\/\/www.psyke.es\/en\/el-antidoto-contra-la-critica-yo-podria-ser-tu\/#primaryimage","url":"https:\/\/www.psyke.es\/wp-content\/uploads\/facebook_posts\/66181704_2649945451742875_2870269911693787136_n_2649945445076209-2.jpg","contentUrl":"https:\/\/www.psyke.es\/wp-content\/uploads\/facebook_posts\/66181704_2649945451742875_2870269911693787136_n_2649945445076209-2.jpg","width":495,"height":500},{"@type":"BreadcrumbList","@id":"https:\/\/www.psyke.es\/en\/el-antidoto-contra-la-critica-yo-podria-ser-tu\/#breadcrumb","itemListElement":[{"@type":"ListItem","position":1,"name":"Portada","item":"https:\/\/www.psyke.es\/en\/"},{"@type":"ListItem","position":2,"name":"El ant\u00eddoto contra la cr\u00edtica (I): \u201cYO podr\u00eda ser T\u00da\u201d"}]},{"@type":"WebSite","@id":"https:\/\/www.psyke.es\/en\/#website","url":"https:\/\/www.psyke.es\/en\/","name":"Psyke","description":"Centro de Psicolog\u00eda","potentialAction":[{"@type":"SearchAction","target":{"@type":"EntryPoint","urlTemplate":"https:\/\/www.psyke.es\/en\/?s={search_term_string}"},"query-input":{"@type":"PropertyValueSpecification","valueRequired":true,"valueName":"search_term_string"}}],"inLanguage":"en-US"},{"@type":"Person","@id":"https:\/\/www.psyke.es\/en\/#\/schema\/person\/87774a2e60512484c09407be020d551a","name":"Tha\u00efs Capella","image":{"@type":"ImageObject","inLanguage":"en-US","@id":"https:\/\/secure.gravatar.com\/avatar\/71847c79c196fcb2761a3960e77f33ed0e684732f3145d9b4af037b8ed17c94c?s=96&d=mm&r=g","url":"https:\/\/secure.gravatar.com\/avatar\/71847c79c196fcb2761a3960e77f33ed0e684732f3145d9b4af037b8ed17c94c?s=96&d=mm&r=g","contentUrl":"https:\/\/secure.gravatar.com\/avatar\/71847c79c196fcb2761a3960e77f33ed0e684732f3145d9b4af037b8ed17c94c?s=96&d=mm&r=g","caption":"Tha\u00efs Capella"},"sameAs":["http:\/\/psyke.es"]}]}},"post_mailing_queue_ids":[],"_links":{"self":[{"href":"https:\/\/www.psyke.es\/en\/wp-json\/wp\/v2\/posts\/7175","targetHints":{"allow":["GET"]}}],"collection":[{"href":"https:\/\/www.psyke.es\/en\/wp-json\/wp\/v2\/posts"}],"about":[{"href":"https:\/\/www.psyke.es\/en\/wp-json\/wp\/v2\/types\/post"}],"author":[{"embeddable":true,"href":"https:\/\/www.psyke.es\/en\/wp-json\/wp\/v2\/users\/3"}],"replies":[{"embeddable":true,"href":"https:\/\/www.psyke.es\/en\/wp-json\/wp\/v2\/comments?post=7175"}],"version-history":[{"count":0,"href":"https:\/\/www.psyke.es\/en\/wp-json\/wp\/v2\/posts\/7175\/revisions"}],"wp:featuredmedia":[{"embeddable":true,"href":"https:\/\/www.psyke.es\/en\/wp-json\/wp\/v2\/media\/5773"}],"wp:attachment":[{"href":"https:\/\/www.psyke.es\/en\/wp-json\/wp\/v2\/media?parent=7175"}],"wp:term":[{"taxonomy":"category","embeddable":true,"href":"https:\/\/www.psyke.es\/en\/wp-json\/wp\/v2\/categories?post=7175"},{"taxonomy":"post_tag","embeddable":true,"href":"https:\/\/www.psyke.es\/en\/wp-json\/wp\/v2\/tags?post=7175"}],"curies":[{"name":"wp","href":"https:\/\/api.w.org\/{rel}","templated":true}]}}