{"id":7187,"date":"2019-06-03T17:28:46","date_gmt":"2019-06-03T17:28:46","guid":{"rendered":"https:\/\/www.psyke.es\/el-cuerpo-lleva-la-cuenta\/"},"modified":"2022-02-21T10:25:37","modified_gmt":"2022-02-21T08:25:37","slug":"el-cuerpo-lleva-la-cuenta","status":"publish","type":"post","link":"https:\/\/www.psyke.es\/en\/el-cuerpo-lleva-la-cuenta\/","title":{"rendered":"el cuerpo lleva la cuenta"},"content":{"rendered":"<p>As\u00ed titula su libro el Doctor Bessel Van der Kolk, especialista en Estr\u00e9s Post Traum\u00e1tico (TEP), para concienciarnos de que el cuerpo es nuestro almac\u00e9n experiencial que necesita ser escuchado, atendido y liberado.<\/p>\n<p>Las experiencias dolorosas y sobre todo las traum\u00e1ticas, pueden provocar la desconexi\u00f3n mente-cuerpo a modo de protecci\u00f3n, lo que impacta muy negativamente en la persona que la sufren y en las personas cercanas que la mayor\u00eda de veces no les comprenden.<\/p>\n<p>Esta disociaci\u00f3n del cuerpo es una respuesta adaptativa al trauma. Sin embargo, el estado de hipervigilancia en el que se instalan estas personas que suelen estar permanentemente preocupadas por temor a que se vuelva a repetir, hace que reaccionen ante est\u00edmulos menores y revivan con angustia las emociones del episodio traum\u00e1tico.<\/p>\n<p>Tanto para las personas que hayan sufrido situaciones traum\u00e1ticas, como las que no, hay cada vez mayor evidencia emp\u00edrica de lo saludable que resulta aprender a escuchar nuestro cuerpo: alberga mucha m\u00e1s sabidur\u00eda que nuestra mente intelectual que va de \u2018sabelotodo\u2019 y muchas veces no tiene ni idea\u2026.<\/p>\n<p>Podemos ampliar nuestra conciencia corporal a trav\u00e9s de la Meditaci\u00f3n de Exploraci\u00f3n Corporal propuesta en las pr\u00e1cticas habituales de Mindfulness. El Programa de Reducci\u00f3n de Estr\u00e9s Basado en Mindfulness (MBSR) es una de las intervenciones complementarias y alternativas reconocidas por el Instituto Nacional de Salud (NIH) de EEUU, dentro de la denominada Medicina Mente-Cuerpo.<\/p>\n<p>\u201cPara las personas que reviven el trauma, nada tiene sentido; est\u00e1n atrapadas en situaciones de vida o muerte, en estados de miedo paralizante o rabia ciega. La mente y el cuerpo est\u00e1n constantemente activados, como si estuvieran en peligro inminente. Se sobresaltan en respuesta a los ruidos m\u00e1s leves y se sienten frustrados por peque\u00f1as irritaciones (\u2026). La competencia y gesti\u00f3n necesaria comienza con lo que los cient\u00edficos llaman interocepci\u00f3n: la conciencia de nuestros sentimientos sensoriales y corporales sutiles. A mayor conciencia, mayor potencial para gestionar nuestras vidas. Saber lo que sentimos es el primer paso para saber por qu\u00e9 nos sentimos as\u00ed\u201d.<\/p>\n<p>Extracto del libro \u201cThe Body Keeps the Score\u201d de Bessel Van der Kolk<br \/>\nIlustraci\u00f3n de \u201cThe Little Golden Book of Words\u201d\u201d, de Mitchell Wilson<br \/>\nSugerencia: Meditaci\u00f3n n\u00ba 2: \u201cMeditaci\u00f3n de la Exploraci\u00f3n Corporal\u201d \u201d. Esta meditaci\u00f3n activa la coherencia mente-cuerpo. Sirve para aumentar nuestra sensibilidad a las se\u00f1ales de nuestro cuerpo, donde se expresan nuestras emociones y se guarda memoria vivencial. Fomenta la concentraci\u00f3n, la estabilidad y ayuda a calmar la mente.<\/p>\n","protected":false},"excerpt":{"rendered":"<p>As\u00ed titula su libro el Doctor Bessel Van der Kolk, especialista en Estr\u00e9s Post Traum\u00e1tico (TEP), para concienciarnos de que el cuerpo es nuestro almac\u00e9n experiencial que necesita ser escuchado, atendido y liberado. Las experiencias dolorosas y sobre todo las traum\u00e1ticas, pueden provocar la desconexi\u00f3n mente-cuerpo a modo de protecci\u00f3n, lo que impacta muy negativamente [&#8230;]<\/p>\n<p><a class=\"btn btn-secondary understrap-read-more-link\" href=\"https:\/\/www.psyke.es\/en\/el-cuerpo-lleva-la-cuenta\/\">Read More&#8230;<span class=\"screen-reader-text\"> from el cuerpo lleva la cuenta<\/span><\/a><\/p>\n","protected":false},"author":3,"featured_media":5778,"comment_status":"open","ping_status":"open","sticky":false,"template":"","format":"standard","meta":{"footnotes":""},"categories":[84],"tags":[],"class_list":["post-7187","post","type-post","status-publish","format-standard","has-post-thumbnail","hentry","category-therapeutic-reflections-anxiety-stress"],"yoast_head":"<!-- This site is optimized with the Yoast SEO plugin v27.4 - https:\/\/yoast.com\/product\/yoast-seo-wordpress\/ -->\n<title>el cuerpo lleva la cuenta<\/title>\n<meta name=\"description\" content=\"As\u00ed titula su libro el Doctor Bessel Van der Kolk, para concienciarnos de que el cuerpo es nuestro almac\u00e9n experiencial.\" \/>\n<meta name=\"robots\" content=\"index, follow, max-snippet:-1, max-image-preview:large, max-video-preview:-1\" \/>\n<link rel=\"canonical\" href=\"https:\/\/www.psyke.es\/en\/el-cuerpo-lleva-la-cuenta\/\" \/>\n<meta property=\"og:locale\" content=\"en_US\" \/>\n<meta property=\"og:type\" content=\"article\" \/>\n<meta property=\"og:title\" content=\"el cuerpo lleva la cuenta\" \/>\n<meta property=\"og:description\" content=\"As\u00ed titula su libro el Doctor Bessel Van der Kolk, para concienciarnos de que el cuerpo es nuestro almac\u00e9n experiencial.\" \/>\n<meta property=\"og:url\" content=\"https:\/\/www.psyke.es\/en\/el-cuerpo-lleva-la-cuenta\/\" \/>\n<meta property=\"og:site_name\" content=\"Psyke\" \/>\n<meta property=\"article:published_time\" content=\"2019-06-03T17:28:46+00:00\" \/>\n<meta property=\"article:modified_time\" content=\"2022-02-21T08:25:37+00:00\" \/>\n<meta property=\"og:image\" content=\"https:\/\/www.psyke.es\/wp-content\/uploads\/facebook_posts\/61645247_2557567457647342_2535307641366773760_n_2557567450980676-2.jpg\" \/>\n\t<meta property=\"og:image:width\" content=\"620\" \/>\n\t<meta property=\"og:image:height\" content=\"806\" \/>\n\t<meta property=\"og:image:type\" content=\"image\/jpeg\" \/>\n<meta name=\"author\" content=\"Tha\u00efs Capella\" \/>\n<meta name=\"twitter:card\" content=\"summary_large_image\" \/>\n<meta name=\"twitter:label1\" content=\"Written by\" \/>\n\t<meta name=\"twitter:data1\" content=\"Tha\u00efs Capella\" \/>\n\t<meta name=\"twitter:label2\" content=\"Est. reading time\" \/>\n\t<meta name=\"twitter:data2\" content=\"2 minutes\" \/>\n<script type=\"application\/ld+json\" class=\"yoast-schema-graph\">{\"@context\":\"https:\\\/\\\/schema.org\",\"@graph\":[{\"@type\":\"Article\",\"@id\":\"https:\\\/\\\/www.psyke.es\\\/en\\\/el-cuerpo-lleva-la-cuenta\\\/#article\",\"isPartOf\":{\"@id\":\"https:\\\/\\\/www.psyke.es\\\/en\\\/el-cuerpo-lleva-la-cuenta\\\/\"},\"author\":{\"name\":\"Tha\u00efs Capella\",\"@id\":\"https:\\\/\\\/www.psyke.es\\\/en\\\/#\\\/schema\\\/person\\\/87774a2e60512484c09407be020d551a\"},\"headline\":\"el cuerpo lleva la cuenta\",\"datePublished\":\"2019-06-03T17:28:46+00:00\",\"dateModified\":\"2022-02-21T08:25:37+00:00\",\"mainEntityOfPage\":{\"@id\":\"https:\\\/\\\/www.psyke.es\\\/en\\\/el-cuerpo-lleva-la-cuenta\\\/\"},\"wordCount\":438,\"commentCount\":0,\"image\":{\"@id\":\"https:\\\/\\\/www.psyke.es\\\/en\\\/el-cuerpo-lleva-la-cuenta\\\/#primaryimage\"},\"thumbnailUrl\":\"https:\\\/\\\/www.psyke.es\\\/wp-content\\\/uploads\\\/facebook_posts\\\/61645247_2557567457647342_2535307641366773760_n_2557567450980676-2.jpg\",\"articleSection\":[\"Anxiety and stress\"],\"inLanguage\":\"en-US\",\"potentialAction\":[{\"@type\":\"CommentAction\",\"name\":\"Comment\",\"target\":[\"https:\\\/\\\/www.psyke.es\\\/en\\\/el-cuerpo-lleva-la-cuenta\\\/#respond\"]}]},{\"@type\":\"WebPage\",\"@id\":\"https:\\\/\\\/www.psyke.es\\\/en\\\/el-cuerpo-lleva-la-cuenta\\\/\",\"url\":\"https:\\\/\\\/www.psyke.es\\\/en\\\/el-cuerpo-lleva-la-cuenta\\\/\",\"name\":\"el cuerpo lleva la cuenta\",\"isPartOf\":{\"@id\":\"https:\\\/\\\/www.psyke.es\\\/en\\\/#website\"},\"primaryImageOfPage\":{\"@id\":\"https:\\\/\\\/www.psyke.es\\\/en\\\/el-cuerpo-lleva-la-cuenta\\\/#primaryimage\"},\"image\":{\"@id\":\"https:\\\/\\\/www.psyke.es\\\/en\\\/el-cuerpo-lleva-la-cuenta\\\/#primaryimage\"},\"thumbnailUrl\":\"https:\\\/\\\/www.psyke.es\\\/wp-content\\\/uploads\\\/facebook_posts\\\/61645247_2557567457647342_2535307641366773760_n_2557567450980676-2.jpg\",\"datePublished\":\"2019-06-03T17:28:46+00:00\",\"dateModified\":\"2022-02-21T08:25:37+00:00\",\"author\":{\"@id\":\"https:\\\/\\\/www.psyke.es\\\/en\\\/#\\\/schema\\\/person\\\/87774a2e60512484c09407be020d551a\"},\"description\":\"As\u00ed titula su libro el Doctor Bessel Van der Kolk, para concienciarnos de que el cuerpo es nuestro almac\u00e9n experiencial.\",\"breadcrumb\":{\"@id\":\"https:\\\/\\\/www.psyke.es\\\/en\\\/el-cuerpo-lleva-la-cuenta\\\/#breadcrumb\"},\"inLanguage\":\"en-US\",\"potentialAction\":[{\"@type\":\"ReadAction\",\"target\":[\"https:\\\/\\\/www.psyke.es\\\/en\\\/el-cuerpo-lleva-la-cuenta\\\/\"]}]},{\"@type\":\"ImageObject\",\"inLanguage\":\"en-US\",\"@id\":\"https:\\\/\\\/www.psyke.es\\\/en\\\/el-cuerpo-lleva-la-cuenta\\\/#primaryimage\",\"url\":\"https:\\\/\\\/www.psyke.es\\\/wp-content\\\/uploads\\\/facebook_posts\\\/61645247_2557567457647342_2535307641366773760_n_2557567450980676-2.jpg\",\"contentUrl\":\"https:\\\/\\\/www.psyke.es\\\/wp-content\\\/uploads\\\/facebook_posts\\\/61645247_2557567457647342_2535307641366773760_n_2557567450980676-2.jpg\",\"width\":620,\"height\":806},{\"@type\":\"BreadcrumbList\",\"@id\":\"https:\\\/\\\/www.psyke.es\\\/en\\\/el-cuerpo-lleva-la-cuenta\\\/#breadcrumb\",\"itemListElement\":[{\"@type\":\"ListItem\",\"position\":1,\"name\":\"Portada\",\"item\":\"https:\\\/\\\/www.psyke.es\\\/en\\\/\"},{\"@type\":\"ListItem\",\"position\":2,\"name\":\"el cuerpo lleva la cuenta\"}]},{\"@type\":\"WebSite\",\"@id\":\"https:\\\/\\\/www.psyke.es\\\/en\\\/#website\",\"url\":\"https:\\\/\\\/www.psyke.es\\\/en\\\/\",\"name\":\"Psyke\",\"description\":\"Centro de Psicolog\u00eda\",\"potentialAction\":[{\"@type\":\"SearchAction\",\"target\":{\"@type\":\"EntryPoint\",\"urlTemplate\":\"https:\\\/\\\/www.psyke.es\\\/en\\\/?s={search_term_string}\"},\"query-input\":{\"@type\":\"PropertyValueSpecification\",\"valueRequired\":true,\"valueName\":\"search_term_string\"}}],\"inLanguage\":\"en-US\"},{\"@type\":\"Person\",\"@id\":\"https:\\\/\\\/www.psyke.es\\\/en\\\/#\\\/schema\\\/person\\\/87774a2e60512484c09407be020d551a\",\"name\":\"Tha\u00efs Capella\",\"image\":{\"@type\":\"ImageObject\",\"inLanguage\":\"en-US\",\"@id\":\"https:\\\/\\\/secure.gravatar.com\\\/avatar\\\/71847c79c196fcb2761a3960e77f33ed0e684732f3145d9b4af037b8ed17c94c?s=96&d=mm&r=g\",\"url\":\"https:\\\/\\\/secure.gravatar.com\\\/avatar\\\/71847c79c196fcb2761a3960e77f33ed0e684732f3145d9b4af037b8ed17c94c?s=96&d=mm&r=g\",\"contentUrl\":\"https:\\\/\\\/secure.gravatar.com\\\/avatar\\\/71847c79c196fcb2761a3960e77f33ed0e684732f3145d9b4af037b8ed17c94c?s=96&d=mm&r=g\",\"caption\":\"Tha\u00efs Capella\"},\"sameAs\":[\"http:\\\/\\\/psyke.es\"]}]}<\/script>\n<!-- \/ Yoast SEO plugin. -->","yoast_head_json":{"title":"el cuerpo lleva la cuenta","description":"As\u00ed titula su libro el Doctor Bessel Van der Kolk, para concienciarnos de que el cuerpo es nuestro almac\u00e9n experiencial.","robots":{"index":"index","follow":"follow","max-snippet":"max-snippet:-1","max-image-preview":"max-image-preview:large","max-video-preview":"max-video-preview:-1"},"canonical":"https:\/\/www.psyke.es\/en\/el-cuerpo-lleva-la-cuenta\/","og_locale":"en_US","og_type":"article","og_title":"el cuerpo lleva la cuenta","og_description":"As\u00ed titula su libro el Doctor Bessel Van der Kolk, para concienciarnos de que el cuerpo es nuestro almac\u00e9n experiencial.","og_url":"https:\/\/www.psyke.es\/en\/el-cuerpo-lleva-la-cuenta\/","og_site_name":"Psyke","article_published_time":"2019-06-03T17:28:46+00:00","article_modified_time":"2022-02-21T08:25:37+00:00","og_image":[{"width":620,"height":806,"url":"https:\/\/www.psyke.es\/wp-content\/uploads\/facebook_posts\/61645247_2557567457647342_2535307641366773760_n_2557567450980676-2.jpg","type":"image\/jpeg"}],"author":"Tha\u00efs Capella","twitter_card":"summary_large_image","twitter_misc":{"Written by":"Tha\u00efs Capella","Est. reading time":"2 minutes"},"schema":{"@context":"https:\/\/schema.org","@graph":[{"@type":"Article","@id":"https:\/\/www.psyke.es\/en\/el-cuerpo-lleva-la-cuenta\/#article","isPartOf":{"@id":"https:\/\/www.psyke.es\/en\/el-cuerpo-lleva-la-cuenta\/"},"author":{"name":"Tha\u00efs Capella","@id":"https:\/\/www.psyke.es\/en\/#\/schema\/person\/87774a2e60512484c09407be020d551a"},"headline":"el cuerpo lleva la cuenta","datePublished":"2019-06-03T17:28:46+00:00","dateModified":"2022-02-21T08:25:37+00:00","mainEntityOfPage":{"@id":"https:\/\/www.psyke.es\/en\/el-cuerpo-lleva-la-cuenta\/"},"wordCount":438,"commentCount":0,"image":{"@id":"https:\/\/www.psyke.es\/en\/el-cuerpo-lleva-la-cuenta\/#primaryimage"},"thumbnailUrl":"https:\/\/www.psyke.es\/wp-content\/uploads\/facebook_posts\/61645247_2557567457647342_2535307641366773760_n_2557567450980676-2.jpg","articleSection":["Anxiety and stress"],"inLanguage":"en-US","potentialAction":[{"@type":"CommentAction","name":"Comment","target":["https:\/\/www.psyke.es\/en\/el-cuerpo-lleva-la-cuenta\/#respond"]}]},{"@type":"WebPage","@id":"https:\/\/www.psyke.es\/en\/el-cuerpo-lleva-la-cuenta\/","url":"https:\/\/www.psyke.es\/en\/el-cuerpo-lleva-la-cuenta\/","name":"el cuerpo lleva la cuenta","isPartOf":{"@id":"https:\/\/www.psyke.es\/en\/#website"},"primaryImageOfPage":{"@id":"https:\/\/www.psyke.es\/en\/el-cuerpo-lleva-la-cuenta\/#primaryimage"},"image":{"@id":"https:\/\/www.psyke.es\/en\/el-cuerpo-lleva-la-cuenta\/#primaryimage"},"thumbnailUrl":"https:\/\/www.psyke.es\/wp-content\/uploads\/facebook_posts\/61645247_2557567457647342_2535307641366773760_n_2557567450980676-2.jpg","datePublished":"2019-06-03T17:28:46+00:00","dateModified":"2022-02-21T08:25:37+00:00","author":{"@id":"https:\/\/www.psyke.es\/en\/#\/schema\/person\/87774a2e60512484c09407be020d551a"},"description":"As\u00ed titula su libro el Doctor Bessel Van der Kolk, para concienciarnos de que el cuerpo es nuestro almac\u00e9n experiencial.","breadcrumb":{"@id":"https:\/\/www.psyke.es\/en\/el-cuerpo-lleva-la-cuenta\/#breadcrumb"},"inLanguage":"en-US","potentialAction":[{"@type":"ReadAction","target":["https:\/\/www.psyke.es\/en\/el-cuerpo-lleva-la-cuenta\/"]}]},{"@type":"ImageObject","inLanguage":"en-US","@id":"https:\/\/www.psyke.es\/en\/el-cuerpo-lleva-la-cuenta\/#primaryimage","url":"https:\/\/www.psyke.es\/wp-content\/uploads\/facebook_posts\/61645247_2557567457647342_2535307641366773760_n_2557567450980676-2.jpg","contentUrl":"https:\/\/www.psyke.es\/wp-content\/uploads\/facebook_posts\/61645247_2557567457647342_2535307641366773760_n_2557567450980676-2.jpg","width":620,"height":806},{"@type":"BreadcrumbList","@id":"https:\/\/www.psyke.es\/en\/el-cuerpo-lleva-la-cuenta\/#breadcrumb","itemListElement":[{"@type":"ListItem","position":1,"name":"Portada","item":"https:\/\/www.psyke.es\/en\/"},{"@type":"ListItem","position":2,"name":"el cuerpo lleva la cuenta"}]},{"@type":"WebSite","@id":"https:\/\/www.psyke.es\/en\/#website","url":"https:\/\/www.psyke.es\/en\/","name":"Psyke","description":"Centro de Psicolog\u00eda","potentialAction":[{"@type":"SearchAction","target":{"@type":"EntryPoint","urlTemplate":"https:\/\/www.psyke.es\/en\/?s={search_term_string}"},"query-input":{"@type":"PropertyValueSpecification","valueRequired":true,"valueName":"search_term_string"}}],"inLanguage":"en-US"},{"@type":"Person","@id":"https:\/\/www.psyke.es\/en\/#\/schema\/person\/87774a2e60512484c09407be020d551a","name":"Tha\u00efs Capella","image":{"@type":"ImageObject","inLanguage":"en-US","@id":"https:\/\/secure.gravatar.com\/avatar\/71847c79c196fcb2761a3960e77f33ed0e684732f3145d9b4af037b8ed17c94c?s=96&d=mm&r=g","url":"https:\/\/secure.gravatar.com\/avatar\/71847c79c196fcb2761a3960e77f33ed0e684732f3145d9b4af037b8ed17c94c?s=96&d=mm&r=g","contentUrl":"https:\/\/secure.gravatar.com\/avatar\/71847c79c196fcb2761a3960e77f33ed0e684732f3145d9b4af037b8ed17c94c?s=96&d=mm&r=g","caption":"Tha\u00efs Capella"},"sameAs":["http:\/\/psyke.es"]}]}},"post_mailing_queue_ids":[],"_links":{"self":[{"href":"https:\/\/www.psyke.es\/en\/wp-json\/wp\/v2\/posts\/7187","targetHints":{"allow":["GET"]}}],"collection":[{"href":"https:\/\/www.psyke.es\/en\/wp-json\/wp\/v2\/posts"}],"about":[{"href":"https:\/\/www.psyke.es\/en\/wp-json\/wp\/v2\/types\/post"}],"author":[{"embeddable":true,"href":"https:\/\/www.psyke.es\/en\/wp-json\/wp\/v2\/users\/3"}],"replies":[{"embeddable":true,"href":"https:\/\/www.psyke.es\/en\/wp-json\/wp\/v2\/comments?post=7187"}],"version-history":[{"count":0,"href":"https:\/\/www.psyke.es\/en\/wp-json\/wp\/v2\/posts\/7187\/revisions"}],"wp:featuredmedia":[{"embeddable":true,"href":"https:\/\/www.psyke.es\/en\/wp-json\/wp\/v2\/media\/5778"}],"wp:attachment":[{"href":"https:\/\/www.psyke.es\/en\/wp-json\/wp\/v2\/media?parent=7187"}],"wp:term":[{"taxonomy":"category","embeddable":true,"href":"https:\/\/www.psyke.es\/en\/wp-json\/wp\/v2\/categories?post=7187"},{"taxonomy":"post_tag","embeddable":true,"href":"https:\/\/www.psyke.es\/en\/wp-json\/wp\/v2\/tags?post=7187"}],"curies":[{"name":"wp","href":"https:\/\/api.w.org\/{rel}","templated":true}]}}