{"id":7196,"date":"2019-05-13T15:44:19","date_gmt":"2019-05-13T15:44:19","guid":{"rendered":"https:\/\/www.psyke.es\/el-mundo-se-divide-entre-dos-tipos-de-individuos-los-condicionados-y-los-no-condicionados\/"},"modified":"2022-02-21T10:30:41","modified_gmt":"2022-02-21T08:30:41","slug":"el-mundo-se-divide-entre-dos-tipos-de-individuos-los-condicionados-y-los-no-condicionados","status":"publish","type":"post","link":"https:\/\/www.psyke.es\/en\/el-mundo-se-divide-entre-dos-tipos-de-individuos-los-condicionados-y-los-no-condicionados\/","title":{"rendered":"\u201cEl mundo se divide entre dos tipos de individuos: los condicionados y los no-condicionados\u201d -Dhiravamsa"},"content":{"rendered":"<p>Simplificamos esta divisi\u00f3n (atribuida al mismo Buda), entre personas \u201cdormidas\u201d y \u201cdespiertas\u201d. Las personas dormidas no saben despegarse de la voz interna que todos tenemos y que est\u00e1 completamente condicionada por nuestro pasado, educaci\u00f3n, cultura y factores personales. Esta vocecita nos transmite una realidad siempre distorsionada por nuestro filtro individual y por nuestro estado an\u00edmico del momento.<\/p>\n<p>El primer paso para poder \u201cdespertar\u201d es a trav\u00e9s de la revelaci\u00f3n espont\u00e1nea e interna (aunque sepamos la teor\u00eda, se necesita una especie de insight) de que nuestra mente no para de hablarnos -la mayor\u00eda de veces innecesariamente- y puede acabar siendo un instrumento de tortura, en lugar de una herramienta \u00fatil, si no nos percatamos.<\/p>\n<p>El sesgo negativo alcanza hasta el 80% de los entre los m\u00e1s o menos 70,000 pensamientos que produce nuestra mente al d\u00eda. Precisamente la pr\u00e1ctica de Mindfulness nos ayuda a abrir un espacio entre YO y MI MENTE y, lo que es igual de importante, entre YO y LA MENTE DEL OTRO (pues nuestra mente bulle al mismo ritmo que lo hace la mente de la persona que tenemos en frente, cada una con sus historias particulares, claro).<\/p>\n<p>Al practicar atenci\u00f3n plena de forma habitual, adquirimos como dos dimensiones de conciencia: una que solo piensa, y otra que se percata del pensamiento continuo y es capaz de observar ese r\u00edo de \u201cformaciones mentales\u201d sin engancharse.<\/p>\n<p>El grado de maestr\u00eda se alcanza cuando somos capaces, adem\u00e1s, de detectar pensamientos repetitivos \u2013negativos- adquiridos muchas veces en nuestra infancia y aprendemos a \u201csoltarlos\u201d para que dejen de amargar nuestra existencia.<\/p>\n<p>\u201cDespertar\u201d, pues, significa darnos cuenta de nuestras elucubraciones mentales condicionadas y soltarnos de sus garras para ser \u201cradicalmente libres\u201d\u2026<\/p>\n<p>\u201cLas eficiencias de la mente adulta, \u00fatiles sin duda, nos ciegan al momento presente. Estamos continuamente saltando a lo siguiente. Nos acercamos a la experiencia como lo hacen los programas de Inteligencia Artificial (IA), con nuestros cerebros traduciendo continuamente los datos del presente con los t\u00e9rminos del pasado, retrocediendo en el tiempo en busca de una experiencia relevante, para usarla y hacer as\u00ed una mejor estimaci\u00f3n para predecir y navegar por el futuro\u2026\u201d<\/p>\n<p>Extracto del libro \u201cC\u00f3mo cambiar tu mente: lo que la nueva Ciencia de Psicod\u00e9licos nos muestra sobre la conciencia, la muerte, la adicci\u00f3n, la depresi\u00f3n y la trascendencia\u201d de Michael Pollan (How to Change Your Mind: What the New Science of Psychedelics Teaches Us About Consciousness, Dying, Addiction, Depression, and Transcendence)<br \/>\nIlustraci\u00f3n de Rebecca Green para el libro \u201cC\u00f3mo ser una buena criatura\u201d, de Sy Montgomery (How to be a good creature)<br \/>\nSugerencia: Meditaci\u00f3n n\u00ba 5: \u201cMonitoreo abierto: Conscientes de ser conscientes\u201d para cultivar la amabilidad, apertura y aceptaci\u00f3n ante todo lo que aparece en nuestra consciencia como observadores imparciales de la experiencia, sin etiquetar y sin contarnos historias sobre lo que experimentemos.<\/p>\n","protected":false},"excerpt":{"rendered":"<p>Simplificamos esta divisi\u00f3n (atribuida al mismo Buda), entre personas \u201cdormidas\u201d y \u201cdespiertas\u201d. Las personas dormidas no saben despegarse de la voz interna que todos tenemos y que est\u00e1 completamente condicionada por nuestro pasado, educaci\u00f3n, cultura y factores personales. Esta vocecita nos transmite una realidad siempre distorsionada por nuestro filtro individual y por nuestro estado an\u00edmico [&#8230;]<\/p>\n<p><a class=\"btn btn-secondary understrap-read-more-link\" href=\"https:\/\/www.psyke.es\/en\/el-mundo-se-divide-entre-dos-tipos-de-individuos-los-condicionados-y-los-no-condicionados\/\">Read More&#8230;<span class=\"screen-reader-text\"> from \u201cEl mundo se divide entre dos tipos de individuos: los condicionados y los no-condicionados\u201d -Dhiravamsa<\/span><\/a><\/p>\n","protected":false},"author":3,"featured_media":5781,"comment_status":"open","ping_status":"open","sticky":false,"template":"","format":"standard","meta":{"footnotes":""},"categories":[80],"tags":[],"class_list":["post-7196","post","type-post","status-publish","format-standard","has-post-thumbnail","hentry","category-therapeutic-reflections-thoughts"],"yoast_head":"<!-- This site is optimized with the Yoast SEO plugin v27.4 - https:\/\/yoast.com\/product\/yoast-seo-wordpress\/ -->\n<title>\u201cEl mundo se divide entre dos tipos de individuos: los condicionados y los no-condicionados\u201d -Dhiravamsa<\/title>\n<meta name=\"description\" content=\"Simplificamos la divisi\u00f3n de condicionados y no-condicionados (atribuida al mismo Buda), entre personas \u201cdormidas\u201d y \u201cdespiertas\u201d\" \/>\n<meta name=\"robots\" content=\"index, follow, max-snippet:-1, max-image-preview:large, max-video-preview:-1\" \/>\n<link rel=\"canonical\" href=\"https:\/\/www.psyke.es\/en\/el-mundo-se-divide-entre-dos-tipos-de-individuos-los-condicionados-y-los-no-condicionados\/\" \/>\n<meta property=\"og:locale\" content=\"en_US\" \/>\n<meta property=\"og:type\" content=\"article\" \/>\n<meta property=\"og:title\" content=\"\u201cEl mundo se divide entre dos tipos de individuos: los condicionados y los no-condicionados\u201d -Dhiravamsa\" \/>\n<meta property=\"og:description\" content=\"Simplificamos la divisi\u00f3n de condicionados y no-condicionados (atribuida al mismo Buda), entre personas \u201cdormidas\u201d y \u201cdespiertas\u201d\" \/>\n<meta property=\"og:url\" content=\"https:\/\/www.psyke.es\/en\/el-mundo-se-divide-entre-dos-tipos-de-individuos-los-condicionados-y-los-no-condicionados\/\" \/>\n<meta property=\"og:site_name\" content=\"Psyke\" \/>\n<meta property=\"article:published_time\" content=\"2019-05-13T15:44:19+00:00\" \/>\n<meta property=\"article:modified_time\" content=\"2022-02-21T08:30:41+00:00\" \/>\n<meta property=\"og:image\" content=\"https:\/\/www.psyke.es\/wp-content\/uploads\/facebook_posts\/60549559_2505671009503654_4703150722840002560_n_2505671006170321-1.jpg\" \/>\n\t<meta property=\"og:image:width\" content=\"768\" \/>\n\t<meta property=\"og:image:height\" content=\"997\" \/>\n\t<meta property=\"og:image:type\" content=\"image\/jpeg\" \/>\n<meta name=\"author\" content=\"Tha\u00efs Capella\" \/>\n<meta name=\"twitter:card\" content=\"summary_large_image\" \/>\n<meta name=\"twitter:label1\" content=\"Written by\" \/>\n\t<meta name=\"twitter:data1\" content=\"Tha\u00efs Capella\" \/>\n\t<meta name=\"twitter:label2\" content=\"Est. reading time\" \/>\n\t<meta name=\"twitter:data2\" content=\"3 minutes\" \/>\n<script type=\"application\/ld+json\" class=\"yoast-schema-graph\">{\"@context\":\"https:\\\/\\\/schema.org\",\"@graph\":[{\"@type\":\"Article\",\"@id\":\"https:\\\/\\\/www.psyke.es\\\/en\\\/el-mundo-se-divide-entre-dos-tipos-de-individuos-los-condicionados-y-los-no-condicionados\\\/#article\",\"isPartOf\":{\"@id\":\"https:\\\/\\\/www.psyke.es\\\/en\\\/el-mundo-se-divide-entre-dos-tipos-de-individuos-los-condicionados-y-los-no-condicionados\\\/\"},\"author\":{\"name\":\"Tha\u00efs Capella\",\"@id\":\"https:\\\/\\\/www.psyke.es\\\/en\\\/#\\\/schema\\\/person\\\/87774a2e60512484c09407be020d551a\"},\"headline\":\"\u201cEl mundo se divide entre dos tipos de individuos: los condicionados y los no-condicionados\u201d -Dhiravamsa\",\"datePublished\":\"2019-05-13T15:44:19+00:00\",\"dateModified\":\"2022-02-21T08:30:41+00:00\",\"mainEntityOfPage\":{\"@id\":\"https:\\\/\\\/www.psyke.es\\\/en\\\/el-mundo-se-divide-entre-dos-tipos-de-individuos-los-condicionados-y-los-no-condicionados\\\/\"},\"wordCount\":502,\"commentCount\":0,\"image\":{\"@id\":\"https:\\\/\\\/www.psyke.es\\\/en\\\/el-mundo-se-divide-entre-dos-tipos-de-individuos-los-condicionados-y-los-no-condicionados\\\/#primaryimage\"},\"thumbnailUrl\":\"https:\\\/\\\/www.psyke.es\\\/wp-content\\\/uploads\\\/facebook_posts\\\/60549559_2505671009503654_4703150722840002560_n_2505671006170321-1.jpg\",\"articleSection\":[\"Thoughts\"],\"inLanguage\":\"en-US\",\"potentialAction\":[{\"@type\":\"CommentAction\",\"name\":\"Comment\",\"target\":[\"https:\\\/\\\/www.psyke.es\\\/en\\\/el-mundo-se-divide-entre-dos-tipos-de-individuos-los-condicionados-y-los-no-condicionados\\\/#respond\"]}]},{\"@type\":\"WebPage\",\"@id\":\"https:\\\/\\\/www.psyke.es\\\/en\\\/el-mundo-se-divide-entre-dos-tipos-de-individuos-los-condicionados-y-los-no-condicionados\\\/\",\"url\":\"https:\\\/\\\/www.psyke.es\\\/en\\\/el-mundo-se-divide-entre-dos-tipos-de-individuos-los-condicionados-y-los-no-condicionados\\\/\",\"name\":\"\u201cEl mundo se divide entre dos tipos de individuos: los condicionados y los no-condicionados\u201d -Dhiravamsa\",\"isPartOf\":{\"@id\":\"https:\\\/\\\/www.psyke.es\\\/en\\\/#website\"},\"primaryImageOfPage\":{\"@id\":\"https:\\\/\\\/www.psyke.es\\\/en\\\/el-mundo-se-divide-entre-dos-tipos-de-individuos-los-condicionados-y-los-no-condicionados\\\/#primaryimage\"},\"image\":{\"@id\":\"https:\\\/\\\/www.psyke.es\\\/en\\\/el-mundo-se-divide-entre-dos-tipos-de-individuos-los-condicionados-y-los-no-condicionados\\\/#primaryimage\"},\"thumbnailUrl\":\"https:\\\/\\\/www.psyke.es\\\/wp-content\\\/uploads\\\/facebook_posts\\\/60549559_2505671009503654_4703150722840002560_n_2505671006170321-1.jpg\",\"datePublished\":\"2019-05-13T15:44:19+00:00\",\"dateModified\":\"2022-02-21T08:30:41+00:00\",\"author\":{\"@id\":\"https:\\\/\\\/www.psyke.es\\\/en\\\/#\\\/schema\\\/person\\\/87774a2e60512484c09407be020d551a\"},\"description\":\"Simplificamos la divisi\u00f3n de condicionados y no-condicionados (atribuida al mismo Buda), entre personas \u201cdormidas\u201d y \u201cdespiertas\u201d\",\"breadcrumb\":{\"@id\":\"https:\\\/\\\/www.psyke.es\\\/en\\\/el-mundo-se-divide-entre-dos-tipos-de-individuos-los-condicionados-y-los-no-condicionados\\\/#breadcrumb\"},\"inLanguage\":\"en-US\",\"potentialAction\":[{\"@type\":\"ReadAction\",\"target\":[\"https:\\\/\\\/www.psyke.es\\\/en\\\/el-mundo-se-divide-entre-dos-tipos-de-individuos-los-condicionados-y-los-no-condicionados\\\/\"]}]},{\"@type\":\"ImageObject\",\"inLanguage\":\"en-US\",\"@id\":\"https:\\\/\\\/www.psyke.es\\\/en\\\/el-mundo-se-divide-entre-dos-tipos-de-individuos-los-condicionados-y-los-no-condicionados\\\/#primaryimage\",\"url\":\"https:\\\/\\\/www.psyke.es\\\/wp-content\\\/uploads\\\/facebook_posts\\\/60549559_2505671009503654_4703150722840002560_n_2505671006170321-1.jpg\",\"contentUrl\":\"https:\\\/\\\/www.psyke.es\\\/wp-content\\\/uploads\\\/facebook_posts\\\/60549559_2505671009503654_4703150722840002560_n_2505671006170321-1.jpg\",\"width\":768,\"height\":997},{\"@type\":\"BreadcrumbList\",\"@id\":\"https:\\\/\\\/www.psyke.es\\\/en\\\/el-mundo-se-divide-entre-dos-tipos-de-individuos-los-condicionados-y-los-no-condicionados\\\/#breadcrumb\",\"itemListElement\":[{\"@type\":\"ListItem\",\"position\":1,\"name\":\"Portada\",\"item\":\"https:\\\/\\\/www.psyke.es\\\/en\\\/\"},{\"@type\":\"ListItem\",\"position\":2,\"name\":\"\u201cEl mundo se divide entre dos tipos de individuos: los condicionados y los no-condicionados\u201d -Dhiravamsa\"}]},{\"@type\":\"WebSite\",\"@id\":\"https:\\\/\\\/www.psyke.es\\\/en\\\/#website\",\"url\":\"https:\\\/\\\/www.psyke.es\\\/en\\\/\",\"name\":\"Psyke\",\"description\":\"Centro de Psicolog\u00eda\",\"potentialAction\":[{\"@type\":\"SearchAction\",\"target\":{\"@type\":\"EntryPoint\",\"urlTemplate\":\"https:\\\/\\\/www.psyke.es\\\/en\\\/?s={search_term_string}\"},\"query-input\":{\"@type\":\"PropertyValueSpecification\",\"valueRequired\":true,\"valueName\":\"search_term_string\"}}],\"inLanguage\":\"en-US\"},{\"@type\":\"Person\",\"@id\":\"https:\\\/\\\/www.psyke.es\\\/en\\\/#\\\/schema\\\/person\\\/87774a2e60512484c09407be020d551a\",\"name\":\"Tha\u00efs Capella\",\"image\":{\"@type\":\"ImageObject\",\"inLanguage\":\"en-US\",\"@id\":\"https:\\\/\\\/secure.gravatar.com\\\/avatar\\\/71847c79c196fcb2761a3960e77f33ed0e684732f3145d9b4af037b8ed17c94c?s=96&d=mm&r=g\",\"url\":\"https:\\\/\\\/secure.gravatar.com\\\/avatar\\\/71847c79c196fcb2761a3960e77f33ed0e684732f3145d9b4af037b8ed17c94c?s=96&d=mm&r=g\",\"contentUrl\":\"https:\\\/\\\/secure.gravatar.com\\\/avatar\\\/71847c79c196fcb2761a3960e77f33ed0e684732f3145d9b4af037b8ed17c94c?s=96&d=mm&r=g\",\"caption\":\"Tha\u00efs Capella\"},\"sameAs\":[\"http:\\\/\\\/psyke.es\"]}]}<\/script>\n<!-- \/ Yoast SEO plugin. -->","yoast_head_json":{"title":"\u201cEl mundo se divide entre dos tipos de individuos: los condicionados y los no-condicionados\u201d -Dhiravamsa","description":"Simplificamos la divisi\u00f3n de condicionados y no-condicionados (atribuida al mismo Buda), entre personas \u201cdormidas\u201d y \u201cdespiertas\u201d","robots":{"index":"index","follow":"follow","max-snippet":"max-snippet:-1","max-image-preview":"max-image-preview:large","max-video-preview":"max-video-preview:-1"},"canonical":"https:\/\/www.psyke.es\/en\/el-mundo-se-divide-entre-dos-tipos-de-individuos-los-condicionados-y-los-no-condicionados\/","og_locale":"en_US","og_type":"article","og_title":"\u201cEl mundo se divide entre dos tipos de individuos: los condicionados y los no-condicionados\u201d -Dhiravamsa","og_description":"Simplificamos la divisi\u00f3n de condicionados y no-condicionados (atribuida al mismo Buda), entre personas \u201cdormidas\u201d y \u201cdespiertas\u201d","og_url":"https:\/\/www.psyke.es\/en\/el-mundo-se-divide-entre-dos-tipos-de-individuos-los-condicionados-y-los-no-condicionados\/","og_site_name":"Psyke","article_published_time":"2019-05-13T15:44:19+00:00","article_modified_time":"2022-02-21T08:30:41+00:00","og_image":[{"width":768,"height":997,"url":"https:\/\/www.psyke.es\/wp-content\/uploads\/facebook_posts\/60549559_2505671009503654_4703150722840002560_n_2505671006170321-1.jpg","type":"image\/jpeg"}],"author":"Tha\u00efs Capella","twitter_card":"summary_large_image","twitter_misc":{"Written by":"Tha\u00efs Capella","Est. reading time":"3 minutes"},"schema":{"@context":"https:\/\/schema.org","@graph":[{"@type":"Article","@id":"https:\/\/www.psyke.es\/en\/el-mundo-se-divide-entre-dos-tipos-de-individuos-los-condicionados-y-los-no-condicionados\/#article","isPartOf":{"@id":"https:\/\/www.psyke.es\/en\/el-mundo-se-divide-entre-dos-tipos-de-individuos-los-condicionados-y-los-no-condicionados\/"},"author":{"name":"Tha\u00efs Capella","@id":"https:\/\/www.psyke.es\/en\/#\/schema\/person\/87774a2e60512484c09407be020d551a"},"headline":"\u201cEl mundo se divide entre dos tipos de individuos: los condicionados y los no-condicionados\u201d -Dhiravamsa","datePublished":"2019-05-13T15:44:19+00:00","dateModified":"2022-02-21T08:30:41+00:00","mainEntityOfPage":{"@id":"https:\/\/www.psyke.es\/en\/el-mundo-se-divide-entre-dos-tipos-de-individuos-los-condicionados-y-los-no-condicionados\/"},"wordCount":502,"commentCount":0,"image":{"@id":"https:\/\/www.psyke.es\/en\/el-mundo-se-divide-entre-dos-tipos-de-individuos-los-condicionados-y-los-no-condicionados\/#primaryimage"},"thumbnailUrl":"https:\/\/www.psyke.es\/wp-content\/uploads\/facebook_posts\/60549559_2505671009503654_4703150722840002560_n_2505671006170321-1.jpg","articleSection":["Thoughts"],"inLanguage":"en-US","potentialAction":[{"@type":"CommentAction","name":"Comment","target":["https:\/\/www.psyke.es\/en\/el-mundo-se-divide-entre-dos-tipos-de-individuos-los-condicionados-y-los-no-condicionados\/#respond"]}]},{"@type":"WebPage","@id":"https:\/\/www.psyke.es\/en\/el-mundo-se-divide-entre-dos-tipos-de-individuos-los-condicionados-y-los-no-condicionados\/","url":"https:\/\/www.psyke.es\/en\/el-mundo-se-divide-entre-dos-tipos-de-individuos-los-condicionados-y-los-no-condicionados\/","name":"\u201cEl mundo se divide entre dos tipos de individuos: los condicionados y los no-condicionados\u201d -Dhiravamsa","isPartOf":{"@id":"https:\/\/www.psyke.es\/en\/#website"},"primaryImageOfPage":{"@id":"https:\/\/www.psyke.es\/en\/el-mundo-se-divide-entre-dos-tipos-de-individuos-los-condicionados-y-los-no-condicionados\/#primaryimage"},"image":{"@id":"https:\/\/www.psyke.es\/en\/el-mundo-se-divide-entre-dos-tipos-de-individuos-los-condicionados-y-los-no-condicionados\/#primaryimage"},"thumbnailUrl":"https:\/\/www.psyke.es\/wp-content\/uploads\/facebook_posts\/60549559_2505671009503654_4703150722840002560_n_2505671006170321-1.jpg","datePublished":"2019-05-13T15:44:19+00:00","dateModified":"2022-02-21T08:30:41+00:00","author":{"@id":"https:\/\/www.psyke.es\/en\/#\/schema\/person\/87774a2e60512484c09407be020d551a"},"description":"Simplificamos la divisi\u00f3n de condicionados y no-condicionados (atribuida al mismo Buda), entre personas \u201cdormidas\u201d y \u201cdespiertas\u201d","breadcrumb":{"@id":"https:\/\/www.psyke.es\/en\/el-mundo-se-divide-entre-dos-tipos-de-individuos-los-condicionados-y-los-no-condicionados\/#breadcrumb"},"inLanguage":"en-US","potentialAction":[{"@type":"ReadAction","target":["https:\/\/www.psyke.es\/en\/el-mundo-se-divide-entre-dos-tipos-de-individuos-los-condicionados-y-los-no-condicionados\/"]}]},{"@type":"ImageObject","inLanguage":"en-US","@id":"https:\/\/www.psyke.es\/en\/el-mundo-se-divide-entre-dos-tipos-de-individuos-los-condicionados-y-los-no-condicionados\/#primaryimage","url":"https:\/\/www.psyke.es\/wp-content\/uploads\/facebook_posts\/60549559_2505671009503654_4703150722840002560_n_2505671006170321-1.jpg","contentUrl":"https:\/\/www.psyke.es\/wp-content\/uploads\/facebook_posts\/60549559_2505671009503654_4703150722840002560_n_2505671006170321-1.jpg","width":768,"height":997},{"@type":"BreadcrumbList","@id":"https:\/\/www.psyke.es\/en\/el-mundo-se-divide-entre-dos-tipos-de-individuos-los-condicionados-y-los-no-condicionados\/#breadcrumb","itemListElement":[{"@type":"ListItem","position":1,"name":"Portada","item":"https:\/\/www.psyke.es\/en\/"},{"@type":"ListItem","position":2,"name":"\u201cEl mundo se divide entre dos tipos de individuos: los condicionados y los no-condicionados\u201d -Dhiravamsa"}]},{"@type":"WebSite","@id":"https:\/\/www.psyke.es\/en\/#website","url":"https:\/\/www.psyke.es\/en\/","name":"Psyke","description":"Centro de Psicolog\u00eda","potentialAction":[{"@type":"SearchAction","target":{"@type":"EntryPoint","urlTemplate":"https:\/\/www.psyke.es\/en\/?s={search_term_string}"},"query-input":{"@type":"PropertyValueSpecification","valueRequired":true,"valueName":"search_term_string"}}],"inLanguage":"en-US"},{"@type":"Person","@id":"https:\/\/www.psyke.es\/en\/#\/schema\/person\/87774a2e60512484c09407be020d551a","name":"Tha\u00efs Capella","image":{"@type":"ImageObject","inLanguage":"en-US","@id":"https:\/\/secure.gravatar.com\/avatar\/71847c79c196fcb2761a3960e77f33ed0e684732f3145d9b4af037b8ed17c94c?s=96&d=mm&r=g","url":"https:\/\/secure.gravatar.com\/avatar\/71847c79c196fcb2761a3960e77f33ed0e684732f3145d9b4af037b8ed17c94c?s=96&d=mm&r=g","contentUrl":"https:\/\/secure.gravatar.com\/avatar\/71847c79c196fcb2761a3960e77f33ed0e684732f3145d9b4af037b8ed17c94c?s=96&d=mm&r=g","caption":"Tha\u00efs Capella"},"sameAs":["http:\/\/psyke.es"]}]}},"post_mailing_queue_ids":[],"_links":{"self":[{"href":"https:\/\/www.psyke.es\/en\/wp-json\/wp\/v2\/posts\/7196","targetHints":{"allow":["GET"]}}],"collection":[{"href":"https:\/\/www.psyke.es\/en\/wp-json\/wp\/v2\/posts"}],"about":[{"href":"https:\/\/www.psyke.es\/en\/wp-json\/wp\/v2\/types\/post"}],"author":[{"embeddable":true,"href":"https:\/\/www.psyke.es\/en\/wp-json\/wp\/v2\/users\/3"}],"replies":[{"embeddable":true,"href":"https:\/\/www.psyke.es\/en\/wp-json\/wp\/v2\/comments?post=7196"}],"version-history":[{"count":0,"href":"https:\/\/www.psyke.es\/en\/wp-json\/wp\/v2\/posts\/7196\/revisions"}],"wp:featuredmedia":[{"embeddable":true,"href":"https:\/\/www.psyke.es\/en\/wp-json\/wp\/v2\/media\/5781"}],"wp:attachment":[{"href":"https:\/\/www.psyke.es\/en\/wp-json\/wp\/v2\/media?parent=7196"}],"wp:term":[{"taxonomy":"category","embeddable":true,"href":"https:\/\/www.psyke.es\/en\/wp-json\/wp\/v2\/categories?post=7196"},{"taxonomy":"post_tag","embeddable":true,"href":"https:\/\/www.psyke.es\/en\/wp-json\/wp\/v2\/tags?post=7196"}],"curies":[{"name":"wp","href":"https:\/\/api.w.org\/{rel}","templated":true}]}}