{"id":7217,"date":"2019-02-25T20:36:37","date_gmt":"2019-02-25T20:36:37","guid":{"rendered":"https:\/\/www.psyke.es\/aerofobia-el-miedo-a-volar-delata-nuestra-necesidad-de-controlar-el-entorno\/"},"modified":"2022-02-21T10:41:42","modified_gmt":"2022-02-21T08:41:42","slug":"aerofobia-el-miedo-a-volar-delata-nuestra-necesidad-de-controlar-el-entorno","status":"publish","type":"post","link":"https:\/\/www.psyke.es\/en\/aerofobia-el-miedo-a-volar-delata-nuestra-necesidad-de-controlar-el-entorno\/","title":{"rendered":"AEROFOBIA: El miedo a volar delata nuestra necesidad de controlar el entorno"},"content":{"rendered":"<p>El miedo a volar (igual que el miedo a las cucarachas, a las ratas o a las serpientes), a veces se coloca en el \u201cmismo saco\u201d de fobias generalizadas, sobre las que no hay acuerdo cient\u00edfico. Parece que las fobias a insectos voladores o animales veloces forman parte de nuestros miedos primitivos provenientes de nuestro sistema l\u00edmbico (estructura cerebral heredada que se desarrolla dentro del \u00fatero materno para nuestra supervivencia). En este sentido, el miedo a volar, enraizado en la \u201cvelocidad e incomprensi\u00f3n t\u00e9cnica de un aparato que vuela\u201d, puede acogerse a estas amenazas heredadas a las que algunos cerebros todav\u00eda les cuesta adaptarse.<\/p>\n<p>Sin embargo, en la mayor\u00eda de casos conocidos, las personas que sufren terror a subirse a un avi\u00f3n han adquirido ese miedo en la edad adulta tras a\u00f1os de volar sin sentir amenaza alguna surcando los cielos.<br \/>\n\u00bfC\u00f3mo es posible que hayan volado sin miedo y ahora, sin ninguna explicaci\u00f3n racional (no ha habido ning\u00fan incidente peligroso durante un vuelo guardado en la memoria), no soporten viajar en avi\u00f3n?<\/p>\n<p>En primer lugar, el cuerpo tiene muchas formas de decir NO a lo le atemoriza. Una de ellas es no querer someterse a amenazas que no puede controlar. Muchos pacientes dicen \u201ces que si yo pudiera pilotar el avi\u00f3n, no tendr\u00eda miedo\u2026yo me f\u00edo de m\u00ed, pero no de los que no conozco (es decir, del piloto)\u201d.<\/p>\n<p>Al practicar regularmente Mindfulness (cuya funci\u00f3n principal, en la mayor\u00eda de casos, es DARNOS CUENTA), inmediatamente nos percatamos de esa \u201cnecesidad de control\u201d: una de nuestras principales fuentes de estr\u00e9s. A m\u00e1s miedo: m\u00e1s necesidad de controlar, organizar y compartimentar todo lo que nos rodea.<br \/>\nSolo podemos trabajar esta necesidad de control si \u201ctomamos conciencia\u201d; al igual que no podemos arreglar una pila que gotea si antes no descubrimos que gotea\u2026<br \/>\nEn el caso del miedo a volar, empecemos de cero: \u00bfpara qu\u00e9 sirve el miedo? Es una \u201ce-moci\u00f3n\u201d (energ\u00eda que mueve a la acci\u00f3n) ante algo que nos preocupa o que necesitamos. Las emociones heredadas protegen nuestra supervivencia. El temeroso a volar le ha comunicado a su organismo que el avi\u00f3n amenaza su supervivencia (porque hay muchas personas que sienten volar como una amenaza)\u2026<\/p>\n<p>Al aproximarte, pues, al avi\u00f3n, la emoci\u00f3n del miedo va a ir subiendo cada vez m\u00e1s el volumen para que no subas a ese avi\u00f3n, ya que TU eres el que le has comunicado a tu organismo que te puede matar. Quieres no sentir las sensaciones f\u00edsicas del miedo (porque son desagradables), pero son inevitables porque ya se ha desencadenado la cascada hormonal ante la amenaza.<br \/>\n\u00bfPor qu\u00e9, pues, te enfadas con sentir miedo? Ah\u00ed estriba la mayor dificultad: acoger el miedo como un compa\u00f1ero de viaje que ha hecho su aparici\u00f3n estelar para salvarte de los \u201cleones\u201d (el cerebro solo percibe AMENAZA, no si es un le\u00f3n que te va a comer, o un avi\u00f3n al que te vas a subir).<\/p>\n<p>Si, a pesar del miedo, decides voluntariamente volar, abraza tu miedo como amigo tuyo que es, porque est\u00e1 ah\u00ed para salvarte. Si\u00e9ntalo a tu lado con cari\u00f1o, t\u00e1palo con la manta a\u00e9rea y su almohada merecida y preg\u00fantale si quiere tomar men\u00fa vegetariano o prefiere ver una pel\u00edcula.<br \/>\nViaja con tu miedo protector. No encontrar\u00e1s mejor compa\u00f1ero de viaje que te comprenda y al que tu comprendas\u2026y quiz\u00e1s, con el tiempo, al acogerlo con tanto cari\u00f1o, puede que te pida alg\u00fan d\u00eda no tener que viajar contigo y te liberes de su presencia, pues en tu pr\u00f3ximo vuelo ha decidido quedarse en casa para ver un cap\u00edtulo m\u00e1s de su serie favorita&#8230;<\/p>\n<p>\u201cEl miedo no es una emoci\u00f3n que nos permitamos sentir f\u00e1cilmente, ni con la que podamos permanecer mucho tiempo, ni tampoco enfrentarnos a ella con claridad y compasi\u00f3n. Pienso en cu\u00e1nta acci\u00f3n destructiva ocurre simplemente porque no podemos sentarnos con nosotros mismos y reconocer que sentimos miedo.<br \/>\nPara evitar sentir miedo, nos aferramos a cualquier cosa que nos proporcione alguna sensaci\u00f3n de poder, por ef\u00edmera que sea esa sensaci\u00f3n, o por destructiva y autodestructiva que pueda ser la acci\u00f3n que emprendamos\u201d.<\/p>\n<p>Extracto del blog \u201cOn being\u201d de Sharon Salzberg<br \/>\nIlustraci\u00f3n del libro p\u00f3stumo \u201cThe River of Conciousness\u201d del archivo de apuntes personales de Oliver Sacks (1853).<br \/>\nSugerencia: Meditaci\u00f3n n\u00ba 8: \u201cSuaviza, conforta y permite espacio a las emociones dif\u00edciles\u201d sirve para desarrollar la gesti\u00f3n de las emociones: reconocerlas, aceptarlas y dejarles estar en nosotros. Sin intentar reprimirlas ni controlarlas. Sabiendo que est\u00e1n ah\u00ed porque cumplen la funci\u00f3n de informarnos de lo que sucede en nuestras vidas.<\/p>\n","protected":false},"excerpt":{"rendered":"<p>El miedo a volar (igual que el miedo a las cucarachas, a las ratas o a las serpientes), a veces se coloca en el \u201cmismo saco\u201d de fobias generalizadas, sobre las que no hay acuerdo cient\u00edfico. Parece que las fobias a insectos voladores o animales veloces forman parte de nuestros miedos primitivos provenientes de nuestro [&#8230;]<\/p>\n<p><a class=\"btn btn-secondary understrap-read-more-link\" href=\"https:\/\/www.psyke.es\/en\/aerofobia-el-miedo-a-volar-delata-nuestra-necesidad-de-controlar-el-entorno\/\">Read More&#8230;<span class=\"screen-reader-text\"> from AEROFOBIA: El miedo a volar delata nuestra necesidad de controlar el entorno<\/span><\/a><\/p>\n","protected":false},"author":3,"featured_media":5789,"comment_status":"open","ping_status":"open","sticky":false,"template":"","format":"standard","meta":{"footnotes":""},"categories":[79],"tags":[],"class_list":["post-7217","post","type-post","status-publish","format-standard","has-post-thumbnail","hentry","category-therapeutic-reflections-emotions"],"yoast_head":"<!-- This site is optimized with the Yoast SEO plugin v27.4 - https:\/\/yoast.com\/product\/yoast-seo-wordpress\/ -->\n<title>AEROFOBIA: El miedo a volar delata nuestra necesidad de controlar el entorno<\/title>\n<meta name=\"description\" content=\"El miedo a volar a veces se coloca en el \u201cmismo saco\u201d de fobias generalizadas, sobre las que no hay acuerdo cient\u00edfico.\" \/>\n<meta name=\"robots\" content=\"index, follow, max-snippet:-1, max-image-preview:large, max-video-preview:-1\" \/>\n<link rel=\"canonical\" href=\"https:\/\/www.psyke.es\/en\/aerofobia-el-miedo-a-volar-delata-nuestra-necesidad-de-controlar-el-entorno\/\" \/>\n<meta property=\"og:locale\" content=\"en_US\" \/>\n<meta property=\"og:type\" content=\"article\" \/>\n<meta property=\"og:title\" content=\"AEROFOBIA: El miedo a volar delata nuestra necesidad de controlar el entorno\" \/>\n<meta property=\"og:description\" content=\"El miedo a volar a veces se coloca en el \u201cmismo saco\u201d de fobias generalizadas, sobre las que no hay acuerdo cient\u00edfico.\" \/>\n<meta property=\"og:url\" content=\"https:\/\/www.psyke.es\/en\/aerofobia-el-miedo-a-volar-delata-nuestra-necesidad-de-controlar-el-entorno\/\" \/>\n<meta property=\"og:site_name\" content=\"Psyke\" \/>\n<meta property=\"article:published_time\" content=\"2019-02-25T20:36:37+00:00\" \/>\n<meta property=\"article:modified_time\" content=\"2022-02-21T08:41:42+00:00\" \/>\n<meta property=\"og:image\" content=\"https:\/\/www.psyke.es\/wp-content\/uploads\/facebook_posts\/52937473_2338766106194146_1731263753233629184_n_2338766102860813-1.jpg\" \/>\n\t<meta property=\"og:image:width\" content=\"768\" \/>\n\t<meta property=\"og:image:height\" content=\"1055\" \/>\n\t<meta property=\"og:image:type\" content=\"image\/jpeg\" \/>\n<meta name=\"author\" content=\"Tha\u00efs Capella\" \/>\n<meta name=\"twitter:card\" content=\"summary_large_image\" \/>\n<meta name=\"twitter:label1\" content=\"Written by\" \/>\n\t<meta name=\"twitter:data1\" content=\"Tha\u00efs Capella\" \/>\n\t<meta name=\"twitter:label2\" content=\"Est. reading time\" \/>\n\t<meta name=\"twitter:data2\" content=\"4 minutes\" \/>\n<script type=\"application\/ld+json\" class=\"yoast-schema-graph\">{\"@context\":\"https:\\\/\\\/schema.org\",\"@graph\":[{\"@type\":\"Article\",\"@id\":\"https:\\\/\\\/www.psyke.es\\\/en\\\/aerofobia-el-miedo-a-volar-delata-nuestra-necesidad-de-controlar-el-entorno\\\/#article\",\"isPartOf\":{\"@id\":\"https:\\\/\\\/www.psyke.es\\\/en\\\/aerofobia-el-miedo-a-volar-delata-nuestra-necesidad-de-controlar-el-entorno\\\/\"},\"author\":{\"name\":\"Tha\u00efs Capella\",\"@id\":\"https:\\\/\\\/www.psyke.es\\\/en\\\/#\\\/schema\\\/person\\\/87774a2e60512484c09407be020d551a\"},\"headline\":\"AEROFOBIA: El miedo a volar delata nuestra necesidad de controlar el entorno\",\"datePublished\":\"2019-02-25T20:36:37+00:00\",\"dateModified\":\"2022-02-21T08:41:42+00:00\",\"mainEntityOfPage\":{\"@id\":\"https:\\\/\\\/www.psyke.es\\\/en\\\/aerofobia-el-miedo-a-volar-delata-nuestra-necesidad-de-controlar-el-entorno\\\/\"},\"wordCount\":831,\"commentCount\":0,\"image\":{\"@id\":\"https:\\\/\\\/www.psyke.es\\\/en\\\/aerofobia-el-miedo-a-volar-delata-nuestra-necesidad-de-controlar-el-entorno\\\/#primaryimage\"},\"thumbnailUrl\":\"https:\\\/\\\/www.psyke.es\\\/wp-content\\\/uploads\\\/facebook_posts\\\/52937473_2338766106194146_1731263753233629184_n_2338766102860813-1.jpg\",\"articleSection\":[\"Emotions\"],\"inLanguage\":\"en-US\",\"potentialAction\":[{\"@type\":\"CommentAction\",\"name\":\"Comment\",\"target\":[\"https:\\\/\\\/www.psyke.es\\\/en\\\/aerofobia-el-miedo-a-volar-delata-nuestra-necesidad-de-controlar-el-entorno\\\/#respond\"]}]},{\"@type\":\"WebPage\",\"@id\":\"https:\\\/\\\/www.psyke.es\\\/en\\\/aerofobia-el-miedo-a-volar-delata-nuestra-necesidad-de-controlar-el-entorno\\\/\",\"url\":\"https:\\\/\\\/www.psyke.es\\\/en\\\/aerofobia-el-miedo-a-volar-delata-nuestra-necesidad-de-controlar-el-entorno\\\/\",\"name\":\"AEROFOBIA: El miedo a volar delata nuestra necesidad de controlar el entorno\",\"isPartOf\":{\"@id\":\"https:\\\/\\\/www.psyke.es\\\/en\\\/#website\"},\"primaryImageOfPage\":{\"@id\":\"https:\\\/\\\/www.psyke.es\\\/en\\\/aerofobia-el-miedo-a-volar-delata-nuestra-necesidad-de-controlar-el-entorno\\\/#primaryimage\"},\"image\":{\"@id\":\"https:\\\/\\\/www.psyke.es\\\/en\\\/aerofobia-el-miedo-a-volar-delata-nuestra-necesidad-de-controlar-el-entorno\\\/#primaryimage\"},\"thumbnailUrl\":\"https:\\\/\\\/www.psyke.es\\\/wp-content\\\/uploads\\\/facebook_posts\\\/52937473_2338766106194146_1731263753233629184_n_2338766102860813-1.jpg\",\"datePublished\":\"2019-02-25T20:36:37+00:00\",\"dateModified\":\"2022-02-21T08:41:42+00:00\",\"author\":{\"@id\":\"https:\\\/\\\/www.psyke.es\\\/en\\\/#\\\/schema\\\/person\\\/87774a2e60512484c09407be020d551a\"},\"description\":\"El miedo a volar a veces se coloca en el \u201cmismo saco\u201d de fobias generalizadas, sobre las que no hay acuerdo cient\u00edfico.\",\"breadcrumb\":{\"@id\":\"https:\\\/\\\/www.psyke.es\\\/en\\\/aerofobia-el-miedo-a-volar-delata-nuestra-necesidad-de-controlar-el-entorno\\\/#breadcrumb\"},\"inLanguage\":\"en-US\",\"potentialAction\":[{\"@type\":\"ReadAction\",\"target\":[\"https:\\\/\\\/www.psyke.es\\\/en\\\/aerofobia-el-miedo-a-volar-delata-nuestra-necesidad-de-controlar-el-entorno\\\/\"]}]},{\"@type\":\"ImageObject\",\"inLanguage\":\"en-US\",\"@id\":\"https:\\\/\\\/www.psyke.es\\\/en\\\/aerofobia-el-miedo-a-volar-delata-nuestra-necesidad-de-controlar-el-entorno\\\/#primaryimage\",\"url\":\"https:\\\/\\\/www.psyke.es\\\/wp-content\\\/uploads\\\/facebook_posts\\\/52937473_2338766106194146_1731263753233629184_n_2338766102860813-1.jpg\",\"contentUrl\":\"https:\\\/\\\/www.psyke.es\\\/wp-content\\\/uploads\\\/facebook_posts\\\/52937473_2338766106194146_1731263753233629184_n_2338766102860813-1.jpg\",\"width\":768,\"height\":1055},{\"@type\":\"BreadcrumbList\",\"@id\":\"https:\\\/\\\/www.psyke.es\\\/en\\\/aerofobia-el-miedo-a-volar-delata-nuestra-necesidad-de-controlar-el-entorno\\\/#breadcrumb\",\"itemListElement\":[{\"@type\":\"ListItem\",\"position\":1,\"name\":\"Portada\",\"item\":\"https:\\\/\\\/www.psyke.es\\\/en\\\/\"},{\"@type\":\"ListItem\",\"position\":2,\"name\":\"AEROFOBIA: El miedo a volar delata nuestra necesidad de controlar el entorno\"}]},{\"@type\":\"WebSite\",\"@id\":\"https:\\\/\\\/www.psyke.es\\\/en\\\/#website\",\"url\":\"https:\\\/\\\/www.psyke.es\\\/en\\\/\",\"name\":\"Psyke\",\"description\":\"Centro de Psicolog\u00eda\",\"potentialAction\":[{\"@type\":\"SearchAction\",\"target\":{\"@type\":\"EntryPoint\",\"urlTemplate\":\"https:\\\/\\\/www.psyke.es\\\/en\\\/?s={search_term_string}\"},\"query-input\":{\"@type\":\"PropertyValueSpecification\",\"valueRequired\":true,\"valueName\":\"search_term_string\"}}],\"inLanguage\":\"en-US\"},{\"@type\":\"Person\",\"@id\":\"https:\\\/\\\/www.psyke.es\\\/en\\\/#\\\/schema\\\/person\\\/87774a2e60512484c09407be020d551a\",\"name\":\"Tha\u00efs Capella\",\"image\":{\"@type\":\"ImageObject\",\"inLanguage\":\"en-US\",\"@id\":\"https:\\\/\\\/secure.gravatar.com\\\/avatar\\\/71847c79c196fcb2761a3960e77f33ed0e684732f3145d9b4af037b8ed17c94c?s=96&d=mm&r=g\",\"url\":\"https:\\\/\\\/secure.gravatar.com\\\/avatar\\\/71847c79c196fcb2761a3960e77f33ed0e684732f3145d9b4af037b8ed17c94c?s=96&d=mm&r=g\",\"contentUrl\":\"https:\\\/\\\/secure.gravatar.com\\\/avatar\\\/71847c79c196fcb2761a3960e77f33ed0e684732f3145d9b4af037b8ed17c94c?s=96&d=mm&r=g\",\"caption\":\"Tha\u00efs Capella\"},\"sameAs\":[\"http:\\\/\\\/psyke.es\"]}]}<\/script>\n<!-- \/ Yoast SEO plugin. -->","yoast_head_json":{"title":"AEROFOBIA: El miedo a volar delata nuestra necesidad de controlar el entorno","description":"El miedo a volar a veces se coloca en el \u201cmismo saco\u201d de fobias generalizadas, sobre las que no hay acuerdo cient\u00edfico.","robots":{"index":"index","follow":"follow","max-snippet":"max-snippet:-1","max-image-preview":"max-image-preview:large","max-video-preview":"max-video-preview:-1"},"canonical":"https:\/\/www.psyke.es\/en\/aerofobia-el-miedo-a-volar-delata-nuestra-necesidad-de-controlar-el-entorno\/","og_locale":"en_US","og_type":"article","og_title":"AEROFOBIA: El miedo a volar delata nuestra necesidad de controlar el entorno","og_description":"El miedo a volar a veces se coloca en el \u201cmismo saco\u201d de fobias generalizadas, sobre las que no hay acuerdo cient\u00edfico.","og_url":"https:\/\/www.psyke.es\/en\/aerofobia-el-miedo-a-volar-delata-nuestra-necesidad-de-controlar-el-entorno\/","og_site_name":"Psyke","article_published_time":"2019-02-25T20:36:37+00:00","article_modified_time":"2022-02-21T08:41:42+00:00","og_image":[{"width":768,"height":1055,"url":"https:\/\/www.psyke.es\/wp-content\/uploads\/facebook_posts\/52937473_2338766106194146_1731263753233629184_n_2338766102860813-1.jpg","type":"image\/jpeg"}],"author":"Tha\u00efs Capella","twitter_card":"summary_large_image","twitter_misc":{"Written by":"Tha\u00efs Capella","Est. reading time":"4 minutes"},"schema":{"@context":"https:\/\/schema.org","@graph":[{"@type":"Article","@id":"https:\/\/www.psyke.es\/en\/aerofobia-el-miedo-a-volar-delata-nuestra-necesidad-de-controlar-el-entorno\/#article","isPartOf":{"@id":"https:\/\/www.psyke.es\/en\/aerofobia-el-miedo-a-volar-delata-nuestra-necesidad-de-controlar-el-entorno\/"},"author":{"name":"Tha\u00efs Capella","@id":"https:\/\/www.psyke.es\/en\/#\/schema\/person\/87774a2e60512484c09407be020d551a"},"headline":"AEROFOBIA: El miedo a volar delata nuestra necesidad de controlar el entorno","datePublished":"2019-02-25T20:36:37+00:00","dateModified":"2022-02-21T08:41:42+00:00","mainEntityOfPage":{"@id":"https:\/\/www.psyke.es\/en\/aerofobia-el-miedo-a-volar-delata-nuestra-necesidad-de-controlar-el-entorno\/"},"wordCount":831,"commentCount":0,"image":{"@id":"https:\/\/www.psyke.es\/en\/aerofobia-el-miedo-a-volar-delata-nuestra-necesidad-de-controlar-el-entorno\/#primaryimage"},"thumbnailUrl":"https:\/\/www.psyke.es\/wp-content\/uploads\/facebook_posts\/52937473_2338766106194146_1731263753233629184_n_2338766102860813-1.jpg","articleSection":["Emotions"],"inLanguage":"en-US","potentialAction":[{"@type":"CommentAction","name":"Comment","target":["https:\/\/www.psyke.es\/en\/aerofobia-el-miedo-a-volar-delata-nuestra-necesidad-de-controlar-el-entorno\/#respond"]}]},{"@type":"WebPage","@id":"https:\/\/www.psyke.es\/en\/aerofobia-el-miedo-a-volar-delata-nuestra-necesidad-de-controlar-el-entorno\/","url":"https:\/\/www.psyke.es\/en\/aerofobia-el-miedo-a-volar-delata-nuestra-necesidad-de-controlar-el-entorno\/","name":"AEROFOBIA: El miedo a volar delata nuestra necesidad de controlar el entorno","isPartOf":{"@id":"https:\/\/www.psyke.es\/en\/#website"},"primaryImageOfPage":{"@id":"https:\/\/www.psyke.es\/en\/aerofobia-el-miedo-a-volar-delata-nuestra-necesidad-de-controlar-el-entorno\/#primaryimage"},"image":{"@id":"https:\/\/www.psyke.es\/en\/aerofobia-el-miedo-a-volar-delata-nuestra-necesidad-de-controlar-el-entorno\/#primaryimage"},"thumbnailUrl":"https:\/\/www.psyke.es\/wp-content\/uploads\/facebook_posts\/52937473_2338766106194146_1731263753233629184_n_2338766102860813-1.jpg","datePublished":"2019-02-25T20:36:37+00:00","dateModified":"2022-02-21T08:41:42+00:00","author":{"@id":"https:\/\/www.psyke.es\/en\/#\/schema\/person\/87774a2e60512484c09407be020d551a"},"description":"El miedo a volar a veces se coloca en el \u201cmismo saco\u201d de fobias generalizadas, sobre las que no hay acuerdo cient\u00edfico.","breadcrumb":{"@id":"https:\/\/www.psyke.es\/en\/aerofobia-el-miedo-a-volar-delata-nuestra-necesidad-de-controlar-el-entorno\/#breadcrumb"},"inLanguage":"en-US","potentialAction":[{"@type":"ReadAction","target":["https:\/\/www.psyke.es\/en\/aerofobia-el-miedo-a-volar-delata-nuestra-necesidad-de-controlar-el-entorno\/"]}]},{"@type":"ImageObject","inLanguage":"en-US","@id":"https:\/\/www.psyke.es\/en\/aerofobia-el-miedo-a-volar-delata-nuestra-necesidad-de-controlar-el-entorno\/#primaryimage","url":"https:\/\/www.psyke.es\/wp-content\/uploads\/facebook_posts\/52937473_2338766106194146_1731263753233629184_n_2338766102860813-1.jpg","contentUrl":"https:\/\/www.psyke.es\/wp-content\/uploads\/facebook_posts\/52937473_2338766106194146_1731263753233629184_n_2338766102860813-1.jpg","width":768,"height":1055},{"@type":"BreadcrumbList","@id":"https:\/\/www.psyke.es\/en\/aerofobia-el-miedo-a-volar-delata-nuestra-necesidad-de-controlar-el-entorno\/#breadcrumb","itemListElement":[{"@type":"ListItem","position":1,"name":"Portada","item":"https:\/\/www.psyke.es\/en\/"},{"@type":"ListItem","position":2,"name":"AEROFOBIA: El miedo a volar delata nuestra necesidad de controlar el entorno"}]},{"@type":"WebSite","@id":"https:\/\/www.psyke.es\/en\/#website","url":"https:\/\/www.psyke.es\/en\/","name":"Psyke","description":"Centro de Psicolog\u00eda","potentialAction":[{"@type":"SearchAction","target":{"@type":"EntryPoint","urlTemplate":"https:\/\/www.psyke.es\/en\/?s={search_term_string}"},"query-input":{"@type":"PropertyValueSpecification","valueRequired":true,"valueName":"search_term_string"}}],"inLanguage":"en-US"},{"@type":"Person","@id":"https:\/\/www.psyke.es\/en\/#\/schema\/person\/87774a2e60512484c09407be020d551a","name":"Tha\u00efs Capella","image":{"@type":"ImageObject","inLanguage":"en-US","@id":"https:\/\/secure.gravatar.com\/avatar\/71847c79c196fcb2761a3960e77f33ed0e684732f3145d9b4af037b8ed17c94c?s=96&d=mm&r=g","url":"https:\/\/secure.gravatar.com\/avatar\/71847c79c196fcb2761a3960e77f33ed0e684732f3145d9b4af037b8ed17c94c?s=96&d=mm&r=g","contentUrl":"https:\/\/secure.gravatar.com\/avatar\/71847c79c196fcb2761a3960e77f33ed0e684732f3145d9b4af037b8ed17c94c?s=96&d=mm&r=g","caption":"Tha\u00efs Capella"},"sameAs":["http:\/\/psyke.es"]}]}},"post_mailing_queue_ids":[],"_links":{"self":[{"href":"https:\/\/www.psyke.es\/en\/wp-json\/wp\/v2\/posts\/7217","targetHints":{"allow":["GET"]}}],"collection":[{"href":"https:\/\/www.psyke.es\/en\/wp-json\/wp\/v2\/posts"}],"about":[{"href":"https:\/\/www.psyke.es\/en\/wp-json\/wp\/v2\/types\/post"}],"author":[{"embeddable":true,"href":"https:\/\/www.psyke.es\/en\/wp-json\/wp\/v2\/users\/3"}],"replies":[{"embeddable":true,"href":"https:\/\/www.psyke.es\/en\/wp-json\/wp\/v2\/comments?post=7217"}],"version-history":[{"count":0,"href":"https:\/\/www.psyke.es\/en\/wp-json\/wp\/v2\/posts\/7217\/revisions"}],"wp:featuredmedia":[{"embeddable":true,"href":"https:\/\/www.psyke.es\/en\/wp-json\/wp\/v2\/media\/5789"}],"wp:attachment":[{"href":"https:\/\/www.psyke.es\/en\/wp-json\/wp\/v2\/media?parent=7217"}],"wp:term":[{"taxonomy":"category","embeddable":true,"href":"https:\/\/www.psyke.es\/en\/wp-json\/wp\/v2\/categories?post=7217"},{"taxonomy":"post_tag","embeddable":true,"href":"https:\/\/www.psyke.es\/en\/wp-json\/wp\/v2\/tags?post=7217"}],"curies":[{"name":"wp","href":"https:\/\/api.w.org\/{rel}","templated":true}]}}