{"id":7226,"date":"2019-02-04T18:24:45","date_gmt":"2019-02-04T18:24:45","guid":{"rendered":"https:\/\/www.psyke.es\/el-sueno-sirve-para-desdramatizar-los-sucesos-de-nuestra-vida\/"},"modified":"2022-02-21T11:56:42","modified_gmt":"2022-02-21T09:56:42","slug":"el-sueno-sirve-para-desdramatizar-los-sucesos-de-nuestra-vida","status":"publish","type":"post","link":"https:\/\/www.psyke.es\/en\/el-sueno-sirve-para-desdramatizar-los-sucesos-de-nuestra-vida\/","title":{"rendered":"El sue\u00f1o sirve para desdramatizar los sucesos de nuestra vida"},"content":{"rendered":"<p>Ante cualquier situaci\u00f3n conflictiva que se presente, la t\u00edpica recomendaci\u00f3n de \u201ccons\u00faltalo con la almohada\u201d tiene m\u00e1s apoyo emp\u00edrico de lo que pensamos. Seg\u00fan la investigadora del sue\u00f1o, Rosalind D. Cartwright, todas las teor\u00edas sobre el sue\u00f1o comparten un mismo hilo conductor: \u201clos sue\u00f1os modulan y regulan las emociones conflictivas, ya que los estudios muestran que los estados an\u00edmicos negativos disminuyen durante la noche\u201d.<br \/>\nCuando algo que nos ha producido tumulto emocional durante el d\u00eda se reactiva durante el sue\u00f1o, pasa por el filtro del ciclo REM (movimiento ocular r\u00e1pido). En esta fase se produce una fusi\u00f3n entre nuevos y viejos fragmentos de memorias emocionales similares que nos ayudan a actualizar la imagen que tenemos sobre nosotros mismos: \u201cqui\u00e9n soy, qu\u00e9 es bueno para m\u00ed y qu\u00e9 no es bueno para m\u00ed\u201d.<\/p>\n<p>De esta forma, el sue\u00f1o diluye la carga emocional del episodio turbulento y prepara al durmiente para despertarse capaz de ver las cosas bajo una luz m\u00e1s positiva. Seg\u00fan Cartwright, no siempre ocurre en una sola noche: \u201cuna gran reorganizaci\u00f3n en nuestra vida produce cambios en nuestra perspectiva sobre nosotros mismos \u2013de esposo a viudo, de casado a soltero- puede necesitar varias noches de reubicaci\u00f3n\u201d.<\/p>\n<p>Muchos sue\u00f1os pueden ser muy terap\u00e9uticos si somos capaces de captar sus m\u00faltiples vertientes y simbolog\u00edas:<br \/>\n\u201cLos buenos durmientes siempre tienen la mente activa, repasando las experiencias ocurridas y filtr\u00e1ndolas con informaciones relevantes dignas de preservar, debido a su prominencia emocional. Los sue\u00f1os no son un sinsentido, ni se comprenden mejor como la expresi\u00f3n de deseos infantiles. Son el resultado de la interconexi\u00f3n de nuevas experiencias con las ya almacenadas en nuestras redes memor\u00edsticas.<\/p>\n<p>El sue\u00f1o supone, pues, adem\u00e1s de casi la tercera parte de nuestras vidas, un espacio y un tiempo de descanso nocturno necesario para renovar y afianzar nuestra identidad y nuestra evoluci\u00f3n en la vida.<\/p>\n<p>\u201c\u00bfQu\u00e9 es la vida? Un frenes\u00ed<br \/>\n\u00bfQu\u00e9 es la vida? Una ilusi\u00f3n, una sombra, una ficci\u00f3n<br \/>\ny el mayor bien es peque\u00f1o<br \/>\nque toda la vida es sue\u00f1o<br \/>\ny los sue\u00f1os, sue\u00f1os son\u201d.<\/p>\n<p>Extracto del mon\u00f3logo de Segismundo de la obra \u201cLa vida es Sue\u00f1o\u201d de Pedro Calder\u00f3n de la Barca (1635).<br \/>\nIlustraci\u00f3n de Judith Clay para \u201cThea\u2019s tree\u201d<br \/>\nFrases extraidas del libro The Twenty-four Hour Mind: The Role of Sleep and Dreaming in Our Emotional Lives (La mente 24 horas: el papel de dormir y los sue\u00f1os en nuestra vidas emocionales).<br \/>\nSugerencia: Meditaci\u00f3n n\u00ba 2 \u201cMeditaci\u00f3n de exploraci\u00f3n corporal\u201d en www.psyke.es en AUDIOS, sirve para aumentar la sensibilidad a las se\u00f1ales de nuestro cuerpo (donde se expresa nuestro mundo emocional), tambi\u00e9n fomenta la concentraci\u00f3n, la estabilidad, y ayuda a calmar la mente. Es un buena pr\u00e1ctica recomendable para prepararnos de cara a nuestro descanso nocturno.<\/p>\n","protected":false},"excerpt":{"rendered":"<p>Ante cualquier situaci\u00f3n conflictiva que se presente, la t\u00edpica recomendaci\u00f3n de \u201ccons\u00faltalo con la almohada\u201d tiene m\u00e1s apoyo emp\u00edrico de lo que pensamos. Seg\u00fan la investigadora del sue\u00f1o, Rosalind D. Cartwright, todas las teor\u00edas sobre el sue\u00f1o comparten un mismo hilo conductor: \u201clos sue\u00f1os modulan y regulan las emociones conflictivas, ya que los estudios muestran [&#8230;]<\/p>\n<p><a class=\"btn btn-secondary understrap-read-more-link\" href=\"https:\/\/www.psyke.es\/en\/el-sueno-sirve-para-desdramatizar-los-sucesos-de-nuestra-vida\/\">Read More&#8230;<span class=\"screen-reader-text\"> from El sue\u00f1o sirve para desdramatizar los sucesos de nuestra vida<\/span><\/a><\/p>\n","protected":false},"author":3,"featured_media":5792,"comment_status":"open","ping_status":"open","sticky":false,"template":"","format":"standard","meta":{"footnotes":""},"categories":[79],"tags":[],"class_list":["post-7226","post","type-post","status-publish","format-standard","has-post-thumbnail","hentry","category-therapeutic-reflections-emotions"],"yoast_head":"<!-- This site is optimized with the Yoast SEO plugin v27.4 - https:\/\/yoast.com\/product\/yoast-seo-wordpress\/ -->\n<title>El sue\u00f1o sirve para desdramatizar los sucesos de nuestra vida<\/title>\n<meta name=\"description\" content=\"Ante una situaci\u00f3n conflictiva que se presente, la recomendaci\u00f3n de \u201ccons\u00faltalo con la almohada\u201d tiene m\u00e1s apoyo emp\u00edrico del que pensamos.\" \/>\n<meta name=\"robots\" content=\"index, follow, max-snippet:-1, max-image-preview:large, max-video-preview:-1\" \/>\n<link rel=\"canonical\" href=\"https:\/\/www.psyke.es\/en\/el-sueno-sirve-para-desdramatizar-los-sucesos-de-nuestra-vida\/\" \/>\n<meta property=\"og:locale\" content=\"en_US\" \/>\n<meta property=\"og:type\" content=\"article\" \/>\n<meta property=\"og:title\" content=\"El sue\u00f1o sirve para desdramatizar los sucesos de nuestra vida\" \/>\n<meta property=\"og:description\" content=\"Ante una situaci\u00f3n conflictiva que se presente, la recomendaci\u00f3n de \u201ccons\u00faltalo con la almohada\u201d tiene m\u00e1s apoyo emp\u00edrico del que pensamos.\" \/>\n<meta property=\"og:url\" content=\"https:\/\/www.psyke.es\/en\/el-sueno-sirve-para-desdramatizar-los-sucesos-de-nuestra-vida\/\" \/>\n<meta property=\"og:site_name\" content=\"Psyke\" \/>\n<meta property=\"article:published_time\" content=\"2019-02-04T18:24:45+00:00\" \/>\n<meta property=\"article:modified_time\" content=\"2022-02-21T09:56:42+00:00\" \/>\n<meta property=\"og:image\" content=\"https:\/\/www.psyke.es\/wp-content\/uploads\/facebook_posts\/51191861_2291954694208621_4119002537422487552_n_2291954677541956-1.jpg\" \/>\n\t<meta property=\"og:image:width\" content=\"600\" \/>\n\t<meta property=\"og:image:height\" content=\"850\" \/>\n\t<meta property=\"og:image:type\" content=\"image\/jpeg\" \/>\n<meta name=\"author\" content=\"Tha\u00efs Capella\" \/>\n<meta name=\"twitter:card\" content=\"summary_large_image\" \/>\n<meta name=\"twitter:label1\" content=\"Written by\" \/>\n\t<meta name=\"twitter:data1\" content=\"Tha\u00efs Capella\" \/>\n\t<meta name=\"twitter:label2\" content=\"Est. reading time\" \/>\n\t<meta name=\"twitter:data2\" content=\"2 minutes\" \/>\n<script type=\"application\/ld+json\" class=\"yoast-schema-graph\">{\"@context\":\"https:\\\/\\\/schema.org\",\"@graph\":[{\"@type\":\"Article\",\"@id\":\"https:\\\/\\\/www.psyke.es\\\/en\\\/el-sueno-sirve-para-desdramatizar-los-sucesos-de-nuestra-vida\\\/#article\",\"isPartOf\":{\"@id\":\"https:\\\/\\\/www.psyke.es\\\/en\\\/el-sueno-sirve-para-desdramatizar-los-sucesos-de-nuestra-vida\\\/\"},\"author\":{\"name\":\"Tha\u00efs Capella\",\"@id\":\"https:\\\/\\\/www.psyke.es\\\/en\\\/#\\\/schema\\\/person\\\/87774a2e60512484c09407be020d551a\"},\"headline\":\"El sue\u00f1o sirve para desdramatizar los sucesos de nuestra vida\",\"datePublished\":\"2019-02-04T18:24:45+00:00\",\"dateModified\":\"2022-02-21T09:56:42+00:00\",\"mainEntityOfPage\":{\"@id\":\"https:\\\/\\\/www.psyke.es\\\/en\\\/el-sueno-sirve-para-desdramatizar-los-sucesos-de-nuestra-vida\\\/\"},\"wordCount\":514,\"commentCount\":0,\"image\":{\"@id\":\"https:\\\/\\\/www.psyke.es\\\/en\\\/el-sueno-sirve-para-desdramatizar-los-sucesos-de-nuestra-vida\\\/#primaryimage\"},\"thumbnailUrl\":\"https:\\\/\\\/www.psyke.es\\\/wp-content\\\/uploads\\\/facebook_posts\\\/51191861_2291954694208621_4119002537422487552_n_2291954677541956-1.jpg\",\"articleSection\":[\"Emotions\"],\"inLanguage\":\"en-US\",\"potentialAction\":[{\"@type\":\"CommentAction\",\"name\":\"Comment\",\"target\":[\"https:\\\/\\\/www.psyke.es\\\/en\\\/el-sueno-sirve-para-desdramatizar-los-sucesos-de-nuestra-vida\\\/#respond\"]}]},{\"@type\":\"WebPage\",\"@id\":\"https:\\\/\\\/www.psyke.es\\\/en\\\/el-sueno-sirve-para-desdramatizar-los-sucesos-de-nuestra-vida\\\/\",\"url\":\"https:\\\/\\\/www.psyke.es\\\/en\\\/el-sueno-sirve-para-desdramatizar-los-sucesos-de-nuestra-vida\\\/\",\"name\":\"El sue\u00f1o sirve para desdramatizar los sucesos de nuestra vida\",\"isPartOf\":{\"@id\":\"https:\\\/\\\/www.psyke.es\\\/en\\\/#website\"},\"primaryImageOfPage\":{\"@id\":\"https:\\\/\\\/www.psyke.es\\\/en\\\/el-sueno-sirve-para-desdramatizar-los-sucesos-de-nuestra-vida\\\/#primaryimage\"},\"image\":{\"@id\":\"https:\\\/\\\/www.psyke.es\\\/en\\\/el-sueno-sirve-para-desdramatizar-los-sucesos-de-nuestra-vida\\\/#primaryimage\"},\"thumbnailUrl\":\"https:\\\/\\\/www.psyke.es\\\/wp-content\\\/uploads\\\/facebook_posts\\\/51191861_2291954694208621_4119002537422487552_n_2291954677541956-1.jpg\",\"datePublished\":\"2019-02-04T18:24:45+00:00\",\"dateModified\":\"2022-02-21T09:56:42+00:00\",\"author\":{\"@id\":\"https:\\\/\\\/www.psyke.es\\\/en\\\/#\\\/schema\\\/person\\\/87774a2e60512484c09407be020d551a\"},\"description\":\"Ante una situaci\u00f3n conflictiva que se presente, la recomendaci\u00f3n de \u201ccons\u00faltalo con la almohada\u201d tiene m\u00e1s apoyo emp\u00edrico del que pensamos.\",\"breadcrumb\":{\"@id\":\"https:\\\/\\\/www.psyke.es\\\/en\\\/el-sueno-sirve-para-desdramatizar-los-sucesos-de-nuestra-vida\\\/#breadcrumb\"},\"inLanguage\":\"en-US\",\"potentialAction\":[{\"@type\":\"ReadAction\",\"target\":[\"https:\\\/\\\/www.psyke.es\\\/en\\\/el-sueno-sirve-para-desdramatizar-los-sucesos-de-nuestra-vida\\\/\"]}]},{\"@type\":\"ImageObject\",\"inLanguage\":\"en-US\",\"@id\":\"https:\\\/\\\/www.psyke.es\\\/en\\\/el-sueno-sirve-para-desdramatizar-los-sucesos-de-nuestra-vida\\\/#primaryimage\",\"url\":\"https:\\\/\\\/www.psyke.es\\\/wp-content\\\/uploads\\\/facebook_posts\\\/51191861_2291954694208621_4119002537422487552_n_2291954677541956-1.jpg\",\"contentUrl\":\"https:\\\/\\\/www.psyke.es\\\/wp-content\\\/uploads\\\/facebook_posts\\\/51191861_2291954694208621_4119002537422487552_n_2291954677541956-1.jpg\",\"width\":600,\"height\":850},{\"@type\":\"BreadcrumbList\",\"@id\":\"https:\\\/\\\/www.psyke.es\\\/en\\\/el-sueno-sirve-para-desdramatizar-los-sucesos-de-nuestra-vida\\\/#breadcrumb\",\"itemListElement\":[{\"@type\":\"ListItem\",\"position\":1,\"name\":\"Portada\",\"item\":\"https:\\\/\\\/www.psyke.es\\\/en\\\/\"},{\"@type\":\"ListItem\",\"position\":2,\"name\":\"El sue\u00f1o sirve para desdramatizar los sucesos de nuestra vida\"}]},{\"@type\":\"WebSite\",\"@id\":\"https:\\\/\\\/www.psyke.es\\\/en\\\/#website\",\"url\":\"https:\\\/\\\/www.psyke.es\\\/en\\\/\",\"name\":\"Psyke\",\"description\":\"Centro de Psicolog\u00eda\",\"potentialAction\":[{\"@type\":\"SearchAction\",\"target\":{\"@type\":\"EntryPoint\",\"urlTemplate\":\"https:\\\/\\\/www.psyke.es\\\/en\\\/?s={search_term_string}\"},\"query-input\":{\"@type\":\"PropertyValueSpecification\",\"valueRequired\":true,\"valueName\":\"search_term_string\"}}],\"inLanguage\":\"en-US\"},{\"@type\":\"Person\",\"@id\":\"https:\\\/\\\/www.psyke.es\\\/en\\\/#\\\/schema\\\/person\\\/87774a2e60512484c09407be020d551a\",\"name\":\"Tha\u00efs Capella\",\"image\":{\"@type\":\"ImageObject\",\"inLanguage\":\"en-US\",\"@id\":\"https:\\\/\\\/secure.gravatar.com\\\/avatar\\\/71847c79c196fcb2761a3960e77f33ed0e684732f3145d9b4af037b8ed17c94c?s=96&d=mm&r=g\",\"url\":\"https:\\\/\\\/secure.gravatar.com\\\/avatar\\\/71847c79c196fcb2761a3960e77f33ed0e684732f3145d9b4af037b8ed17c94c?s=96&d=mm&r=g\",\"contentUrl\":\"https:\\\/\\\/secure.gravatar.com\\\/avatar\\\/71847c79c196fcb2761a3960e77f33ed0e684732f3145d9b4af037b8ed17c94c?s=96&d=mm&r=g\",\"caption\":\"Tha\u00efs Capella\"},\"sameAs\":[\"http:\\\/\\\/psyke.es\"]}]}<\/script>\n<!-- \/ Yoast SEO plugin. -->","yoast_head_json":{"title":"El sue\u00f1o sirve para desdramatizar los sucesos de nuestra vida","description":"Ante una situaci\u00f3n conflictiva que se presente, la recomendaci\u00f3n de \u201ccons\u00faltalo con la almohada\u201d tiene m\u00e1s apoyo emp\u00edrico del que pensamos.","robots":{"index":"index","follow":"follow","max-snippet":"max-snippet:-1","max-image-preview":"max-image-preview:large","max-video-preview":"max-video-preview:-1"},"canonical":"https:\/\/www.psyke.es\/en\/el-sueno-sirve-para-desdramatizar-los-sucesos-de-nuestra-vida\/","og_locale":"en_US","og_type":"article","og_title":"El sue\u00f1o sirve para desdramatizar los sucesos de nuestra vida","og_description":"Ante una situaci\u00f3n conflictiva que se presente, la recomendaci\u00f3n de \u201ccons\u00faltalo con la almohada\u201d tiene m\u00e1s apoyo emp\u00edrico del que pensamos.","og_url":"https:\/\/www.psyke.es\/en\/el-sueno-sirve-para-desdramatizar-los-sucesos-de-nuestra-vida\/","og_site_name":"Psyke","article_published_time":"2019-02-04T18:24:45+00:00","article_modified_time":"2022-02-21T09:56:42+00:00","og_image":[{"width":600,"height":850,"url":"https:\/\/www.psyke.es\/wp-content\/uploads\/facebook_posts\/51191861_2291954694208621_4119002537422487552_n_2291954677541956-1.jpg","type":"image\/jpeg"}],"author":"Tha\u00efs Capella","twitter_card":"summary_large_image","twitter_misc":{"Written by":"Tha\u00efs Capella","Est. reading time":"2 minutes"},"schema":{"@context":"https:\/\/schema.org","@graph":[{"@type":"Article","@id":"https:\/\/www.psyke.es\/en\/el-sueno-sirve-para-desdramatizar-los-sucesos-de-nuestra-vida\/#article","isPartOf":{"@id":"https:\/\/www.psyke.es\/en\/el-sueno-sirve-para-desdramatizar-los-sucesos-de-nuestra-vida\/"},"author":{"name":"Tha\u00efs Capella","@id":"https:\/\/www.psyke.es\/en\/#\/schema\/person\/87774a2e60512484c09407be020d551a"},"headline":"El sue\u00f1o sirve para desdramatizar los sucesos de nuestra vida","datePublished":"2019-02-04T18:24:45+00:00","dateModified":"2022-02-21T09:56:42+00:00","mainEntityOfPage":{"@id":"https:\/\/www.psyke.es\/en\/el-sueno-sirve-para-desdramatizar-los-sucesos-de-nuestra-vida\/"},"wordCount":514,"commentCount":0,"image":{"@id":"https:\/\/www.psyke.es\/en\/el-sueno-sirve-para-desdramatizar-los-sucesos-de-nuestra-vida\/#primaryimage"},"thumbnailUrl":"https:\/\/www.psyke.es\/wp-content\/uploads\/facebook_posts\/51191861_2291954694208621_4119002537422487552_n_2291954677541956-1.jpg","articleSection":["Emotions"],"inLanguage":"en-US","potentialAction":[{"@type":"CommentAction","name":"Comment","target":["https:\/\/www.psyke.es\/en\/el-sueno-sirve-para-desdramatizar-los-sucesos-de-nuestra-vida\/#respond"]}]},{"@type":"WebPage","@id":"https:\/\/www.psyke.es\/en\/el-sueno-sirve-para-desdramatizar-los-sucesos-de-nuestra-vida\/","url":"https:\/\/www.psyke.es\/en\/el-sueno-sirve-para-desdramatizar-los-sucesos-de-nuestra-vida\/","name":"El sue\u00f1o sirve para desdramatizar los sucesos de nuestra vida","isPartOf":{"@id":"https:\/\/www.psyke.es\/en\/#website"},"primaryImageOfPage":{"@id":"https:\/\/www.psyke.es\/en\/el-sueno-sirve-para-desdramatizar-los-sucesos-de-nuestra-vida\/#primaryimage"},"image":{"@id":"https:\/\/www.psyke.es\/en\/el-sueno-sirve-para-desdramatizar-los-sucesos-de-nuestra-vida\/#primaryimage"},"thumbnailUrl":"https:\/\/www.psyke.es\/wp-content\/uploads\/facebook_posts\/51191861_2291954694208621_4119002537422487552_n_2291954677541956-1.jpg","datePublished":"2019-02-04T18:24:45+00:00","dateModified":"2022-02-21T09:56:42+00:00","author":{"@id":"https:\/\/www.psyke.es\/en\/#\/schema\/person\/87774a2e60512484c09407be020d551a"},"description":"Ante una situaci\u00f3n conflictiva que se presente, la recomendaci\u00f3n de \u201ccons\u00faltalo con la almohada\u201d tiene m\u00e1s apoyo emp\u00edrico del que pensamos.","breadcrumb":{"@id":"https:\/\/www.psyke.es\/en\/el-sueno-sirve-para-desdramatizar-los-sucesos-de-nuestra-vida\/#breadcrumb"},"inLanguage":"en-US","potentialAction":[{"@type":"ReadAction","target":["https:\/\/www.psyke.es\/en\/el-sueno-sirve-para-desdramatizar-los-sucesos-de-nuestra-vida\/"]}]},{"@type":"ImageObject","inLanguage":"en-US","@id":"https:\/\/www.psyke.es\/en\/el-sueno-sirve-para-desdramatizar-los-sucesos-de-nuestra-vida\/#primaryimage","url":"https:\/\/www.psyke.es\/wp-content\/uploads\/facebook_posts\/51191861_2291954694208621_4119002537422487552_n_2291954677541956-1.jpg","contentUrl":"https:\/\/www.psyke.es\/wp-content\/uploads\/facebook_posts\/51191861_2291954694208621_4119002537422487552_n_2291954677541956-1.jpg","width":600,"height":850},{"@type":"BreadcrumbList","@id":"https:\/\/www.psyke.es\/en\/el-sueno-sirve-para-desdramatizar-los-sucesos-de-nuestra-vida\/#breadcrumb","itemListElement":[{"@type":"ListItem","position":1,"name":"Portada","item":"https:\/\/www.psyke.es\/en\/"},{"@type":"ListItem","position":2,"name":"El sue\u00f1o sirve para desdramatizar los sucesos de nuestra vida"}]},{"@type":"WebSite","@id":"https:\/\/www.psyke.es\/en\/#website","url":"https:\/\/www.psyke.es\/en\/","name":"Psyke","description":"Centro de Psicolog\u00eda","potentialAction":[{"@type":"SearchAction","target":{"@type":"EntryPoint","urlTemplate":"https:\/\/www.psyke.es\/en\/?s={search_term_string}"},"query-input":{"@type":"PropertyValueSpecification","valueRequired":true,"valueName":"search_term_string"}}],"inLanguage":"en-US"},{"@type":"Person","@id":"https:\/\/www.psyke.es\/en\/#\/schema\/person\/87774a2e60512484c09407be020d551a","name":"Tha\u00efs Capella","image":{"@type":"ImageObject","inLanguage":"en-US","@id":"https:\/\/secure.gravatar.com\/avatar\/71847c79c196fcb2761a3960e77f33ed0e684732f3145d9b4af037b8ed17c94c?s=96&d=mm&r=g","url":"https:\/\/secure.gravatar.com\/avatar\/71847c79c196fcb2761a3960e77f33ed0e684732f3145d9b4af037b8ed17c94c?s=96&d=mm&r=g","contentUrl":"https:\/\/secure.gravatar.com\/avatar\/71847c79c196fcb2761a3960e77f33ed0e684732f3145d9b4af037b8ed17c94c?s=96&d=mm&r=g","caption":"Tha\u00efs Capella"},"sameAs":["http:\/\/psyke.es"]}]}},"post_mailing_queue_ids":[],"_links":{"self":[{"href":"https:\/\/www.psyke.es\/en\/wp-json\/wp\/v2\/posts\/7226","targetHints":{"allow":["GET"]}}],"collection":[{"href":"https:\/\/www.psyke.es\/en\/wp-json\/wp\/v2\/posts"}],"about":[{"href":"https:\/\/www.psyke.es\/en\/wp-json\/wp\/v2\/types\/post"}],"author":[{"embeddable":true,"href":"https:\/\/www.psyke.es\/en\/wp-json\/wp\/v2\/users\/3"}],"replies":[{"embeddable":true,"href":"https:\/\/www.psyke.es\/en\/wp-json\/wp\/v2\/comments?post=7226"}],"version-history":[{"count":0,"href":"https:\/\/www.psyke.es\/en\/wp-json\/wp\/v2\/posts\/7226\/revisions"}],"wp:featuredmedia":[{"embeddable":true,"href":"https:\/\/www.psyke.es\/en\/wp-json\/wp\/v2\/media\/5792"}],"wp:attachment":[{"href":"https:\/\/www.psyke.es\/en\/wp-json\/wp\/v2\/media?parent=7226"}],"wp:term":[{"taxonomy":"category","embeddable":true,"href":"https:\/\/www.psyke.es\/en\/wp-json\/wp\/v2\/categories?post=7226"},{"taxonomy":"post_tag","embeddable":true,"href":"https:\/\/www.psyke.es\/en\/wp-json\/wp\/v2\/tags?post=7226"}],"curies":[{"name":"wp","href":"https:\/\/api.w.org\/{rel}","templated":true}]}}