{"id":7229,"date":"2019-01-28T20:57:49","date_gmt":"2019-01-28T20:57:49","guid":{"rendered":"https:\/\/www.psyke.es\/el-arte-de-mirar-ha-de-ser-reaprendido\/"},"modified":"2022-02-21T12:03:14","modified_gmt":"2022-02-21T10:03:14","slug":"el-arte-de-mirar-ha-de-ser-reaprendido","status":"publish","type":"post","link":"https:\/\/www.psyke.es\/en\/el-arte-de-mirar-ha-de-ser-reaprendido\/","title":{"rendered":"\u201cEl arte de mirar ha de ser reaprendido\u201d \u2013Marguerite Duras"},"content":{"rendered":"<p>Desde que nacemos descubrimos el mundo e incorporamos los hallazgos a medida que vamos explorando y ampliando nuestro espacio y capacidades perceptivas. La mente va as\u00ed acumulando sapiencia en base a denominar las cosas con conceptos compartidos para comprender mejor el entorno y tambi\u00e9n poder comunicarse de forma entendible.<br \/>\nSin embargo, las \u201cetiquetas\u201d que ponemos -y que tanto nos facilitan la existencia- tambi\u00e9n nos constri\u00f1en y habit\u00faan a considerar las cosas y personas de forma est\u00e1tica y automatizada, impidiendo captar nuevos y ricos matices que por nuestra constante evoluci\u00f3n quiz\u00e1s no pudimos apreciar en su d\u00eda.<br \/>\nEs lo que ocurre cuando invitamos a los alumnos de Mindfulness a investigar un objeto como si nunca lo hubieran visto en su vida. A pesar de la instrucci\u00f3n, nada m\u00e1s desvelar el objeto la mente lo etiqueta involuntariamente: es imposible no hacerlo. Lo importante aqu\u00ed es -una vez m\u00e1s- \u201cdarse cuenta\u201d, pues es as\u00ed c\u00f3mo vamos descubriendo por nosotros mismos c\u00f3mo nos posicionamos en el mundo ante casi todo.<br \/>\nRecalco la importancia de la experiencia individual de investigar, sin mediaci\u00f3n de otros comentarios externos (que tanto influyen), ni de nuestra propia mente que querr\u00e1 narrar la experiencia a toda costa.<br \/>\nLa \u201cconciencia no narrativa\u201d a la que apelamos con la pr\u00e1ctica meditativa no se \u201ccasa\u201d con nada ni con nadie, solo con lo que se est\u00e1 experimentando en el momento. Tal cual.<\/p>\n<p>Esta premisa sirve tambi\u00e9n para cualquier aprendizaje\u2026<br \/>\nDe hecho Buda no intentaba convencer a nadie, sino que insist\u00eda e invitaba a las personas a investigar por su cuenta todo lo transmitido, de ah\u00ed las cualidades tan pregonadas de apertura y curiosidad que practicamos al meditar.<br \/>\nEsta actitud de \u201cmente de principiante\u201d posibilita abrir los ojos a una visi\u00f3n distinta sobre este mundo y sobre qui\u00e9nes somos, descubriendo as\u00ed todo un abanico de potencialidades que ampl\u00eda nuestras opciones de forma radical.<\/p>\n<p>\u201cTal como el orfebre<br \/>\nfunde, corta y bru\u00f1e el oro minuciosamente,<br \/>\nel sabio s\u00f3lo acepta mis ense\u00f1anzas<br \/>\ntras haberlas examinado cuidadosamente<br \/>\ny no por mera devoci\u00f3n\u201d.<\/p>\n<p>Ense\u00f1anza de Buda Gautama Sakiamuni<br \/>\nIlustraci\u00f3n de Sophie Blackall para \u201cA velocity of being: letters to a Young reader\u201d (La velocidad de Ser: Cartas a un joven lector).<br \/>\nSugerencia: Meditaci\u00f3n n\u00ba 3 \u201cMeditaci\u00f3n aqu\u00ed y ahora: mente-cuerpo-mundo\u201d en www.psyke.es en AUDIOS, es aconsejable aprenderla y aplicarla los minutos que tengamos disponibles, estemos donde estemos y en cualquier momento del d\u00eda. A\u00fana tres anclajes, respiraci\u00f3n, sensaciones corporales y sonidos, en una sola meditaci\u00f3n, para que practiquemos aprender a pararnos, detener el piloto autom\u00e1tico y preguntarnos: \u00bfc\u00f3mo est\u00e1 ahora mi mente? \u00bfc\u00f3mo est\u00e1 mi cuerpo? \u00bfc\u00f3mo est\u00e1 mi mundo? Aumenta el sentido de presencia, siempre con la respiraci\u00f3n de fondo, trayendo la conciencia a la experiencia directa de lo que estemos haciendo en ese momento, y no a las historias que nos contamos sobre lo que estamos haciendo.<\/p>\n","protected":false},"excerpt":{"rendered":"<p>Desde que nacemos descubrimos el mundo e incorporamos los hallazgos a medida que vamos explorando y ampliando nuestro espacio y capacidades perceptivas. La mente va as\u00ed acumulando sapiencia en base a denominar las cosas con conceptos compartidos para comprender mejor el entorno y tambi\u00e9n poder comunicarse de forma entendible. Sin embargo, las \u201cetiquetas\u201d que ponemos [&#8230;]<\/p>\n<p><a class=\"btn btn-secondary understrap-read-more-link\" href=\"https:\/\/www.psyke.es\/en\/el-arte-de-mirar-ha-de-ser-reaprendido\/\">Read More&#8230;<span class=\"screen-reader-text\"> from \u201cEl arte de mirar ha de ser reaprendido\u201d \u2013Marguerite Duras<\/span><\/a><\/p>\n","protected":false},"author":3,"featured_media":5793,"comment_status":"open","ping_status":"open","sticky":false,"template":"","format":"standard","meta":{"footnotes":""},"categories":[80],"tags":[],"class_list":["post-7229","post","type-post","status-publish","format-standard","has-post-thumbnail","hentry","category-therapeutic-reflections-thoughts"],"yoast_head":"<!-- This site is optimized with the Yoast SEO plugin v27.4 - https:\/\/yoast.com\/product\/yoast-seo-wordpress\/ -->\n<title>\u201cEl arte de mirar ha de ser reaprendido\u201d \u2013Marguerite Duras<\/title>\n<meta name=\"description\" content=\"Desde que nacemos descubrimos el mundo e incorporamos los hallazgos a medida que vamos explorando y ampliando nuestro espacio y capacidades.\" \/>\n<meta name=\"robots\" content=\"index, follow, max-snippet:-1, max-image-preview:large, max-video-preview:-1\" \/>\n<link rel=\"canonical\" href=\"https:\/\/www.psyke.es\/en\/el-arte-de-mirar-ha-de-ser-reaprendido\/\" \/>\n<meta property=\"og:locale\" content=\"en_US\" \/>\n<meta property=\"og:type\" content=\"article\" \/>\n<meta property=\"og:title\" content=\"\u201cEl arte de mirar ha de ser reaprendido\u201d \u2013Marguerite Duras\" \/>\n<meta property=\"og:description\" content=\"Desde que nacemos descubrimos el mundo e incorporamos los hallazgos a medida que vamos explorando y ampliando nuestro espacio y capacidades.\" \/>\n<meta property=\"og:url\" content=\"https:\/\/www.psyke.es\/en\/el-arte-de-mirar-ha-de-ser-reaprendido\/\" \/>\n<meta property=\"og:site_name\" content=\"Psyke\" \/>\n<meta property=\"article:published_time\" content=\"2019-01-28T20:57:49+00:00\" \/>\n<meta property=\"article:modified_time\" content=\"2022-02-21T10:03:14+00:00\" \/>\n<meta property=\"og:image\" content=\"https:\/\/www.psyke.es\/wp-content\/uploads\/facebook_posts\/50777249_2277905802280177_8666155705859833856_n_2277905795613511-1.jpg\" \/>\n\t<meta property=\"og:image:width\" content=\"768\" \/>\n\t<meta property=\"og:image:height\" content=\"1024\" \/>\n\t<meta property=\"og:image:type\" content=\"image\/jpeg\" \/>\n<meta name=\"author\" content=\"Tha\u00efs Capella\" \/>\n<meta name=\"twitter:card\" content=\"summary_large_image\" \/>\n<meta name=\"twitter:label1\" content=\"Written by\" \/>\n\t<meta name=\"twitter:data1\" content=\"Tha\u00efs Capella\" \/>\n\t<meta name=\"twitter:label2\" content=\"Est. reading time\" \/>\n\t<meta name=\"twitter:data2\" content=\"3 minutes\" \/>\n<script type=\"application\/ld+json\" class=\"yoast-schema-graph\">{\"@context\":\"https:\\\/\\\/schema.org\",\"@graph\":[{\"@type\":\"Article\",\"@id\":\"https:\\\/\\\/www.psyke.es\\\/en\\\/el-arte-de-mirar-ha-de-ser-reaprendido\\\/#article\",\"isPartOf\":{\"@id\":\"https:\\\/\\\/www.psyke.es\\\/en\\\/el-arte-de-mirar-ha-de-ser-reaprendido\\\/\"},\"author\":{\"name\":\"Tha\u00efs Capella\",\"@id\":\"https:\\\/\\\/www.psyke.es\\\/en\\\/#\\\/schema\\\/person\\\/87774a2e60512484c09407be020d551a\"},\"headline\":\"\u201cEl arte de mirar ha de ser reaprendido\u201d \u2013Marguerite Duras\",\"datePublished\":\"2019-01-28T20:57:49+00:00\",\"dateModified\":\"2022-02-21T10:03:14+00:00\",\"mainEntityOfPage\":{\"@id\":\"https:\\\/\\\/www.psyke.es\\\/en\\\/el-arte-de-mirar-ha-de-ser-reaprendido\\\/\"},\"wordCount\":519,\"commentCount\":0,\"image\":{\"@id\":\"https:\\\/\\\/www.psyke.es\\\/en\\\/el-arte-de-mirar-ha-de-ser-reaprendido\\\/#primaryimage\"},\"thumbnailUrl\":\"https:\\\/\\\/www.psyke.es\\\/wp-content\\\/uploads\\\/facebook_posts\\\/50777249_2277905802280177_8666155705859833856_n_2277905795613511-1.jpg\",\"articleSection\":[\"Thoughts\"],\"inLanguage\":\"en-US\",\"potentialAction\":[{\"@type\":\"CommentAction\",\"name\":\"Comment\",\"target\":[\"https:\\\/\\\/www.psyke.es\\\/en\\\/el-arte-de-mirar-ha-de-ser-reaprendido\\\/#respond\"]}]},{\"@type\":\"WebPage\",\"@id\":\"https:\\\/\\\/www.psyke.es\\\/en\\\/el-arte-de-mirar-ha-de-ser-reaprendido\\\/\",\"url\":\"https:\\\/\\\/www.psyke.es\\\/en\\\/el-arte-de-mirar-ha-de-ser-reaprendido\\\/\",\"name\":\"\u201cEl arte de mirar ha de ser reaprendido\u201d \u2013Marguerite Duras\",\"isPartOf\":{\"@id\":\"https:\\\/\\\/www.psyke.es\\\/en\\\/#website\"},\"primaryImageOfPage\":{\"@id\":\"https:\\\/\\\/www.psyke.es\\\/en\\\/el-arte-de-mirar-ha-de-ser-reaprendido\\\/#primaryimage\"},\"image\":{\"@id\":\"https:\\\/\\\/www.psyke.es\\\/en\\\/el-arte-de-mirar-ha-de-ser-reaprendido\\\/#primaryimage\"},\"thumbnailUrl\":\"https:\\\/\\\/www.psyke.es\\\/wp-content\\\/uploads\\\/facebook_posts\\\/50777249_2277905802280177_8666155705859833856_n_2277905795613511-1.jpg\",\"datePublished\":\"2019-01-28T20:57:49+00:00\",\"dateModified\":\"2022-02-21T10:03:14+00:00\",\"author\":{\"@id\":\"https:\\\/\\\/www.psyke.es\\\/en\\\/#\\\/schema\\\/person\\\/87774a2e60512484c09407be020d551a\"},\"description\":\"Desde que nacemos descubrimos el mundo e incorporamos los hallazgos a medida que vamos explorando y ampliando nuestro espacio y capacidades.\",\"breadcrumb\":{\"@id\":\"https:\\\/\\\/www.psyke.es\\\/en\\\/el-arte-de-mirar-ha-de-ser-reaprendido\\\/#breadcrumb\"},\"inLanguage\":\"en-US\",\"potentialAction\":[{\"@type\":\"ReadAction\",\"target\":[\"https:\\\/\\\/www.psyke.es\\\/en\\\/el-arte-de-mirar-ha-de-ser-reaprendido\\\/\"]}]},{\"@type\":\"ImageObject\",\"inLanguage\":\"en-US\",\"@id\":\"https:\\\/\\\/www.psyke.es\\\/en\\\/el-arte-de-mirar-ha-de-ser-reaprendido\\\/#primaryimage\",\"url\":\"https:\\\/\\\/www.psyke.es\\\/wp-content\\\/uploads\\\/facebook_posts\\\/50777249_2277905802280177_8666155705859833856_n_2277905795613511-1.jpg\",\"contentUrl\":\"https:\\\/\\\/www.psyke.es\\\/wp-content\\\/uploads\\\/facebook_posts\\\/50777249_2277905802280177_8666155705859833856_n_2277905795613511-1.jpg\",\"width\":768,\"height\":1024},{\"@type\":\"BreadcrumbList\",\"@id\":\"https:\\\/\\\/www.psyke.es\\\/en\\\/el-arte-de-mirar-ha-de-ser-reaprendido\\\/#breadcrumb\",\"itemListElement\":[{\"@type\":\"ListItem\",\"position\":1,\"name\":\"Portada\",\"item\":\"https:\\\/\\\/www.psyke.es\\\/en\\\/\"},{\"@type\":\"ListItem\",\"position\":2,\"name\":\"\u201cEl arte de mirar ha de ser reaprendido\u201d \u2013Marguerite Duras\"}]},{\"@type\":\"WebSite\",\"@id\":\"https:\\\/\\\/www.psyke.es\\\/en\\\/#website\",\"url\":\"https:\\\/\\\/www.psyke.es\\\/en\\\/\",\"name\":\"Psyke\",\"description\":\"Centro de Psicolog\u00eda\",\"potentialAction\":[{\"@type\":\"SearchAction\",\"target\":{\"@type\":\"EntryPoint\",\"urlTemplate\":\"https:\\\/\\\/www.psyke.es\\\/en\\\/?s={search_term_string}\"},\"query-input\":{\"@type\":\"PropertyValueSpecification\",\"valueRequired\":true,\"valueName\":\"search_term_string\"}}],\"inLanguage\":\"en-US\"},{\"@type\":\"Person\",\"@id\":\"https:\\\/\\\/www.psyke.es\\\/en\\\/#\\\/schema\\\/person\\\/87774a2e60512484c09407be020d551a\",\"name\":\"Tha\u00efs Capella\",\"image\":{\"@type\":\"ImageObject\",\"inLanguage\":\"en-US\",\"@id\":\"https:\\\/\\\/secure.gravatar.com\\\/avatar\\\/71847c79c196fcb2761a3960e77f33ed0e684732f3145d9b4af037b8ed17c94c?s=96&d=mm&r=g\",\"url\":\"https:\\\/\\\/secure.gravatar.com\\\/avatar\\\/71847c79c196fcb2761a3960e77f33ed0e684732f3145d9b4af037b8ed17c94c?s=96&d=mm&r=g\",\"contentUrl\":\"https:\\\/\\\/secure.gravatar.com\\\/avatar\\\/71847c79c196fcb2761a3960e77f33ed0e684732f3145d9b4af037b8ed17c94c?s=96&d=mm&r=g\",\"caption\":\"Tha\u00efs Capella\"},\"sameAs\":[\"http:\\\/\\\/psyke.es\"]}]}<\/script>\n<!-- \/ Yoast SEO plugin. -->","yoast_head_json":{"title":"\u201cEl arte de mirar ha de ser reaprendido\u201d \u2013Marguerite Duras","description":"Desde que nacemos descubrimos el mundo e incorporamos los hallazgos a medida que vamos explorando y ampliando nuestro espacio y capacidades.","robots":{"index":"index","follow":"follow","max-snippet":"max-snippet:-1","max-image-preview":"max-image-preview:large","max-video-preview":"max-video-preview:-1"},"canonical":"https:\/\/www.psyke.es\/en\/el-arte-de-mirar-ha-de-ser-reaprendido\/","og_locale":"en_US","og_type":"article","og_title":"\u201cEl arte de mirar ha de ser reaprendido\u201d \u2013Marguerite Duras","og_description":"Desde que nacemos descubrimos el mundo e incorporamos los hallazgos a medida que vamos explorando y ampliando nuestro espacio y capacidades.","og_url":"https:\/\/www.psyke.es\/en\/el-arte-de-mirar-ha-de-ser-reaprendido\/","og_site_name":"Psyke","article_published_time":"2019-01-28T20:57:49+00:00","article_modified_time":"2022-02-21T10:03:14+00:00","og_image":[{"width":768,"height":1024,"url":"https:\/\/www.psyke.es\/wp-content\/uploads\/facebook_posts\/50777249_2277905802280177_8666155705859833856_n_2277905795613511-1.jpg","type":"image\/jpeg"}],"author":"Tha\u00efs Capella","twitter_card":"summary_large_image","twitter_misc":{"Written by":"Tha\u00efs Capella","Est. reading time":"3 minutes"},"schema":{"@context":"https:\/\/schema.org","@graph":[{"@type":"Article","@id":"https:\/\/www.psyke.es\/en\/el-arte-de-mirar-ha-de-ser-reaprendido\/#article","isPartOf":{"@id":"https:\/\/www.psyke.es\/en\/el-arte-de-mirar-ha-de-ser-reaprendido\/"},"author":{"name":"Tha\u00efs Capella","@id":"https:\/\/www.psyke.es\/en\/#\/schema\/person\/87774a2e60512484c09407be020d551a"},"headline":"\u201cEl arte de mirar ha de ser reaprendido\u201d \u2013Marguerite Duras","datePublished":"2019-01-28T20:57:49+00:00","dateModified":"2022-02-21T10:03:14+00:00","mainEntityOfPage":{"@id":"https:\/\/www.psyke.es\/en\/el-arte-de-mirar-ha-de-ser-reaprendido\/"},"wordCount":519,"commentCount":0,"image":{"@id":"https:\/\/www.psyke.es\/en\/el-arte-de-mirar-ha-de-ser-reaprendido\/#primaryimage"},"thumbnailUrl":"https:\/\/www.psyke.es\/wp-content\/uploads\/facebook_posts\/50777249_2277905802280177_8666155705859833856_n_2277905795613511-1.jpg","articleSection":["Thoughts"],"inLanguage":"en-US","potentialAction":[{"@type":"CommentAction","name":"Comment","target":["https:\/\/www.psyke.es\/en\/el-arte-de-mirar-ha-de-ser-reaprendido\/#respond"]}]},{"@type":"WebPage","@id":"https:\/\/www.psyke.es\/en\/el-arte-de-mirar-ha-de-ser-reaprendido\/","url":"https:\/\/www.psyke.es\/en\/el-arte-de-mirar-ha-de-ser-reaprendido\/","name":"\u201cEl arte de mirar ha de ser reaprendido\u201d \u2013Marguerite Duras","isPartOf":{"@id":"https:\/\/www.psyke.es\/en\/#website"},"primaryImageOfPage":{"@id":"https:\/\/www.psyke.es\/en\/el-arte-de-mirar-ha-de-ser-reaprendido\/#primaryimage"},"image":{"@id":"https:\/\/www.psyke.es\/en\/el-arte-de-mirar-ha-de-ser-reaprendido\/#primaryimage"},"thumbnailUrl":"https:\/\/www.psyke.es\/wp-content\/uploads\/facebook_posts\/50777249_2277905802280177_8666155705859833856_n_2277905795613511-1.jpg","datePublished":"2019-01-28T20:57:49+00:00","dateModified":"2022-02-21T10:03:14+00:00","author":{"@id":"https:\/\/www.psyke.es\/en\/#\/schema\/person\/87774a2e60512484c09407be020d551a"},"description":"Desde que nacemos descubrimos el mundo e incorporamos los hallazgos a medida que vamos explorando y ampliando nuestro espacio y capacidades.","breadcrumb":{"@id":"https:\/\/www.psyke.es\/en\/el-arte-de-mirar-ha-de-ser-reaprendido\/#breadcrumb"},"inLanguage":"en-US","potentialAction":[{"@type":"ReadAction","target":["https:\/\/www.psyke.es\/en\/el-arte-de-mirar-ha-de-ser-reaprendido\/"]}]},{"@type":"ImageObject","inLanguage":"en-US","@id":"https:\/\/www.psyke.es\/en\/el-arte-de-mirar-ha-de-ser-reaprendido\/#primaryimage","url":"https:\/\/www.psyke.es\/wp-content\/uploads\/facebook_posts\/50777249_2277905802280177_8666155705859833856_n_2277905795613511-1.jpg","contentUrl":"https:\/\/www.psyke.es\/wp-content\/uploads\/facebook_posts\/50777249_2277905802280177_8666155705859833856_n_2277905795613511-1.jpg","width":768,"height":1024},{"@type":"BreadcrumbList","@id":"https:\/\/www.psyke.es\/en\/el-arte-de-mirar-ha-de-ser-reaprendido\/#breadcrumb","itemListElement":[{"@type":"ListItem","position":1,"name":"Portada","item":"https:\/\/www.psyke.es\/en\/"},{"@type":"ListItem","position":2,"name":"\u201cEl arte de mirar ha de ser reaprendido\u201d \u2013Marguerite Duras"}]},{"@type":"WebSite","@id":"https:\/\/www.psyke.es\/en\/#website","url":"https:\/\/www.psyke.es\/en\/","name":"Psyke","description":"Centro de Psicolog\u00eda","potentialAction":[{"@type":"SearchAction","target":{"@type":"EntryPoint","urlTemplate":"https:\/\/www.psyke.es\/en\/?s={search_term_string}"},"query-input":{"@type":"PropertyValueSpecification","valueRequired":true,"valueName":"search_term_string"}}],"inLanguage":"en-US"},{"@type":"Person","@id":"https:\/\/www.psyke.es\/en\/#\/schema\/person\/87774a2e60512484c09407be020d551a","name":"Tha\u00efs Capella","image":{"@type":"ImageObject","inLanguage":"en-US","@id":"https:\/\/secure.gravatar.com\/avatar\/71847c79c196fcb2761a3960e77f33ed0e684732f3145d9b4af037b8ed17c94c?s=96&d=mm&r=g","url":"https:\/\/secure.gravatar.com\/avatar\/71847c79c196fcb2761a3960e77f33ed0e684732f3145d9b4af037b8ed17c94c?s=96&d=mm&r=g","contentUrl":"https:\/\/secure.gravatar.com\/avatar\/71847c79c196fcb2761a3960e77f33ed0e684732f3145d9b4af037b8ed17c94c?s=96&d=mm&r=g","caption":"Tha\u00efs Capella"},"sameAs":["http:\/\/psyke.es"]}]}},"post_mailing_queue_ids":[],"_links":{"self":[{"href":"https:\/\/www.psyke.es\/en\/wp-json\/wp\/v2\/posts\/7229","targetHints":{"allow":["GET"]}}],"collection":[{"href":"https:\/\/www.psyke.es\/en\/wp-json\/wp\/v2\/posts"}],"about":[{"href":"https:\/\/www.psyke.es\/en\/wp-json\/wp\/v2\/types\/post"}],"author":[{"embeddable":true,"href":"https:\/\/www.psyke.es\/en\/wp-json\/wp\/v2\/users\/3"}],"replies":[{"embeddable":true,"href":"https:\/\/www.psyke.es\/en\/wp-json\/wp\/v2\/comments?post=7229"}],"version-history":[{"count":0,"href":"https:\/\/www.psyke.es\/en\/wp-json\/wp\/v2\/posts\/7229\/revisions"}],"wp:featuredmedia":[{"embeddable":true,"href":"https:\/\/www.psyke.es\/en\/wp-json\/wp\/v2\/media\/5793"}],"wp:attachment":[{"href":"https:\/\/www.psyke.es\/en\/wp-json\/wp\/v2\/media?parent=7229"}],"wp:term":[{"taxonomy":"category","embeddable":true,"href":"https:\/\/www.psyke.es\/en\/wp-json\/wp\/v2\/categories?post=7229"},{"taxonomy":"post_tag","embeddable":true,"href":"https:\/\/www.psyke.es\/en\/wp-json\/wp\/v2\/tags?post=7229"}],"curies":[{"name":"wp","href":"https:\/\/api.w.org\/{rel}","templated":true}]}}