{"id":7269,"date":"2018-10-15T19:08:11","date_gmt":"2018-10-15T19:08:11","guid":{"rendered":"https:\/\/www.psyke.es\/la-atencion-no-pide-permiso-se-percata-de-aquello-que-nos-interesa-y-nos-orienta-para-fijarnos-solo-en-eso\/"},"modified":"2022-02-21T12:47:24","modified_gmt":"2022-02-21T10:47:24","slug":"la-atencion-no-pide-permiso-se-percata-de-aquello-que-nos-interesa-y-nos-orienta-para-fijarnos-solo-en-eso","status":"publish","type":"post","link":"https:\/\/www.psyke.es\/en\/la-atencion-no-pide-permiso-se-percata-de-aquello-que-nos-interesa-y-nos-orienta-para-fijarnos-solo-en-eso\/","title":{"rendered":"La atenci\u00f3n no pide permiso. Se percata de aquello que nos interesa y nos orienta para fijarnos solo en eso"},"content":{"rendered":"<p>En esta ilustraci\u00f3n contemplamos una escena que se repite con asiduidad: el adulto \u201catiende\u201d una conversaci\u00f3n por el m\u00f3vil, mientras el ni\u00f1o \u2013que est\u00e1 en plena \u201cmente de principiante\u201d gracias a su etapa evolutiva- aprecia las flores que crecen en medio del asfalto.<\/p>\n<p>El arte de saber mirar las cosas con ojos nuevos ha de ser reaprendida.<\/p>\n<p>Y es que si no paramos a reflexionar intencionadamente, &#8220;c\u00f3mo vivimos nuestros d\u00edas en la actualidad es c\u00f3mo pasaremos el resto de nuestra vida&#8221;. Es as\u00ed c\u00f3mo nos puede llegar a dirigir nuestro particular piloto autom\u00e1tico.<\/p>\n<p>Y la vida urbana es lo que m\u00e1s nos desv\u00eda del significado y prop\u00f3sito de nuestras vidas, ya que nos aleja de la naturaleza y difumina las referencias que nos recuerdan que formamos parte de algo superior, de algo que nos une como humanos y de la tragedia de saber \u2013conscientemente- que no vamos a estar aqu\u00ed siempre.<\/p>\n<p>Para no perdernos en las aflicciones mentales cotidianas, hemos de comprometernos a volver nuestra atenci\u00f3n al presente. La pr\u00e1ctica de Mindfulness nos ayuda a \u201cpillarnos\u201d cuando la vida ajetreada nos distrae de lo que para nosotros es principal: nuestros valores y aquello que da sentido a nuestras vidas.<br \/>\nPASOS:<br \/>\n1) PILLARNOS: Nos damos cuenta de que estamos reconcomi\u00e9ndonos internamente con algo que nos est\u00e1 sentando mal.<br \/>\n2) OBSERVAR y ACEPTAR: Sin enfadarnos, ni hacer de ello un problema, simplemente nos percatamos y reconocemos nuestra tendencia, nuestro patr\u00f3n.<br \/>\n3) SOLTAMOS: no podemos dejar ir aquello que no hemos aceptado previamente.<br \/>\n4) PRESENTE: volvemos nuestra atenci\u00f3n \u2013escolt\u00e1ndola amablemente- a lo que estemos haciendo en ese momento, con plena atenci\u00f3n, curiosa y abierta a la experiencia.<br \/>\nSeg\u00fan la fil\u00f3sofa francesa, Simon Weil: \u201cLa atenci\u00f3n es la m\u00e1s rara y la m\u00e1s pura forma de mostrar nuestra generosidad\u201d.<br \/>\nAtenci\u00f3n, pues, a nuestros seres m\u00e1s queridos, a la naturaleza y a la vida misma, ef\u00edmera y enriquecedora siempre, si sabemos apreciarla con apertura en toda su intensidad\u2026<\/p>\n<p>\u201cUn hombre solo acoge aquello para lo que est\u00e1 preparado. Escucha y aprehende lo que ya \u2018medio-sabe\u2019. Si algo no le concierne, o est\u00e1 fuera de su l\u00ednea tanto por experiencia como por intelecto, y no atrae su atenci\u00f3n, por muy novedoso o valioso que sea: si es pronunciado, no lo escucha, si est\u00e1 escrito, no lo lee y, aunque lo leyera, no le llevar\u00eda a la reflexi\u00f3n. Cada persona, pues, va avanzando as\u00ed por la vida con todo lo que ha escuchado, le\u00eddo, observado y viajado. Sus observaciones van formando una cadena y los fen\u00f3menos o hechos que no pueden sumarse a esa cadena, no son ni siquiera contemplados\u201d.<\/p>\n<p>Extracto del \u201cDiario de Henry David Thoreau (1837-1861)\u201d<br \/>\nIlustraci\u00f3n de Sydeney Smith, para \u201cSidewalk Flowers\u201d (Flores en la acera) de JonArno Lawson, un canto al presente.<br \/>\nSugerencia: Meditaciones n\u00ba 3a, 3b y 3c Meditaciones: sentados con la \u201crespiraci\u00f3n\u201d, con \u201cel cuerpo\u201d y \u201clos sonidos\u201d en www.psyke.es. Tres meditaciones breves (10m) que nos ayudan a entrenar la atenci\u00f3n asentando nuestra mente sobre tres anclajes: la respiraci\u00f3n, el cuerpo y los sonidos. Al entrenar la atenci\u00f3n, somos m\u00e1s capaces de virarla suavemente hacia lo que nosotros conscientemente queremos y no hacia donde nos lleva constantemente nuestra mente, sesgada en negativo, por nuestra evoluci\u00f3n.<\/p>\n","protected":false},"excerpt":{"rendered":"<p>En esta ilustraci\u00f3n contemplamos una escena que se repite con asiduidad: el adulto \u201catiende\u201d una conversaci\u00f3n por el m\u00f3vil, mientras el ni\u00f1o \u2013que est\u00e1 en plena \u201cmente de principiante\u201d gracias a su etapa evolutiva- aprecia las flores que crecen en medio del asfalto. El arte de saber mirar las cosas con ojos nuevos ha de [&#8230;]<\/p>\n<p><a class=\"btn btn-secondary understrap-read-more-link\" href=\"https:\/\/www.psyke.es\/en\/la-atencion-no-pide-permiso-se-percata-de-aquello-que-nos-interesa-y-nos-orienta-para-fijarnos-solo-en-eso\/\">Read More&#8230;<span class=\"screen-reader-text\"> from La atenci\u00f3n no pide permiso. Se percata de aquello que nos interesa y nos orienta para fijarnos solo en eso<\/span><\/a><\/p>\n","protected":false},"author":3,"featured_media":5806,"comment_status":"open","ping_status":"open","sticky":false,"template":"","format":"standard","meta":{"footnotes":""},"categories":[80],"tags":[],"class_list":["post-7269","post","type-post","status-publish","format-standard","has-post-thumbnail","hentry","category-therapeutic-reflections-thoughts"],"yoast_head":"<!-- This site is optimized with the Yoast SEO plugin v27.4 - https:\/\/yoast.com\/product\/yoast-seo-wordpress\/ -->\n<title>La atenci\u00f3n no pide permiso. Se percata de aquello que nos interesa y nos orienta para fijarnos solo en eso<\/title>\n<meta name=\"description\" content=\"Si no paramos a reflexionar intencionadamente, &quot;c\u00f3mo vivimos nuestros d\u00edas en la actualidad es c\u00f3mo pasaremos el resto de nuestra vida&quot;.\" \/>\n<meta name=\"robots\" content=\"index, follow, max-snippet:-1, max-image-preview:large, max-video-preview:-1\" \/>\n<link rel=\"canonical\" href=\"https:\/\/www.psyke.es\/en\/la-atencion-no-pide-permiso-se-percata-de-aquello-que-nos-interesa-y-nos-orienta-para-fijarnos-solo-en-eso\/\" \/>\n<meta property=\"og:locale\" content=\"en_US\" \/>\n<meta property=\"og:type\" content=\"article\" \/>\n<meta property=\"og:title\" content=\"La atenci\u00f3n no pide permiso. Se percata de aquello que nos interesa y nos orienta para fijarnos solo en eso\" \/>\n<meta property=\"og:description\" content=\"Si no paramos a reflexionar intencionadamente, &quot;c\u00f3mo vivimos nuestros d\u00edas en la actualidad es c\u00f3mo pasaremos el resto de nuestra vida&quot;.\" \/>\n<meta property=\"og:url\" content=\"https:\/\/www.psyke.es\/en\/la-atencion-no-pide-permiso-se-percata-de-aquello-que-nos-interesa-y-nos-orienta-para-fijarnos-solo-en-eso\/\" \/>\n<meta property=\"og:site_name\" content=\"Psyke\" \/>\n<meta property=\"article:published_time\" content=\"2018-10-15T19:08:11+00:00\" \/>\n<meta property=\"article:modified_time\" content=\"2022-02-21T10:47:24+00:00\" \/>\n<meta property=\"og:image\" content=\"https:\/\/www.psyke.es\/wp-content\/uploads\/facebook_posts\/44088680_2072378196166273_289576315823063040_n_2072378186166274-2.jpg\" \/>\n\t<meta property=\"og:image:width\" content=\"600\" \/>\n\t<meta property=\"og:image:height\" content=\"606\" \/>\n\t<meta property=\"og:image:type\" content=\"image\/jpeg\" \/>\n<meta name=\"author\" content=\"Tha\u00efs Capella\" \/>\n<meta name=\"twitter:card\" content=\"summary_large_image\" \/>\n<meta name=\"twitter:label1\" content=\"Written by\" \/>\n\t<meta name=\"twitter:data1\" content=\"Tha\u00efs Capella\" \/>\n\t<meta name=\"twitter:label2\" content=\"Est. reading time\" \/>\n\t<meta name=\"twitter:data2\" content=\"3 minutes\" \/>\n<script type=\"application\/ld+json\" class=\"yoast-schema-graph\">{\"@context\":\"https:\\\/\\\/schema.org\",\"@graph\":[{\"@type\":\"Article\",\"@id\":\"https:\\\/\\\/www.psyke.es\\\/en\\\/la-atencion-no-pide-permiso-se-percata-de-aquello-que-nos-interesa-y-nos-orienta-para-fijarnos-solo-en-eso\\\/#article\",\"isPartOf\":{\"@id\":\"https:\\\/\\\/www.psyke.es\\\/en\\\/la-atencion-no-pide-permiso-se-percata-de-aquello-que-nos-interesa-y-nos-orienta-para-fijarnos-solo-en-eso\\\/\"},\"author\":{\"name\":\"Tha\u00efs Capella\",\"@id\":\"https:\\\/\\\/www.psyke.es\\\/en\\\/#\\\/schema\\\/person\\\/87774a2e60512484c09407be020d551a\"},\"headline\":\"La atenci\u00f3n no pide permiso. Se percata de aquello que nos interesa y nos orienta para fijarnos solo en eso\",\"datePublished\":\"2018-10-15T19:08:11+00:00\",\"dateModified\":\"2022-02-21T10:47:24+00:00\",\"mainEntityOfPage\":{\"@id\":\"https:\\\/\\\/www.psyke.es\\\/en\\\/la-atencion-no-pide-permiso-se-percata-de-aquello-que-nos-interesa-y-nos-orienta-para-fijarnos-solo-en-eso\\\/\"},\"wordCount\":593,\"commentCount\":0,\"image\":{\"@id\":\"https:\\\/\\\/www.psyke.es\\\/en\\\/la-atencion-no-pide-permiso-se-percata-de-aquello-que-nos-interesa-y-nos-orienta-para-fijarnos-solo-en-eso\\\/#primaryimage\"},\"thumbnailUrl\":\"https:\\\/\\\/www.psyke.es\\\/wp-content\\\/uploads\\\/facebook_posts\\\/44088680_2072378196166273_289576315823063040_n_2072378186166274-2.jpg\",\"articleSection\":[\"Thoughts\"],\"inLanguage\":\"en-US\",\"potentialAction\":[{\"@type\":\"CommentAction\",\"name\":\"Comment\",\"target\":[\"https:\\\/\\\/www.psyke.es\\\/en\\\/la-atencion-no-pide-permiso-se-percata-de-aquello-que-nos-interesa-y-nos-orienta-para-fijarnos-solo-en-eso\\\/#respond\"]}]},{\"@type\":\"WebPage\",\"@id\":\"https:\\\/\\\/www.psyke.es\\\/en\\\/la-atencion-no-pide-permiso-se-percata-de-aquello-que-nos-interesa-y-nos-orienta-para-fijarnos-solo-en-eso\\\/\",\"url\":\"https:\\\/\\\/www.psyke.es\\\/en\\\/la-atencion-no-pide-permiso-se-percata-de-aquello-que-nos-interesa-y-nos-orienta-para-fijarnos-solo-en-eso\\\/\",\"name\":\"La atenci\u00f3n no pide permiso. Se percata de aquello que nos interesa y nos orienta para fijarnos solo en eso\",\"isPartOf\":{\"@id\":\"https:\\\/\\\/www.psyke.es\\\/en\\\/#website\"},\"primaryImageOfPage\":{\"@id\":\"https:\\\/\\\/www.psyke.es\\\/en\\\/la-atencion-no-pide-permiso-se-percata-de-aquello-que-nos-interesa-y-nos-orienta-para-fijarnos-solo-en-eso\\\/#primaryimage\"},\"image\":{\"@id\":\"https:\\\/\\\/www.psyke.es\\\/en\\\/la-atencion-no-pide-permiso-se-percata-de-aquello-que-nos-interesa-y-nos-orienta-para-fijarnos-solo-en-eso\\\/#primaryimage\"},\"thumbnailUrl\":\"https:\\\/\\\/www.psyke.es\\\/wp-content\\\/uploads\\\/facebook_posts\\\/44088680_2072378196166273_289576315823063040_n_2072378186166274-2.jpg\",\"datePublished\":\"2018-10-15T19:08:11+00:00\",\"dateModified\":\"2022-02-21T10:47:24+00:00\",\"author\":{\"@id\":\"https:\\\/\\\/www.psyke.es\\\/en\\\/#\\\/schema\\\/person\\\/87774a2e60512484c09407be020d551a\"},\"description\":\"Si no paramos a reflexionar intencionadamente, \\\"c\u00f3mo vivimos nuestros d\u00edas en la actualidad es c\u00f3mo pasaremos el resto de nuestra vida\\\".\",\"breadcrumb\":{\"@id\":\"https:\\\/\\\/www.psyke.es\\\/en\\\/la-atencion-no-pide-permiso-se-percata-de-aquello-que-nos-interesa-y-nos-orienta-para-fijarnos-solo-en-eso\\\/#breadcrumb\"},\"inLanguage\":\"en-US\",\"potentialAction\":[{\"@type\":\"ReadAction\",\"target\":[\"https:\\\/\\\/www.psyke.es\\\/en\\\/la-atencion-no-pide-permiso-se-percata-de-aquello-que-nos-interesa-y-nos-orienta-para-fijarnos-solo-en-eso\\\/\"]}]},{\"@type\":\"ImageObject\",\"inLanguage\":\"en-US\",\"@id\":\"https:\\\/\\\/www.psyke.es\\\/en\\\/la-atencion-no-pide-permiso-se-percata-de-aquello-que-nos-interesa-y-nos-orienta-para-fijarnos-solo-en-eso\\\/#primaryimage\",\"url\":\"https:\\\/\\\/www.psyke.es\\\/wp-content\\\/uploads\\\/facebook_posts\\\/44088680_2072378196166273_289576315823063040_n_2072378186166274-2.jpg\",\"contentUrl\":\"https:\\\/\\\/www.psyke.es\\\/wp-content\\\/uploads\\\/facebook_posts\\\/44088680_2072378196166273_289576315823063040_n_2072378186166274-2.jpg\",\"width\":600,\"height\":606},{\"@type\":\"BreadcrumbList\",\"@id\":\"https:\\\/\\\/www.psyke.es\\\/en\\\/la-atencion-no-pide-permiso-se-percata-de-aquello-que-nos-interesa-y-nos-orienta-para-fijarnos-solo-en-eso\\\/#breadcrumb\",\"itemListElement\":[{\"@type\":\"ListItem\",\"position\":1,\"name\":\"Portada\",\"item\":\"https:\\\/\\\/www.psyke.es\\\/en\\\/\"},{\"@type\":\"ListItem\",\"position\":2,\"name\":\"La atenci\u00f3n no pide permiso. Se percata de aquello que nos interesa y nos orienta para fijarnos solo en eso\"}]},{\"@type\":\"WebSite\",\"@id\":\"https:\\\/\\\/www.psyke.es\\\/en\\\/#website\",\"url\":\"https:\\\/\\\/www.psyke.es\\\/en\\\/\",\"name\":\"Psyke\",\"description\":\"Centro de Psicolog\u00eda\",\"potentialAction\":[{\"@type\":\"SearchAction\",\"target\":{\"@type\":\"EntryPoint\",\"urlTemplate\":\"https:\\\/\\\/www.psyke.es\\\/en\\\/?s={search_term_string}\"},\"query-input\":{\"@type\":\"PropertyValueSpecification\",\"valueRequired\":true,\"valueName\":\"search_term_string\"}}],\"inLanguage\":\"en-US\"},{\"@type\":\"Person\",\"@id\":\"https:\\\/\\\/www.psyke.es\\\/en\\\/#\\\/schema\\\/person\\\/87774a2e60512484c09407be020d551a\",\"name\":\"Tha\u00efs Capella\",\"image\":{\"@type\":\"ImageObject\",\"inLanguage\":\"en-US\",\"@id\":\"https:\\\/\\\/secure.gravatar.com\\\/avatar\\\/71847c79c196fcb2761a3960e77f33ed0e684732f3145d9b4af037b8ed17c94c?s=96&d=mm&r=g\",\"url\":\"https:\\\/\\\/secure.gravatar.com\\\/avatar\\\/71847c79c196fcb2761a3960e77f33ed0e684732f3145d9b4af037b8ed17c94c?s=96&d=mm&r=g\",\"contentUrl\":\"https:\\\/\\\/secure.gravatar.com\\\/avatar\\\/71847c79c196fcb2761a3960e77f33ed0e684732f3145d9b4af037b8ed17c94c?s=96&d=mm&r=g\",\"caption\":\"Tha\u00efs Capella\"},\"sameAs\":[\"http:\\\/\\\/psyke.es\"]}]}<\/script>\n<!-- \/ Yoast SEO plugin. -->","yoast_head_json":{"title":"La atenci\u00f3n no pide permiso. Se percata de aquello que nos interesa y nos orienta para fijarnos solo en eso","description":"Si no paramos a reflexionar intencionadamente, \"c\u00f3mo vivimos nuestros d\u00edas en la actualidad es c\u00f3mo pasaremos el resto de nuestra vida\".","robots":{"index":"index","follow":"follow","max-snippet":"max-snippet:-1","max-image-preview":"max-image-preview:large","max-video-preview":"max-video-preview:-1"},"canonical":"https:\/\/www.psyke.es\/en\/la-atencion-no-pide-permiso-se-percata-de-aquello-que-nos-interesa-y-nos-orienta-para-fijarnos-solo-en-eso\/","og_locale":"en_US","og_type":"article","og_title":"La atenci\u00f3n no pide permiso. Se percata de aquello que nos interesa y nos orienta para fijarnos solo en eso","og_description":"Si no paramos a reflexionar intencionadamente, \"c\u00f3mo vivimos nuestros d\u00edas en la actualidad es c\u00f3mo pasaremos el resto de nuestra vida\".","og_url":"https:\/\/www.psyke.es\/en\/la-atencion-no-pide-permiso-se-percata-de-aquello-que-nos-interesa-y-nos-orienta-para-fijarnos-solo-en-eso\/","og_site_name":"Psyke","article_published_time":"2018-10-15T19:08:11+00:00","article_modified_time":"2022-02-21T10:47:24+00:00","og_image":[{"width":600,"height":606,"url":"https:\/\/www.psyke.es\/wp-content\/uploads\/facebook_posts\/44088680_2072378196166273_289576315823063040_n_2072378186166274-2.jpg","type":"image\/jpeg"}],"author":"Tha\u00efs Capella","twitter_card":"summary_large_image","twitter_misc":{"Written by":"Tha\u00efs Capella","Est. reading time":"3 minutes"},"schema":{"@context":"https:\/\/schema.org","@graph":[{"@type":"Article","@id":"https:\/\/www.psyke.es\/en\/la-atencion-no-pide-permiso-se-percata-de-aquello-que-nos-interesa-y-nos-orienta-para-fijarnos-solo-en-eso\/#article","isPartOf":{"@id":"https:\/\/www.psyke.es\/en\/la-atencion-no-pide-permiso-se-percata-de-aquello-que-nos-interesa-y-nos-orienta-para-fijarnos-solo-en-eso\/"},"author":{"name":"Tha\u00efs Capella","@id":"https:\/\/www.psyke.es\/en\/#\/schema\/person\/87774a2e60512484c09407be020d551a"},"headline":"La atenci\u00f3n no pide permiso. Se percata de aquello que nos interesa y nos orienta para fijarnos solo en eso","datePublished":"2018-10-15T19:08:11+00:00","dateModified":"2022-02-21T10:47:24+00:00","mainEntityOfPage":{"@id":"https:\/\/www.psyke.es\/en\/la-atencion-no-pide-permiso-se-percata-de-aquello-que-nos-interesa-y-nos-orienta-para-fijarnos-solo-en-eso\/"},"wordCount":593,"commentCount":0,"image":{"@id":"https:\/\/www.psyke.es\/en\/la-atencion-no-pide-permiso-se-percata-de-aquello-que-nos-interesa-y-nos-orienta-para-fijarnos-solo-en-eso\/#primaryimage"},"thumbnailUrl":"https:\/\/www.psyke.es\/wp-content\/uploads\/facebook_posts\/44088680_2072378196166273_289576315823063040_n_2072378186166274-2.jpg","articleSection":["Thoughts"],"inLanguage":"en-US","potentialAction":[{"@type":"CommentAction","name":"Comment","target":["https:\/\/www.psyke.es\/en\/la-atencion-no-pide-permiso-se-percata-de-aquello-que-nos-interesa-y-nos-orienta-para-fijarnos-solo-en-eso\/#respond"]}]},{"@type":"WebPage","@id":"https:\/\/www.psyke.es\/en\/la-atencion-no-pide-permiso-se-percata-de-aquello-que-nos-interesa-y-nos-orienta-para-fijarnos-solo-en-eso\/","url":"https:\/\/www.psyke.es\/en\/la-atencion-no-pide-permiso-se-percata-de-aquello-que-nos-interesa-y-nos-orienta-para-fijarnos-solo-en-eso\/","name":"La atenci\u00f3n no pide permiso. Se percata de aquello que nos interesa y nos orienta para fijarnos solo en eso","isPartOf":{"@id":"https:\/\/www.psyke.es\/en\/#website"},"primaryImageOfPage":{"@id":"https:\/\/www.psyke.es\/en\/la-atencion-no-pide-permiso-se-percata-de-aquello-que-nos-interesa-y-nos-orienta-para-fijarnos-solo-en-eso\/#primaryimage"},"image":{"@id":"https:\/\/www.psyke.es\/en\/la-atencion-no-pide-permiso-se-percata-de-aquello-que-nos-interesa-y-nos-orienta-para-fijarnos-solo-en-eso\/#primaryimage"},"thumbnailUrl":"https:\/\/www.psyke.es\/wp-content\/uploads\/facebook_posts\/44088680_2072378196166273_289576315823063040_n_2072378186166274-2.jpg","datePublished":"2018-10-15T19:08:11+00:00","dateModified":"2022-02-21T10:47:24+00:00","author":{"@id":"https:\/\/www.psyke.es\/en\/#\/schema\/person\/87774a2e60512484c09407be020d551a"},"description":"Si no paramos a reflexionar intencionadamente, \"c\u00f3mo vivimos nuestros d\u00edas en la actualidad es c\u00f3mo pasaremos el resto de nuestra vida\".","breadcrumb":{"@id":"https:\/\/www.psyke.es\/en\/la-atencion-no-pide-permiso-se-percata-de-aquello-que-nos-interesa-y-nos-orienta-para-fijarnos-solo-en-eso\/#breadcrumb"},"inLanguage":"en-US","potentialAction":[{"@type":"ReadAction","target":["https:\/\/www.psyke.es\/en\/la-atencion-no-pide-permiso-se-percata-de-aquello-que-nos-interesa-y-nos-orienta-para-fijarnos-solo-en-eso\/"]}]},{"@type":"ImageObject","inLanguage":"en-US","@id":"https:\/\/www.psyke.es\/en\/la-atencion-no-pide-permiso-se-percata-de-aquello-que-nos-interesa-y-nos-orienta-para-fijarnos-solo-en-eso\/#primaryimage","url":"https:\/\/www.psyke.es\/wp-content\/uploads\/facebook_posts\/44088680_2072378196166273_289576315823063040_n_2072378186166274-2.jpg","contentUrl":"https:\/\/www.psyke.es\/wp-content\/uploads\/facebook_posts\/44088680_2072378196166273_289576315823063040_n_2072378186166274-2.jpg","width":600,"height":606},{"@type":"BreadcrumbList","@id":"https:\/\/www.psyke.es\/en\/la-atencion-no-pide-permiso-se-percata-de-aquello-que-nos-interesa-y-nos-orienta-para-fijarnos-solo-en-eso\/#breadcrumb","itemListElement":[{"@type":"ListItem","position":1,"name":"Portada","item":"https:\/\/www.psyke.es\/en\/"},{"@type":"ListItem","position":2,"name":"La atenci\u00f3n no pide permiso. Se percata de aquello que nos interesa y nos orienta para fijarnos solo en eso"}]},{"@type":"WebSite","@id":"https:\/\/www.psyke.es\/en\/#website","url":"https:\/\/www.psyke.es\/en\/","name":"Psyke","description":"Centro de Psicolog\u00eda","potentialAction":[{"@type":"SearchAction","target":{"@type":"EntryPoint","urlTemplate":"https:\/\/www.psyke.es\/en\/?s={search_term_string}"},"query-input":{"@type":"PropertyValueSpecification","valueRequired":true,"valueName":"search_term_string"}}],"inLanguage":"en-US"},{"@type":"Person","@id":"https:\/\/www.psyke.es\/en\/#\/schema\/person\/87774a2e60512484c09407be020d551a","name":"Tha\u00efs Capella","image":{"@type":"ImageObject","inLanguage":"en-US","@id":"https:\/\/secure.gravatar.com\/avatar\/71847c79c196fcb2761a3960e77f33ed0e684732f3145d9b4af037b8ed17c94c?s=96&d=mm&r=g","url":"https:\/\/secure.gravatar.com\/avatar\/71847c79c196fcb2761a3960e77f33ed0e684732f3145d9b4af037b8ed17c94c?s=96&d=mm&r=g","contentUrl":"https:\/\/secure.gravatar.com\/avatar\/71847c79c196fcb2761a3960e77f33ed0e684732f3145d9b4af037b8ed17c94c?s=96&d=mm&r=g","caption":"Tha\u00efs Capella"},"sameAs":["http:\/\/psyke.es"]}]}},"post_mailing_queue_ids":[],"_links":{"self":[{"href":"https:\/\/www.psyke.es\/en\/wp-json\/wp\/v2\/posts\/7269","targetHints":{"allow":["GET"]}}],"collection":[{"href":"https:\/\/www.psyke.es\/en\/wp-json\/wp\/v2\/posts"}],"about":[{"href":"https:\/\/www.psyke.es\/en\/wp-json\/wp\/v2\/types\/post"}],"author":[{"embeddable":true,"href":"https:\/\/www.psyke.es\/en\/wp-json\/wp\/v2\/users\/3"}],"replies":[{"embeddable":true,"href":"https:\/\/www.psyke.es\/en\/wp-json\/wp\/v2\/comments?post=7269"}],"version-history":[{"count":0,"href":"https:\/\/www.psyke.es\/en\/wp-json\/wp\/v2\/posts\/7269\/revisions"}],"wp:featuredmedia":[{"embeddable":true,"href":"https:\/\/www.psyke.es\/en\/wp-json\/wp\/v2\/media\/5806"}],"wp:attachment":[{"href":"https:\/\/www.psyke.es\/en\/wp-json\/wp\/v2\/media?parent=7269"}],"wp:term":[{"taxonomy":"category","embeddable":true,"href":"https:\/\/www.psyke.es\/en\/wp-json\/wp\/v2\/categories?post=7269"},{"taxonomy":"post_tag","embeddable":true,"href":"https:\/\/www.psyke.es\/en\/wp-json\/wp\/v2\/tags?post=7269"}],"curies":[{"name":"wp","href":"https:\/\/api.w.org\/{rel}","templated":true}]}}