{"id":7293,"date":"2018-05-28T20:36:18","date_gmt":"2018-05-28T20:36:18","guid":{"rendered":"https:\/\/www.psyke.es\/nadie-se-mueve-de-donde-esta-si-antes-no-siente-incomodidad\/"},"modified":"2022-02-21T13:00:40","modified_gmt":"2022-02-21T11:00:40","slug":"nadie-se-mueve-de-donde-esta-si-antes-no-siente-incomodidad","status":"publish","type":"post","link":"https:\/\/www.psyke.es\/en\/nadie-se-mueve-de-donde-esta-si-antes-no-siente-incomodidad\/","title":{"rendered":"Nadie se mueve de donde est\u00e1 si antes no siente incomodidad"},"content":{"rendered":"<p>Como organismos altamente adaptativos, hemos de mantenernos alertas a lo que nos mueve, a aquello que nos entusiasma, para no caer en la rutina del piloto autom\u00e1tico que nos lleva de un d\u00eda a otro, repetida y ap\u00e1ticamente, por el mismo aburrido sendero. Necesitamos sentir incomodidad para salir de los automatismos y avanzar.<\/p>\n<p>No se trata de vivir para sobrevivir, se trata de vivir para florecer\u2026<\/p>\n<p>Aqu\u00ed apelo a la educaci\u00f3n de los cuidadores principales: no podemos hacerles la vida c\u00f3moda a nuestras hijas e hijos y esperar despu\u00e9s que salgan al mundo con habilidades para afrontar con destreza y valent\u00eda lo que les presenta la vida. El papel de progenitor o cuidador requiere el m\u00e1ximo de flexibilidad. Se empieza dotando de todo al reci\u00e9n nacido porque en nuestro sistema humano nace completamente inv\u00e1lido. Si no lo queremos, alimentamos y cobijamos absolutamente, no sobrevivir\u00e1. Sin embargo, si no vamos cediendo control, autoridad y direcci\u00f3n a medida que cumple a\u00f1os, le costar\u00e1 integrarse a su entorno porque le habremos imposibilitado el desarrollo necesario para enfrentarse al mundo competitivo y dif\u00edcil que nosotros ya conocemos como adultos. Querer ahorrarles el sufrimiento y evitarles la autonom\u00eda vital necesaria a nuestros hijos, es impedirles la maduraci\u00f3n que precisan para poder vivir una vida realista y responsable.<\/p>\n<p>La sobreprotecci\u00f3n infantil es la lacra de nuestra sociedad actual.<\/p>\n<p>Los hijos adquieren su identidad en relaci\u00f3n con su entorno, muchas veces en necesaria rebeld\u00eda con las normas (sobre todo en la adolescencia), para que se puedan hacer no-dependientes. Lo que ocurre es que eso no gusta a los progenitores y, sin embargo, es un paso necesario para poder salir al mundo con las defensas adecuadas. Tomemos la met\u00e1fora de un pajarillo que ha de romper su c\u00e1scara para salir al mundo: hace un esfuerzo considerable, con un dolor f\u00edsico tremendo, para poder romper la c\u00e1scara con el pico y las alas todav\u00eda sin formar, y se fortalece precisamente gracias a su lucha y necesidad innata por salir. Si quisi\u00e9ramos facilitarle ese esfuerzo abri\u00e9ndole la c\u00e1scara, estar\u00edamos trayendo al mundo un pajarillo con pocos d\u00edas de vida, pues cualquier soplo adverso \u2013por falta de defensas- lo llevar\u00eda a una muerte segura.<\/p>\n<p>Un cierto grado de incomodidad en casa es preciso para que los hijos encuentren su necesidad de independencia y su propia identidad separada de la de sus progenitores.<\/p>\n<p>Si no hay incomodidad, no hay movimiento posible.<\/p>\n<p>La pena es que, a pesar de contar con el respaldo de nuestros padres para que exploremos lo que queramos, nuestra necesidad de pertenecer y acomodamiento a la sobreprotecci\u00f3n nos puede alejar de esa b\u00fasqueda de nosotros mismos. Es ah\u00ed donde los padres han de poner su mayor empe\u00f1o y empujar a sus hijos del nido para que empiecen a volar para hacerse y encontrarse a s\u00ed mismos. Esto que es f\u00e1cilmente practicado por la naturaleza, supone para muchos humanos una proeza insuperable. Los hijos han de descubrir sus propios valores, su propio camino, su propio faro al que mirar, para ser seres completos con sus preferencias y diferencias necesarias para sentirse \u00fanicos en el mundo, algo que necesitan percibir y comprender absolutamente para no sentirse aislados.<\/p>\n<p>En esa b\u00fasqueda de s\u00ed mismos cometer\u00e1n errores inevitables, como tambi\u00e9n nosotros cometimos y olvidamos y, sabemos ya, fueron imprescindibles para nuestro propio desarrollo personal.<\/p>\n<p>La bienvenida \u201cincomodidad\u201d nos hizo aprender, crecer y florecer hasta empezar a atisbar qui\u00e9nes somos, qu\u00e9 nos gusta y qui\u00e9nes podemos ser\u2026<\/p>\n<p>\u201cPrefiero el cine.<br \/>\nPrefiero los gatos.<br \/>\nPrefiero los robles a orillas del r\u00edo.<br \/>\nPrefiero Dickens a Dostoievski.<br \/>\nPrefiero que me guste la gente<br \/>\na amar a la humanidad.<br \/>\nPrefiero tener en la mano hilo y aguja.<br \/>\nPrefiero no afirmar<br \/>\nque la raz\u00f3n es la culpable de todo.<br \/>\nPrefiero las excepciones.<br \/>\nPrefiero salir antes.<br \/>\nCon los m\u00e9dicos prefiero hablar de otra cosa.<br \/>\nPrefiero las viejas ilustraciones.<br \/>\nPrefiero lo rid\u00edculo de escribir poemas<br \/>\na lo rid\u00edculo de no escribirlos.<br \/>\nEn el amor prefiero los aniversarios<br \/>\nque se celebran todos los d\u00edas.<br \/>\nPrefiero a los moralistas<br \/>\nque no me prometen nada.<br \/>\nPrefiero la bondad del sabio a la del demasiado cr\u00e9dulo.<br \/>\nPrefiero la tierra vestida de civil.<br \/>\nPrefiero los pa\u00edses conquistados a los conquistadores.<br \/>\nPrefiero tener reservas.<br \/>\nPrefiero el infierno del caos al infierno del orden.<br \/>\nPrefiero los cuentos de Grimm a las primeras planas<br \/>\ndel peri\u00f3dico.<br \/>\nPrefiero las hojas sin flores a la flor sin hojas.<br \/>\nPrefiero los perros con la cola sin cortar.<br \/>\nPrefiero los ojos claros porque los tengo oscuros.<br \/>\nPrefiero los cajones.<br \/>\nPrefiero muchas cosas que aqu\u00ed no he mencionado<br \/>\na muchas otras que tampoco he dicho.<br \/>\nPrefiero el cero solo<br \/>\nal que hace cola en una cifra.<br \/>\nPrefiero el tiempo de los insectos al tiempo de las estrellas.<br \/>\nPrefiero tocar madera.<br \/>\nPrefiero no preguntar cu\u00e1nto me queda y cu\u00e1ndo.<br \/>\nPrefiero tomar en cuenta incluso la posibilidad<br \/>\nde que todo tiene una raz\u00f3n de ser\u201d.<\/p>\n<p>\u201cPosibilidades\u201d, Wislawa Szymborska<br \/>\nIlustraci\u00f3n de Gus Gordon, autor del libro \u201cHerman and Rosie\u201d<br \/>\nSugerencia: Meditaci\u00f3n n\u00ba 13 \u201cMeditaci\u00f3n del lago en www.psyke.es en AUDIOS. Nos ayuda a desarrollar la estabilidad y la aceptaci\u00f3n de los cambios inevitables que trae el pulso vital de nuestra existencia.<\/p>\n","protected":false},"excerpt":{"rendered":"<p>Como organismos altamente adaptativos, hemos de mantenernos alertas a lo que nos mueve, a aquello que nos entusiasma, para no caer en la rutina del piloto autom\u00e1tico que nos lleva de un d\u00eda a otro, repetida y ap\u00e1ticamente, por el mismo aburrido sendero. Necesitamos sentir incomodidad para salir de los automatismos y avanzar. No se [&#8230;]<\/p>\n<p><a class=\"btn btn-secondary understrap-read-more-link\" href=\"https:\/\/www.psyke.es\/en\/nadie-se-mueve-de-donde-esta-si-antes-no-siente-incomodidad\/\">Read More&#8230;<span class=\"screen-reader-text\"> from Nadie se mueve de donde est\u00e1 si antes no siente incomodidad<\/span><\/a><\/p>\n","protected":false},"author":3,"featured_media":5814,"comment_status":"open","ping_status":"open","sticky":false,"template":"","format":"standard","meta":{"footnotes":""},"categories":[78],"tags":[],"class_list":["post-7293","post","type-post","status-publish","format-standard","has-post-thumbnail","hentry","category-therapeutic-reflections-emotional-education"],"yoast_head":"<!-- This site is optimized with the Yoast SEO plugin v27.4 - https:\/\/yoast.com\/product\/yoast-seo-wordpress\/ -->\n<title>Nadie se mueve de donde est\u00e1 si antes no siente incomodidad<\/title>\n<meta name=\"description\" content=\"Como organismos adaptativos, hemos de mantenernos alerta a lo que nos mueve, a aquello que nos entusiasma, para no caer en la rutina.\" \/>\n<meta name=\"robots\" content=\"index, follow, max-snippet:-1, max-image-preview:large, max-video-preview:-1\" \/>\n<link rel=\"canonical\" href=\"https:\/\/www.psyke.es\/en\/nadie-se-mueve-de-donde-esta-si-antes-no-siente-incomodidad\/\" \/>\n<meta property=\"og:locale\" content=\"en_US\" \/>\n<meta property=\"og:type\" content=\"article\" \/>\n<meta property=\"og:title\" content=\"Nadie se mueve de donde est\u00e1 si antes no siente incomodidad\" \/>\n<meta property=\"og:description\" content=\"Como organismos adaptativos, hemos de mantenernos alerta a lo que nos mueve, a aquello que nos entusiasma, para no caer en la rutina.\" \/>\n<meta property=\"og:url\" content=\"https:\/\/www.psyke.es\/en\/nadie-se-mueve-de-donde-esta-si-antes-no-siente-incomodidad\/\" \/>\n<meta property=\"og:site_name\" content=\"Psyke\" \/>\n<meta property=\"article:published_time\" content=\"2018-05-28T20:36:18+00:00\" \/>\n<meta property=\"article:modified_time\" content=\"2022-02-21T11:00:40+00:00\" \/>\n<meta property=\"og:image\" content=\"https:\/\/www.psyke.es\/wp-content\/uploads\/facebook_posts\/33963840_1819335228137239_5177383144600371200_n_1819335224803906-2.jpg\" \/>\n\t<meta property=\"og:image:width\" content=\"500\" \/>\n\t<meta property=\"og:image:height\" content=\"562\" \/>\n\t<meta property=\"og:image:type\" content=\"image\/jpeg\" \/>\n<meta name=\"author\" content=\"Tha\u00efs Capella\" \/>\n<meta name=\"twitter:card\" content=\"summary_large_image\" \/>\n<meta name=\"twitter:label1\" content=\"Written by\" \/>\n\t<meta name=\"twitter:data1\" content=\"Tha\u00efs Capella\" \/>\n\t<meta name=\"twitter:label2\" content=\"Est. reading time\" \/>\n\t<meta name=\"twitter:data2\" content=\"4 minutes\" \/>\n<script type=\"application\/ld+json\" class=\"yoast-schema-graph\">{\"@context\":\"https:\\\/\\\/schema.org\",\"@graph\":[{\"@type\":\"Article\",\"@id\":\"https:\\\/\\\/www.psyke.es\\\/en\\\/nadie-se-mueve-de-donde-esta-si-antes-no-siente-incomodidad\\\/#article\",\"isPartOf\":{\"@id\":\"https:\\\/\\\/www.psyke.es\\\/en\\\/nadie-se-mueve-de-donde-esta-si-antes-no-siente-incomodidad\\\/\"},\"author\":{\"name\":\"Tha\u00efs Capella\",\"@id\":\"https:\\\/\\\/www.psyke.es\\\/en\\\/#\\\/schema\\\/person\\\/87774a2e60512484c09407be020d551a\"},\"headline\":\"Nadie se mueve de donde est\u00e1 si antes no siente incomodidad\",\"datePublished\":\"2018-05-28T20:36:18+00:00\",\"dateModified\":\"2022-02-21T11:00:40+00:00\",\"mainEntityOfPage\":{\"@id\":\"https:\\\/\\\/www.psyke.es\\\/en\\\/nadie-se-mueve-de-donde-esta-si-antes-no-siente-incomodidad\\\/\"},\"wordCount\":920,\"commentCount\":0,\"image\":{\"@id\":\"https:\\\/\\\/www.psyke.es\\\/en\\\/nadie-se-mueve-de-donde-esta-si-antes-no-siente-incomodidad\\\/#primaryimage\"},\"thumbnailUrl\":\"https:\\\/\\\/www.psyke.es\\\/wp-content\\\/uploads\\\/facebook_posts\\\/33963840_1819335228137239_5177383144600371200_n_1819335224803906-2.jpg\",\"articleSection\":[\"Emotion education\"],\"inLanguage\":\"en-US\",\"potentialAction\":[{\"@type\":\"CommentAction\",\"name\":\"Comment\",\"target\":[\"https:\\\/\\\/www.psyke.es\\\/en\\\/nadie-se-mueve-de-donde-esta-si-antes-no-siente-incomodidad\\\/#respond\"]}]},{\"@type\":\"WebPage\",\"@id\":\"https:\\\/\\\/www.psyke.es\\\/en\\\/nadie-se-mueve-de-donde-esta-si-antes-no-siente-incomodidad\\\/\",\"url\":\"https:\\\/\\\/www.psyke.es\\\/en\\\/nadie-se-mueve-de-donde-esta-si-antes-no-siente-incomodidad\\\/\",\"name\":\"Nadie se mueve de donde est\u00e1 si antes no siente incomodidad\",\"isPartOf\":{\"@id\":\"https:\\\/\\\/www.psyke.es\\\/en\\\/#website\"},\"primaryImageOfPage\":{\"@id\":\"https:\\\/\\\/www.psyke.es\\\/en\\\/nadie-se-mueve-de-donde-esta-si-antes-no-siente-incomodidad\\\/#primaryimage\"},\"image\":{\"@id\":\"https:\\\/\\\/www.psyke.es\\\/en\\\/nadie-se-mueve-de-donde-esta-si-antes-no-siente-incomodidad\\\/#primaryimage\"},\"thumbnailUrl\":\"https:\\\/\\\/www.psyke.es\\\/wp-content\\\/uploads\\\/facebook_posts\\\/33963840_1819335228137239_5177383144600371200_n_1819335224803906-2.jpg\",\"datePublished\":\"2018-05-28T20:36:18+00:00\",\"dateModified\":\"2022-02-21T11:00:40+00:00\",\"author\":{\"@id\":\"https:\\\/\\\/www.psyke.es\\\/en\\\/#\\\/schema\\\/person\\\/87774a2e60512484c09407be020d551a\"},\"description\":\"Como organismos adaptativos, hemos de mantenernos alerta a lo que nos mueve, a aquello que nos entusiasma, para no caer en la rutina.\",\"breadcrumb\":{\"@id\":\"https:\\\/\\\/www.psyke.es\\\/en\\\/nadie-se-mueve-de-donde-esta-si-antes-no-siente-incomodidad\\\/#breadcrumb\"},\"inLanguage\":\"en-US\",\"potentialAction\":[{\"@type\":\"ReadAction\",\"target\":[\"https:\\\/\\\/www.psyke.es\\\/en\\\/nadie-se-mueve-de-donde-esta-si-antes-no-siente-incomodidad\\\/\"]}]},{\"@type\":\"ImageObject\",\"inLanguage\":\"en-US\",\"@id\":\"https:\\\/\\\/www.psyke.es\\\/en\\\/nadie-se-mueve-de-donde-esta-si-antes-no-siente-incomodidad\\\/#primaryimage\",\"url\":\"https:\\\/\\\/www.psyke.es\\\/wp-content\\\/uploads\\\/facebook_posts\\\/33963840_1819335228137239_5177383144600371200_n_1819335224803906-2.jpg\",\"contentUrl\":\"https:\\\/\\\/www.psyke.es\\\/wp-content\\\/uploads\\\/facebook_posts\\\/33963840_1819335228137239_5177383144600371200_n_1819335224803906-2.jpg\",\"width\":500,\"height\":562},{\"@type\":\"BreadcrumbList\",\"@id\":\"https:\\\/\\\/www.psyke.es\\\/en\\\/nadie-se-mueve-de-donde-esta-si-antes-no-siente-incomodidad\\\/#breadcrumb\",\"itemListElement\":[{\"@type\":\"ListItem\",\"position\":1,\"name\":\"Portada\",\"item\":\"https:\\\/\\\/www.psyke.es\\\/en\\\/\"},{\"@type\":\"ListItem\",\"position\":2,\"name\":\"Nadie se mueve de donde est\u00e1 si antes no siente incomodidad\"}]},{\"@type\":\"WebSite\",\"@id\":\"https:\\\/\\\/www.psyke.es\\\/en\\\/#website\",\"url\":\"https:\\\/\\\/www.psyke.es\\\/en\\\/\",\"name\":\"Psyke\",\"description\":\"Centro de Psicolog\u00eda\",\"potentialAction\":[{\"@type\":\"SearchAction\",\"target\":{\"@type\":\"EntryPoint\",\"urlTemplate\":\"https:\\\/\\\/www.psyke.es\\\/en\\\/?s={search_term_string}\"},\"query-input\":{\"@type\":\"PropertyValueSpecification\",\"valueRequired\":true,\"valueName\":\"search_term_string\"}}],\"inLanguage\":\"en-US\"},{\"@type\":\"Person\",\"@id\":\"https:\\\/\\\/www.psyke.es\\\/en\\\/#\\\/schema\\\/person\\\/87774a2e60512484c09407be020d551a\",\"name\":\"Tha\u00efs Capella\",\"image\":{\"@type\":\"ImageObject\",\"inLanguage\":\"en-US\",\"@id\":\"https:\\\/\\\/secure.gravatar.com\\\/avatar\\\/71847c79c196fcb2761a3960e77f33ed0e684732f3145d9b4af037b8ed17c94c?s=96&d=mm&r=g\",\"url\":\"https:\\\/\\\/secure.gravatar.com\\\/avatar\\\/71847c79c196fcb2761a3960e77f33ed0e684732f3145d9b4af037b8ed17c94c?s=96&d=mm&r=g\",\"contentUrl\":\"https:\\\/\\\/secure.gravatar.com\\\/avatar\\\/71847c79c196fcb2761a3960e77f33ed0e684732f3145d9b4af037b8ed17c94c?s=96&d=mm&r=g\",\"caption\":\"Tha\u00efs Capella\"},\"sameAs\":[\"http:\\\/\\\/psyke.es\"]}]}<\/script>\n<!-- \/ Yoast SEO plugin. -->","yoast_head_json":{"title":"Nadie se mueve de donde est\u00e1 si antes no siente incomodidad","description":"Como organismos adaptativos, hemos de mantenernos alerta a lo que nos mueve, a aquello que nos entusiasma, para no caer en la rutina.","robots":{"index":"index","follow":"follow","max-snippet":"max-snippet:-1","max-image-preview":"max-image-preview:large","max-video-preview":"max-video-preview:-1"},"canonical":"https:\/\/www.psyke.es\/en\/nadie-se-mueve-de-donde-esta-si-antes-no-siente-incomodidad\/","og_locale":"en_US","og_type":"article","og_title":"Nadie se mueve de donde est\u00e1 si antes no siente incomodidad","og_description":"Como organismos adaptativos, hemos de mantenernos alerta a lo que nos mueve, a aquello que nos entusiasma, para no caer en la rutina.","og_url":"https:\/\/www.psyke.es\/en\/nadie-se-mueve-de-donde-esta-si-antes-no-siente-incomodidad\/","og_site_name":"Psyke","article_published_time":"2018-05-28T20:36:18+00:00","article_modified_time":"2022-02-21T11:00:40+00:00","og_image":[{"width":500,"height":562,"url":"https:\/\/www.psyke.es\/wp-content\/uploads\/facebook_posts\/33963840_1819335228137239_5177383144600371200_n_1819335224803906-2.jpg","type":"image\/jpeg"}],"author":"Tha\u00efs Capella","twitter_card":"summary_large_image","twitter_misc":{"Written by":"Tha\u00efs Capella","Est. reading time":"4 minutes"},"schema":{"@context":"https:\/\/schema.org","@graph":[{"@type":"Article","@id":"https:\/\/www.psyke.es\/en\/nadie-se-mueve-de-donde-esta-si-antes-no-siente-incomodidad\/#article","isPartOf":{"@id":"https:\/\/www.psyke.es\/en\/nadie-se-mueve-de-donde-esta-si-antes-no-siente-incomodidad\/"},"author":{"name":"Tha\u00efs Capella","@id":"https:\/\/www.psyke.es\/en\/#\/schema\/person\/87774a2e60512484c09407be020d551a"},"headline":"Nadie se mueve de donde est\u00e1 si antes no siente incomodidad","datePublished":"2018-05-28T20:36:18+00:00","dateModified":"2022-02-21T11:00:40+00:00","mainEntityOfPage":{"@id":"https:\/\/www.psyke.es\/en\/nadie-se-mueve-de-donde-esta-si-antes-no-siente-incomodidad\/"},"wordCount":920,"commentCount":0,"image":{"@id":"https:\/\/www.psyke.es\/en\/nadie-se-mueve-de-donde-esta-si-antes-no-siente-incomodidad\/#primaryimage"},"thumbnailUrl":"https:\/\/www.psyke.es\/wp-content\/uploads\/facebook_posts\/33963840_1819335228137239_5177383144600371200_n_1819335224803906-2.jpg","articleSection":["Emotion education"],"inLanguage":"en-US","potentialAction":[{"@type":"CommentAction","name":"Comment","target":["https:\/\/www.psyke.es\/en\/nadie-se-mueve-de-donde-esta-si-antes-no-siente-incomodidad\/#respond"]}]},{"@type":"WebPage","@id":"https:\/\/www.psyke.es\/en\/nadie-se-mueve-de-donde-esta-si-antes-no-siente-incomodidad\/","url":"https:\/\/www.psyke.es\/en\/nadie-se-mueve-de-donde-esta-si-antes-no-siente-incomodidad\/","name":"Nadie se mueve de donde est\u00e1 si antes no siente incomodidad","isPartOf":{"@id":"https:\/\/www.psyke.es\/en\/#website"},"primaryImageOfPage":{"@id":"https:\/\/www.psyke.es\/en\/nadie-se-mueve-de-donde-esta-si-antes-no-siente-incomodidad\/#primaryimage"},"image":{"@id":"https:\/\/www.psyke.es\/en\/nadie-se-mueve-de-donde-esta-si-antes-no-siente-incomodidad\/#primaryimage"},"thumbnailUrl":"https:\/\/www.psyke.es\/wp-content\/uploads\/facebook_posts\/33963840_1819335228137239_5177383144600371200_n_1819335224803906-2.jpg","datePublished":"2018-05-28T20:36:18+00:00","dateModified":"2022-02-21T11:00:40+00:00","author":{"@id":"https:\/\/www.psyke.es\/en\/#\/schema\/person\/87774a2e60512484c09407be020d551a"},"description":"Como organismos adaptativos, hemos de mantenernos alerta a lo que nos mueve, a aquello que nos entusiasma, para no caer en la rutina.","breadcrumb":{"@id":"https:\/\/www.psyke.es\/en\/nadie-se-mueve-de-donde-esta-si-antes-no-siente-incomodidad\/#breadcrumb"},"inLanguage":"en-US","potentialAction":[{"@type":"ReadAction","target":["https:\/\/www.psyke.es\/en\/nadie-se-mueve-de-donde-esta-si-antes-no-siente-incomodidad\/"]}]},{"@type":"ImageObject","inLanguage":"en-US","@id":"https:\/\/www.psyke.es\/en\/nadie-se-mueve-de-donde-esta-si-antes-no-siente-incomodidad\/#primaryimage","url":"https:\/\/www.psyke.es\/wp-content\/uploads\/facebook_posts\/33963840_1819335228137239_5177383144600371200_n_1819335224803906-2.jpg","contentUrl":"https:\/\/www.psyke.es\/wp-content\/uploads\/facebook_posts\/33963840_1819335228137239_5177383144600371200_n_1819335224803906-2.jpg","width":500,"height":562},{"@type":"BreadcrumbList","@id":"https:\/\/www.psyke.es\/en\/nadie-se-mueve-de-donde-esta-si-antes-no-siente-incomodidad\/#breadcrumb","itemListElement":[{"@type":"ListItem","position":1,"name":"Portada","item":"https:\/\/www.psyke.es\/en\/"},{"@type":"ListItem","position":2,"name":"Nadie se mueve de donde est\u00e1 si antes no siente incomodidad"}]},{"@type":"WebSite","@id":"https:\/\/www.psyke.es\/en\/#website","url":"https:\/\/www.psyke.es\/en\/","name":"Psyke","description":"Centro de Psicolog\u00eda","potentialAction":[{"@type":"SearchAction","target":{"@type":"EntryPoint","urlTemplate":"https:\/\/www.psyke.es\/en\/?s={search_term_string}"},"query-input":{"@type":"PropertyValueSpecification","valueRequired":true,"valueName":"search_term_string"}}],"inLanguage":"en-US"},{"@type":"Person","@id":"https:\/\/www.psyke.es\/en\/#\/schema\/person\/87774a2e60512484c09407be020d551a","name":"Tha\u00efs Capella","image":{"@type":"ImageObject","inLanguage":"en-US","@id":"https:\/\/secure.gravatar.com\/avatar\/71847c79c196fcb2761a3960e77f33ed0e684732f3145d9b4af037b8ed17c94c?s=96&d=mm&r=g","url":"https:\/\/secure.gravatar.com\/avatar\/71847c79c196fcb2761a3960e77f33ed0e684732f3145d9b4af037b8ed17c94c?s=96&d=mm&r=g","contentUrl":"https:\/\/secure.gravatar.com\/avatar\/71847c79c196fcb2761a3960e77f33ed0e684732f3145d9b4af037b8ed17c94c?s=96&d=mm&r=g","caption":"Tha\u00efs Capella"},"sameAs":["http:\/\/psyke.es"]}]}},"post_mailing_queue_ids":[],"_links":{"self":[{"href":"https:\/\/www.psyke.es\/en\/wp-json\/wp\/v2\/posts\/7293","targetHints":{"allow":["GET"]}}],"collection":[{"href":"https:\/\/www.psyke.es\/en\/wp-json\/wp\/v2\/posts"}],"about":[{"href":"https:\/\/www.psyke.es\/en\/wp-json\/wp\/v2\/types\/post"}],"author":[{"embeddable":true,"href":"https:\/\/www.psyke.es\/en\/wp-json\/wp\/v2\/users\/3"}],"replies":[{"embeddable":true,"href":"https:\/\/www.psyke.es\/en\/wp-json\/wp\/v2\/comments?post=7293"}],"version-history":[{"count":0,"href":"https:\/\/www.psyke.es\/en\/wp-json\/wp\/v2\/posts\/7293\/revisions"}],"wp:featuredmedia":[{"embeddable":true,"href":"https:\/\/www.psyke.es\/en\/wp-json\/wp\/v2\/media\/5814"}],"wp:attachment":[{"href":"https:\/\/www.psyke.es\/en\/wp-json\/wp\/v2\/media?parent=7293"}],"wp:term":[{"taxonomy":"category","embeddable":true,"href":"https:\/\/www.psyke.es\/en\/wp-json\/wp\/v2\/categories?post=7293"},{"taxonomy":"post_tag","embeddable":true,"href":"https:\/\/www.psyke.es\/en\/wp-json\/wp\/v2\/tags?post=7293"}],"curies":[{"name":"wp","href":"https:\/\/api.w.org\/{rel}","templated":true}]}}