{"id":7320,"date":"2018-03-05T21:08:59","date_gmt":"2018-03-05T21:08:59","guid":{"rendered":"https:\/\/www.psyke.es\/la-salida-esta-dentro\/"},"modified":"2022-02-21T13:15:32","modified_gmt":"2022-02-21T11:15:32","slug":"la-salida-esta-dentro","status":"publish","type":"post","link":"https:\/\/www.psyke.es\/en\/la-salida-esta-dentro\/","title":{"rendered":"\u201cla salida est\u00e1 dentro\u201d \u2013Pilar Jeric\u00f3"},"content":{"rendered":"<p>Acabamos de finalizar el Grupo de Mindfulness Intensivo de los s\u00e1bados y la experiencia ha sido como siempre extraordinaria y enriquecedora para todos. De los mensajes recibidos de agradecimiento entresaco esta frase \u201cde todo lo aprendido realmente valioso, me quedo sobre todo con haber aprendido a cultivar ese refugio dentro de m\u00ed\u201d.<\/p>\n<p>Descubrir que nuestro mejor refugio est\u00e1 dentro de nosotros supuso tambi\u00e9n mi mayor aprendizaje, y tener el privilegio de poder transmitirlo da sentido a mi vida y a mi trabajo.<br \/>\nCultivar un hogar c\u00e1lido y acogedor dentro de nosotros requiere paciencia, pr\u00e1ctica met\u00f3dica y mucha confianza. Se trata de saber estar despiertos, conscientes de nuestro cuerpo, para poder responder a los est\u00edmulos externos desde la firmeza, con compasi\u00f3n y amor inteligente e incondicional. Es tremendamente sorprendente darte cuenta del arraigo que supone saber acceder a nuestra sabidur\u00eda interior, sin necesidad de salir corriendo y buscar fuera consuelo y cobijo.<\/p>\n<p>\u201cNuestros cuerpos saben que pertenecen, son nuestras mentes las que hacen que nuestras vidas se sientan sin hogar\u201d. (John O\u2019Donohue)<\/p>\n<p>La salida del caos est\u00e1 dentro del caos, la salida del miedo est\u00e1 dentro del miedo y la salida de nuestra zozobra e inquietud est\u00e1 en nuestro interior. Aprender a estar dentro de nosotros, en silencio, y observar desde la distancia todo lo que se mueve y nos acecha desde el exterior y todo lo que se mueve y nos acecha desde nuestro interior, parad\u00f3jicamente, trae la paz y el sosiego. El reto es vencer la distracci\u00f3n y quedarse.<\/p>\n<p>El reto es volver a casa.<\/p>\n<p>Volver a habitar nuestro cuerpo y entregarnos al fluir constante de la vida\u2026<\/p>\n<p>\u201cQue la luz de tu alma te gu\u00ede.<br \/>\nQue la luz de tu alma bendiga tu trabajo con el amor secreto<br \/>\ny el calor de tu coraz\u00f3n.<br \/>\nQue veas en lo que haces la belleza de tu alma.<br \/>\nQue la santidad de tu trabajo lleve salud, luz y renovaci\u00f3n a los<br \/>\nque trabajan contigo y a los que ven y reciben tu trabajo.<br \/>\nQue tu trabajo nunca te canse.<br \/>\nQue libere en ti manantiales de renovaci\u00f3n,<br \/>\ninspiraci\u00f3n y animaci\u00f3n.<br \/>\nQue est\u00e9s presente en lo que haces.<br \/>\nQue nunca te pierdas en ausencias insulsas.<br \/>\nQue el d\u00eda nunca te pese.<br \/>\nQue el alba te encuentre despierto y atento,<br \/>\nesperando el nuevo d\u00eda<br \/>\ncon sue\u00f1os, posibilidades y promesas.<br \/>\nQue la noche te encuentre en estado de gracia y realizado.<br \/>\nQue comiences la noche bendecido, abrigado y protegido.<br \/>\nQue tu alma te serene, consuele y renueve\u201d<\/p>\n<p>\u201cBendici\u00f3n \u201d del libro \u201cAnam Cara\u201d de John O\u2019Donohue<br \/>\nIlustraci\u00f3n de C\u00e9cile Gambini para \u201cStrange trees\u201d de Bernadette Pourqui\u00e9<br \/>\nSugerencia: Meditaci\u00f3n n\u00ba 2 \u201cMeditaci\u00f3n de la exploraci\u00f3n corporal\u201d en www.psyke.es en AUDIOS. Nos ayuda a aumentar la sensibilidad a las se\u00f1ales que nos env\u00eda nuestro cuerpo. Al observar las continuamente cambiantes sensaciones de nuestro cuerpo, dej\u00e1ndolas pasar sin aferrarnos o bloquearnos, desarrollamos la habilidad de fluir con los cambios que se producen en nuestra vida.<br \/>\nNos despedimos hasta despu\u00e9s de Pascua.<br \/>\nReanudamos los Lunes Mindful en Psyke el lunes, 16 de abril de 19h a 20h (hasta el lunes 18 de junio).<\/p>\n","protected":false},"excerpt":{"rendered":"<p>Acabamos de finalizar el Grupo de Mindfulness Intensivo de los s\u00e1bados y la experiencia ha sido como siempre extraordinaria y enriquecedora para todos. De los mensajes recibidos de agradecimiento entresaco esta frase \u201cde todo lo aprendido realmente valioso, me quedo sobre todo con haber aprendido a cultivar ese refugio dentro de m\u00ed\u201d. Descubrir que nuestro [&#8230;]<\/p>\n<p><a class=\"btn btn-secondary understrap-read-more-link\" href=\"https:\/\/www.psyke.es\/en\/la-salida-esta-dentro\/\">Read More&#8230;<span class=\"screen-reader-text\"> from \u201cla salida est\u00e1 dentro\u201d \u2013Pilar Jeric\u00f3<\/span><\/a><\/p>\n","protected":false},"author":3,"featured_media":5823,"comment_status":"open","ping_status":"open","sticky":false,"template":"","format":"standard","meta":{"footnotes":""},"categories":[76],"tags":[],"class_list":["post-7320","post","type-post","status-publish","format-standard","has-post-thumbnail","hentry","category-therapeutic-reflections-self-esteem"],"yoast_head":"<!-- This site is optimized with the Yoast SEO plugin v27.4 - https:\/\/yoast.com\/product\/yoast-seo-wordpress\/ -->\n<title>\u201cla salida est\u00e1 dentro\u201d \u2013 Pilar Jeric\u00f3<\/title>\n<meta name=\"description\" content=\"Nuestro mejor refugio est\u00e1 dentro de nosotros y tener el privilegio de poder transmitirlo da sentido a mi vida y a mi trabajo.\" \/>\n<meta name=\"robots\" content=\"index, follow, max-snippet:-1, max-image-preview:large, max-video-preview:-1\" \/>\n<link rel=\"canonical\" href=\"https:\/\/www.psyke.es\/en\/la-salida-esta-dentro\/\" \/>\n<meta property=\"og:locale\" content=\"en_US\" \/>\n<meta property=\"og:type\" content=\"article\" \/>\n<meta property=\"og:title\" content=\"\u201cla salida est\u00e1 dentro\u201d \u2013 Pilar Jeric\u00f3\" \/>\n<meta property=\"og:description\" content=\"Nuestro mejor refugio est\u00e1 dentro de nosotros y tener el privilegio de poder transmitirlo da sentido a mi vida y a mi trabajo.\" \/>\n<meta property=\"og:url\" content=\"https:\/\/www.psyke.es\/en\/la-salida-esta-dentro\/\" \/>\n<meta property=\"og:site_name\" content=\"Psyke\" \/>\n<meta property=\"article:published_time\" content=\"2018-03-05T21:08:59+00:00\" \/>\n<meta property=\"article:modified_time\" content=\"2022-02-21T11:15:32+00:00\" \/>\n<meta property=\"og:image\" content=\"https:\/\/www.psyke.es\/wp-content\/uploads\/facebook_posts\/28514977_1709839529086810_2063450164158670601_o_1709839529086810-2.jpg\" \/>\n\t<meta property=\"og:image:width\" content=\"768\" \/>\n\t<meta property=\"og:image:height\" content=\"1017\" \/>\n\t<meta property=\"og:image:type\" content=\"image\/jpeg\" \/>\n<meta name=\"author\" content=\"Tha\u00efs Capella\" \/>\n<meta name=\"twitter:card\" content=\"summary_large_image\" \/>\n<meta name=\"twitter:label1\" content=\"Written by\" \/>\n\t<meta name=\"twitter:data1\" content=\"Tha\u00efs Capella\" \/>\n\t<meta name=\"twitter:label2\" content=\"Est. reading time\" \/>\n\t<meta name=\"twitter:data2\" content=\"3 minutes\" \/>\n<script type=\"application\/ld+json\" class=\"yoast-schema-graph\">{\"@context\":\"https:\\\/\\\/schema.org\",\"@graph\":[{\"@type\":\"Article\",\"@id\":\"https:\\\/\\\/www.psyke.es\\\/en\\\/la-salida-esta-dentro\\\/#article\",\"isPartOf\":{\"@id\":\"https:\\\/\\\/www.psyke.es\\\/en\\\/la-salida-esta-dentro\\\/\"},\"author\":{\"name\":\"Tha\u00efs Capella\",\"@id\":\"https:\\\/\\\/www.psyke.es\\\/en\\\/#\\\/schema\\\/person\\\/87774a2e60512484c09407be020d551a\"},\"headline\":\"\u201cla salida est\u00e1 dentro\u201d \u2013Pilar Jeric\u00f3\",\"datePublished\":\"2018-03-05T21:08:59+00:00\",\"dateModified\":\"2022-02-21T11:15:32+00:00\",\"mainEntityOfPage\":{\"@id\":\"https:\\\/\\\/www.psyke.es\\\/en\\\/la-salida-esta-dentro\\\/\"},\"wordCount\":550,\"commentCount\":0,\"image\":{\"@id\":\"https:\\\/\\\/www.psyke.es\\\/en\\\/la-salida-esta-dentro\\\/#primaryimage\"},\"thumbnailUrl\":\"https:\\\/\\\/www.psyke.es\\\/wp-content\\\/uploads\\\/facebook_posts\\\/28514977_1709839529086810_2063450164158670601_o_1709839529086810-2.jpg\",\"articleSection\":[\"Self-esteem\"],\"inLanguage\":\"en-US\",\"potentialAction\":[{\"@type\":\"CommentAction\",\"name\":\"Comment\",\"target\":[\"https:\\\/\\\/www.psyke.es\\\/en\\\/la-salida-esta-dentro\\\/#respond\"]}]},{\"@type\":\"WebPage\",\"@id\":\"https:\\\/\\\/www.psyke.es\\\/en\\\/la-salida-esta-dentro\\\/\",\"url\":\"https:\\\/\\\/www.psyke.es\\\/en\\\/la-salida-esta-dentro\\\/\",\"name\":\"\u201cla salida est\u00e1 dentro\u201d \u2013 Pilar Jeric\u00f3\",\"isPartOf\":{\"@id\":\"https:\\\/\\\/www.psyke.es\\\/en\\\/#website\"},\"primaryImageOfPage\":{\"@id\":\"https:\\\/\\\/www.psyke.es\\\/en\\\/la-salida-esta-dentro\\\/#primaryimage\"},\"image\":{\"@id\":\"https:\\\/\\\/www.psyke.es\\\/en\\\/la-salida-esta-dentro\\\/#primaryimage\"},\"thumbnailUrl\":\"https:\\\/\\\/www.psyke.es\\\/wp-content\\\/uploads\\\/facebook_posts\\\/28514977_1709839529086810_2063450164158670601_o_1709839529086810-2.jpg\",\"datePublished\":\"2018-03-05T21:08:59+00:00\",\"dateModified\":\"2022-02-21T11:15:32+00:00\",\"author\":{\"@id\":\"https:\\\/\\\/www.psyke.es\\\/en\\\/#\\\/schema\\\/person\\\/87774a2e60512484c09407be020d551a\"},\"description\":\"Nuestro mejor refugio est\u00e1 dentro de nosotros y tener el privilegio de poder transmitirlo da sentido a mi vida y a mi trabajo.\",\"breadcrumb\":{\"@id\":\"https:\\\/\\\/www.psyke.es\\\/en\\\/la-salida-esta-dentro\\\/#breadcrumb\"},\"inLanguage\":\"en-US\",\"potentialAction\":[{\"@type\":\"ReadAction\",\"target\":[\"https:\\\/\\\/www.psyke.es\\\/en\\\/la-salida-esta-dentro\\\/\"]}]},{\"@type\":\"ImageObject\",\"inLanguage\":\"en-US\",\"@id\":\"https:\\\/\\\/www.psyke.es\\\/en\\\/la-salida-esta-dentro\\\/#primaryimage\",\"url\":\"https:\\\/\\\/www.psyke.es\\\/wp-content\\\/uploads\\\/facebook_posts\\\/28514977_1709839529086810_2063450164158670601_o_1709839529086810-2.jpg\",\"contentUrl\":\"https:\\\/\\\/www.psyke.es\\\/wp-content\\\/uploads\\\/facebook_posts\\\/28514977_1709839529086810_2063450164158670601_o_1709839529086810-2.jpg\",\"width\":768,\"height\":1017},{\"@type\":\"BreadcrumbList\",\"@id\":\"https:\\\/\\\/www.psyke.es\\\/en\\\/la-salida-esta-dentro\\\/#breadcrumb\",\"itemListElement\":[{\"@type\":\"ListItem\",\"position\":1,\"name\":\"Portada\",\"item\":\"https:\\\/\\\/www.psyke.es\\\/en\\\/\"},{\"@type\":\"ListItem\",\"position\":2,\"name\":\"\u201cla salida est\u00e1 dentro\u201d \u2013Pilar Jeric\u00f3\"}]},{\"@type\":\"WebSite\",\"@id\":\"https:\\\/\\\/www.psyke.es\\\/en\\\/#website\",\"url\":\"https:\\\/\\\/www.psyke.es\\\/en\\\/\",\"name\":\"Psyke\",\"description\":\"Centro de Psicolog\u00eda\",\"potentialAction\":[{\"@type\":\"SearchAction\",\"target\":{\"@type\":\"EntryPoint\",\"urlTemplate\":\"https:\\\/\\\/www.psyke.es\\\/en\\\/?s={search_term_string}\"},\"query-input\":{\"@type\":\"PropertyValueSpecification\",\"valueRequired\":true,\"valueName\":\"search_term_string\"}}],\"inLanguage\":\"en-US\"},{\"@type\":\"Person\",\"@id\":\"https:\\\/\\\/www.psyke.es\\\/en\\\/#\\\/schema\\\/person\\\/87774a2e60512484c09407be020d551a\",\"name\":\"Tha\u00efs Capella\",\"image\":{\"@type\":\"ImageObject\",\"inLanguage\":\"en-US\",\"@id\":\"https:\\\/\\\/secure.gravatar.com\\\/avatar\\\/71847c79c196fcb2761a3960e77f33ed0e684732f3145d9b4af037b8ed17c94c?s=96&d=mm&r=g\",\"url\":\"https:\\\/\\\/secure.gravatar.com\\\/avatar\\\/71847c79c196fcb2761a3960e77f33ed0e684732f3145d9b4af037b8ed17c94c?s=96&d=mm&r=g\",\"contentUrl\":\"https:\\\/\\\/secure.gravatar.com\\\/avatar\\\/71847c79c196fcb2761a3960e77f33ed0e684732f3145d9b4af037b8ed17c94c?s=96&d=mm&r=g\",\"caption\":\"Tha\u00efs Capella\"},\"sameAs\":[\"http:\\\/\\\/psyke.es\"]}]}<\/script>\n<!-- \/ Yoast SEO plugin. -->","yoast_head_json":{"title":"\u201cla salida est\u00e1 dentro\u201d \u2013 Pilar Jeric\u00f3","description":"Nuestro mejor refugio est\u00e1 dentro de nosotros y tener el privilegio de poder transmitirlo da sentido a mi vida y a mi trabajo.","robots":{"index":"index","follow":"follow","max-snippet":"max-snippet:-1","max-image-preview":"max-image-preview:large","max-video-preview":"max-video-preview:-1"},"canonical":"https:\/\/www.psyke.es\/en\/la-salida-esta-dentro\/","og_locale":"en_US","og_type":"article","og_title":"\u201cla salida est\u00e1 dentro\u201d \u2013 Pilar Jeric\u00f3","og_description":"Nuestro mejor refugio est\u00e1 dentro de nosotros y tener el privilegio de poder transmitirlo da sentido a mi vida y a mi trabajo.","og_url":"https:\/\/www.psyke.es\/en\/la-salida-esta-dentro\/","og_site_name":"Psyke","article_published_time":"2018-03-05T21:08:59+00:00","article_modified_time":"2022-02-21T11:15:32+00:00","og_image":[{"width":768,"height":1017,"url":"https:\/\/www.psyke.es\/wp-content\/uploads\/facebook_posts\/28514977_1709839529086810_2063450164158670601_o_1709839529086810-2.jpg","type":"image\/jpeg"}],"author":"Tha\u00efs Capella","twitter_card":"summary_large_image","twitter_misc":{"Written by":"Tha\u00efs Capella","Est. reading time":"3 minutes"},"schema":{"@context":"https:\/\/schema.org","@graph":[{"@type":"Article","@id":"https:\/\/www.psyke.es\/en\/la-salida-esta-dentro\/#article","isPartOf":{"@id":"https:\/\/www.psyke.es\/en\/la-salida-esta-dentro\/"},"author":{"name":"Tha\u00efs Capella","@id":"https:\/\/www.psyke.es\/en\/#\/schema\/person\/87774a2e60512484c09407be020d551a"},"headline":"\u201cla salida est\u00e1 dentro\u201d \u2013Pilar Jeric\u00f3","datePublished":"2018-03-05T21:08:59+00:00","dateModified":"2022-02-21T11:15:32+00:00","mainEntityOfPage":{"@id":"https:\/\/www.psyke.es\/en\/la-salida-esta-dentro\/"},"wordCount":550,"commentCount":0,"image":{"@id":"https:\/\/www.psyke.es\/en\/la-salida-esta-dentro\/#primaryimage"},"thumbnailUrl":"https:\/\/www.psyke.es\/wp-content\/uploads\/facebook_posts\/28514977_1709839529086810_2063450164158670601_o_1709839529086810-2.jpg","articleSection":["Self-esteem"],"inLanguage":"en-US","potentialAction":[{"@type":"CommentAction","name":"Comment","target":["https:\/\/www.psyke.es\/en\/la-salida-esta-dentro\/#respond"]}]},{"@type":"WebPage","@id":"https:\/\/www.psyke.es\/en\/la-salida-esta-dentro\/","url":"https:\/\/www.psyke.es\/en\/la-salida-esta-dentro\/","name":"\u201cla salida est\u00e1 dentro\u201d \u2013 Pilar Jeric\u00f3","isPartOf":{"@id":"https:\/\/www.psyke.es\/en\/#website"},"primaryImageOfPage":{"@id":"https:\/\/www.psyke.es\/en\/la-salida-esta-dentro\/#primaryimage"},"image":{"@id":"https:\/\/www.psyke.es\/en\/la-salida-esta-dentro\/#primaryimage"},"thumbnailUrl":"https:\/\/www.psyke.es\/wp-content\/uploads\/facebook_posts\/28514977_1709839529086810_2063450164158670601_o_1709839529086810-2.jpg","datePublished":"2018-03-05T21:08:59+00:00","dateModified":"2022-02-21T11:15:32+00:00","author":{"@id":"https:\/\/www.psyke.es\/en\/#\/schema\/person\/87774a2e60512484c09407be020d551a"},"description":"Nuestro mejor refugio est\u00e1 dentro de nosotros y tener el privilegio de poder transmitirlo da sentido a mi vida y a mi trabajo.","breadcrumb":{"@id":"https:\/\/www.psyke.es\/en\/la-salida-esta-dentro\/#breadcrumb"},"inLanguage":"en-US","potentialAction":[{"@type":"ReadAction","target":["https:\/\/www.psyke.es\/en\/la-salida-esta-dentro\/"]}]},{"@type":"ImageObject","inLanguage":"en-US","@id":"https:\/\/www.psyke.es\/en\/la-salida-esta-dentro\/#primaryimage","url":"https:\/\/www.psyke.es\/wp-content\/uploads\/facebook_posts\/28514977_1709839529086810_2063450164158670601_o_1709839529086810-2.jpg","contentUrl":"https:\/\/www.psyke.es\/wp-content\/uploads\/facebook_posts\/28514977_1709839529086810_2063450164158670601_o_1709839529086810-2.jpg","width":768,"height":1017},{"@type":"BreadcrumbList","@id":"https:\/\/www.psyke.es\/en\/la-salida-esta-dentro\/#breadcrumb","itemListElement":[{"@type":"ListItem","position":1,"name":"Portada","item":"https:\/\/www.psyke.es\/en\/"},{"@type":"ListItem","position":2,"name":"\u201cla salida est\u00e1 dentro\u201d \u2013Pilar Jeric\u00f3"}]},{"@type":"WebSite","@id":"https:\/\/www.psyke.es\/en\/#website","url":"https:\/\/www.psyke.es\/en\/","name":"Psyke","description":"Centro de Psicolog\u00eda","potentialAction":[{"@type":"SearchAction","target":{"@type":"EntryPoint","urlTemplate":"https:\/\/www.psyke.es\/en\/?s={search_term_string}"},"query-input":{"@type":"PropertyValueSpecification","valueRequired":true,"valueName":"search_term_string"}}],"inLanguage":"en-US"},{"@type":"Person","@id":"https:\/\/www.psyke.es\/en\/#\/schema\/person\/87774a2e60512484c09407be020d551a","name":"Tha\u00efs Capella","image":{"@type":"ImageObject","inLanguage":"en-US","@id":"https:\/\/secure.gravatar.com\/avatar\/71847c79c196fcb2761a3960e77f33ed0e684732f3145d9b4af037b8ed17c94c?s=96&d=mm&r=g","url":"https:\/\/secure.gravatar.com\/avatar\/71847c79c196fcb2761a3960e77f33ed0e684732f3145d9b4af037b8ed17c94c?s=96&d=mm&r=g","contentUrl":"https:\/\/secure.gravatar.com\/avatar\/71847c79c196fcb2761a3960e77f33ed0e684732f3145d9b4af037b8ed17c94c?s=96&d=mm&r=g","caption":"Tha\u00efs Capella"},"sameAs":["http:\/\/psyke.es"]}]}},"post_mailing_queue_ids":[],"_links":{"self":[{"href":"https:\/\/www.psyke.es\/en\/wp-json\/wp\/v2\/posts\/7320","targetHints":{"allow":["GET"]}}],"collection":[{"href":"https:\/\/www.psyke.es\/en\/wp-json\/wp\/v2\/posts"}],"about":[{"href":"https:\/\/www.psyke.es\/en\/wp-json\/wp\/v2\/types\/post"}],"author":[{"embeddable":true,"href":"https:\/\/www.psyke.es\/en\/wp-json\/wp\/v2\/users\/3"}],"replies":[{"embeddable":true,"href":"https:\/\/www.psyke.es\/en\/wp-json\/wp\/v2\/comments?post=7320"}],"version-history":[{"count":0,"href":"https:\/\/www.psyke.es\/en\/wp-json\/wp\/v2\/posts\/7320\/revisions"}],"wp:featuredmedia":[{"embeddable":true,"href":"https:\/\/www.psyke.es\/en\/wp-json\/wp\/v2\/media\/5823"}],"wp:attachment":[{"href":"https:\/\/www.psyke.es\/en\/wp-json\/wp\/v2\/media?parent=7320"}],"wp:term":[{"taxonomy":"category","embeddable":true,"href":"https:\/\/www.psyke.es\/en\/wp-json\/wp\/v2\/categories?post=7320"},{"taxonomy":"post_tag","embeddable":true,"href":"https:\/\/www.psyke.es\/en\/wp-json\/wp\/v2\/tags?post=7320"}],"curies":[{"name":"wp","href":"https:\/\/api.w.org\/{rel}","templated":true}]}}