{"id":7368,"date":"2017-10-02T19:35:08","date_gmt":"2017-10-02T19:35:08","guid":{"rendered":"https:\/\/www.psyke.es\/quien-soy-yo\/"},"modified":"2022-02-21T13:49:37","modified_gmt":"2022-02-21T11:49:37","slug":"quien-soy-yo","status":"publish","type":"post","link":"https:\/\/www.psyke.es\/en\/quien-soy-yo\/","title":{"rendered":"\u00bfQui\u00e9n soy yo?"},"content":{"rendered":"<p>\u201cSomos distintos yos a lo largo de la vida\u201d, afirmaba la psic\u00f3loga y psicoanalista alemana, Karen Horney. Las experiencias que vivimos y los m\u00faltiples cambios vitales que la vida nos presenta hacen del auto-conocimiento un proceso constante.<br \/>\nEn uno de los retiros en el Omega Center de Nueva York hab\u00eda una cita de la actriz Lili Tomlin que dec\u00eda \u201cEl auto-conocimiento no es necesariamente una buena noticia\u201d. Y es que cuando indagamos con honestidad bajo nuestra m\u00e1scara de protecci\u00f3n social podemos encontrarnos con tendencias como la agresividad, venganza, juicios o celos, y miramos hacia otro lado por lo desagradable que resulta descubrirlas.<\/p>\n<p>Sin embargo, si no las atendemos y desvelamos, estas tendencias pueden acabar gobernando nuestras vidas sin darnos ni cuenta. Se trata de sentimientos, emociones y creencias que, como no las reconocemos, influyen en nuestra experiencia, afectan nuestras decisiones y controlan c\u00f3mo nos relacionamos con los dem\u00e1s. Unas veces nos sentimos bondadosos, positivos y compasivos con nosotros y con otras personas, y otras veces sentimos que no podemos m\u00e1s, nos sentimos desbordados y emergen esos sentimientos y pensamientos que nos desestabilizan.<\/p>\n<p>Imagina un c\u00edrculo partido por la mitad con una raya: lo que est\u00e1 por encima de la raya es todo lo consciente, todo aquello de lo que nos damos cuenta, lo que est\u00e1 por debajo de la raya representa lo inconsciente, lo oculto. Es importante saber que lo que est\u00e1 debajo de la raya y que contiene nuestras sombras m\u00e1s inc\u00f3modas, no es personal. Forma parte de nuestra herencia evolutiva como seres humanos. Son los miedos y la agresividad protectora que est\u00e1 enraizada en nuestro sistema nervioso. Y si fragmentamos partes de nosotros mismos porque no nos gustan, perdemos la conexi\u00f3n con los dem\u00e1s y nos sentimos aislados, separados.<\/p>\n<p>Al practicar la atenci\u00f3n consciente a trav\u00e9s del Mindfulness, aumentamos nuestro auto-conocimiento y descubrimos un hilo conductor capaz de acoger e incluir las diferentes dimensiones de nuestro ser, comprendiendo que eso que nos pasa a nosotros, tambi\u00e9n le pasa a los dem\u00e1s. Surge, entonces, y de forma natural, la conciencia de humanidad compartida y la compasi\u00f3n necesaria para aceptar nuestra vulnerabilidad, que es tambi\u00e9n nuestra mayor fortaleza. Desde ese espacio de amor incondicional y aceptaci\u00f3n radical de uno mismo podemos empezar a suavizar las aristas que causan, y nos causan, tanto sufrimiento.<br \/>\nEl proceso de conocernos a nosotros mismos, nos va liberando cada vez m\u00e1s de la esclavitud de pretender ser alguien que no somos y nos proporciona mayor confianza, serenidad y autenticidad para vivir la vida con plenitud y coherencia.<\/p>\n<p>Yo no soy yo.<br \/>\nSoy este<br \/>\nque va a mi lado sin yo verlo,<br \/>\nque, a veces, voy a ver,<br \/>\ny que, a veces olvido.<br \/>\nEl que calla, sereno, cuando hablo,<br \/>\nel que perdona, dulce, cuando odio,<br \/>\nel que pasea por donde no estoy,<br \/>\nel que quedar\u00e1 en pie cuando yo muera.<br \/>\n\u201cYo no soy yo\u201d \u2013Juan Ram\u00f3n Jim\u00e9nez<br \/>\nIlustraci\u00f3n de Sara Islam<\/p>\n","protected":false},"excerpt":{"rendered":"<p>\u201cSomos distintos yos a lo largo de la vida\u201d, afirmaba la psic\u00f3loga y psicoanalista alemana, Karen Horney. Las experiencias que vivimos y los m\u00faltiples cambios vitales que la vida nos presenta hacen del auto-conocimiento un proceso constante. En uno de los retiros en el Omega Center de Nueva York hab\u00eda una cita de la actriz [&#8230;]<\/p>\n<p><a class=\"btn btn-secondary understrap-read-more-link\" href=\"https:\/\/www.psyke.es\/en\/quien-soy-yo\/\">Read More&#8230;<span class=\"screen-reader-text\"> from \u00bfQui\u00e9n soy yo?<\/span><\/a><\/p>\n","protected":false},"author":3,"featured_media":5840,"comment_status":"open","ping_status":"open","sticky":false,"template":"","format":"standard","meta":{"footnotes":""},"categories":[76],"tags":[],"class_list":["post-7368","post","type-post","status-publish","format-standard","has-post-thumbnail","hentry","category-therapeutic-reflections-self-esteem"],"yoast_head":"<!-- This site is optimized with the Yoast SEO plugin v27.4 - https:\/\/yoast.com\/product\/yoast-seo-wordpress\/ -->\n<title>\u00bfQui\u00e9n soy yo?<\/title>\n<meta name=\"description\" content=\"Las experiencias que vivimos y los m\u00faltiples cambios vitales que la vida nos presenta hacen del auto-conocimiento un proceso constante.\" \/>\n<meta name=\"robots\" content=\"index, follow, max-snippet:-1, max-image-preview:large, max-video-preview:-1\" \/>\n<link rel=\"canonical\" href=\"https:\/\/www.psyke.es\/en\/quien-soy-yo\/\" \/>\n<meta property=\"og:locale\" content=\"en_US\" \/>\n<meta property=\"og:type\" content=\"article\" \/>\n<meta property=\"og:title\" content=\"\u00bfQui\u00e9n soy yo?\" \/>\n<meta property=\"og:description\" content=\"Las experiencias que vivimos y los m\u00faltiples cambios vitales que la vida nos presenta hacen del auto-conocimiento un proceso constante.\" \/>\n<meta property=\"og:url\" content=\"https:\/\/www.psyke.es\/en\/quien-soy-yo\/\" \/>\n<meta property=\"og:site_name\" content=\"Psyke\" \/>\n<meta property=\"article:published_time\" content=\"2017-10-02T19:35:08+00:00\" \/>\n<meta property=\"article:modified_time\" content=\"2022-02-21T11:49:37+00:00\" \/>\n<meta property=\"og:image\" content=\"https:\/\/www.psyke.es\/wp-content\/uploads\/facebook_posts\/22089433_1519799711424127_7974120013579506326_n_1519799711424127-2.jpg\" \/>\n\t<meta property=\"og:image:width\" content=\"564\" \/>\n\t<meta property=\"og:image:height\" content=\"564\" \/>\n\t<meta property=\"og:image:type\" content=\"image\/jpeg\" \/>\n<meta name=\"author\" content=\"Tha\u00efs Capella\" \/>\n<meta name=\"twitter:card\" content=\"summary_large_image\" \/>\n<meta name=\"twitter:label1\" content=\"Written by\" \/>\n\t<meta name=\"twitter:data1\" content=\"Tha\u00efs Capella\" \/>\n\t<meta name=\"twitter:label2\" content=\"Est. reading time\" \/>\n\t<meta name=\"twitter:data2\" content=\"3 minutes\" \/>\n<script type=\"application\/ld+json\" class=\"yoast-schema-graph\">{\"@context\":\"https:\\\/\\\/schema.org\",\"@graph\":[{\"@type\":\"Article\",\"@id\":\"https:\\\/\\\/www.psyke.es\\\/en\\\/quien-soy-yo\\\/#article\",\"isPartOf\":{\"@id\":\"https:\\\/\\\/www.psyke.es\\\/en\\\/quien-soy-yo\\\/\"},\"author\":{\"name\":\"Tha\u00efs Capella\",\"@id\":\"https:\\\/\\\/www.psyke.es\\\/en\\\/#\\\/schema\\\/person\\\/87774a2e60512484c09407be020d551a\"},\"headline\":\"\u00bfQui\u00e9n soy yo?\",\"datePublished\":\"2017-10-02T19:35:08+00:00\",\"dateModified\":\"2022-02-21T11:49:37+00:00\",\"mainEntityOfPage\":{\"@id\":\"https:\\\/\\\/www.psyke.es\\\/en\\\/quien-soy-yo\\\/\"},\"wordCount\":514,\"commentCount\":0,\"image\":{\"@id\":\"https:\\\/\\\/www.psyke.es\\\/en\\\/quien-soy-yo\\\/#primaryimage\"},\"thumbnailUrl\":\"https:\\\/\\\/www.psyke.es\\\/wp-content\\\/uploads\\\/facebook_posts\\\/22089433_1519799711424127_7974120013579506326_n_1519799711424127-2.jpg\",\"articleSection\":[\"Self-esteem\"],\"inLanguage\":\"en-US\",\"potentialAction\":[{\"@type\":\"CommentAction\",\"name\":\"Comment\",\"target\":[\"https:\\\/\\\/www.psyke.es\\\/en\\\/quien-soy-yo\\\/#respond\"]}]},{\"@type\":\"WebPage\",\"@id\":\"https:\\\/\\\/www.psyke.es\\\/en\\\/quien-soy-yo\\\/\",\"url\":\"https:\\\/\\\/www.psyke.es\\\/en\\\/quien-soy-yo\\\/\",\"name\":\"\u00bfQui\u00e9n soy yo?\",\"isPartOf\":{\"@id\":\"https:\\\/\\\/www.psyke.es\\\/en\\\/#website\"},\"primaryImageOfPage\":{\"@id\":\"https:\\\/\\\/www.psyke.es\\\/en\\\/quien-soy-yo\\\/#primaryimage\"},\"image\":{\"@id\":\"https:\\\/\\\/www.psyke.es\\\/en\\\/quien-soy-yo\\\/#primaryimage\"},\"thumbnailUrl\":\"https:\\\/\\\/www.psyke.es\\\/wp-content\\\/uploads\\\/facebook_posts\\\/22089433_1519799711424127_7974120013579506326_n_1519799711424127-2.jpg\",\"datePublished\":\"2017-10-02T19:35:08+00:00\",\"dateModified\":\"2022-02-21T11:49:37+00:00\",\"author\":{\"@id\":\"https:\\\/\\\/www.psyke.es\\\/en\\\/#\\\/schema\\\/person\\\/87774a2e60512484c09407be020d551a\"},\"description\":\"Las experiencias que vivimos y los m\u00faltiples cambios vitales que la vida nos presenta hacen del auto-conocimiento un proceso constante.\",\"breadcrumb\":{\"@id\":\"https:\\\/\\\/www.psyke.es\\\/en\\\/quien-soy-yo\\\/#breadcrumb\"},\"inLanguage\":\"en-US\",\"potentialAction\":[{\"@type\":\"ReadAction\",\"target\":[\"https:\\\/\\\/www.psyke.es\\\/en\\\/quien-soy-yo\\\/\"]}]},{\"@type\":\"ImageObject\",\"inLanguage\":\"en-US\",\"@id\":\"https:\\\/\\\/www.psyke.es\\\/en\\\/quien-soy-yo\\\/#primaryimage\",\"url\":\"https:\\\/\\\/www.psyke.es\\\/wp-content\\\/uploads\\\/facebook_posts\\\/22089433_1519799711424127_7974120013579506326_n_1519799711424127-2.jpg\",\"contentUrl\":\"https:\\\/\\\/www.psyke.es\\\/wp-content\\\/uploads\\\/facebook_posts\\\/22089433_1519799711424127_7974120013579506326_n_1519799711424127-2.jpg\",\"width\":564,\"height\":564},{\"@type\":\"BreadcrumbList\",\"@id\":\"https:\\\/\\\/www.psyke.es\\\/en\\\/quien-soy-yo\\\/#breadcrumb\",\"itemListElement\":[{\"@type\":\"ListItem\",\"position\":1,\"name\":\"Portada\",\"item\":\"https:\\\/\\\/www.psyke.es\\\/en\\\/\"},{\"@type\":\"ListItem\",\"position\":2,\"name\":\"\u00bfQui\u00e9n soy yo?\"}]},{\"@type\":\"WebSite\",\"@id\":\"https:\\\/\\\/www.psyke.es\\\/en\\\/#website\",\"url\":\"https:\\\/\\\/www.psyke.es\\\/en\\\/\",\"name\":\"Psyke\",\"description\":\"Centro de Psicolog\u00eda\",\"potentialAction\":[{\"@type\":\"SearchAction\",\"target\":{\"@type\":\"EntryPoint\",\"urlTemplate\":\"https:\\\/\\\/www.psyke.es\\\/en\\\/?s={search_term_string}\"},\"query-input\":{\"@type\":\"PropertyValueSpecification\",\"valueRequired\":true,\"valueName\":\"search_term_string\"}}],\"inLanguage\":\"en-US\"},{\"@type\":\"Person\",\"@id\":\"https:\\\/\\\/www.psyke.es\\\/en\\\/#\\\/schema\\\/person\\\/87774a2e60512484c09407be020d551a\",\"name\":\"Tha\u00efs Capella\",\"image\":{\"@type\":\"ImageObject\",\"inLanguage\":\"en-US\",\"@id\":\"https:\\\/\\\/secure.gravatar.com\\\/avatar\\\/71847c79c196fcb2761a3960e77f33ed0e684732f3145d9b4af037b8ed17c94c?s=96&d=mm&r=g\",\"url\":\"https:\\\/\\\/secure.gravatar.com\\\/avatar\\\/71847c79c196fcb2761a3960e77f33ed0e684732f3145d9b4af037b8ed17c94c?s=96&d=mm&r=g\",\"contentUrl\":\"https:\\\/\\\/secure.gravatar.com\\\/avatar\\\/71847c79c196fcb2761a3960e77f33ed0e684732f3145d9b4af037b8ed17c94c?s=96&d=mm&r=g\",\"caption\":\"Tha\u00efs Capella\"},\"sameAs\":[\"http:\\\/\\\/psyke.es\"]}]}<\/script>\n<!-- \/ Yoast SEO plugin. -->","yoast_head_json":{"title":"\u00bfQui\u00e9n soy yo?","description":"Las experiencias que vivimos y los m\u00faltiples cambios vitales que la vida nos presenta hacen del auto-conocimiento un proceso constante.","robots":{"index":"index","follow":"follow","max-snippet":"max-snippet:-1","max-image-preview":"max-image-preview:large","max-video-preview":"max-video-preview:-1"},"canonical":"https:\/\/www.psyke.es\/en\/quien-soy-yo\/","og_locale":"en_US","og_type":"article","og_title":"\u00bfQui\u00e9n soy yo?","og_description":"Las experiencias que vivimos y los m\u00faltiples cambios vitales que la vida nos presenta hacen del auto-conocimiento un proceso constante.","og_url":"https:\/\/www.psyke.es\/en\/quien-soy-yo\/","og_site_name":"Psyke","article_published_time":"2017-10-02T19:35:08+00:00","article_modified_time":"2022-02-21T11:49:37+00:00","og_image":[{"width":564,"height":564,"url":"https:\/\/www.psyke.es\/wp-content\/uploads\/facebook_posts\/22089433_1519799711424127_7974120013579506326_n_1519799711424127-2.jpg","type":"image\/jpeg"}],"author":"Tha\u00efs Capella","twitter_card":"summary_large_image","twitter_misc":{"Written by":"Tha\u00efs Capella","Est. reading time":"3 minutes"},"schema":{"@context":"https:\/\/schema.org","@graph":[{"@type":"Article","@id":"https:\/\/www.psyke.es\/en\/quien-soy-yo\/#article","isPartOf":{"@id":"https:\/\/www.psyke.es\/en\/quien-soy-yo\/"},"author":{"name":"Tha\u00efs Capella","@id":"https:\/\/www.psyke.es\/en\/#\/schema\/person\/87774a2e60512484c09407be020d551a"},"headline":"\u00bfQui\u00e9n soy yo?","datePublished":"2017-10-02T19:35:08+00:00","dateModified":"2022-02-21T11:49:37+00:00","mainEntityOfPage":{"@id":"https:\/\/www.psyke.es\/en\/quien-soy-yo\/"},"wordCount":514,"commentCount":0,"image":{"@id":"https:\/\/www.psyke.es\/en\/quien-soy-yo\/#primaryimage"},"thumbnailUrl":"https:\/\/www.psyke.es\/wp-content\/uploads\/facebook_posts\/22089433_1519799711424127_7974120013579506326_n_1519799711424127-2.jpg","articleSection":["Self-esteem"],"inLanguage":"en-US","potentialAction":[{"@type":"CommentAction","name":"Comment","target":["https:\/\/www.psyke.es\/en\/quien-soy-yo\/#respond"]}]},{"@type":"WebPage","@id":"https:\/\/www.psyke.es\/en\/quien-soy-yo\/","url":"https:\/\/www.psyke.es\/en\/quien-soy-yo\/","name":"\u00bfQui\u00e9n soy yo?","isPartOf":{"@id":"https:\/\/www.psyke.es\/en\/#website"},"primaryImageOfPage":{"@id":"https:\/\/www.psyke.es\/en\/quien-soy-yo\/#primaryimage"},"image":{"@id":"https:\/\/www.psyke.es\/en\/quien-soy-yo\/#primaryimage"},"thumbnailUrl":"https:\/\/www.psyke.es\/wp-content\/uploads\/facebook_posts\/22089433_1519799711424127_7974120013579506326_n_1519799711424127-2.jpg","datePublished":"2017-10-02T19:35:08+00:00","dateModified":"2022-02-21T11:49:37+00:00","author":{"@id":"https:\/\/www.psyke.es\/en\/#\/schema\/person\/87774a2e60512484c09407be020d551a"},"description":"Las experiencias que vivimos y los m\u00faltiples cambios vitales que la vida nos presenta hacen del auto-conocimiento un proceso constante.","breadcrumb":{"@id":"https:\/\/www.psyke.es\/en\/quien-soy-yo\/#breadcrumb"},"inLanguage":"en-US","potentialAction":[{"@type":"ReadAction","target":["https:\/\/www.psyke.es\/en\/quien-soy-yo\/"]}]},{"@type":"ImageObject","inLanguage":"en-US","@id":"https:\/\/www.psyke.es\/en\/quien-soy-yo\/#primaryimage","url":"https:\/\/www.psyke.es\/wp-content\/uploads\/facebook_posts\/22089433_1519799711424127_7974120013579506326_n_1519799711424127-2.jpg","contentUrl":"https:\/\/www.psyke.es\/wp-content\/uploads\/facebook_posts\/22089433_1519799711424127_7974120013579506326_n_1519799711424127-2.jpg","width":564,"height":564},{"@type":"BreadcrumbList","@id":"https:\/\/www.psyke.es\/en\/quien-soy-yo\/#breadcrumb","itemListElement":[{"@type":"ListItem","position":1,"name":"Portada","item":"https:\/\/www.psyke.es\/en\/"},{"@type":"ListItem","position":2,"name":"\u00bfQui\u00e9n soy yo?"}]},{"@type":"WebSite","@id":"https:\/\/www.psyke.es\/en\/#website","url":"https:\/\/www.psyke.es\/en\/","name":"Psyke","description":"Centro de Psicolog\u00eda","potentialAction":[{"@type":"SearchAction","target":{"@type":"EntryPoint","urlTemplate":"https:\/\/www.psyke.es\/en\/?s={search_term_string}"},"query-input":{"@type":"PropertyValueSpecification","valueRequired":true,"valueName":"search_term_string"}}],"inLanguage":"en-US"},{"@type":"Person","@id":"https:\/\/www.psyke.es\/en\/#\/schema\/person\/87774a2e60512484c09407be020d551a","name":"Tha\u00efs Capella","image":{"@type":"ImageObject","inLanguage":"en-US","@id":"https:\/\/secure.gravatar.com\/avatar\/71847c79c196fcb2761a3960e77f33ed0e684732f3145d9b4af037b8ed17c94c?s=96&d=mm&r=g","url":"https:\/\/secure.gravatar.com\/avatar\/71847c79c196fcb2761a3960e77f33ed0e684732f3145d9b4af037b8ed17c94c?s=96&d=mm&r=g","contentUrl":"https:\/\/secure.gravatar.com\/avatar\/71847c79c196fcb2761a3960e77f33ed0e684732f3145d9b4af037b8ed17c94c?s=96&d=mm&r=g","caption":"Tha\u00efs Capella"},"sameAs":["http:\/\/psyke.es"]}]}},"post_mailing_queue_ids":[],"_links":{"self":[{"href":"https:\/\/www.psyke.es\/en\/wp-json\/wp\/v2\/posts\/7368","targetHints":{"allow":["GET"]}}],"collection":[{"href":"https:\/\/www.psyke.es\/en\/wp-json\/wp\/v2\/posts"}],"about":[{"href":"https:\/\/www.psyke.es\/en\/wp-json\/wp\/v2\/types\/post"}],"author":[{"embeddable":true,"href":"https:\/\/www.psyke.es\/en\/wp-json\/wp\/v2\/users\/3"}],"replies":[{"embeddable":true,"href":"https:\/\/www.psyke.es\/en\/wp-json\/wp\/v2\/comments?post=7368"}],"version-history":[{"count":0,"href":"https:\/\/www.psyke.es\/en\/wp-json\/wp\/v2\/posts\/7368\/revisions"}],"wp:featuredmedia":[{"embeddable":true,"href":"https:\/\/www.psyke.es\/en\/wp-json\/wp\/v2\/media\/5840"}],"wp:attachment":[{"href":"https:\/\/www.psyke.es\/en\/wp-json\/wp\/v2\/media?parent=7368"}],"wp:term":[{"taxonomy":"category","embeddable":true,"href":"https:\/\/www.psyke.es\/en\/wp-json\/wp\/v2\/categories?post=7368"},{"taxonomy":"post_tag","embeddable":true,"href":"https:\/\/www.psyke.es\/en\/wp-json\/wp\/v2\/tags?post=7368"}],"curies":[{"name":"wp","href":"https:\/\/api.w.org\/{rel}","templated":true}]}}