{"id":7760,"date":"2022-03-21T20:30:00","date_gmt":"2022-03-21T18:30:00","guid":{"rendered":"https:\/\/www.psyke.es\/por-que-sonamos-no-es-el-tiempo-lo-que-todo-lo-cura-son-los-suenos\/"},"modified":"2022-04-04T13:28:33","modified_gmt":"2022-04-04T11:28:33","slug":"por-que-sonamos-no-es-el-tiempo-lo-que-todo-lo-cura-son-los-suenos","status":"publish","type":"post","link":"https:\/\/www.psyke.es\/en\/por-que-sonamos-no-es-el-tiempo-lo-que-todo-lo-cura-son-los-suenos\/","title":{"rendered":"\u00bfPor qu\u00e9 so\u00f1amos? No es el tiempo lo que todo lo cura, son los sue\u00f1os\u2026\ufffc"},"content":{"rendered":"\n<p>El&nbsp; misterio no resuelto de por qu\u00e9 so\u00f1amos ha ocupado las mentes de muchos especialistas de la arquitectura del sue\u00f1o, de psic\u00f3logos y psiquiatras y -sobre todo- de todos los seres vivientes a los que nos cuesta comprender este fen\u00f3meno tan extra\u00f1o que hemos normalizado porque simplemente ocurre.<\/p>\n\n\n\n<p>\u00bfC\u00f3mo es posible que la misma mente que est\u00e1 todo el d\u00eda racionalizando y d\u00e1ndole sentido a todo lo que ocurre a nuestro alrededor, se duerma por la noche y se crea todas las barbaridades que se nos presentan sin sobresaltarse ni despertarse a mitad noche diciendo: \u00bfen serio?&nbsp;<\/p>\n\n\n\n<p>Seg\u00fan el neurocient\u00edfico Matt Walker, \u201cso\u00f1ar es un fen\u00f3meno que nos ha proporcionado la naturaleza, que sirve de terapia nocturna y de primeros auxilios emocionales\u201d. Su funci\u00f3n es desdramatizar. De ah\u00ed viene el buen consejo de no tomar decisiones repentinas sin consultarlo antes con la almohada. Esa almohada se refiere a los sue\u00f1os que aparecen durante la noche avivando emociones como el miedo, la rabia, la alegr\u00eda y la tristeza, entre otras. Al soltar lastre emocional, cuando nos despertemos es posible que relativicemos situaciones dolorosas o conflictivas y nos ser\u00e1 m\u00e1s f\u00e1cil no enredarnos en ellas.&nbsp;&nbsp;<\/p>\n\n\n\n<p>So\u00f1ar es necesario pero no suficiente para que sea sanador. No es tanto el hecho de so\u00f1ar lo que es importante, sino el contenido del sue\u00f1o: si est\u00e1s pasando por un divorcio doloroso, por ejemplo, so\u00f1ar sobre ese proceso suaviza aristas y alivia gran parte de nuestra reactividad. Y todo este proceso desintoxicante ni siquiera nos pide permiso.<\/p>\n\n\n\n<p>El sue\u00f1o REM (movimientos oculares r\u00e1pidos) ocurre unos 70-90 minutos despu\u00e9s de dormirnos, justo despu\u00e9s del sue\u00f1o profundo (no-REM), y supone el 25% del ciclo de sue\u00f1o. En este espacio emergen los sue\u00f1os y parece que es crucial que facilitemos y cuidemos su aparici\u00f3n. So\u00f1ar ayuda a consolidar la memoria (por eso es m\u00e1s importante dormir antes de un examen que pasarse toda la noche en vela estudiando). Los sue\u00f1os fomentan la creatividad. Algunos sue\u00f1os son realmente fant\u00e1sticos: alucinaciones dif\u00edcilmente imaginables en estado de vigilia, que nos permite jugar en nuestra mente con todo tipo de fantas\u00edas en un lugar seguro (la cama) sin ning\u00fan tipo de consecuencias (como volar). \u00a1Menuda aventura!<\/p>\n\n\n\n<p>\u00bfCu\u00e1ntos descubrimientos han surgido espont\u00e1neamente en la nocturnidad on\u00edrica? De hecho, hay quienes estar\u00e1n deseando dormirse para ver qu\u00e9 les depara esta \u201csegunda vida paralela\u201d, mucho m\u00e1s interesante y rica que la tangible y rutinaria de tantas personas que no se atreven a so\u00f1ar despiertos.<\/p>\n\n\n\n<p>Desde estas p\u00e1ginas os animo a custodiar vuestro sue\u00f1o para que se puedan producir los beneficios de los sue\u00f1os en fase REM. La pr\u00e1ctica de Mindfulness es la alternativa no farmacol\u00f3gica m\u00e1s recomendada para el insomnio. Una vez resuelto ese dilema, tambi\u00e9n podemos aprender a soltarnos y so\u00f1ar un poco estando despiertos\u2026<\/p>\n\n\n\n<p>\u201cSi cerramos los ojos, el cerebro inmediatamente evoca una mezcla de impresiones de luz y color, aparentemente una especie de imitaci\u00f3n y eco de las impresiones forzadas sobre el cerebro durante sus momentos de vigilia. Y ahora la mente, en cooperaci\u00f3n con la imaginaci\u00f3n, transforma este juego informe de luz y color en figuras definidas, grupos en movimiento, paisajes. Lo que realmente ocurre es una especie de razonamiento que vuelve del efecto a la causa\u201d<\/p>\n\n\n\n<p>Extracto del libro \u201c<a href=\"http:\/\/www.amazon.com\/exec\/obidos\/ASIN\/1434436810\/braipick-20\"><em>Human, All Too Human: A Book for Free Spirits<\/em><\/a>\u201d (Humanos, demasiado humanos: un libro para esp\u00edritus libres) de <strong>Friedrich Nietzsche<\/strong>.<\/p>\n\n\n\n<p>Ilustraci\u00f3n de James Baldwin para su libro infantil \u201cLittle man, Little Man\u201d.Sugerencia: \u201cMeditaci\u00f3n de la Felicidad Genuina\u201d en<a href=\"http:\/\/www.psyke.es\"> www.psyke.es<\/a>. Esta meditaci\u00f3n nos abre a fantasear y a so\u00f1ar a trav\u00e9s de cuatro preguntas. Si no generamos la intenci\u00f3n es dif\u00edcil encontrar nuestra direcci\u00f3n. La introspecci\u00f3n es el camino y reside en tu profundo y m\u00e1s \u00edntimo interior. Perm\u00edtete volar y deja que tu imaginaci\u00f3n intuitiva haga el resto. Buena pr\u00e1ctica\u2026<\/p>\n","protected":false},"excerpt":{"rendered":"<p>El&nbsp; misterio no resuelto de por qu\u00e9 so\u00f1amos ha ocupado las mentes de muchos especialistas de la arquitectura del sue\u00f1o, de psic\u00f3logos y psiquiatras y -sobre todo- de todos los seres vivientes a los que nos cuesta comprender este fen\u00f3meno tan extra\u00f1o que hemos normalizado porque simplemente ocurre. \u00bfC\u00f3mo es posible que la misma mente [&#8230;]<\/p>\n<p><a class=\"btn btn-secondary understrap-read-more-link\" href=\"https:\/\/www.psyke.es\/en\/por-que-sonamos-no-es-el-tiempo-lo-que-todo-lo-cura-son-los-suenos\/\">Read More&#8230;<span class=\"screen-reader-text\"> from \u00bfPor qu\u00e9 so\u00f1amos? No es el tiempo lo que todo lo cura, son los sue\u00f1os\u2026\ufffc<\/span><\/a><\/p>\n","protected":false},"author":3,"featured_media":7635,"comment_status":"open","ping_status":"open","sticky":false,"template":"","format":"standard","meta":{"footnotes":""},"categories":[73,72],"tags":[],"class_list":["post-7760","post","type-post","status-publish","format-standard","has-post-thumbnail","hentry","category-therapeutic-reflections-mind","category-therapeutic-reflections-mind-training"],"yoast_head":"<!-- This site is optimized with the Yoast SEO plugin v27.4 - https:\/\/yoast.com\/product\/yoast-seo-wordpress\/ -->\n<title>\u00bfPor qu\u00e9 so\u00f1amos? No es el tiempo lo que todo lo cura, son los sue\u00f1os\u2026\ufffc - Psyke<\/title>\n<meta name=\"robots\" content=\"index, follow, max-snippet:-1, max-image-preview:large, max-video-preview:-1\" \/>\n<link rel=\"canonical\" href=\"https:\/\/www.psyke.es\/en\/por-que-sonamos-no-es-el-tiempo-lo-que-todo-lo-cura-son-los-suenos\/\" \/>\n<meta property=\"og:locale\" content=\"en_US\" \/>\n<meta property=\"og:type\" content=\"article\" \/>\n<meta property=\"og:title\" content=\"\u00bfPor qu\u00e9 so\u00f1amos? No es el tiempo lo que todo lo cura, son los sue\u00f1os\u2026\ufffc - Psyke\" \/>\n<meta property=\"og:description\" content=\"El&nbsp; misterio no resuelto de por qu\u00e9 so\u00f1amos ha ocupado las mentes de muchos especialistas de la arquitectura del sue\u00f1o, de psic\u00f3logos y psiquiatras y -sobre todo- de todos los seres vivientes a los que nos cuesta comprender este fen\u00f3meno tan extra\u00f1o que hemos normalizado porque simplemente ocurre. \u00bfC\u00f3mo es posible que la misma mente [...]Read More... from \u00bfPor qu\u00e9 so\u00f1amos? No es el tiempo lo que todo lo cura, son los sue\u00f1os\u2026\ufffc\" \/>\n<meta property=\"og:url\" content=\"https:\/\/www.psyke.es\/en\/por-que-sonamos-no-es-el-tiempo-lo-que-todo-lo-cura-son-los-suenos\/\" \/>\n<meta property=\"og:site_name\" content=\"Psyke\" \/>\n<meta property=\"article:published_time\" content=\"2022-03-21T18:30:00+00:00\" \/>\n<meta property=\"article:modified_time\" content=\"2022-04-04T11:28:33+00:00\" \/>\n<meta property=\"og:image\" content=\"https:\/\/www.psyke.es\/wp-content\/uploads\/2022\/03\/Frame-60.jpg\" \/>\n\t<meta property=\"og:image:width\" content=\"1675\" \/>\n\t<meta property=\"og:image:height\" content=\"1080\" \/>\n\t<meta property=\"og:image:type\" content=\"image\/jpeg\" \/>\n<meta name=\"author\" content=\"Tha\u00efs Capella\" \/>\n<meta name=\"twitter:card\" content=\"summary_large_image\" \/>\n<meta name=\"twitter:label1\" content=\"Written by\" \/>\n\t<meta name=\"twitter:data1\" content=\"Tha\u00efs Capella\" \/>\n\t<meta name=\"twitter:label2\" content=\"Est. reading time\" \/>\n\t<meta name=\"twitter:data2\" content=\"3 minutes\" \/>\n<script type=\"application\/ld+json\" class=\"yoast-schema-graph\">{\"@context\":\"https:\\\/\\\/schema.org\",\"@graph\":[{\"@type\":\"Article\",\"@id\":\"https:\\\/\\\/www.psyke.es\\\/en\\\/por-que-sonamos-no-es-el-tiempo-lo-que-todo-lo-cura-son-los-suenos\\\/#article\",\"isPartOf\":{\"@id\":\"https:\\\/\\\/www.psyke.es\\\/en\\\/por-que-sonamos-no-es-el-tiempo-lo-que-todo-lo-cura-son-los-suenos\\\/\"},\"author\":{\"name\":\"Tha\u00efs Capella\",\"@id\":\"https:\\\/\\\/www.psyke.es\\\/en\\\/#\\\/schema\\\/person\\\/87774a2e60512484c09407be020d551a\"},\"headline\":\"\u00bfPor qu\u00e9 so\u00f1amos? No es el tiempo lo que todo lo cura, son los sue\u00f1os\u2026\ufffc\",\"datePublished\":\"2022-03-21T18:30:00+00:00\",\"dateModified\":\"2022-04-04T11:28:33+00:00\",\"mainEntityOfPage\":{\"@id\":\"https:\\\/\\\/www.psyke.es\\\/en\\\/por-que-sonamos-no-es-el-tiempo-lo-que-todo-lo-cura-son-los-suenos\\\/\"},\"wordCount\":720,\"commentCount\":0,\"image\":{\"@id\":\"https:\\\/\\\/www.psyke.es\\\/en\\\/por-que-sonamos-no-es-el-tiempo-lo-que-todo-lo-cura-son-los-suenos\\\/#primaryimage\"},\"thumbnailUrl\":\"https:\\\/\\\/www.psyke.es\\\/wp-content\\\/uploads\\\/2022\\\/03\\\/Frame-60.jpg\",\"articleSection\":[\"Mind\",\"Mind training\"],\"inLanguage\":\"en-US\",\"potentialAction\":[{\"@type\":\"CommentAction\",\"name\":\"Comment\",\"target\":[\"https:\\\/\\\/www.psyke.es\\\/en\\\/por-que-sonamos-no-es-el-tiempo-lo-que-todo-lo-cura-son-los-suenos\\\/#respond\"]}]},{\"@type\":\"WebPage\",\"@id\":\"https:\\\/\\\/www.psyke.es\\\/en\\\/por-que-sonamos-no-es-el-tiempo-lo-que-todo-lo-cura-son-los-suenos\\\/\",\"url\":\"https:\\\/\\\/www.psyke.es\\\/en\\\/por-que-sonamos-no-es-el-tiempo-lo-que-todo-lo-cura-son-los-suenos\\\/\",\"name\":\"\u00bfPor qu\u00e9 so\u00f1amos? No es el tiempo lo que todo lo cura, son los sue\u00f1os\u2026\ufffc - Psyke\",\"isPartOf\":{\"@id\":\"https:\\\/\\\/www.psyke.es\\\/en\\\/#website\"},\"primaryImageOfPage\":{\"@id\":\"https:\\\/\\\/www.psyke.es\\\/en\\\/por-que-sonamos-no-es-el-tiempo-lo-que-todo-lo-cura-son-los-suenos\\\/#primaryimage\"},\"image\":{\"@id\":\"https:\\\/\\\/www.psyke.es\\\/en\\\/por-que-sonamos-no-es-el-tiempo-lo-que-todo-lo-cura-son-los-suenos\\\/#primaryimage\"},\"thumbnailUrl\":\"https:\\\/\\\/www.psyke.es\\\/wp-content\\\/uploads\\\/2022\\\/03\\\/Frame-60.jpg\",\"datePublished\":\"2022-03-21T18:30:00+00:00\",\"dateModified\":\"2022-04-04T11:28:33+00:00\",\"author\":{\"@id\":\"https:\\\/\\\/www.psyke.es\\\/en\\\/#\\\/schema\\\/person\\\/87774a2e60512484c09407be020d551a\"},\"breadcrumb\":{\"@id\":\"https:\\\/\\\/www.psyke.es\\\/en\\\/por-que-sonamos-no-es-el-tiempo-lo-que-todo-lo-cura-son-los-suenos\\\/#breadcrumb\"},\"inLanguage\":\"en-US\",\"potentialAction\":[{\"@type\":\"ReadAction\",\"target\":[\"https:\\\/\\\/www.psyke.es\\\/en\\\/por-que-sonamos-no-es-el-tiempo-lo-que-todo-lo-cura-son-los-suenos\\\/\"]}]},{\"@type\":\"ImageObject\",\"inLanguage\":\"en-US\",\"@id\":\"https:\\\/\\\/www.psyke.es\\\/en\\\/por-que-sonamos-no-es-el-tiempo-lo-que-todo-lo-cura-son-los-suenos\\\/#primaryimage\",\"url\":\"https:\\\/\\\/www.psyke.es\\\/wp-content\\\/uploads\\\/2022\\\/03\\\/Frame-60.jpg\",\"contentUrl\":\"https:\\\/\\\/www.psyke.es\\\/wp-content\\\/uploads\\\/2022\\\/03\\\/Frame-60.jpg\",\"width\":1675,\"height\":1080},{\"@type\":\"BreadcrumbList\",\"@id\":\"https:\\\/\\\/www.psyke.es\\\/en\\\/por-que-sonamos-no-es-el-tiempo-lo-que-todo-lo-cura-son-los-suenos\\\/#breadcrumb\",\"itemListElement\":[{\"@type\":\"ListItem\",\"position\":1,\"name\":\"Portada\",\"item\":\"https:\\\/\\\/www.psyke.es\\\/en\\\/\"},{\"@type\":\"ListItem\",\"position\":2,\"name\":\"\u00bfPor qu\u00e9 so\u00f1amos? No es el tiempo lo que todo lo cura, son los sue\u00f1os\u2026\ufffc\"}]},{\"@type\":\"WebSite\",\"@id\":\"https:\\\/\\\/www.psyke.es\\\/en\\\/#website\",\"url\":\"https:\\\/\\\/www.psyke.es\\\/en\\\/\",\"name\":\"Psyke\",\"description\":\"Centro de Psicolog\u00eda\",\"potentialAction\":[{\"@type\":\"SearchAction\",\"target\":{\"@type\":\"EntryPoint\",\"urlTemplate\":\"https:\\\/\\\/www.psyke.es\\\/en\\\/?s={search_term_string}\"},\"query-input\":{\"@type\":\"PropertyValueSpecification\",\"valueRequired\":true,\"valueName\":\"search_term_string\"}}],\"inLanguage\":\"en-US\"},{\"@type\":\"Person\",\"@id\":\"https:\\\/\\\/www.psyke.es\\\/en\\\/#\\\/schema\\\/person\\\/87774a2e60512484c09407be020d551a\",\"name\":\"Tha\u00efs Capella\",\"image\":{\"@type\":\"ImageObject\",\"inLanguage\":\"en-US\",\"@id\":\"https:\\\/\\\/secure.gravatar.com\\\/avatar\\\/71847c79c196fcb2761a3960e77f33ed0e684732f3145d9b4af037b8ed17c94c?s=96&d=mm&r=g\",\"url\":\"https:\\\/\\\/secure.gravatar.com\\\/avatar\\\/71847c79c196fcb2761a3960e77f33ed0e684732f3145d9b4af037b8ed17c94c?s=96&d=mm&r=g\",\"contentUrl\":\"https:\\\/\\\/secure.gravatar.com\\\/avatar\\\/71847c79c196fcb2761a3960e77f33ed0e684732f3145d9b4af037b8ed17c94c?s=96&d=mm&r=g\",\"caption\":\"Tha\u00efs Capella\"},\"sameAs\":[\"http:\\\/\\\/psyke.es\"]}]}<\/script>\n<!-- \/ Yoast SEO plugin. -->","yoast_head_json":{"title":"\u00bfPor qu\u00e9 so\u00f1amos? No es el tiempo lo que todo lo cura, son los sue\u00f1os\u2026\ufffc - Psyke","robots":{"index":"index","follow":"follow","max-snippet":"max-snippet:-1","max-image-preview":"max-image-preview:large","max-video-preview":"max-video-preview:-1"},"canonical":"https:\/\/www.psyke.es\/en\/por-que-sonamos-no-es-el-tiempo-lo-que-todo-lo-cura-son-los-suenos\/","og_locale":"en_US","og_type":"article","og_title":"\u00bfPor qu\u00e9 so\u00f1amos? No es el tiempo lo que todo lo cura, son los sue\u00f1os\u2026\ufffc - Psyke","og_description":"El&nbsp; misterio no resuelto de por qu\u00e9 so\u00f1amos ha ocupado las mentes de muchos especialistas de la arquitectura del sue\u00f1o, de psic\u00f3logos y psiquiatras y -sobre todo- de todos los seres vivientes a los que nos cuesta comprender este fen\u00f3meno tan extra\u00f1o que hemos normalizado porque simplemente ocurre. \u00bfC\u00f3mo es posible que la misma mente [...]Read More... from \u00bfPor qu\u00e9 so\u00f1amos? No es el tiempo lo que todo lo cura, son los sue\u00f1os\u2026\ufffc","og_url":"https:\/\/www.psyke.es\/en\/por-que-sonamos-no-es-el-tiempo-lo-que-todo-lo-cura-son-los-suenos\/","og_site_name":"Psyke","article_published_time":"2022-03-21T18:30:00+00:00","article_modified_time":"2022-04-04T11:28:33+00:00","og_image":[{"width":1675,"height":1080,"url":"https:\/\/www.psyke.es\/wp-content\/uploads\/2022\/03\/Frame-60.jpg","type":"image\/jpeg"}],"author":"Tha\u00efs Capella","twitter_card":"summary_large_image","twitter_misc":{"Written by":"Tha\u00efs Capella","Est. reading time":"3 minutes"},"schema":{"@context":"https:\/\/schema.org","@graph":[{"@type":"Article","@id":"https:\/\/www.psyke.es\/en\/por-que-sonamos-no-es-el-tiempo-lo-que-todo-lo-cura-son-los-suenos\/#article","isPartOf":{"@id":"https:\/\/www.psyke.es\/en\/por-que-sonamos-no-es-el-tiempo-lo-que-todo-lo-cura-son-los-suenos\/"},"author":{"name":"Tha\u00efs Capella","@id":"https:\/\/www.psyke.es\/en\/#\/schema\/person\/87774a2e60512484c09407be020d551a"},"headline":"\u00bfPor qu\u00e9 so\u00f1amos? No es el tiempo lo que todo lo cura, son los sue\u00f1os\u2026\ufffc","datePublished":"2022-03-21T18:30:00+00:00","dateModified":"2022-04-04T11:28:33+00:00","mainEntityOfPage":{"@id":"https:\/\/www.psyke.es\/en\/por-que-sonamos-no-es-el-tiempo-lo-que-todo-lo-cura-son-los-suenos\/"},"wordCount":720,"commentCount":0,"image":{"@id":"https:\/\/www.psyke.es\/en\/por-que-sonamos-no-es-el-tiempo-lo-que-todo-lo-cura-son-los-suenos\/#primaryimage"},"thumbnailUrl":"https:\/\/www.psyke.es\/wp-content\/uploads\/2022\/03\/Frame-60.jpg","articleSection":["Mind","Mind training"],"inLanguage":"en-US","potentialAction":[{"@type":"CommentAction","name":"Comment","target":["https:\/\/www.psyke.es\/en\/por-que-sonamos-no-es-el-tiempo-lo-que-todo-lo-cura-son-los-suenos\/#respond"]}]},{"@type":"WebPage","@id":"https:\/\/www.psyke.es\/en\/por-que-sonamos-no-es-el-tiempo-lo-que-todo-lo-cura-son-los-suenos\/","url":"https:\/\/www.psyke.es\/en\/por-que-sonamos-no-es-el-tiempo-lo-que-todo-lo-cura-son-los-suenos\/","name":"\u00bfPor qu\u00e9 so\u00f1amos? No es el tiempo lo que todo lo cura, son los sue\u00f1os\u2026\ufffc - Psyke","isPartOf":{"@id":"https:\/\/www.psyke.es\/en\/#website"},"primaryImageOfPage":{"@id":"https:\/\/www.psyke.es\/en\/por-que-sonamos-no-es-el-tiempo-lo-que-todo-lo-cura-son-los-suenos\/#primaryimage"},"image":{"@id":"https:\/\/www.psyke.es\/en\/por-que-sonamos-no-es-el-tiempo-lo-que-todo-lo-cura-son-los-suenos\/#primaryimage"},"thumbnailUrl":"https:\/\/www.psyke.es\/wp-content\/uploads\/2022\/03\/Frame-60.jpg","datePublished":"2022-03-21T18:30:00+00:00","dateModified":"2022-04-04T11:28:33+00:00","author":{"@id":"https:\/\/www.psyke.es\/en\/#\/schema\/person\/87774a2e60512484c09407be020d551a"},"breadcrumb":{"@id":"https:\/\/www.psyke.es\/en\/por-que-sonamos-no-es-el-tiempo-lo-que-todo-lo-cura-son-los-suenos\/#breadcrumb"},"inLanguage":"en-US","potentialAction":[{"@type":"ReadAction","target":["https:\/\/www.psyke.es\/en\/por-que-sonamos-no-es-el-tiempo-lo-que-todo-lo-cura-son-los-suenos\/"]}]},{"@type":"ImageObject","inLanguage":"en-US","@id":"https:\/\/www.psyke.es\/en\/por-que-sonamos-no-es-el-tiempo-lo-que-todo-lo-cura-son-los-suenos\/#primaryimage","url":"https:\/\/www.psyke.es\/wp-content\/uploads\/2022\/03\/Frame-60.jpg","contentUrl":"https:\/\/www.psyke.es\/wp-content\/uploads\/2022\/03\/Frame-60.jpg","width":1675,"height":1080},{"@type":"BreadcrumbList","@id":"https:\/\/www.psyke.es\/en\/por-que-sonamos-no-es-el-tiempo-lo-que-todo-lo-cura-son-los-suenos\/#breadcrumb","itemListElement":[{"@type":"ListItem","position":1,"name":"Portada","item":"https:\/\/www.psyke.es\/en\/"},{"@type":"ListItem","position":2,"name":"\u00bfPor qu\u00e9 so\u00f1amos? No es el tiempo lo que todo lo cura, son los sue\u00f1os\u2026\ufffc"}]},{"@type":"WebSite","@id":"https:\/\/www.psyke.es\/en\/#website","url":"https:\/\/www.psyke.es\/en\/","name":"Psyke","description":"Centro de Psicolog\u00eda","potentialAction":[{"@type":"SearchAction","target":{"@type":"EntryPoint","urlTemplate":"https:\/\/www.psyke.es\/en\/?s={search_term_string}"},"query-input":{"@type":"PropertyValueSpecification","valueRequired":true,"valueName":"search_term_string"}}],"inLanguage":"en-US"},{"@type":"Person","@id":"https:\/\/www.psyke.es\/en\/#\/schema\/person\/87774a2e60512484c09407be020d551a","name":"Tha\u00efs Capella","image":{"@type":"ImageObject","inLanguage":"en-US","@id":"https:\/\/secure.gravatar.com\/avatar\/71847c79c196fcb2761a3960e77f33ed0e684732f3145d9b4af037b8ed17c94c?s=96&d=mm&r=g","url":"https:\/\/secure.gravatar.com\/avatar\/71847c79c196fcb2761a3960e77f33ed0e684732f3145d9b4af037b8ed17c94c?s=96&d=mm&r=g","contentUrl":"https:\/\/secure.gravatar.com\/avatar\/71847c79c196fcb2761a3960e77f33ed0e684732f3145d9b4af037b8ed17c94c?s=96&d=mm&r=g","caption":"Tha\u00efs Capella"},"sameAs":["http:\/\/psyke.es"]}]}},"post_mailing_queue_ids":[],"_links":{"self":[{"href":"https:\/\/www.psyke.es\/en\/wp-json\/wp\/v2\/posts\/7760","targetHints":{"allow":["GET"]}}],"collection":[{"href":"https:\/\/www.psyke.es\/en\/wp-json\/wp\/v2\/posts"}],"about":[{"href":"https:\/\/www.psyke.es\/en\/wp-json\/wp\/v2\/types\/post"}],"author":[{"embeddable":true,"href":"https:\/\/www.psyke.es\/en\/wp-json\/wp\/v2\/users\/3"}],"replies":[{"embeddable":true,"href":"https:\/\/www.psyke.es\/en\/wp-json\/wp\/v2\/comments?post=7760"}],"version-history":[{"count":0,"href":"https:\/\/www.psyke.es\/en\/wp-json\/wp\/v2\/posts\/7760\/revisions"}],"wp:featuredmedia":[{"embeddable":true,"href":"https:\/\/www.psyke.es\/en\/wp-json\/wp\/v2\/media\/7635"}],"wp:attachment":[{"href":"https:\/\/www.psyke.es\/en\/wp-json\/wp\/v2\/media?parent=7760"}],"wp:term":[{"taxonomy":"category","embeddable":true,"href":"https:\/\/www.psyke.es\/en\/wp-json\/wp\/v2\/categories?post=7760"},{"taxonomy":"post_tag","embeddable":true,"href":"https:\/\/www.psyke.es\/en\/wp-json\/wp\/v2\/tags?post=7760"}],"curies":[{"name":"wp","href":"https:\/\/api.w.org\/{rel}","templated":true}]}}