{"id":8648,"date":"2022-07-31T19:00:00","date_gmt":"2022-07-31T17:00:00","guid":{"rendered":"https:\/\/www.psyke.es\/?p=8648"},"modified":"2022-07-29T16:58:52","modified_gmt":"2022-07-29T14:58:52","slug":"estas-vacaciones-emprende-el-reto-mente-cuerpo-mundo","status":"publish","type":"post","link":"https:\/\/www.psyke.es\/en\/estas-vacaciones-emprende-el-reto-mente-cuerpo-mundo\/","title":{"rendered":"Estas vacaciones emprende el reto &#8220;mente-cuerpo-mundo&#8221;"},"content":{"rendered":"\n<p><\/p>\n\n\n\n<p><strong>Las vacaciones se disfrutan o se padecen<\/strong>. Asombrosamente, para algunas personas las vacaciones son la peor \u00e9poca del a\u00f1o. La pesadilla comienza con la planificaci\u00f3n de qu\u00e9 hacer o ad\u00f3nde ir, sobre todo tras estos a\u00f1os de impedimentos en los que no se pod\u00eda organizar gran cosa. Ponerse de acuerdo en familia intentando no competir con el vecino de enfrente, ya es una lucha. Una vez tomada la decisi\u00f3n, vienen las inevitables expectativas.<\/p>\n\n\n\n<p>Haces las maletas, cargas el coche, los ni\u00f1os, el perro y te diriges a tu destino. Cuando llegas lo colocas todo en su sitio para empezar a \u201cdisfrutar\u201d cuanto antes de los d\u00edas contados. <\/p>\n\n\n\n<p>Hay dos polos extremos y modalidades para todos los gustos\u2026<\/p>\n\n\n\n<p><strong>-Las personas que quieren hacerlo todo para aprovechar cada instante:<\/strong> si han elegido un viaje han de visitar todos los monumentos, museos y restaurantes que puedan. Con ese af\u00e1n de no perderse nada, acaban por no recordar ni lo que han visto. Como esa divertida pel\u00edcula de los a\u00f1os \u201960 &nbsp;titulada \u201cSi hoy es martes, esto es B\u00e9lgica\u201d, en la que un grupo de turistas recorre Europa en autob\u00fas a ciudad diaria y acaban con un mareo geogr\u00e1fico importante.<\/p>\n\n\n\n<p><strong>-Las personas que no quieren hacer nada<\/strong> y se pasan los d\u00edas transitando del sof\u00e1 a la piscina, a la mesa y a la siesta y vuelta a empezar. Acostumbrados a la hiperactividad del trabajo, buscan todo lo contrario y acaban languideciendo de tedio, casi deseando la vuelta a la rutina en la que todo estaba programado, sobre todo su mente, ocupada en algo productivo que les evitaba pensar en las negras musara\u00f1as\u2026<\/p>\n\n\n\n<p><strong>Pero la peor modalidad de todas es aquella que se nutre del enganche en redes y sube todo lo que hace, come, bebe y \u201cdisfruta\u201d con una sonrisa ajustada al expendio.<\/strong> La mayor\u00eda de veces, por desgracia, cuantas m\u00e1s sonrisas expuestas externamente, m\u00e1s vac\u00edos internos se ocultan\u2026<\/p>\n\n\n\n<p><strong>La cuesti\u00f3n es darnos cuenta de c\u00f3mo nos posicionamos ante estos d\u00edas porque de ello depende c\u00f3mo los vamos a vivir.<\/strong> La mejor manera es anclarse en el puro presente, donde no cabe la queja de \u201cesto no es lo me esperaba\u201d o el ansia de que \u201cse acaban\u201d. <strong>Ocurra lo que ocurra cada uno de los d\u00edas que tengamos, viv\u00e1moslos con plena consciencia.<\/strong><\/p>\n\n\n\n<p><strong>\u00bfY eso c\u00f3mo se hace?<\/strong><\/p>\n\n\n\n<p>Os propongo un reto veraniego para aprender a vivir en el aqu\u00ed y el ahora. Durante este mes de agosto, cada lunes propondr\u00e9 unos ejercicios \u201cmente-cuerpo-mundo\u201d que os ir\u00e1n guiando. Pod\u00e9is empezar hoy mismo siguiendo estas sencillas instrucciones focalizadas en vuestro entorno: \u201cel mundo\u201d\u2026<\/p>\n\n\n\n<p><strong>-Si est\u00e1s frente al mar, m\u00edralo como si nunca lo hubieras visto y marav\u00edllate de lo que \u201ces\u201d<\/strong>. Estamos tan acostumbrados a verlo que no nos sorprende que haya una vida marina paralela llena de misterios de la que nos alimentamos (y nos queda poco) y que regula nuestra biosfera para que podamos existir.<\/p>\n\n\n\n<p><strong>-Est\u00e9s donde est\u00e9s mira hacia el cielo y as\u00f3mbrate de las formaciones nebulosas y su encuentro caleidosc\u00f3pico con el amanecer y el atardecer que estimulan el sol y la luna que salen d\u00eda tras d\u00eda a nuestro encuentro.<\/strong><\/p>\n\n\n\n<p><strong>-Si estamos con amistades o familia \u2018deseada\u2019, no nos perdamos en los preparativos de las comidas o cenas sin estar record\u00e1ndonos estar presentes<\/strong>. Muchas veces pasamos el d\u00eda rodeados de seres queridos pero estamos tan ocupadas en la log\u00edstica que cuando se marchan es cuando nos damos cuenta de lo bien que hemos estado en su compa\u00f1\u00eda. Estar con personas que te quieren y que t\u00fa quieres constituye el m\u00e1ximo de los deleites.<\/p>\n\n\n\n<p>Lo dicen un\u00e1nimemente los que est\u00e1n al final de sus vidas: lo que m\u00e1s les ha llenado y enriquecido sus vidas no ha sido tener \u00e9xito social o laboral, ni recorrerse medio mundo. Ha sido <strong>compartir sus experiencias en compa\u00f1\u00eda amorosa.<\/strong><\/p>\n\n\n\n<p><strong>Este primer d\u00eda de agosto, miremos a nuestro alrededor como si nunca lo hubi\u00e9ramos visto.&nbsp; Y demos la bienvenido a aprender a vivir la vida plenamente consciente\u2026&nbsp;<\/strong><\/p>\n\n\n\n<p>\u00bfTe apuntas al reto?<\/p>\n\n\n\n<p><em>&nbsp;\u201cTodo placer languidece cuando no se disfruta en compa\u00f1\u00eda\u2026\u201d <\/em>\u2013David Hume<\/p>\n\n\n\n<p>Ilustraci\u00f3n de Frances Sterrett para una edici\u00f3n especial de \u201cOld French Fairy Tales\u201d (Cuentos de Hadas franceses), de la escritora Sophie Rostopchine.<\/p>\n\n\n\n<p>Gracias Pilar, por regalarme la frase y la compa\u00f1\u00eda\u2026<\/p>\n\n\n\n<p>Meditaci\u00f3n recomendada N.4: <a href=\"https:\/\/www.psyke.es\/en\/meditaciones\/meditation-here-and-now-mind-body-world\/\">\u201cMeditaci\u00f3n Aqu\u00ed y Ahora: Mente-Cuerpo-Mundo\u201d<\/a> <\/p>\n\n\n\n<p>Esta meditaci\u00f3n nos ayuda a traernos al presente cada vez que la mente nos secuestra llev\u00e1ndonos a otro lugar, sac\u00e1ndonos del aqu\u00ed y el ahora, el \u00fanico tiempo que tenemos para vivir y disfrutar enteramente de la experiencia directa imprescindible para vivir una vida plena. Buena pr\u00e1ctica\u2026<\/p>\n","protected":false},"excerpt":{"rendered":"<p>Las vacaciones se disfrutan o se padecen. Asombrosamente, para algunas personas las vacaciones son la peor \u00e9poca del a\u00f1o. La pesadilla comienza con la planificaci\u00f3n de qu\u00e9 hacer o ad\u00f3nde ir, sobre todo tras estos a\u00f1os de impedimentos en los que no se pod\u00eda organizar gran cosa. Ponerse de acuerdo en familia intentando no competir [&#8230;]<\/p>\n<p><a class=\"btn btn-secondary understrap-read-more-link\" href=\"https:\/\/www.psyke.es\/en\/estas-vacaciones-emprende-el-reto-mente-cuerpo-mundo\/\">Read More&#8230;<span class=\"screen-reader-text\"> from Estas vacaciones emprende el reto &#8220;mente-cuerpo-mundo&#8221;<\/span><\/a><\/p>\n","protected":false},"author":3,"featured_media":8645,"comment_status":"open","ping_status":"open","sticky":false,"template":"","format":"standard","meta":{"footnotes":""},"categories":[73,72,80],"tags":[],"class_list":["post-8648","post","type-post","status-publish","format-standard","has-post-thumbnail","hentry","category-therapeutic-reflections-mind","category-therapeutic-reflections-mind-training","category-therapeutic-reflections-thoughts"],"yoast_head":"<!-- This site is optimized with the Yoast SEO plugin v27.4 - https:\/\/yoast.com\/product\/yoast-seo-wordpress\/ -->\n<title>Estas vacaciones emprende el reto &quot;mente-cuerpo-mundo&quot; - Psyke<\/title>\n<meta name=\"robots\" content=\"index, follow, max-snippet:-1, max-image-preview:large, max-video-preview:-1\" \/>\n<link rel=\"canonical\" href=\"https:\/\/www.psyke.es\/en\/estas-vacaciones-emprende-el-reto-mente-cuerpo-mundo\/\" \/>\n<meta property=\"og:locale\" content=\"en_US\" \/>\n<meta property=\"og:type\" content=\"article\" \/>\n<meta property=\"og:title\" content=\"Estas vacaciones emprende el reto &quot;mente-cuerpo-mundo&quot; - Psyke\" \/>\n<meta property=\"og:description\" content=\"Las vacaciones se disfrutan o se padecen. Asombrosamente, para algunas personas las vacaciones son la peor \u00e9poca del a\u00f1o. La pesadilla comienza con la planificaci\u00f3n de qu\u00e9 hacer o ad\u00f3nde ir, sobre todo tras estos a\u00f1os de impedimentos en los que no se pod\u00eda organizar gran cosa. Ponerse de acuerdo en familia intentando no competir [...]Read More... from Estas vacaciones emprende el reto &#8220;mente-cuerpo-mundo&#8221;\" \/>\n<meta property=\"og:url\" content=\"https:\/\/www.psyke.es\/en\/estas-vacaciones-emprende-el-reto-mente-cuerpo-mundo\/\" \/>\n<meta property=\"og:site_name\" content=\"Psyke\" \/>\n<meta property=\"article:published_time\" content=\"2022-07-31T17:00:00+00:00\" \/>\n<meta property=\"og:image\" content=\"https:\/\/www.psyke.es\/wp-content\/uploads\/2022\/07\/Frame-124.jpg\" \/>\n\t<meta property=\"og:image:width\" content=\"1675\" \/>\n\t<meta property=\"og:image:height\" content=\"1080\" \/>\n\t<meta property=\"og:image:type\" content=\"image\/jpeg\" \/>\n<meta name=\"author\" content=\"Tha\u00efs Capella\" \/>\n<meta name=\"twitter:card\" content=\"summary_large_image\" \/>\n<meta name=\"twitter:label1\" content=\"Written by\" \/>\n\t<meta name=\"twitter:data1\" content=\"Tha\u00efs Capella\" \/>\n\t<meta name=\"twitter:label2\" content=\"Est. reading time\" \/>\n\t<meta name=\"twitter:data2\" content=\"4 minutes\" \/>\n<script type=\"application\/ld+json\" class=\"yoast-schema-graph\">{\"@context\":\"https:\\\/\\\/schema.org\",\"@graph\":[{\"@type\":\"Article\",\"@id\":\"https:\\\/\\\/www.psyke.es\\\/en\\\/estas-vacaciones-emprende-el-reto-mente-cuerpo-mundo\\\/#article\",\"isPartOf\":{\"@id\":\"https:\\\/\\\/www.psyke.es\\\/en\\\/estas-vacaciones-emprende-el-reto-mente-cuerpo-mundo\\\/\"},\"author\":{\"name\":\"Tha\u00efs Capella\",\"@id\":\"https:\\\/\\\/www.psyke.es\\\/en\\\/#\\\/schema\\\/person\\\/87774a2e60512484c09407be020d551a\"},\"headline\":\"Estas vacaciones emprende el reto &#8220;mente-cuerpo-mundo&#8221;\",\"datePublished\":\"2022-07-31T17:00:00+00:00\",\"mainEntityOfPage\":{\"@id\":\"https:\\\/\\\/www.psyke.es\\\/en\\\/estas-vacaciones-emprende-el-reto-mente-cuerpo-mundo\\\/\"},\"wordCount\":831,\"commentCount\":0,\"image\":{\"@id\":\"https:\\\/\\\/www.psyke.es\\\/en\\\/estas-vacaciones-emprende-el-reto-mente-cuerpo-mundo\\\/#primaryimage\"},\"thumbnailUrl\":\"https:\\\/\\\/www.psyke.es\\\/wp-content\\\/uploads\\\/2022\\\/07\\\/Frame-124.jpg\",\"articleSection\":[\"Mind\",\"Mind training\",\"Thoughts\"],\"inLanguage\":\"en-US\",\"potentialAction\":[{\"@type\":\"CommentAction\",\"name\":\"Comment\",\"target\":[\"https:\\\/\\\/www.psyke.es\\\/en\\\/estas-vacaciones-emprende-el-reto-mente-cuerpo-mundo\\\/#respond\"]}]},{\"@type\":\"WebPage\",\"@id\":\"https:\\\/\\\/www.psyke.es\\\/en\\\/estas-vacaciones-emprende-el-reto-mente-cuerpo-mundo\\\/\",\"url\":\"https:\\\/\\\/www.psyke.es\\\/en\\\/estas-vacaciones-emprende-el-reto-mente-cuerpo-mundo\\\/\",\"name\":\"Estas vacaciones emprende el reto \\\"mente-cuerpo-mundo\\\" - Psyke\",\"isPartOf\":{\"@id\":\"https:\\\/\\\/www.psyke.es\\\/en\\\/#website\"},\"primaryImageOfPage\":{\"@id\":\"https:\\\/\\\/www.psyke.es\\\/en\\\/estas-vacaciones-emprende-el-reto-mente-cuerpo-mundo\\\/#primaryimage\"},\"image\":{\"@id\":\"https:\\\/\\\/www.psyke.es\\\/en\\\/estas-vacaciones-emprende-el-reto-mente-cuerpo-mundo\\\/#primaryimage\"},\"thumbnailUrl\":\"https:\\\/\\\/www.psyke.es\\\/wp-content\\\/uploads\\\/2022\\\/07\\\/Frame-124.jpg\",\"datePublished\":\"2022-07-31T17:00:00+00:00\",\"author\":{\"@id\":\"https:\\\/\\\/www.psyke.es\\\/en\\\/#\\\/schema\\\/person\\\/87774a2e60512484c09407be020d551a\"},\"breadcrumb\":{\"@id\":\"https:\\\/\\\/www.psyke.es\\\/en\\\/estas-vacaciones-emprende-el-reto-mente-cuerpo-mundo\\\/#breadcrumb\"},\"inLanguage\":\"en-US\",\"potentialAction\":[{\"@type\":\"ReadAction\",\"target\":[\"https:\\\/\\\/www.psyke.es\\\/en\\\/estas-vacaciones-emprende-el-reto-mente-cuerpo-mundo\\\/\"]}]},{\"@type\":\"ImageObject\",\"inLanguage\":\"en-US\",\"@id\":\"https:\\\/\\\/www.psyke.es\\\/en\\\/estas-vacaciones-emprende-el-reto-mente-cuerpo-mundo\\\/#primaryimage\",\"url\":\"https:\\\/\\\/www.psyke.es\\\/wp-content\\\/uploads\\\/2022\\\/07\\\/Frame-124.jpg\",\"contentUrl\":\"https:\\\/\\\/www.psyke.es\\\/wp-content\\\/uploads\\\/2022\\\/07\\\/Frame-124.jpg\",\"width\":1675,\"height\":1080,\"caption\":\"Ilustraci\u00f3n de Frances Sterrett para una edici\u00f3n especial de \u201cOld French Fairy Tales\u201d (Cuentos de Hadas franceses), de la escritora Sophie Rostopchine.\"},{\"@type\":\"BreadcrumbList\",\"@id\":\"https:\\\/\\\/www.psyke.es\\\/en\\\/estas-vacaciones-emprende-el-reto-mente-cuerpo-mundo\\\/#breadcrumb\",\"itemListElement\":[{\"@type\":\"ListItem\",\"position\":1,\"name\":\"Portada\",\"item\":\"https:\\\/\\\/www.psyke.es\\\/en\\\/\"},{\"@type\":\"ListItem\",\"position\":2,\"name\":\"Estas vacaciones emprende el reto \u00abmente-cuerpo-mundo\u00bb\"}]},{\"@type\":\"WebSite\",\"@id\":\"https:\\\/\\\/www.psyke.es\\\/en\\\/#website\",\"url\":\"https:\\\/\\\/www.psyke.es\\\/en\\\/\",\"name\":\"Psyke\",\"description\":\"Centro de Psicolog\u00eda\",\"potentialAction\":[{\"@type\":\"SearchAction\",\"target\":{\"@type\":\"EntryPoint\",\"urlTemplate\":\"https:\\\/\\\/www.psyke.es\\\/en\\\/?s={search_term_string}\"},\"query-input\":{\"@type\":\"PropertyValueSpecification\",\"valueRequired\":true,\"valueName\":\"search_term_string\"}}],\"inLanguage\":\"en-US\"},{\"@type\":\"Person\",\"@id\":\"https:\\\/\\\/www.psyke.es\\\/en\\\/#\\\/schema\\\/person\\\/87774a2e60512484c09407be020d551a\",\"name\":\"Tha\u00efs Capella\",\"image\":{\"@type\":\"ImageObject\",\"inLanguage\":\"en-US\",\"@id\":\"https:\\\/\\\/secure.gravatar.com\\\/avatar\\\/71847c79c196fcb2761a3960e77f33ed0e684732f3145d9b4af037b8ed17c94c?s=96&d=mm&r=g\",\"url\":\"https:\\\/\\\/secure.gravatar.com\\\/avatar\\\/71847c79c196fcb2761a3960e77f33ed0e684732f3145d9b4af037b8ed17c94c?s=96&d=mm&r=g\",\"contentUrl\":\"https:\\\/\\\/secure.gravatar.com\\\/avatar\\\/71847c79c196fcb2761a3960e77f33ed0e684732f3145d9b4af037b8ed17c94c?s=96&d=mm&r=g\",\"caption\":\"Tha\u00efs Capella\"},\"sameAs\":[\"http:\\\/\\\/psyke.es\"]}]}<\/script>\n<!-- \/ Yoast SEO plugin. -->","yoast_head_json":{"title":"Estas vacaciones emprende el reto \"mente-cuerpo-mundo\" - Psyke","robots":{"index":"index","follow":"follow","max-snippet":"max-snippet:-1","max-image-preview":"max-image-preview:large","max-video-preview":"max-video-preview:-1"},"canonical":"https:\/\/www.psyke.es\/en\/estas-vacaciones-emprende-el-reto-mente-cuerpo-mundo\/","og_locale":"en_US","og_type":"article","og_title":"Estas vacaciones emprende el reto \"mente-cuerpo-mundo\" - Psyke","og_description":"Las vacaciones se disfrutan o se padecen. Asombrosamente, para algunas personas las vacaciones son la peor \u00e9poca del a\u00f1o. La pesadilla comienza con la planificaci\u00f3n de qu\u00e9 hacer o ad\u00f3nde ir, sobre todo tras estos a\u00f1os de impedimentos en los que no se pod\u00eda organizar gran cosa. Ponerse de acuerdo en familia intentando no competir [...]Read More... from Estas vacaciones emprende el reto &#8220;mente-cuerpo-mundo&#8221;","og_url":"https:\/\/www.psyke.es\/en\/estas-vacaciones-emprende-el-reto-mente-cuerpo-mundo\/","og_site_name":"Psyke","article_published_time":"2022-07-31T17:00:00+00:00","og_image":[{"width":1675,"height":1080,"url":"https:\/\/www.psyke.es\/wp-content\/uploads\/2022\/07\/Frame-124.jpg","type":"image\/jpeg"}],"author":"Tha\u00efs Capella","twitter_card":"summary_large_image","twitter_misc":{"Written by":"Tha\u00efs Capella","Est. reading time":"4 minutes"},"schema":{"@context":"https:\/\/schema.org","@graph":[{"@type":"Article","@id":"https:\/\/www.psyke.es\/en\/estas-vacaciones-emprende-el-reto-mente-cuerpo-mundo\/#article","isPartOf":{"@id":"https:\/\/www.psyke.es\/en\/estas-vacaciones-emprende-el-reto-mente-cuerpo-mundo\/"},"author":{"name":"Tha\u00efs Capella","@id":"https:\/\/www.psyke.es\/en\/#\/schema\/person\/87774a2e60512484c09407be020d551a"},"headline":"Estas vacaciones emprende el reto &#8220;mente-cuerpo-mundo&#8221;","datePublished":"2022-07-31T17:00:00+00:00","mainEntityOfPage":{"@id":"https:\/\/www.psyke.es\/en\/estas-vacaciones-emprende-el-reto-mente-cuerpo-mundo\/"},"wordCount":831,"commentCount":0,"image":{"@id":"https:\/\/www.psyke.es\/en\/estas-vacaciones-emprende-el-reto-mente-cuerpo-mundo\/#primaryimage"},"thumbnailUrl":"https:\/\/www.psyke.es\/wp-content\/uploads\/2022\/07\/Frame-124.jpg","articleSection":["Mind","Mind training","Thoughts"],"inLanguage":"en-US","potentialAction":[{"@type":"CommentAction","name":"Comment","target":["https:\/\/www.psyke.es\/en\/estas-vacaciones-emprende-el-reto-mente-cuerpo-mundo\/#respond"]}]},{"@type":"WebPage","@id":"https:\/\/www.psyke.es\/en\/estas-vacaciones-emprende-el-reto-mente-cuerpo-mundo\/","url":"https:\/\/www.psyke.es\/en\/estas-vacaciones-emprende-el-reto-mente-cuerpo-mundo\/","name":"Estas vacaciones emprende el reto \"mente-cuerpo-mundo\" - Psyke","isPartOf":{"@id":"https:\/\/www.psyke.es\/en\/#website"},"primaryImageOfPage":{"@id":"https:\/\/www.psyke.es\/en\/estas-vacaciones-emprende-el-reto-mente-cuerpo-mundo\/#primaryimage"},"image":{"@id":"https:\/\/www.psyke.es\/en\/estas-vacaciones-emprende-el-reto-mente-cuerpo-mundo\/#primaryimage"},"thumbnailUrl":"https:\/\/www.psyke.es\/wp-content\/uploads\/2022\/07\/Frame-124.jpg","datePublished":"2022-07-31T17:00:00+00:00","author":{"@id":"https:\/\/www.psyke.es\/en\/#\/schema\/person\/87774a2e60512484c09407be020d551a"},"breadcrumb":{"@id":"https:\/\/www.psyke.es\/en\/estas-vacaciones-emprende-el-reto-mente-cuerpo-mundo\/#breadcrumb"},"inLanguage":"en-US","potentialAction":[{"@type":"ReadAction","target":["https:\/\/www.psyke.es\/en\/estas-vacaciones-emprende-el-reto-mente-cuerpo-mundo\/"]}]},{"@type":"ImageObject","inLanguage":"en-US","@id":"https:\/\/www.psyke.es\/en\/estas-vacaciones-emprende-el-reto-mente-cuerpo-mundo\/#primaryimage","url":"https:\/\/www.psyke.es\/wp-content\/uploads\/2022\/07\/Frame-124.jpg","contentUrl":"https:\/\/www.psyke.es\/wp-content\/uploads\/2022\/07\/Frame-124.jpg","width":1675,"height":1080,"caption":"Ilustraci\u00f3n de Frances Sterrett para una edici\u00f3n especial de \u201cOld French Fairy Tales\u201d (Cuentos de Hadas franceses), de la escritora Sophie Rostopchine."},{"@type":"BreadcrumbList","@id":"https:\/\/www.psyke.es\/en\/estas-vacaciones-emprende-el-reto-mente-cuerpo-mundo\/#breadcrumb","itemListElement":[{"@type":"ListItem","position":1,"name":"Portada","item":"https:\/\/www.psyke.es\/en\/"},{"@type":"ListItem","position":2,"name":"Estas vacaciones emprende el reto \u00abmente-cuerpo-mundo\u00bb"}]},{"@type":"WebSite","@id":"https:\/\/www.psyke.es\/en\/#website","url":"https:\/\/www.psyke.es\/en\/","name":"Psyke","description":"Centro de Psicolog\u00eda","potentialAction":[{"@type":"SearchAction","target":{"@type":"EntryPoint","urlTemplate":"https:\/\/www.psyke.es\/en\/?s={search_term_string}"},"query-input":{"@type":"PropertyValueSpecification","valueRequired":true,"valueName":"search_term_string"}}],"inLanguage":"en-US"},{"@type":"Person","@id":"https:\/\/www.psyke.es\/en\/#\/schema\/person\/87774a2e60512484c09407be020d551a","name":"Tha\u00efs Capella","image":{"@type":"ImageObject","inLanguage":"en-US","@id":"https:\/\/secure.gravatar.com\/avatar\/71847c79c196fcb2761a3960e77f33ed0e684732f3145d9b4af037b8ed17c94c?s=96&d=mm&r=g","url":"https:\/\/secure.gravatar.com\/avatar\/71847c79c196fcb2761a3960e77f33ed0e684732f3145d9b4af037b8ed17c94c?s=96&d=mm&r=g","contentUrl":"https:\/\/secure.gravatar.com\/avatar\/71847c79c196fcb2761a3960e77f33ed0e684732f3145d9b4af037b8ed17c94c?s=96&d=mm&r=g","caption":"Tha\u00efs Capella"},"sameAs":["http:\/\/psyke.es"]}]}},"post_mailing_queue_ids":[],"_links":{"self":[{"href":"https:\/\/www.psyke.es\/en\/wp-json\/wp\/v2\/posts\/8648","targetHints":{"allow":["GET"]}}],"collection":[{"href":"https:\/\/www.psyke.es\/en\/wp-json\/wp\/v2\/posts"}],"about":[{"href":"https:\/\/www.psyke.es\/en\/wp-json\/wp\/v2\/types\/post"}],"author":[{"embeddable":true,"href":"https:\/\/www.psyke.es\/en\/wp-json\/wp\/v2\/users\/3"}],"replies":[{"embeddable":true,"href":"https:\/\/www.psyke.es\/en\/wp-json\/wp\/v2\/comments?post=8648"}],"version-history":[{"count":0,"href":"https:\/\/www.psyke.es\/en\/wp-json\/wp\/v2\/posts\/8648\/revisions"}],"wp:featuredmedia":[{"embeddable":true,"href":"https:\/\/www.psyke.es\/en\/wp-json\/wp\/v2\/media\/8645"}],"wp:attachment":[{"href":"https:\/\/www.psyke.es\/en\/wp-json\/wp\/v2\/media?parent=8648"}],"wp:term":[{"taxonomy":"category","embeddable":true,"href":"https:\/\/www.psyke.es\/en\/wp-json\/wp\/v2\/categories?post=8648"},{"taxonomy":"post_tag","embeddable":true,"href":"https:\/\/www.psyke.es\/en\/wp-json\/wp\/v2\/tags?post=8648"}],"curies":[{"name":"wp","href":"https:\/\/api.w.org\/{rel}","templated":true}]}}