{"id":9419,"date":"2022-10-09T20:30:00","date_gmt":"2022-10-09T18:30:00","guid":{"rendered":"https:\/\/www.psyke.es\/dia-mundial-de-la-salud-mental-manana-podrias-ser-tu\/"},"modified":"2022-10-20T18:01:02","modified_gmt":"2022-10-20T16:01:02","slug":"dia-mundial-de-la-salud-mental-manana-podrias-ser-tu","status":"publish","type":"post","link":"https:\/\/www.psyke.es\/en\/dia-mundial-de-la-salud-mental-manana-podrias-ser-tu\/","title":{"rendered":"D\u00eda Mundial de la Salud Mental: \u201cma\u00f1ana podr\u00edas ser t\u00fa\u201d"},"content":{"rendered":"\n<p><\/p>\n\n\n\n<p>Seg\u00fan la Organizaci\u00f3n Mundial de la Salud (OMS), 1 de cada 4 personas tiene, ha tenido o tendr\u00e1 un problema de salud mental a lo largo de su vida. A causa de los estragos mentales causados por la pandemia, se est\u00e1 empezando a conocer y hablar m\u00e1s abiertamente de trastornos comunes como la ansiedad, la depresi\u00f3n, el insomnio cr\u00f3nico y los obsesivos-compulsivos que limitan tanto la existencia humana, cuando no la extinguen completamente con el innombrable \u201csuicidio\u201d.&nbsp;<\/p>\n\n\n\n<p>Tener la absoluta convicci\u00f3n de que todos los seres humanos estamos \u2013m\u00e1s o menos- inestables (a causa de una mente \u201cnegativizada\u201d por la supervivencia), ayuda a no sentir el aislamiento del sufridor de su mente, inmerso en un mundo aparentemente feliz proyectado por los medios y las redes sociales.<\/p>\n\n\n\n<p>Me preguntaron el otro d\u00eda \u00bftodo el mundo deber\u00eda ir a un psic\u00f3logo? Respond\u00ed: \u201ctodo el mundo deber\u00eda tener como m\u00e1xima conocerse a s\u00ed mismo\u201d, en la medida de sus posibilidades\u2026y record\u00e9 esta cita de S\u00f3crates:<\/p>\n\n\n\n<p><em>&#8220;Por el momento soy incapaz (\u2026) de conocerme a m\u00ed mismo.<\/em><\/p>\n\n\n\n<p><em><strong>Me parece rid\u00edculo, por tanto, que el que no sabe todav\u00eda de s\u00ed mismo, se ponga a investigar sobre otras cosas antes de comprender esto&#8221;.<\/strong><\/em><\/p>\n\n\n\n<p>Sentarse delante de una persona formada en Psicolog\u00eda no es necesariamente agradable, pero puede ayudar al valiente a descubrir aspectos de s\u00ed mismo ocultos que influyen en su relaci\u00f3n consigo mismo y con los dem\u00e1s.<\/p>\n\n\n\n<p>No conocerse a fondo tiene un precio alt\u00edsimo: no pedir ayuda cuando aparece malestar, miedos irracionales o inquietud latente, puede generar conductas da\u00f1inas auto-lesivas que se cronifican, magnificando el trastorno y dificultando su sanaci\u00f3n. Las cifras de personas afectadas por desequilibrios mentales est\u00e1n aumentando en parte porque se comunican y se registran cada vez m\u00e1s. Algunos pacientes con ansiedad que han empezado a comentar su malestar, se encuentran con amistades que les estaba pasando lo mismo pero les daba verg\u00fcenza expresarlo por miedo al rechazo. <strong>Hemos generado una mentira social a causa del \u201cqu\u00e9 dir\u00e1n\u201d que perpet\u00faa e incrementa la enfermedad.<\/strong><\/p>\n\n\n\n<p>Contra la mentira solo cabe la verdad: \u201ctodo lo que resistes persiste, y todo lo que aceptas se transforma\u201d. Aceptar que existe el sufrimiento humano nos ayudar\u00e1 a mirarlo de cara para amortiguarlo con las herramientas adecuadas. Nos ayudar\u00e1 a PRE-ocuparnos antes de tener que ocuparnos cuando ya es demasiado tarde y se ha ca\u00eddo en las garras de la enfermedad mental.<\/p>\n\n\n\n<p>La mente es el epicentro de nuestra existencia: la que nos posiciona ante nosotros mismos y ante el mundo.<\/p>\n\n\n\n<p><strong>Para robustecer la salud mental, hemos de invertir en prevenci\u00f3n<\/strong>. Todas las Terapias de Tercera Generaci\u00f3n incluyen pr\u00e1cticas de Mindfulness que nos ayudan a observar nuestra mente para saber c\u00f3mo funciona y domarla para que no nos engulla. El Programa cient\u00edfico de Reducci\u00f3n de Estr\u00e9s (MBSR) ha logrado pruebas evidentes de mejora en multitud de personas ya afectadas con alguno de los trastornos mencionados. Pero lo que es m\u00e1s importante, es la cantidad de personas que se han formado antes de que apareciera el primer s\u00edntoma.&nbsp;<\/p>\n\n\n\n<p><strong>Invertir en nuestra mente supone apostar por el retorno m\u00e1s beneficioso que podemos hacer en nuestras vidas.<\/strong><\/p>\n\n\n\n<p>\u00bfA qu\u00e9 esperas\u2026?<\/p>\n\n\n\n<p>Ilustraci\u00f3n titulada \u201cNorth Wind\u201d (Viento del Norte), de Rockwell Kent, 1919. <\/p>\n\n\n\n<p>Meditaci\u00f3n recomendada <a href=\"https:\/\/www.psyke.es\/en\/meditaciones\/open-monitoring-aware-of-being-aware\/\">N. 5 \u201cMonitoreo abierto: conscientes de ser conscientes\u201d.<\/a><\/p>\n\n\n\n<p>Esta meditaci\u00f3n sirve para conocer a nuestra mente, exponi\u00e9ndonos a ella deliberadamente, con amabilidad, apertura y aceptaci\u00f3n ante todo lo que nos presenta como observadores imparciales. Con la pr\u00e1ctica adecuada, adquirimos mayor distancia de nuestros pensamientos y, por tanto, mayor libertad y sosiego.<\/p>\n","protected":false},"excerpt":{"rendered":"<p>Seg\u00fan la Organizaci\u00f3n Mundial de la Salud (OMS), 1 de cada 4 personas tiene, ha tenido o tendr\u00e1 un problema de salud mental a lo largo de su vida. A causa de los estragos mentales causados por la pandemia, se est\u00e1 empezando a conocer y hablar m\u00e1s abiertamente de trastornos comunes como la ansiedad, la [&#8230;]<\/p>\n<p><a class=\"btn btn-secondary understrap-read-more-link\" href=\"https:\/\/www.psyke.es\/en\/dia-mundial-de-la-salud-mental-manana-podrias-ser-tu\/\">Read More&#8230;<span class=\"screen-reader-text\"> from D\u00eda Mundial de la Salud Mental: \u201cma\u00f1ana podr\u00edas ser t\u00fa\u201d<\/span><\/a><\/p>\n","protected":false},"author":3,"featured_media":9311,"comment_status":"open","ping_status":"open","sticky":false,"template":"","format":"standard","meta":{"footnotes":""},"categories":[84,73],"tags":[],"class_list":["post-9419","post","type-post","status-publish","format-standard","has-post-thumbnail","hentry","category-therapeutic-reflections-anxiety-stress","category-therapeutic-reflections-mind"],"yoast_head":"<!-- This site is optimized with the Yoast SEO plugin v27.4 - https:\/\/yoast.com\/product\/yoast-seo-wordpress\/ -->\n<title>D\u00eda Mundial de la Salud Mental: \u201cma\u00f1ana podr\u00edas ser t\u00fa\u201d - Psyke<\/title>\n<meta name=\"robots\" content=\"index, follow, max-snippet:-1, max-image-preview:large, max-video-preview:-1\" \/>\n<link rel=\"canonical\" href=\"https:\/\/www.psyke.es\/en\/dia-mundial-de-la-salud-mental-manana-podrias-ser-tu\/\" \/>\n<meta property=\"og:locale\" content=\"en_US\" \/>\n<meta property=\"og:type\" content=\"article\" \/>\n<meta property=\"og:title\" content=\"D\u00eda Mundial de la Salud Mental: \u201cma\u00f1ana podr\u00edas ser t\u00fa\u201d - Psyke\" \/>\n<meta property=\"og:description\" content=\"Seg\u00fan la Organizaci\u00f3n Mundial de la Salud (OMS), 1 de cada 4 personas tiene, ha tenido o tendr\u00e1 un problema de salud mental a lo largo de su vida. A causa de los estragos mentales causados por la pandemia, se est\u00e1 empezando a conocer y hablar m\u00e1s abiertamente de trastornos comunes como la ansiedad, la [...]Read More... from D\u00eda Mundial de la Salud Mental: \u201cma\u00f1ana podr\u00edas ser t\u00fa\u201d\" \/>\n<meta property=\"og:url\" content=\"https:\/\/www.psyke.es\/en\/dia-mundial-de-la-salud-mental-manana-podrias-ser-tu\/\" \/>\n<meta property=\"og:site_name\" content=\"Psyke\" \/>\n<meta property=\"article:published_time\" content=\"2022-10-09T18:30:00+00:00\" \/>\n<meta property=\"article:modified_time\" content=\"2022-10-20T16:01:02+00:00\" \/>\n<meta property=\"og:image\" content=\"https:\/\/www.psyke.es\/wp-content\/uploads\/2022\/10\/Frame-149.jpg\" \/>\n\t<meta property=\"og:image:width\" content=\"1675\" \/>\n\t<meta property=\"og:image:height\" content=\"1080\" \/>\n\t<meta property=\"og:image:type\" content=\"image\/jpeg\" \/>\n<meta name=\"author\" content=\"Tha\u00efs Capella\" \/>\n<meta name=\"twitter:card\" content=\"summary_large_image\" \/>\n<meta name=\"twitter:label1\" content=\"Written by\" \/>\n\t<meta name=\"twitter:data1\" content=\"Tha\u00efs Capella\" \/>\n\t<meta name=\"twitter:label2\" content=\"Est. reading time\" \/>\n\t<meta name=\"twitter:data2\" content=\"3 minutes\" \/>\n<script type=\"application\/ld+json\" class=\"yoast-schema-graph\">{\"@context\":\"https:\\\/\\\/schema.org\",\"@graph\":[{\"@type\":\"Article\",\"@id\":\"https:\\\/\\\/www.psyke.es\\\/en\\\/dia-mundial-de-la-salud-mental-manana-podrias-ser-tu\\\/#article\",\"isPartOf\":{\"@id\":\"https:\\\/\\\/www.psyke.es\\\/en\\\/dia-mundial-de-la-salud-mental-manana-podrias-ser-tu\\\/\"},\"author\":{\"name\":\"Tha\u00efs Capella\",\"@id\":\"https:\\\/\\\/www.psyke.es\\\/en\\\/#\\\/schema\\\/person\\\/87774a2e60512484c09407be020d551a\"},\"headline\":\"D\u00eda Mundial de la Salud Mental: \u201cma\u00f1ana podr\u00edas ser t\u00fa\u201d\",\"datePublished\":\"2022-10-09T18:30:00+00:00\",\"dateModified\":\"2022-10-20T16:01:02+00:00\",\"mainEntityOfPage\":{\"@id\":\"https:\\\/\\\/www.psyke.es\\\/en\\\/dia-mundial-de-la-salud-mental-manana-podrias-ser-tu\\\/\"},\"wordCount\":639,\"commentCount\":0,\"image\":{\"@id\":\"https:\\\/\\\/www.psyke.es\\\/en\\\/dia-mundial-de-la-salud-mental-manana-podrias-ser-tu\\\/#primaryimage\"},\"thumbnailUrl\":\"https:\\\/\\\/www.psyke.es\\\/wp-content\\\/uploads\\\/2022\\\/10\\\/Frame-149.jpg\",\"articleSection\":[\"Anxiety and stress\",\"Mind\"],\"inLanguage\":\"en-US\",\"potentialAction\":[{\"@type\":\"CommentAction\",\"name\":\"Comment\",\"target\":[\"https:\\\/\\\/www.psyke.es\\\/en\\\/dia-mundial-de-la-salud-mental-manana-podrias-ser-tu\\\/#respond\"]}]},{\"@type\":\"WebPage\",\"@id\":\"https:\\\/\\\/www.psyke.es\\\/en\\\/dia-mundial-de-la-salud-mental-manana-podrias-ser-tu\\\/\",\"url\":\"https:\\\/\\\/www.psyke.es\\\/en\\\/dia-mundial-de-la-salud-mental-manana-podrias-ser-tu\\\/\",\"name\":\"D\u00eda Mundial de la Salud Mental: \u201cma\u00f1ana podr\u00edas ser t\u00fa\u201d - Psyke\",\"isPartOf\":{\"@id\":\"https:\\\/\\\/www.psyke.es\\\/en\\\/#website\"},\"primaryImageOfPage\":{\"@id\":\"https:\\\/\\\/www.psyke.es\\\/en\\\/dia-mundial-de-la-salud-mental-manana-podrias-ser-tu\\\/#primaryimage\"},\"image\":{\"@id\":\"https:\\\/\\\/www.psyke.es\\\/en\\\/dia-mundial-de-la-salud-mental-manana-podrias-ser-tu\\\/#primaryimage\"},\"thumbnailUrl\":\"https:\\\/\\\/www.psyke.es\\\/wp-content\\\/uploads\\\/2022\\\/10\\\/Frame-149.jpg\",\"datePublished\":\"2022-10-09T18:30:00+00:00\",\"dateModified\":\"2022-10-20T16:01:02+00:00\",\"author\":{\"@id\":\"https:\\\/\\\/www.psyke.es\\\/en\\\/#\\\/schema\\\/person\\\/87774a2e60512484c09407be020d551a\"},\"breadcrumb\":{\"@id\":\"https:\\\/\\\/www.psyke.es\\\/en\\\/dia-mundial-de-la-salud-mental-manana-podrias-ser-tu\\\/#breadcrumb\"},\"inLanguage\":\"en-US\",\"potentialAction\":[{\"@type\":\"ReadAction\",\"target\":[\"https:\\\/\\\/www.psyke.es\\\/en\\\/dia-mundial-de-la-salud-mental-manana-podrias-ser-tu\\\/\"]}]},{\"@type\":\"ImageObject\",\"inLanguage\":\"en-US\",\"@id\":\"https:\\\/\\\/www.psyke.es\\\/en\\\/dia-mundial-de-la-salud-mental-manana-podrias-ser-tu\\\/#primaryimage\",\"url\":\"https:\\\/\\\/www.psyke.es\\\/wp-content\\\/uploads\\\/2022\\\/10\\\/Frame-149.jpg\",\"contentUrl\":\"https:\\\/\\\/www.psyke.es\\\/wp-content\\\/uploads\\\/2022\\\/10\\\/Frame-149.jpg\",\"width\":1675,\"height\":1080,\"caption\":\"Ilustraci\u00f3n titulada \u201cNorth Wind\u201d (Viento del Norte), de Rockwell Kent, 1919.\"},{\"@type\":\"BreadcrumbList\",\"@id\":\"https:\\\/\\\/www.psyke.es\\\/en\\\/dia-mundial-de-la-salud-mental-manana-podrias-ser-tu\\\/#breadcrumb\",\"itemListElement\":[{\"@type\":\"ListItem\",\"position\":1,\"name\":\"Portada\",\"item\":\"https:\\\/\\\/www.psyke.es\\\/en\\\/\"},{\"@type\":\"ListItem\",\"position\":2,\"name\":\"D\u00eda Mundial de la Salud Mental: \u201cma\u00f1ana podr\u00edas ser t\u00fa\u201d\"}]},{\"@type\":\"WebSite\",\"@id\":\"https:\\\/\\\/www.psyke.es\\\/en\\\/#website\",\"url\":\"https:\\\/\\\/www.psyke.es\\\/en\\\/\",\"name\":\"Psyke\",\"description\":\"Centro de Psicolog\u00eda\",\"potentialAction\":[{\"@type\":\"SearchAction\",\"target\":{\"@type\":\"EntryPoint\",\"urlTemplate\":\"https:\\\/\\\/www.psyke.es\\\/en\\\/?s={search_term_string}\"},\"query-input\":{\"@type\":\"PropertyValueSpecification\",\"valueRequired\":true,\"valueName\":\"search_term_string\"}}],\"inLanguage\":\"en-US\"},{\"@type\":\"Person\",\"@id\":\"https:\\\/\\\/www.psyke.es\\\/en\\\/#\\\/schema\\\/person\\\/87774a2e60512484c09407be020d551a\",\"name\":\"Tha\u00efs Capella\",\"image\":{\"@type\":\"ImageObject\",\"inLanguage\":\"en-US\",\"@id\":\"https:\\\/\\\/secure.gravatar.com\\\/avatar\\\/71847c79c196fcb2761a3960e77f33ed0e684732f3145d9b4af037b8ed17c94c?s=96&d=mm&r=g\",\"url\":\"https:\\\/\\\/secure.gravatar.com\\\/avatar\\\/71847c79c196fcb2761a3960e77f33ed0e684732f3145d9b4af037b8ed17c94c?s=96&d=mm&r=g\",\"contentUrl\":\"https:\\\/\\\/secure.gravatar.com\\\/avatar\\\/71847c79c196fcb2761a3960e77f33ed0e684732f3145d9b4af037b8ed17c94c?s=96&d=mm&r=g\",\"caption\":\"Tha\u00efs Capella\"},\"sameAs\":[\"http:\\\/\\\/psyke.es\"]}]}<\/script>\n<!-- \/ Yoast SEO plugin. -->","yoast_head_json":{"title":"D\u00eda Mundial de la Salud Mental: \u201cma\u00f1ana podr\u00edas ser t\u00fa\u201d - Psyke","robots":{"index":"index","follow":"follow","max-snippet":"max-snippet:-1","max-image-preview":"max-image-preview:large","max-video-preview":"max-video-preview:-1"},"canonical":"https:\/\/www.psyke.es\/en\/dia-mundial-de-la-salud-mental-manana-podrias-ser-tu\/","og_locale":"en_US","og_type":"article","og_title":"D\u00eda Mundial de la Salud Mental: \u201cma\u00f1ana podr\u00edas ser t\u00fa\u201d - Psyke","og_description":"Seg\u00fan la Organizaci\u00f3n Mundial de la Salud (OMS), 1 de cada 4 personas tiene, ha tenido o tendr\u00e1 un problema de salud mental a lo largo de su vida. A causa de los estragos mentales causados por la pandemia, se est\u00e1 empezando a conocer y hablar m\u00e1s abiertamente de trastornos comunes como la ansiedad, la [...]Read More... from D\u00eda Mundial de la Salud Mental: \u201cma\u00f1ana podr\u00edas ser t\u00fa\u201d","og_url":"https:\/\/www.psyke.es\/en\/dia-mundial-de-la-salud-mental-manana-podrias-ser-tu\/","og_site_name":"Psyke","article_published_time":"2022-10-09T18:30:00+00:00","article_modified_time":"2022-10-20T16:01:02+00:00","og_image":[{"width":1675,"height":1080,"url":"https:\/\/www.psyke.es\/wp-content\/uploads\/2022\/10\/Frame-149.jpg","type":"image\/jpeg"}],"author":"Tha\u00efs Capella","twitter_card":"summary_large_image","twitter_misc":{"Written by":"Tha\u00efs Capella","Est. reading time":"3 minutes"},"schema":{"@context":"https:\/\/schema.org","@graph":[{"@type":"Article","@id":"https:\/\/www.psyke.es\/en\/dia-mundial-de-la-salud-mental-manana-podrias-ser-tu\/#article","isPartOf":{"@id":"https:\/\/www.psyke.es\/en\/dia-mundial-de-la-salud-mental-manana-podrias-ser-tu\/"},"author":{"name":"Tha\u00efs Capella","@id":"https:\/\/www.psyke.es\/en\/#\/schema\/person\/87774a2e60512484c09407be020d551a"},"headline":"D\u00eda Mundial de la Salud Mental: \u201cma\u00f1ana podr\u00edas ser t\u00fa\u201d","datePublished":"2022-10-09T18:30:00+00:00","dateModified":"2022-10-20T16:01:02+00:00","mainEntityOfPage":{"@id":"https:\/\/www.psyke.es\/en\/dia-mundial-de-la-salud-mental-manana-podrias-ser-tu\/"},"wordCount":639,"commentCount":0,"image":{"@id":"https:\/\/www.psyke.es\/en\/dia-mundial-de-la-salud-mental-manana-podrias-ser-tu\/#primaryimage"},"thumbnailUrl":"https:\/\/www.psyke.es\/wp-content\/uploads\/2022\/10\/Frame-149.jpg","articleSection":["Anxiety and stress","Mind"],"inLanguage":"en-US","potentialAction":[{"@type":"CommentAction","name":"Comment","target":["https:\/\/www.psyke.es\/en\/dia-mundial-de-la-salud-mental-manana-podrias-ser-tu\/#respond"]}]},{"@type":"WebPage","@id":"https:\/\/www.psyke.es\/en\/dia-mundial-de-la-salud-mental-manana-podrias-ser-tu\/","url":"https:\/\/www.psyke.es\/en\/dia-mundial-de-la-salud-mental-manana-podrias-ser-tu\/","name":"D\u00eda Mundial de la Salud Mental: \u201cma\u00f1ana podr\u00edas ser t\u00fa\u201d - Psyke","isPartOf":{"@id":"https:\/\/www.psyke.es\/en\/#website"},"primaryImageOfPage":{"@id":"https:\/\/www.psyke.es\/en\/dia-mundial-de-la-salud-mental-manana-podrias-ser-tu\/#primaryimage"},"image":{"@id":"https:\/\/www.psyke.es\/en\/dia-mundial-de-la-salud-mental-manana-podrias-ser-tu\/#primaryimage"},"thumbnailUrl":"https:\/\/www.psyke.es\/wp-content\/uploads\/2022\/10\/Frame-149.jpg","datePublished":"2022-10-09T18:30:00+00:00","dateModified":"2022-10-20T16:01:02+00:00","author":{"@id":"https:\/\/www.psyke.es\/en\/#\/schema\/person\/87774a2e60512484c09407be020d551a"},"breadcrumb":{"@id":"https:\/\/www.psyke.es\/en\/dia-mundial-de-la-salud-mental-manana-podrias-ser-tu\/#breadcrumb"},"inLanguage":"en-US","potentialAction":[{"@type":"ReadAction","target":["https:\/\/www.psyke.es\/en\/dia-mundial-de-la-salud-mental-manana-podrias-ser-tu\/"]}]},{"@type":"ImageObject","inLanguage":"en-US","@id":"https:\/\/www.psyke.es\/en\/dia-mundial-de-la-salud-mental-manana-podrias-ser-tu\/#primaryimage","url":"https:\/\/www.psyke.es\/wp-content\/uploads\/2022\/10\/Frame-149.jpg","contentUrl":"https:\/\/www.psyke.es\/wp-content\/uploads\/2022\/10\/Frame-149.jpg","width":1675,"height":1080,"caption":"Ilustraci\u00f3n titulada \u201cNorth Wind\u201d (Viento del Norte), de Rockwell Kent, 1919."},{"@type":"BreadcrumbList","@id":"https:\/\/www.psyke.es\/en\/dia-mundial-de-la-salud-mental-manana-podrias-ser-tu\/#breadcrumb","itemListElement":[{"@type":"ListItem","position":1,"name":"Portada","item":"https:\/\/www.psyke.es\/en\/"},{"@type":"ListItem","position":2,"name":"D\u00eda Mundial de la Salud Mental: \u201cma\u00f1ana podr\u00edas ser t\u00fa\u201d"}]},{"@type":"WebSite","@id":"https:\/\/www.psyke.es\/en\/#website","url":"https:\/\/www.psyke.es\/en\/","name":"Psyke","description":"Centro de Psicolog\u00eda","potentialAction":[{"@type":"SearchAction","target":{"@type":"EntryPoint","urlTemplate":"https:\/\/www.psyke.es\/en\/?s={search_term_string}"},"query-input":{"@type":"PropertyValueSpecification","valueRequired":true,"valueName":"search_term_string"}}],"inLanguage":"en-US"},{"@type":"Person","@id":"https:\/\/www.psyke.es\/en\/#\/schema\/person\/87774a2e60512484c09407be020d551a","name":"Tha\u00efs Capella","image":{"@type":"ImageObject","inLanguage":"en-US","@id":"https:\/\/secure.gravatar.com\/avatar\/71847c79c196fcb2761a3960e77f33ed0e684732f3145d9b4af037b8ed17c94c?s=96&d=mm&r=g","url":"https:\/\/secure.gravatar.com\/avatar\/71847c79c196fcb2761a3960e77f33ed0e684732f3145d9b4af037b8ed17c94c?s=96&d=mm&r=g","contentUrl":"https:\/\/secure.gravatar.com\/avatar\/71847c79c196fcb2761a3960e77f33ed0e684732f3145d9b4af037b8ed17c94c?s=96&d=mm&r=g","caption":"Tha\u00efs Capella"},"sameAs":["http:\/\/psyke.es"]}]}},"post_mailing_queue_ids":[],"_links":{"self":[{"href":"https:\/\/www.psyke.es\/en\/wp-json\/wp\/v2\/posts\/9419","targetHints":{"allow":["GET"]}}],"collection":[{"href":"https:\/\/www.psyke.es\/en\/wp-json\/wp\/v2\/posts"}],"about":[{"href":"https:\/\/www.psyke.es\/en\/wp-json\/wp\/v2\/types\/post"}],"author":[{"embeddable":true,"href":"https:\/\/www.psyke.es\/en\/wp-json\/wp\/v2\/users\/3"}],"replies":[{"embeddable":true,"href":"https:\/\/www.psyke.es\/en\/wp-json\/wp\/v2\/comments?post=9419"}],"version-history":[{"count":0,"href":"https:\/\/www.psyke.es\/en\/wp-json\/wp\/v2\/posts\/9419\/revisions"}],"wp:featuredmedia":[{"embeddable":true,"href":"https:\/\/www.psyke.es\/en\/wp-json\/wp\/v2\/media\/9311"}],"wp:attachment":[{"href":"https:\/\/www.psyke.es\/en\/wp-json\/wp\/v2\/media?parent=9419"}],"wp:term":[{"taxonomy":"category","embeddable":true,"href":"https:\/\/www.psyke.es\/en\/wp-json\/wp\/v2\/categories?post=9419"},{"taxonomy":"post_tag","embeddable":true,"href":"https:\/\/www.psyke.es\/en\/wp-json\/wp\/v2\/tags?post=9419"}],"curies":[{"name":"wp","href":"https:\/\/api.w.org\/{rel}","templated":true}]}}