{"id":9576,"date":"2022-11-13T17:11:00","date_gmt":"2022-11-13T15:11:00","guid":{"rendered":"https:\/\/www.psyke.es\/?p=9576"},"modified":"2022-11-08T13:09:50","modified_gmt":"2022-11-08T11:09:50","slug":"la-ansiedad-es-mas-comun-que-la-gripe","status":"publish","type":"post","link":"https:\/\/www.psyke.es\/en\/la-ansiedad-es-mas-comun-que-la-gripe\/","title":{"rendered":"La ansiedad es m\u00e1s com\u00fan que la gripe"},"content":{"rendered":"\n<p>Cada vez m\u00e1s casos de ansiedad acechan las cl\u00ednicas de psicolog\u00eda. La mayor\u00eda de personas que acuden carecen de las m\u00ednimas herramientas para afrontar su condici\u00f3n y la vida misma, que ya es dif\u00edcil en s\u00ed misma.&nbsp;Y es que <strong>justamente no saber c\u00f3mo gestionar las situaciones estresantes de nuestras vidas es lo que al final da lugar a la temible ansiedad.<\/strong> La ansiedad procede del miedo y aparece por alguna situaci\u00f3n externa: un conflicto emocional sin resolver, una incertidumbre temporal o duradera, la anticipaci\u00f3n de alg\u00fan peligro inminente, y un largo etc\u00e9tera que puede proceder incluso de nuestra propia biograf\u00eda vital. La ansiedad tambi\u00e9n puede provenir de una situaci\u00f3n interna: cuando el propio s\u00edntoma, como el desmayo, las palpitaciones o sudoraci\u00f3n, se conviertan en el est\u00edmulo que nos produzca el miedo suficiente como para disparar una cascada de efectos en cadena.&nbsp;&nbsp; &nbsp;<\/p>\n\n\n\n<p>La persona que padece ansiedad vive una inquietud constante en su interior que se presenta de m\u00faltiples formas, siendo las m\u00e1s comunes las siguientes:&nbsp;<\/p>\n\n\n\n<ol class=\"wp-block-list\" type=\"1\"><li><strong>A nivel de sensaciones f\u00edsicas y fisiol\u00f3gicas:<\/strong> opresi\u00f3n en el pecho, nudo en la garganta o en el est\u00f3mago (o ambos), presi\u00f3n en la nuca, sensaci\u00f3n de mareo, sudoraci\u00f3n, inestabilidad, respiraci\u00f3n alterada, hiperventilaci\u00f3n, palpitaciones aceleradas, diarrea, temblores\u2026<\/li><li><strong>A nivel cognitivo:<\/strong> pensamientos intrusivos y ansiosos, predicciones catastr\u00f3ficas, juicios exagerados, im\u00e1genes aterradoras de uno mismo perdiendo el control desmay\u00e1ndose o muriendo\u2026<\/li><li><strong>A nivel conductual<\/strong>: evitando ciertas personas, lugares y situaciones; dificultad en decir \u201cno\u201d y mantener los propios l\u00edmites; tendencia de reaccionar impulsiva y negativamente hacia los dem\u00e1s sin previo aviso\u2026<\/li><\/ol>\n\n\n\n<p>Si est\u00e1 claro que la ansiedad es un miedo, lo m\u00e1s importante es aprender a regular nuestras emociones, siendo el miedo la que m\u00e1s incide en la ansiedad.&nbsp; Por tanto <strong>es imprescindible saber de d\u00f3nde vienen las emociones, por qu\u00e9 las tenemos, qu\u00e9 funci\u00f3n cumplen y como hemos de gestionarlas cuando aparecen<\/strong>. Parece sencillo, y realmente lo es, pero hemos de entrenarnos a fondo para lograrlo y que no nos dominen.<\/p>\n\n\n\n<p>Lo primero es saber que la ansiedad es una reacci\u00f3n natural del cerebro primitivo. Veamos, si aparece delante de nosotros un le\u00f3n, lo normal y deseable es lo que hace nuestro cuerpo: reacciona autom\u00e1ticamente con un chute hormonal capaz de hacernos saltar al \u00e1rbol m\u00e1s alto para protegernos.&nbsp; El problema ocurre cuando aparece el miedo dentro de nosotros cuando no hay le\u00f3n. Ese mecanismo protector para salvarnos se distorsiona y act\u00faa sin permiso ante situaciones internas (una opresi\u00f3n en el pecho) o externas (un conflicto). En cuanto nos asustamos, el cuerpo libera la cascada hormonal igualmente para liberarnos del peligro. El cerebro no distingue entre un le\u00f3n real o una conversaci\u00f3n con nuestro jefe. Todo lo que ocurre detr\u00e1s de nuestra cara bonita son conexiones neuronales. <strong>Si t\u00fa generas miedo ante la sensaci\u00f3n f\u00edsica, ante un pensamiento o ante una conversaci\u00f3n conflictiva pr\u00f3xima, tu cerebro solo registra \u201cmiedo\u201d y act\u00faa en consecuencia.<\/strong><\/p>\n\n\n\n<p>Las salidas farmacol\u00f3gicas ya las conocemos (Espa\u00f1a ha doblado el consumo de ansiol\u00edticos en 2022). <strong>Las herramientas naturales que proponemos desde estas p\u00e1ginas son muy sencillas, pero requieren de nuestro esfuerzo y perseverancia. La primera es la meditaci\u00f3n, que nos ayuda a distanciarnos de nuestros pensamientos y nuestras emociones.<\/strong> La segunda es la psico-educaci\u00f3n para conocer el funcionamiento de nuestra mente y nuestro cuerpo para poder equilibrarlo y que no se dispare. Solo desde la comprensi\u00f3n, el entrenamiento y el amor hacia nuestra dolencia, lo podremos superar\u2026<\/p>\n\n\n\n<p>\u00bfA qu\u00e9 esperas\u2026?&nbsp;&nbsp;&nbsp;&nbsp; &nbsp;&nbsp;&nbsp;&nbsp;<\/p>\n\n\n\n<p>\u201c\u2026La verdad es que la ansiedad es a la vez una funci\u00f3n de biolog\u00eda y filosof\u00eda, el cuerpo y la mente, el instinto y la raz\u00f3n, la personalidad y la cultura. Aunque la ansiedad se experimenta a nivel espiritual y psicol\u00f3gico, es cient\u00edficamente medible a nivel molecular y fisiol\u00f3gico. Es producido por la naturaleza y es producido por la crianza. Es un fen\u00f3meno psicol\u00f3gico y un fen\u00f3meno sociol\u00f3gico. En t\u00e9rminos inform\u00e1ticos, es tanto un problema de hardware (estoy mal conectado) como un problema de software (ejecuto programas l\u00f3gicos defectuosos que me hacen tener pensamientos ansiosos).<\/p>\n\n\n\n<p>Ilustraci\u00f3n \u201cEl grito\u201d (en noruego Skrik) de Edvard Munch de 1893.<\/p>\n\n\n\n<p>Extracto del libro \u201cMy age of anxiety: fear, hope, dread and the search for peace of mind\u201d (Mi era de ansiedad: miedo, esperanza, pavor y mi b\u00fasqueda de paz mental), de Scott Stossel.&nbsp;<\/p>\n\n\n\n<p>Meditacion recomendada <a href=\"N.4: &quot;Aqu\u00ed y Ahora: Mente-Cuerpo-Mundo\u201d\">N.4: &#8220;Aqu\u00ed y Ahora: Mente-Cuerpo-Mundo\u201d<\/a><\/p>\n\n\n\n<p>Esta meditaci\u00f3n nos ayuda a descubrir nuestros pensamientos limitantes y volver al presente, tomando consciencia de lo que de verdad importa para nosotros en ese momento y en nuestro contexto vital, para seguir avanzando en nuestro camino. Buena pr\u00e1ctica\u2026<\/p>\n","protected":false},"excerpt":{"rendered":"<p>Cada vez m\u00e1s casos de ansiedad acechan las cl\u00ednicas de psicolog\u00eda. La mayor\u00eda de personas que acuden carecen de las m\u00ednimas herramientas para afrontar su condici\u00f3n y la vida misma, que ya es dif\u00edcil en s\u00ed misma.&nbsp;Y es que justamente no saber c\u00f3mo gestionar las situaciones estresantes de nuestras vidas es lo que al final [&#8230;]<\/p>\n<p><a class=\"btn btn-secondary understrap-read-more-link\" href=\"https:\/\/www.psyke.es\/en\/la-ansiedad-es-mas-comun-que-la-gripe\/\">Read More&#8230;<span class=\"screen-reader-text\"> from La ansiedad es m\u00e1s com\u00fan que la gripe<\/span><\/a><\/p>\n","protected":false},"author":3,"featured_media":9570,"comment_status":"open","ping_status":"open","sticky":false,"template":"","format":"standard","meta":{"footnotes":""},"categories":[84,77,73],"tags":[189,128],"class_list":["post-9576","post","type-post","status-publish","format-standard","has-post-thumbnail","hentry","category-therapeutic-reflections-anxiety-stress","category-estres-en","category-therapeutic-reflections-mind","tag-estres-en","tag-salud-mental-en"],"yoast_head":"<!-- This site is optimized with the Yoast SEO plugin v27.4 - https:\/\/yoast.com\/product\/yoast-seo-wordpress\/ -->\n<title>La ansiedad es m\u00e1s com\u00fan que la gripe - Psyke<\/title>\n<meta name=\"robots\" content=\"index, follow, max-snippet:-1, max-image-preview:large, max-video-preview:-1\" \/>\n<link rel=\"canonical\" href=\"https:\/\/www.psyke.es\/en\/la-ansiedad-es-mas-comun-que-la-gripe\/\" \/>\n<meta property=\"og:locale\" content=\"en_US\" \/>\n<meta property=\"og:type\" content=\"article\" \/>\n<meta property=\"og:title\" content=\"La ansiedad es m\u00e1s com\u00fan que la gripe - Psyke\" \/>\n<meta property=\"og:description\" content=\"Cada vez m\u00e1s casos de ansiedad acechan las cl\u00ednicas de psicolog\u00eda. La mayor\u00eda de personas que acuden carecen de las m\u00ednimas herramientas para afrontar su condici\u00f3n y la vida misma, que ya es dif\u00edcil en s\u00ed misma.&nbsp;Y es que justamente no saber c\u00f3mo gestionar las situaciones estresantes de nuestras vidas es lo que al final [...]Read More... from La ansiedad es m\u00e1s com\u00fan que la gripe\" \/>\n<meta property=\"og:url\" content=\"https:\/\/www.psyke.es\/en\/la-ansiedad-es-mas-comun-que-la-gripe\/\" \/>\n<meta property=\"og:site_name\" content=\"Psyke\" \/>\n<meta property=\"article:published_time\" content=\"2022-11-13T15:11:00+00:00\" \/>\n<meta property=\"og:image\" content=\"https:\/\/www.psyke.es\/wp-content\/uploads\/2022\/11\/Frame-166.jpg\" \/>\n\t<meta property=\"og:image:width\" content=\"1675\" \/>\n\t<meta property=\"og:image:height\" content=\"1080\" \/>\n\t<meta property=\"og:image:type\" content=\"image\/jpeg\" \/>\n<meta name=\"author\" content=\"Tha\u00efs Capella\" \/>\n<meta name=\"twitter:card\" content=\"summary_large_image\" \/>\n<meta name=\"twitter:label1\" content=\"Written by\" \/>\n\t<meta name=\"twitter:data1\" content=\"Tha\u00efs Capella\" \/>\n\t<meta name=\"twitter:label2\" content=\"Est. reading time\" \/>\n\t<meta name=\"twitter:data2\" content=\"4 minutes\" \/>\n<script type=\"application\/ld+json\" class=\"yoast-schema-graph\">{\"@context\":\"https:\\\/\\\/schema.org\",\"@graph\":[{\"@type\":\"Article\",\"@id\":\"https:\\\/\\\/www.psyke.es\\\/en\\\/la-ansiedad-es-mas-comun-que-la-gripe\\\/#article\",\"isPartOf\":{\"@id\":\"https:\\\/\\\/www.psyke.es\\\/en\\\/la-ansiedad-es-mas-comun-que-la-gripe\\\/\"},\"author\":{\"name\":\"Tha\u00efs Capella\",\"@id\":\"https:\\\/\\\/www.psyke.es\\\/en\\\/#\\\/schema\\\/person\\\/87774a2e60512484c09407be020d551a\"},\"headline\":\"La ansiedad es m\u00e1s com\u00fan que la gripe\",\"datePublished\":\"2022-11-13T15:11:00+00:00\",\"mainEntityOfPage\":{\"@id\":\"https:\\\/\\\/www.psyke.es\\\/en\\\/la-ansiedad-es-mas-comun-que-la-gripe\\\/\"},\"wordCount\":855,\"commentCount\":0,\"image\":{\"@id\":\"https:\\\/\\\/www.psyke.es\\\/en\\\/la-ansiedad-es-mas-comun-que-la-gripe\\\/#primaryimage\"},\"thumbnailUrl\":\"https:\\\/\\\/www.psyke.es\\\/wp-content\\\/uploads\\\/2022\\\/11\\\/Frame-166.jpg\",\"keywords\":[\"estr\u00e9s\",\"salud mental\"],\"articleSection\":[\"Anxiety and stress\",\"Estr\u00e9s\",\"Mind\"],\"inLanguage\":\"en-US\",\"potentialAction\":[{\"@type\":\"CommentAction\",\"name\":\"Comment\",\"target\":[\"https:\\\/\\\/www.psyke.es\\\/en\\\/la-ansiedad-es-mas-comun-que-la-gripe\\\/#respond\"]}]},{\"@type\":\"WebPage\",\"@id\":\"https:\\\/\\\/www.psyke.es\\\/en\\\/la-ansiedad-es-mas-comun-que-la-gripe\\\/\",\"url\":\"https:\\\/\\\/www.psyke.es\\\/en\\\/la-ansiedad-es-mas-comun-que-la-gripe\\\/\",\"name\":\"La ansiedad es m\u00e1s com\u00fan que la gripe - Psyke\",\"isPartOf\":{\"@id\":\"https:\\\/\\\/www.psyke.es\\\/en\\\/#website\"},\"primaryImageOfPage\":{\"@id\":\"https:\\\/\\\/www.psyke.es\\\/en\\\/la-ansiedad-es-mas-comun-que-la-gripe\\\/#primaryimage\"},\"image\":{\"@id\":\"https:\\\/\\\/www.psyke.es\\\/en\\\/la-ansiedad-es-mas-comun-que-la-gripe\\\/#primaryimage\"},\"thumbnailUrl\":\"https:\\\/\\\/www.psyke.es\\\/wp-content\\\/uploads\\\/2022\\\/11\\\/Frame-166.jpg\",\"datePublished\":\"2022-11-13T15:11:00+00:00\",\"author\":{\"@id\":\"https:\\\/\\\/www.psyke.es\\\/en\\\/#\\\/schema\\\/person\\\/87774a2e60512484c09407be020d551a\"},\"breadcrumb\":{\"@id\":\"https:\\\/\\\/www.psyke.es\\\/en\\\/la-ansiedad-es-mas-comun-que-la-gripe\\\/#breadcrumb\"},\"inLanguage\":\"en-US\",\"potentialAction\":[{\"@type\":\"ReadAction\",\"target\":[\"https:\\\/\\\/www.psyke.es\\\/en\\\/la-ansiedad-es-mas-comun-que-la-gripe\\\/\"]}]},{\"@type\":\"ImageObject\",\"inLanguage\":\"en-US\",\"@id\":\"https:\\\/\\\/www.psyke.es\\\/en\\\/la-ansiedad-es-mas-comun-que-la-gripe\\\/#primaryimage\",\"url\":\"https:\\\/\\\/www.psyke.es\\\/wp-content\\\/uploads\\\/2022\\\/11\\\/Frame-166.jpg\",\"contentUrl\":\"https:\\\/\\\/www.psyke.es\\\/wp-content\\\/uploads\\\/2022\\\/11\\\/Frame-166.jpg\",\"width\":1675,\"height\":1080,\"caption\":\"El gripe de Munch\"},{\"@type\":\"BreadcrumbList\",\"@id\":\"https:\\\/\\\/www.psyke.es\\\/en\\\/la-ansiedad-es-mas-comun-que-la-gripe\\\/#breadcrumb\",\"itemListElement\":[{\"@type\":\"ListItem\",\"position\":1,\"name\":\"Portada\",\"item\":\"https:\\\/\\\/www.psyke.es\\\/en\\\/\"},{\"@type\":\"ListItem\",\"position\":2,\"name\":\"La ansiedad es m\u00e1s com\u00fan que la gripe\"}]},{\"@type\":\"WebSite\",\"@id\":\"https:\\\/\\\/www.psyke.es\\\/en\\\/#website\",\"url\":\"https:\\\/\\\/www.psyke.es\\\/en\\\/\",\"name\":\"Psyke\",\"description\":\"Centro de Psicolog\u00eda\",\"potentialAction\":[{\"@type\":\"SearchAction\",\"target\":{\"@type\":\"EntryPoint\",\"urlTemplate\":\"https:\\\/\\\/www.psyke.es\\\/en\\\/?s={search_term_string}\"},\"query-input\":{\"@type\":\"PropertyValueSpecification\",\"valueRequired\":true,\"valueName\":\"search_term_string\"}}],\"inLanguage\":\"en-US\"},{\"@type\":\"Person\",\"@id\":\"https:\\\/\\\/www.psyke.es\\\/en\\\/#\\\/schema\\\/person\\\/87774a2e60512484c09407be020d551a\",\"name\":\"Tha\u00efs Capella\",\"image\":{\"@type\":\"ImageObject\",\"inLanguage\":\"en-US\",\"@id\":\"https:\\\/\\\/secure.gravatar.com\\\/avatar\\\/71847c79c196fcb2761a3960e77f33ed0e684732f3145d9b4af037b8ed17c94c?s=96&d=mm&r=g\",\"url\":\"https:\\\/\\\/secure.gravatar.com\\\/avatar\\\/71847c79c196fcb2761a3960e77f33ed0e684732f3145d9b4af037b8ed17c94c?s=96&d=mm&r=g\",\"contentUrl\":\"https:\\\/\\\/secure.gravatar.com\\\/avatar\\\/71847c79c196fcb2761a3960e77f33ed0e684732f3145d9b4af037b8ed17c94c?s=96&d=mm&r=g\",\"caption\":\"Tha\u00efs Capella\"},\"sameAs\":[\"http:\\\/\\\/psyke.es\"]}]}<\/script>\n<!-- \/ Yoast SEO plugin. -->","yoast_head_json":{"title":"La ansiedad es m\u00e1s com\u00fan que la gripe - Psyke","robots":{"index":"index","follow":"follow","max-snippet":"max-snippet:-1","max-image-preview":"max-image-preview:large","max-video-preview":"max-video-preview:-1"},"canonical":"https:\/\/www.psyke.es\/en\/la-ansiedad-es-mas-comun-que-la-gripe\/","og_locale":"en_US","og_type":"article","og_title":"La ansiedad es m\u00e1s com\u00fan que la gripe - Psyke","og_description":"Cada vez m\u00e1s casos de ansiedad acechan las cl\u00ednicas de psicolog\u00eda. La mayor\u00eda de personas que acuden carecen de las m\u00ednimas herramientas para afrontar su condici\u00f3n y la vida misma, que ya es dif\u00edcil en s\u00ed misma.&nbsp;Y es que justamente no saber c\u00f3mo gestionar las situaciones estresantes de nuestras vidas es lo que al final [...]Read More... from La ansiedad es m\u00e1s com\u00fan que la gripe","og_url":"https:\/\/www.psyke.es\/en\/la-ansiedad-es-mas-comun-que-la-gripe\/","og_site_name":"Psyke","article_published_time":"2022-11-13T15:11:00+00:00","og_image":[{"width":1675,"height":1080,"url":"https:\/\/www.psyke.es\/wp-content\/uploads\/2022\/11\/Frame-166.jpg","type":"image\/jpeg"}],"author":"Tha\u00efs Capella","twitter_card":"summary_large_image","twitter_misc":{"Written by":"Tha\u00efs Capella","Est. reading time":"4 minutes"},"schema":{"@context":"https:\/\/schema.org","@graph":[{"@type":"Article","@id":"https:\/\/www.psyke.es\/en\/la-ansiedad-es-mas-comun-que-la-gripe\/#article","isPartOf":{"@id":"https:\/\/www.psyke.es\/en\/la-ansiedad-es-mas-comun-que-la-gripe\/"},"author":{"name":"Tha\u00efs Capella","@id":"https:\/\/www.psyke.es\/en\/#\/schema\/person\/87774a2e60512484c09407be020d551a"},"headline":"La ansiedad es m\u00e1s com\u00fan que la gripe","datePublished":"2022-11-13T15:11:00+00:00","mainEntityOfPage":{"@id":"https:\/\/www.psyke.es\/en\/la-ansiedad-es-mas-comun-que-la-gripe\/"},"wordCount":855,"commentCount":0,"image":{"@id":"https:\/\/www.psyke.es\/en\/la-ansiedad-es-mas-comun-que-la-gripe\/#primaryimage"},"thumbnailUrl":"https:\/\/www.psyke.es\/wp-content\/uploads\/2022\/11\/Frame-166.jpg","keywords":["estr\u00e9s","salud mental"],"articleSection":["Anxiety and stress","Estr\u00e9s","Mind"],"inLanguage":"en-US","potentialAction":[{"@type":"CommentAction","name":"Comment","target":["https:\/\/www.psyke.es\/en\/la-ansiedad-es-mas-comun-que-la-gripe\/#respond"]}]},{"@type":"WebPage","@id":"https:\/\/www.psyke.es\/en\/la-ansiedad-es-mas-comun-que-la-gripe\/","url":"https:\/\/www.psyke.es\/en\/la-ansiedad-es-mas-comun-que-la-gripe\/","name":"La ansiedad es m\u00e1s com\u00fan que la gripe - Psyke","isPartOf":{"@id":"https:\/\/www.psyke.es\/en\/#website"},"primaryImageOfPage":{"@id":"https:\/\/www.psyke.es\/en\/la-ansiedad-es-mas-comun-que-la-gripe\/#primaryimage"},"image":{"@id":"https:\/\/www.psyke.es\/en\/la-ansiedad-es-mas-comun-que-la-gripe\/#primaryimage"},"thumbnailUrl":"https:\/\/www.psyke.es\/wp-content\/uploads\/2022\/11\/Frame-166.jpg","datePublished":"2022-11-13T15:11:00+00:00","author":{"@id":"https:\/\/www.psyke.es\/en\/#\/schema\/person\/87774a2e60512484c09407be020d551a"},"breadcrumb":{"@id":"https:\/\/www.psyke.es\/en\/la-ansiedad-es-mas-comun-que-la-gripe\/#breadcrumb"},"inLanguage":"en-US","potentialAction":[{"@type":"ReadAction","target":["https:\/\/www.psyke.es\/en\/la-ansiedad-es-mas-comun-que-la-gripe\/"]}]},{"@type":"ImageObject","inLanguage":"en-US","@id":"https:\/\/www.psyke.es\/en\/la-ansiedad-es-mas-comun-que-la-gripe\/#primaryimage","url":"https:\/\/www.psyke.es\/wp-content\/uploads\/2022\/11\/Frame-166.jpg","contentUrl":"https:\/\/www.psyke.es\/wp-content\/uploads\/2022\/11\/Frame-166.jpg","width":1675,"height":1080,"caption":"El gripe de Munch"},{"@type":"BreadcrumbList","@id":"https:\/\/www.psyke.es\/en\/la-ansiedad-es-mas-comun-que-la-gripe\/#breadcrumb","itemListElement":[{"@type":"ListItem","position":1,"name":"Portada","item":"https:\/\/www.psyke.es\/en\/"},{"@type":"ListItem","position":2,"name":"La ansiedad es m\u00e1s com\u00fan que la gripe"}]},{"@type":"WebSite","@id":"https:\/\/www.psyke.es\/en\/#website","url":"https:\/\/www.psyke.es\/en\/","name":"Psyke","description":"Centro de Psicolog\u00eda","potentialAction":[{"@type":"SearchAction","target":{"@type":"EntryPoint","urlTemplate":"https:\/\/www.psyke.es\/en\/?s={search_term_string}"},"query-input":{"@type":"PropertyValueSpecification","valueRequired":true,"valueName":"search_term_string"}}],"inLanguage":"en-US"},{"@type":"Person","@id":"https:\/\/www.psyke.es\/en\/#\/schema\/person\/87774a2e60512484c09407be020d551a","name":"Tha\u00efs Capella","image":{"@type":"ImageObject","inLanguage":"en-US","@id":"https:\/\/secure.gravatar.com\/avatar\/71847c79c196fcb2761a3960e77f33ed0e684732f3145d9b4af037b8ed17c94c?s=96&d=mm&r=g","url":"https:\/\/secure.gravatar.com\/avatar\/71847c79c196fcb2761a3960e77f33ed0e684732f3145d9b4af037b8ed17c94c?s=96&d=mm&r=g","contentUrl":"https:\/\/secure.gravatar.com\/avatar\/71847c79c196fcb2761a3960e77f33ed0e684732f3145d9b4af037b8ed17c94c?s=96&d=mm&r=g","caption":"Tha\u00efs Capella"},"sameAs":["http:\/\/psyke.es"]}]}},"post_mailing_queue_ids":[],"_links":{"self":[{"href":"https:\/\/www.psyke.es\/en\/wp-json\/wp\/v2\/posts\/9576","targetHints":{"allow":["GET"]}}],"collection":[{"href":"https:\/\/www.psyke.es\/en\/wp-json\/wp\/v2\/posts"}],"about":[{"href":"https:\/\/www.psyke.es\/en\/wp-json\/wp\/v2\/types\/post"}],"author":[{"embeddable":true,"href":"https:\/\/www.psyke.es\/en\/wp-json\/wp\/v2\/users\/3"}],"replies":[{"embeddable":true,"href":"https:\/\/www.psyke.es\/en\/wp-json\/wp\/v2\/comments?post=9576"}],"version-history":[{"count":0,"href":"https:\/\/www.psyke.es\/en\/wp-json\/wp\/v2\/posts\/9576\/revisions"}],"wp:featuredmedia":[{"embeddable":true,"href":"https:\/\/www.psyke.es\/en\/wp-json\/wp\/v2\/media\/9570"}],"wp:attachment":[{"href":"https:\/\/www.psyke.es\/en\/wp-json\/wp\/v2\/media?parent=9576"}],"wp:term":[{"taxonomy":"category","embeddable":true,"href":"https:\/\/www.psyke.es\/en\/wp-json\/wp\/v2\/categories?post=9576"},{"taxonomy":"post_tag","embeddable":true,"href":"https:\/\/www.psyke.es\/en\/wp-json\/wp\/v2\/tags?post=9576"}],"curies":[{"name":"wp","href":"https:\/\/api.w.org\/{rel}","templated":true}]}}