{"id":9974,"date":"2023-01-08T17:43:00","date_gmt":"2023-01-08T15:43:00","guid":{"rendered":"https:\/\/www.psyke.es\/mentalidad-rigida-versus-mentalidad-de-crecimiento\/"},"modified":"2023-01-08T21:27:21","modified_gmt":"2023-01-08T19:27:21","slug":"mentalidad-rigida-versus-mentalidad-de-crecimiento","status":"publish","type":"post","link":"https:\/\/www.psyke.es\/en\/mentalidad-rigida-versus-mentalidad-de-crecimiento\/","title":{"rendered":"&#8220;Mentalidad r\u00edgida versus Mentalidad de crecimiento&#8221;"},"content":{"rendered":"\n<p><\/p>\n\n\n\n<p>Para poder abrirnos camino en la sociedad y conseguir un nivel de estudios y trabajo considerados social y culturalmente \u201caceptables\u201d se nos educa \u2013por desgracia- en la competitividad, generando emociones primitivas que nos desconectan de nosotros mismos y, sobre todo, de las personas que nos rodean que tanto necesitamos.<\/p>\n\n\n\n<p>Vamos creando nuestra identidad desde nuestra m\u00e1s tierna infancia. Y es \u201ctierna\u201d porque en esas edades estamos en plena formaci\u00f3n neuronal, con lo que somos esponjas a la entrada de referencias externas, especialmente de nuestros cuidadores principales. <strong>En base a sus consideraciones sobre c\u00f3mo somos y las comparaciones que hacemos por nuestra cuenta con respecto a los dem\u00e1s, nos posicionamos en lo que creemos es nuestra \u201cpersonalidad\u201d (realidad personal), que puede ser m\u00e1s o menos flexible.<\/strong><\/p>\n\n\n\n<p>En este sentido, <strong>un modo-mente prefijado<\/strong> asume que nuestro car\u00e1cter, inteligencia y habilidades creativas son inamovibles e imposibles de cambiar. Partiendo de esta asunci\u00f3n, conseguir el \u00e9xito y evitar el error o la equivocaci\u00f3n se convierte en la \u00fanica forma de mantener la sensaci\u00f3n de ser inteligente y habilidoso. Subyace la necesidad de seguridad y aceptaci\u00f3n: <strong>la emoci\u00f3n limitante es el miedo\u2026<\/strong><\/p>\n\n\n\n<p>Por otro lado, <strong>un modo-mente de crecimiento<\/strong>, contempla el \u201caparente\u201d fallo como una plataforma desde la que poder crecer y ampliar habilidades necesarias para movernos por el mundo sin estar pendientes \u2013como veletas- de la aprobaci\u00f3n externa, y s\u00ed de nuestra propia apreciaci\u00f3n honesta, cr\u00edtica y constructiva. Subyace la necesidad de descubrir, de aprender: <strong>la emoci\u00f3n liberadora es la libertad misma\u2026<\/strong><\/p>\n\n\n\n<p>Desde el modo-mente de crecimiento se parte de que el potencial de cada cual es desconocido y que es imposible prever lo que uno puede ser capaz de ser y de conseguir en su trayectoria vital. Las personas pueden aprender a cuestionar sus propias creencias limitantes y crecer en base a la experiencia afrontando nuevos desaf\u00edos, dosificados en concordancia con su evoluci\u00f3n personal. Consiguiendo un paso, premi\u00e1ndote por tu logro y no avanzando hasta no haber consolidado el paso anterior.<\/p>\n\n\n\n<p>De los dos modos-mente emerge buena parte de nuestro comportamiento, nuestras relaciones interpersonales \u2013profesionales y personales- y, en definitiva, nuestra capacidad de ser felices: de sentir bienestar, paz y plenitud.<\/p>\n\n\n\n<p><strong>La pr\u00e1ctica habitual de Mindfulness nos ayuda a darnos cuenta de cu\u00e1ndo estamos atrapados en creencias obsoletas y cu\u00e1ndo y c\u00f3mo hemos de saber \u201cactualizarnos\u201d<\/strong> y adaptarnos a nuestra propia evoluci\u00f3n y a la de los dem\u00e1s, gracias a saber aprender de la experiencia directa, abierta y curiosa con todo lo que nos presenta la vida, sobre todo de las veces en las que \u201ccaemos\u201d y nos volvemos a levantar\u2026<\/p>\n\n\n\n<p><br>\u201c<em>Me vac\u00edo de los nombres de otros. Vac\u00edo mis bolsillos.<br>Vac\u00edo mis zapatos y los dejo al lado del camino.<br>Por la noche atraso los relojes;<br>Abro el \u00e1lbum de familia y me veo de ni\u00f1o (\u2026)<\/em><em><\/em><\/p>\n\n\n\n<p><em>\u00bfPara qu\u00e9 todo esto? Las horas hicieron lo suyo.<br>Digo mi propio nombre. Digo adi\u00f3s.<\/em><em><\/em><\/p>\n\n\n\n<p><em>El tiempo dice lo que soy. Cambio y sigo lo mismo.<br>Me vac\u00edo de mi vida y mi vida se queda<\/em>\u201d.<\/p>\n\n\n\n<p>Extracto de \u201cIdentidad\u201d, del poeta Mark Strands<br>Ilustraci\u00f3n de la psic\u00f3loga Carol Dweck de su libro \u201cMindset\u201d, que muestra que el poder de nuestras creencias \u2013conscientes e inconscientes- marca la relaci\u00f3n con nuestro entorno y con nuestras relaciones interpersonales.<\/p>\n\n\n\n<p>Meditaci\u00f3n recomendada <a href=\"https:\/\/www.psyke.es\/en\/meditaciones\/meditation-of-you-before-the-past-and-the-future\/\">N.21 \u201cMeditaci\u00f3n de ti misma ante el pasado y el futuro\u201d <\/a><\/p>\n\n\n\n<p>Esta meditaci\u00f3n aspira a cultivar la aceptaci\u00f3n de nuestro pasado, con gratitud y confianza por haber sabido traernos al presente, con nuestros aciertos y nuestros errores. Con esa confianza en nosotros mismos, tomamos fuerza para dirigirnos hacia nuestro futuro, sabiendo que vamos a caer y que nos levantaremos de nuevo.<\/p>\n","protected":false},"excerpt":{"rendered":"<p>Para poder abrirnos camino en la sociedad y conseguir un nivel de estudios y trabajo considerados social y culturalmente \u201caceptables\u201d se nos educa \u2013por desgracia- en la competitividad, generando emociones primitivas que nos desconectan de nosotros mismos y, sobre todo, de las personas que nos rodean que tanto necesitamos. Vamos creando nuestra identidad desde nuestra [&#8230;]<\/p>\n<p><a class=\"btn btn-secondary understrap-read-more-link\" href=\"https:\/\/www.psyke.es\/en\/mentalidad-rigida-versus-mentalidad-de-crecimiento\/\">Read More&#8230;<span class=\"screen-reader-text\"> from &#8220;Mentalidad r\u00edgida versus Mentalidad de crecimiento&#8221;<\/span><\/a><\/p>\n","protected":false},"author":3,"featured_media":9953,"comment_status":"open","ping_status":"open","sticky":false,"template":"","format":"standard","meta":{"footnotes":""},"categories":[82,81],"tags":[],"class_list":["post-9974","post","type-post","status-publish","format-standard","has-post-thumbnail","hentry","category-therapeutic-reflections-personal-development","category-therapeutic-reflections-personal-growth"],"yoast_head":"<!-- This site is optimized with the Yoast SEO plugin v27.4 - https:\/\/yoast.com\/product\/yoast-seo-wordpress\/ -->\n<title>&quot;Mentalidad r\u00edgida versus Mentalidad de crecimiento&quot; - Psyke<\/title>\n<meta name=\"robots\" content=\"index, follow, max-snippet:-1, max-image-preview:large, max-video-preview:-1\" \/>\n<link rel=\"canonical\" href=\"https:\/\/www.psyke.es\/en\/mentalidad-rigida-versus-mentalidad-de-crecimiento\/\" \/>\n<meta property=\"og:locale\" content=\"en_US\" \/>\n<meta property=\"og:type\" content=\"article\" \/>\n<meta property=\"og:title\" content=\"&quot;Mentalidad r\u00edgida versus Mentalidad de crecimiento&quot; - Psyke\" \/>\n<meta property=\"og:description\" content=\"Para poder abrirnos camino en la sociedad y conseguir un nivel de estudios y trabajo considerados social y culturalmente \u201caceptables\u201d se nos educa \u2013por desgracia- en la competitividad, generando emociones primitivas que nos desconectan de nosotros mismos y, sobre todo, de las personas que nos rodean que tanto necesitamos. Vamos creando nuestra identidad desde nuestra [...]Read More... from &#8220;Mentalidad r\u00edgida versus Mentalidad de crecimiento&#8221;\" \/>\n<meta property=\"og:url\" content=\"https:\/\/www.psyke.es\/en\/mentalidad-rigida-versus-mentalidad-de-crecimiento\/\" \/>\n<meta property=\"og:site_name\" content=\"Psyke\" \/>\n<meta property=\"article:published_time\" content=\"2023-01-08T15:43:00+00:00\" \/>\n<meta property=\"article:modified_time\" content=\"2023-01-08T19:27:21+00:00\" \/>\n<meta property=\"og:image\" content=\"https:\/\/www.psyke.es\/wp-content\/uploads\/2023\/01\/Frame-185.png\" \/>\n\t<meta property=\"og:image:width\" content=\"1675\" \/>\n\t<meta property=\"og:image:height\" content=\"1080\" \/>\n\t<meta property=\"og:image:type\" content=\"image\/png\" \/>\n<meta name=\"author\" content=\"Tha\u00efs Capella\" \/>\n<meta name=\"twitter:card\" content=\"summary_large_image\" \/>\n<meta name=\"twitter:label1\" content=\"Written by\" \/>\n\t<meta name=\"twitter:data1\" content=\"Tha\u00efs Capella\" \/>\n\t<meta name=\"twitter:label2\" content=\"Est. reading time\" \/>\n\t<meta name=\"twitter:data2\" content=\"3 minutes\" \/>\n<script type=\"application\/ld+json\" class=\"yoast-schema-graph\">{\"@context\":\"https:\\\/\\\/schema.org\",\"@graph\":[{\"@type\":\"Article\",\"@id\":\"https:\\\/\\\/www.psyke.es\\\/en\\\/mentalidad-rigida-versus-mentalidad-de-crecimiento\\\/#article\",\"isPartOf\":{\"@id\":\"https:\\\/\\\/www.psyke.es\\\/en\\\/mentalidad-rigida-versus-mentalidad-de-crecimiento\\\/\"},\"author\":{\"name\":\"Tha\u00efs Capella\",\"@id\":\"https:\\\/\\\/www.psyke.es\\\/en\\\/#\\\/schema\\\/person\\\/87774a2e60512484c09407be020d551a\"},\"headline\":\"&#8220;Mentalidad r\u00edgida versus Mentalidad de crecimiento&#8221;\",\"datePublished\":\"2023-01-08T15:43:00+00:00\",\"dateModified\":\"2023-01-08T19:27:21+00:00\",\"mainEntityOfPage\":{\"@id\":\"https:\\\/\\\/www.psyke.es\\\/en\\\/mentalidad-rigida-versus-mentalidad-de-crecimiento\\\/\"},\"wordCount\":645,\"commentCount\":0,\"image\":{\"@id\":\"https:\\\/\\\/www.psyke.es\\\/en\\\/mentalidad-rigida-versus-mentalidad-de-crecimiento\\\/#primaryimage\"},\"thumbnailUrl\":\"https:\\\/\\\/www.psyke.es\\\/wp-content\\\/uploads\\\/2023\\\/01\\\/Frame-185.png\",\"articleSection\":[\"Personal Development\",\"Personal Growth\"],\"inLanguage\":\"en-US\",\"potentialAction\":[{\"@type\":\"CommentAction\",\"name\":\"Comment\",\"target\":[\"https:\\\/\\\/www.psyke.es\\\/en\\\/mentalidad-rigida-versus-mentalidad-de-crecimiento\\\/#respond\"]}]},{\"@type\":\"WebPage\",\"@id\":\"https:\\\/\\\/www.psyke.es\\\/en\\\/mentalidad-rigida-versus-mentalidad-de-crecimiento\\\/\",\"url\":\"https:\\\/\\\/www.psyke.es\\\/en\\\/mentalidad-rigida-versus-mentalidad-de-crecimiento\\\/\",\"name\":\"\\\"Mentalidad r\u00edgida versus Mentalidad de crecimiento\\\" - Psyke\",\"isPartOf\":{\"@id\":\"https:\\\/\\\/www.psyke.es\\\/en\\\/#website\"},\"primaryImageOfPage\":{\"@id\":\"https:\\\/\\\/www.psyke.es\\\/en\\\/mentalidad-rigida-versus-mentalidad-de-crecimiento\\\/#primaryimage\"},\"image\":{\"@id\":\"https:\\\/\\\/www.psyke.es\\\/en\\\/mentalidad-rigida-versus-mentalidad-de-crecimiento\\\/#primaryimage\"},\"thumbnailUrl\":\"https:\\\/\\\/www.psyke.es\\\/wp-content\\\/uploads\\\/2023\\\/01\\\/Frame-185.png\",\"datePublished\":\"2023-01-08T15:43:00+00:00\",\"dateModified\":\"2023-01-08T19:27:21+00:00\",\"author\":{\"@id\":\"https:\\\/\\\/www.psyke.es\\\/en\\\/#\\\/schema\\\/person\\\/87774a2e60512484c09407be020d551a\"},\"breadcrumb\":{\"@id\":\"https:\\\/\\\/www.psyke.es\\\/en\\\/mentalidad-rigida-versus-mentalidad-de-crecimiento\\\/#breadcrumb\"},\"inLanguage\":\"en-US\",\"potentialAction\":[{\"@type\":\"ReadAction\",\"target\":[\"https:\\\/\\\/www.psyke.es\\\/en\\\/mentalidad-rigida-versus-mentalidad-de-crecimiento\\\/\"]}]},{\"@type\":\"ImageObject\",\"inLanguage\":\"en-US\",\"@id\":\"https:\\\/\\\/www.psyke.es\\\/en\\\/mentalidad-rigida-versus-mentalidad-de-crecimiento\\\/#primaryimage\",\"url\":\"https:\\\/\\\/www.psyke.es\\\/wp-content\\\/uploads\\\/2023\\\/01\\\/Frame-185.png\",\"contentUrl\":\"https:\\\/\\\/www.psyke.es\\\/wp-content\\\/uploads\\\/2023\\\/01\\\/Frame-185.png\",\"width\":1675,\"height\":1080},{\"@type\":\"BreadcrumbList\",\"@id\":\"https:\\\/\\\/www.psyke.es\\\/en\\\/mentalidad-rigida-versus-mentalidad-de-crecimiento\\\/#breadcrumb\",\"itemListElement\":[{\"@type\":\"ListItem\",\"position\":1,\"name\":\"Portada\",\"item\":\"https:\\\/\\\/www.psyke.es\\\/en\\\/\"},{\"@type\":\"ListItem\",\"position\":2,\"name\":\"\u00abMentalidad r\u00edgida versus Mentalidad de crecimiento\u00bb\"}]},{\"@type\":\"WebSite\",\"@id\":\"https:\\\/\\\/www.psyke.es\\\/en\\\/#website\",\"url\":\"https:\\\/\\\/www.psyke.es\\\/en\\\/\",\"name\":\"Psyke\",\"description\":\"Centro de Psicolog\u00eda\",\"potentialAction\":[{\"@type\":\"SearchAction\",\"target\":{\"@type\":\"EntryPoint\",\"urlTemplate\":\"https:\\\/\\\/www.psyke.es\\\/en\\\/?s={search_term_string}\"},\"query-input\":{\"@type\":\"PropertyValueSpecification\",\"valueRequired\":true,\"valueName\":\"search_term_string\"}}],\"inLanguage\":\"en-US\"},{\"@type\":\"Person\",\"@id\":\"https:\\\/\\\/www.psyke.es\\\/en\\\/#\\\/schema\\\/person\\\/87774a2e60512484c09407be020d551a\",\"name\":\"Tha\u00efs Capella\",\"image\":{\"@type\":\"ImageObject\",\"inLanguage\":\"en-US\",\"@id\":\"https:\\\/\\\/secure.gravatar.com\\\/avatar\\\/71847c79c196fcb2761a3960e77f33ed0e684732f3145d9b4af037b8ed17c94c?s=96&d=mm&r=g\",\"url\":\"https:\\\/\\\/secure.gravatar.com\\\/avatar\\\/71847c79c196fcb2761a3960e77f33ed0e684732f3145d9b4af037b8ed17c94c?s=96&d=mm&r=g\",\"contentUrl\":\"https:\\\/\\\/secure.gravatar.com\\\/avatar\\\/71847c79c196fcb2761a3960e77f33ed0e684732f3145d9b4af037b8ed17c94c?s=96&d=mm&r=g\",\"caption\":\"Tha\u00efs Capella\"},\"sameAs\":[\"http:\\\/\\\/psyke.es\"]}]}<\/script>\n<!-- \/ Yoast SEO plugin. -->","yoast_head_json":{"title":"\"Mentalidad r\u00edgida versus Mentalidad de crecimiento\" - Psyke","robots":{"index":"index","follow":"follow","max-snippet":"max-snippet:-1","max-image-preview":"max-image-preview:large","max-video-preview":"max-video-preview:-1"},"canonical":"https:\/\/www.psyke.es\/en\/mentalidad-rigida-versus-mentalidad-de-crecimiento\/","og_locale":"en_US","og_type":"article","og_title":"\"Mentalidad r\u00edgida versus Mentalidad de crecimiento\" - Psyke","og_description":"Para poder abrirnos camino en la sociedad y conseguir un nivel de estudios y trabajo considerados social y culturalmente \u201caceptables\u201d se nos educa \u2013por desgracia- en la competitividad, generando emociones primitivas que nos desconectan de nosotros mismos y, sobre todo, de las personas que nos rodean que tanto necesitamos. Vamos creando nuestra identidad desde nuestra [...]Read More... from &#8220;Mentalidad r\u00edgida versus Mentalidad de crecimiento&#8221;","og_url":"https:\/\/www.psyke.es\/en\/mentalidad-rigida-versus-mentalidad-de-crecimiento\/","og_site_name":"Psyke","article_published_time":"2023-01-08T15:43:00+00:00","article_modified_time":"2023-01-08T19:27:21+00:00","og_image":[{"width":1675,"height":1080,"url":"https:\/\/www.psyke.es\/wp-content\/uploads\/2023\/01\/Frame-185.png","type":"image\/png"}],"author":"Tha\u00efs Capella","twitter_card":"summary_large_image","twitter_misc":{"Written by":"Tha\u00efs Capella","Est. reading time":"3 minutes"},"schema":{"@context":"https:\/\/schema.org","@graph":[{"@type":"Article","@id":"https:\/\/www.psyke.es\/en\/mentalidad-rigida-versus-mentalidad-de-crecimiento\/#article","isPartOf":{"@id":"https:\/\/www.psyke.es\/en\/mentalidad-rigida-versus-mentalidad-de-crecimiento\/"},"author":{"name":"Tha\u00efs Capella","@id":"https:\/\/www.psyke.es\/en\/#\/schema\/person\/87774a2e60512484c09407be020d551a"},"headline":"&#8220;Mentalidad r\u00edgida versus Mentalidad de crecimiento&#8221;","datePublished":"2023-01-08T15:43:00+00:00","dateModified":"2023-01-08T19:27:21+00:00","mainEntityOfPage":{"@id":"https:\/\/www.psyke.es\/en\/mentalidad-rigida-versus-mentalidad-de-crecimiento\/"},"wordCount":645,"commentCount":0,"image":{"@id":"https:\/\/www.psyke.es\/en\/mentalidad-rigida-versus-mentalidad-de-crecimiento\/#primaryimage"},"thumbnailUrl":"https:\/\/www.psyke.es\/wp-content\/uploads\/2023\/01\/Frame-185.png","articleSection":["Personal Development","Personal Growth"],"inLanguage":"en-US","potentialAction":[{"@type":"CommentAction","name":"Comment","target":["https:\/\/www.psyke.es\/en\/mentalidad-rigida-versus-mentalidad-de-crecimiento\/#respond"]}]},{"@type":"WebPage","@id":"https:\/\/www.psyke.es\/en\/mentalidad-rigida-versus-mentalidad-de-crecimiento\/","url":"https:\/\/www.psyke.es\/en\/mentalidad-rigida-versus-mentalidad-de-crecimiento\/","name":"\"Mentalidad r\u00edgida versus Mentalidad de crecimiento\" - Psyke","isPartOf":{"@id":"https:\/\/www.psyke.es\/en\/#website"},"primaryImageOfPage":{"@id":"https:\/\/www.psyke.es\/en\/mentalidad-rigida-versus-mentalidad-de-crecimiento\/#primaryimage"},"image":{"@id":"https:\/\/www.psyke.es\/en\/mentalidad-rigida-versus-mentalidad-de-crecimiento\/#primaryimage"},"thumbnailUrl":"https:\/\/www.psyke.es\/wp-content\/uploads\/2023\/01\/Frame-185.png","datePublished":"2023-01-08T15:43:00+00:00","dateModified":"2023-01-08T19:27:21+00:00","author":{"@id":"https:\/\/www.psyke.es\/en\/#\/schema\/person\/87774a2e60512484c09407be020d551a"},"breadcrumb":{"@id":"https:\/\/www.psyke.es\/en\/mentalidad-rigida-versus-mentalidad-de-crecimiento\/#breadcrumb"},"inLanguage":"en-US","potentialAction":[{"@type":"ReadAction","target":["https:\/\/www.psyke.es\/en\/mentalidad-rigida-versus-mentalidad-de-crecimiento\/"]}]},{"@type":"ImageObject","inLanguage":"en-US","@id":"https:\/\/www.psyke.es\/en\/mentalidad-rigida-versus-mentalidad-de-crecimiento\/#primaryimage","url":"https:\/\/www.psyke.es\/wp-content\/uploads\/2023\/01\/Frame-185.png","contentUrl":"https:\/\/www.psyke.es\/wp-content\/uploads\/2023\/01\/Frame-185.png","width":1675,"height":1080},{"@type":"BreadcrumbList","@id":"https:\/\/www.psyke.es\/en\/mentalidad-rigida-versus-mentalidad-de-crecimiento\/#breadcrumb","itemListElement":[{"@type":"ListItem","position":1,"name":"Portada","item":"https:\/\/www.psyke.es\/en\/"},{"@type":"ListItem","position":2,"name":"\u00abMentalidad r\u00edgida versus Mentalidad de crecimiento\u00bb"}]},{"@type":"WebSite","@id":"https:\/\/www.psyke.es\/en\/#website","url":"https:\/\/www.psyke.es\/en\/","name":"Psyke","description":"Centro de Psicolog\u00eda","potentialAction":[{"@type":"SearchAction","target":{"@type":"EntryPoint","urlTemplate":"https:\/\/www.psyke.es\/en\/?s={search_term_string}"},"query-input":{"@type":"PropertyValueSpecification","valueRequired":true,"valueName":"search_term_string"}}],"inLanguage":"en-US"},{"@type":"Person","@id":"https:\/\/www.psyke.es\/en\/#\/schema\/person\/87774a2e60512484c09407be020d551a","name":"Tha\u00efs Capella","image":{"@type":"ImageObject","inLanguage":"en-US","@id":"https:\/\/secure.gravatar.com\/avatar\/71847c79c196fcb2761a3960e77f33ed0e684732f3145d9b4af037b8ed17c94c?s=96&d=mm&r=g","url":"https:\/\/secure.gravatar.com\/avatar\/71847c79c196fcb2761a3960e77f33ed0e684732f3145d9b4af037b8ed17c94c?s=96&d=mm&r=g","contentUrl":"https:\/\/secure.gravatar.com\/avatar\/71847c79c196fcb2761a3960e77f33ed0e684732f3145d9b4af037b8ed17c94c?s=96&d=mm&r=g","caption":"Tha\u00efs Capella"},"sameAs":["http:\/\/psyke.es"]}]}},"post_mailing_queue_ids":[],"_links":{"self":[{"href":"https:\/\/www.psyke.es\/en\/wp-json\/wp\/v2\/posts\/9974","targetHints":{"allow":["GET"]}}],"collection":[{"href":"https:\/\/www.psyke.es\/en\/wp-json\/wp\/v2\/posts"}],"about":[{"href":"https:\/\/www.psyke.es\/en\/wp-json\/wp\/v2\/types\/post"}],"author":[{"embeddable":true,"href":"https:\/\/www.psyke.es\/en\/wp-json\/wp\/v2\/users\/3"}],"replies":[{"embeddable":true,"href":"https:\/\/www.psyke.es\/en\/wp-json\/wp\/v2\/comments?post=9974"}],"version-history":[{"count":0,"href":"https:\/\/www.psyke.es\/en\/wp-json\/wp\/v2\/posts\/9974\/revisions"}],"wp:featuredmedia":[{"embeddable":true,"href":"https:\/\/www.psyke.es\/en\/wp-json\/wp\/v2\/media\/9953"}],"wp:attachment":[{"href":"https:\/\/www.psyke.es\/en\/wp-json\/wp\/v2\/media?parent=9974"}],"wp:term":[{"taxonomy":"category","embeddable":true,"href":"https:\/\/www.psyke.es\/en\/wp-json\/wp\/v2\/categories?post=9974"},{"taxonomy":"post_tag","embeddable":true,"href":"https:\/\/www.psyke.es\/en\/wp-json\/wp\/v2\/tags?post=9974"}],"curies":[{"name":"wp","href":"https:\/\/api.w.org\/{rel}","templated":true}]}}